{"id":407149,"date":"2025-11-13T11:08:28","date_gmt":"2025-11-13T10:08:28","guid":{"rendered":"https:\/\/www.intoscana.it\/it\/?p=407149"},"modified":"2025-11-13T11:10:04","modified_gmt":"2025-11-13T10:10:04","slug":"toscani-allestero-un-quarto-e-originario-della-provincia-di-lucca","status":"publish","type":"post","link":"https:\/\/www.intoscana.it\/it\/toscani-allestero-un-quarto-e-originario-della-provincia-di-lucca\/","title":{"rendered":"Toscani all&#8217;estero, un quarto \u00e8 originario della provincia di Lucca"},"content":{"rendered":"<p>Sono circa <strong>203.000<\/strong> i cittadini toscani residenti all&#8217;estero. Di questi un quarto \u00e8 originario della <strong>provincia di Lucca<\/strong>. Lo dicono i dati del rapporto <strong>Italiani nel mondo 2025<\/strong> della Fondazione Migrantes, intitolato &#8216;L&#8217;Italia delle emigrazioni plurime che cercano cittadinanza attiva&#8217;. La XX edizione della ricerca \u00e8 stata presentata a Roma e offre una panoramica di storie e riflessioni di <strong>20 anni di mobilit\u00e0 italiana<\/strong>. Grazie al patrimonio accumulato di oltre 10.000 pagine, traccia un quadro complesso e in trasformazione costante, per raccontare un\u2019Italia in continuo movimento.<\/p>\n<p>&#8220;Questi dati &#8211; sottolinea la presidente dell&#8217;associazione Lucchesi nel mondo <strong>Ilaria Del Bianco<\/strong> &#8211; ci ricordano che l&#8217;esperienza lucchese va oltre la fuga con talenti, cervello o braccia, per citare la frase utilizzata nel rapporto, e che con la sua lunga storia di emigrazione, continua a parlare al presente, non pi\u00f9 come partenza definitiva, ma come forma di mobilit\u00e0 costante, che costruisce reti, relazioni, partenze e ritorni, anche se la circolarit\u00e0 del fenomeno \u00e8 un obiettivo ancora lontano dall&#8217;essere conseguito. Su queste esperienze, del passato e del presente, intendiamo continuare a lavorare affinch\u00e9 diventino una risorsa per il futuro del nostro territorio&#8221;.<\/p>\n<figure id=\"post-407156 media-407156\" class=\"align-none\"><img decoding=\"async\" src=\"https:\/\/www.intoscana.it\/wp-content\/uploads\/Partenze-italiani-ultimo-anno.jpg\" alt=\"\" \/><\/figure>\n<div class=\"titleimg\">Partenze degli italiani nell\u2019ultimo anno<\/div>\n<p>Il <strong>Rapporto 2025<\/strong> fotografa una realt\u00e0 in costante evoluzione: al primo gennaio 2025 gli italiani iscritti all&#8217;Aire erano 6.412.752, pari a circa un italiano su nove; tra il 2006 e il 2024 si contano 1.644.271 espatri a fronte di 826.785 rientri, per un saldo negativo di 817.486 unit\u00e0, mentre nel solo 2024 sono stati registrati 155.732 nuovi espatri, confermando la persistenza e la stabilit\u00e0 del fenomeno, con l&#8217;<strong>Europa<\/strong> principale destinazione, pari al 76% dei flussi del periodo, seguita da <strong>America Latina<\/strong> e <strong>Nord America<\/strong>.<\/p>\n<p>Per quanto riguarda la Toscana, la <strong>mobilit\u00e0 in uscita<\/strong> proviene soprattutto dalle aree interne e periferiche. Anche qua la destinazione europea resta la scelta prevalente, coerente con il dato nazionale e con una mobilit\u00e0 di prossimit\u00e0 legata a studio, lavoro e nuove <strong>opportunit\u00e0 di vita<\/strong>.<\/p>\n","protected":false},"excerpt":{"rendered":"<p>Presentata a Roma la XX edizione del Rapporto Italiani nel Mondo della Fondazione Migrantes. L\u2019Europa resta il baricentro della mobilit\u00e0<\/p>\n","protected":false},"author":525,"featured_media":407158,"comment_status":"open","ping_status":"open","sticky":false,"template":"","format":"standard","meta":{"_acf_changed":false,"footnotes":""},"categories":[494],"tags":[1619],"class_list":["post-407149","post","type-post","status-publish","format-standard","has-post-thumbnail","hentry","category-attualita","tag-toscani-nel-mondo"],"acf":[],"yoast_head":"<!-- This site is optimized with the Yoast SEO Premium plugin v24.2 (Yoast SEO v25.6) - https:\/\/yoast.com\/wordpress\/plugins\/seo\/ -->\n<title>Toscani all&#039;estero, un quarto \u00e8 originario della provincia di Lucca - intoscana<\/title>\n<meta name=\"description\" content=\"\u00c8 stata presentata a Roma la XX edizione del Rapporto Italiani nel Mondo 2025 redatto dalla Fondazione Migrantes.\" \/>\n<meta name=\"robots\" content=\"index, follow, max-snippet:-1, max-image-preview:large, max-video-preview:-1\" \/>\n<link rel=\"canonical\" href=\"https:\/\/www.intoscana.it\/it\/toscani-allestero-un-quarto-e-originario-della-provincia-di-lucca\/\" \/>\n<meta property=\"og:locale\" content=\"it_IT\" \/>\n<meta property=\"og:type\" content=\"article\" \/>\n<meta property=\"og:title\" content=\"Toscani all&#039;estero, un quarto \u00e8 originario della provincia di Lucca\" \/>\n<meta property=\"og:description\" content=\"\u00c8 stata presentata a Roma la XX edizione del Rapporto Italiani nel Mondo 2025 redatto dalla Fondazione Migrantes.\" \/>\n<meta property=\"og:url\" content=\"https:\/\/www.intoscana.it\/it\/toscani-allestero-un-quarto-e-originario-della-provincia-di-lucca\/\" \/>\n<meta property=\"og:site_name\" content=\"intoscana\" \/>\n<meta property=\"article:publisher\" content=\"https:\/\/www.facebook.com\/intoscana.it\" \/>\n<meta property=\"article:published_time\" content=\"2025-11-13T10:08:28+00:00\" \/>\n<meta property=\"article:modified_time\" content=\"2025-11-13T10:10:04+00:00\" \/>\n<meta property=\"og:image\" content=\"https:\/\/www.intoscana.it\/wp-content\/uploads\/airam-dato-on-ZcvJ2DqSp6k-unsplash-scaled.jpg\" \/>\n\t<meta property=\"og:image:width\" content=\"2048\" \/>\n\t<meta property=\"og:image:height\" content=\"1365\" \/>\n\t<meta property=\"og:image:type\" content=\"image\/jpeg\" \/>\n<meta name=\"author\" content=\"Redazione\" \/>\n<meta name=\"twitter:card\" content=\"summary_large_image\" \/>\n<meta name=\"twitter:creator\" content=\"@intoscana\" \/>\n<meta name=\"twitter:site\" content=\"@intoscana\" \/>\n<meta name=\"twitter:label1\" content=\"Written by\" \/>\n\t<meta name=\"twitter:data1\" content=\"Redazione\" \/>\n\t<meta name=\"twitter:label2\" content=\"Est. reading time\" \/>\n\t<meta name=\"twitter:data2\" content=\"3 minuti\" \/>\n<script type=\"application\/ld+json\" class=\"yoast-schema-graph\">{\"@context\":\"https:\/\/schema.org\",\"@graph\":[{\"@type\":\"WebPage\",\"@id\":\"https:\/\/www.intoscana.it\/it\/toscani-allestero-un-quarto-e-originario-della-provincia-di-lucca\/\",\"url\":\"https:\/\/www.intoscana.it\/it\/toscani-allestero-un-quarto-e-originario-della-provincia-di-lucca\/\",\"name\":\"Toscani all'estero, un quarto \u00e8 originario della provincia di Lucca - intoscana\",\"isPartOf\":{\"@id\":\"https:\/\/www.intoscana.it\/it\/#website\"},\"primaryImageOfPage\":{\"@id\":\"https:\/\/www.intoscana.it\/it\/toscani-allestero-un-quarto-e-originario-della-provincia-di-lucca\/#primaryimage\"},\"image\":{\"@id\":\"https:\/\/www.intoscana.it\/it\/toscani-allestero-un-quarto-e-originario-della-provincia-di-lucca\/#primaryimage\"},\"thumbnailUrl\":\"https:\/\/www.intoscana.it\/wp-content\/uploads\/airam-dato-on-ZcvJ2DqSp6k-unsplash-scaled.jpg\",\"datePublished\":\"2025-11-13T10:08:28+00:00\",\"dateModified\":\"2025-11-13T10:10:04+00:00\",\"author\":{\"@id\":\"https:\/\/www.intoscana.it\/it\/#\/schema\/person\/9223810753230f20bd670fdd322661f8\"},\"description\":\"\u00c8 stata presentata a Roma la XX edizione del Rapporto Italiani nel Mondo 2025 redatto dalla Fondazione Migrantes.\",\"breadcrumb\":{\"@id\":\"https:\/\/www.intoscana.it\/it\/toscani-allestero-un-quarto-e-originario-della-provincia-di-lucca\/#breadcrumb\"},\"inLanguage\":\"it-IT\",\"potentialAction\":[{\"@type\":\"ReadAction\",\"target\":[\"https:\/\/www.intoscana.it\/it\/toscani-allestero-un-quarto-e-originario-della-provincia-di-lucca\/\"]}]},{\"@type\":\"ImageObject\",\"inLanguage\":\"it-IT\",\"@id\":\"https:\/\/www.intoscana.it\/it\/toscani-allestero-un-quarto-e-originario-della-provincia-di-lucca\/#primaryimage\",\"url\":\"https:\/\/www.intoscana.it\/wp-content\/uploads\/airam-dato-on-ZcvJ2DqSp6k-unsplash-scaled.jpg\",\"contentUrl\":\"https:\/\/www.intoscana.it\/wp-content\/uploads\/airam-dato-on-ZcvJ2DqSp6k-unsplash-scaled.jpg\",\"width\":2048,\"height\":1365,\"caption\":\"Italiani nel mondo, toscani nel mondo, turisti, stranieri, estero, viaggi, aeroporto, stazioni, Migrazioni\"},{\"@type\":\"BreadcrumbList\",\"@id\":\"https:\/\/www.intoscana.it\/it\/toscani-allestero-un-quarto-e-originario-della-provincia-di-lucca\/#breadcrumb\",\"itemListElement\":[{\"@type\":\"ListItem\",\"position\":1,\"name\":\"Home\",\"item\":\"https:\/\/www.intoscana.it\/it\/\"},{\"@type\":\"ListItem\",\"position\":2,\"name\":\"Toscani all&#8217;estero, un quarto \u00e8 originario della provincia di Lucca\"}]},{\"@type\":\"WebSite\",\"@id\":\"https:\/\/www.intoscana.it\/it\/#website\",\"url\":\"https:\/\/www.intoscana.it\/it\/\",\"name\":\"intoscana\",\"description\":\"\",\"potentialAction\":[{\"@type\":\"SearchAction\",\"target\":{\"@type\":\"EntryPoint\",\"urlTemplate\":\"https:\/\/www.intoscana.it\/it\/?s={search_term_string}\"},\"query-input\":{\"@type\":\"PropertyValueSpecification\",\"valueRequired\":true,\"valueName\":\"search_term_string\"}}],\"inLanguage\":\"it-IT\"},{\"@type\":\"Person\",\"@id\":\"https:\/\/www.intoscana.it\/it\/#\/schema\/person\/9223810753230f20bd670fdd322661f8\",\"name\":\"Redazione\",\"url\":\"https:\/\/www.intoscana.it\/it\/author\/redazione\/\"}]}<\/script>\n<!-- \/ Yoast SEO Premium plugin. -->","yoast_head_json":{"title":"Toscani all'estero, un quarto \u00e8 originario della provincia di Lucca - intoscana","description":"\u00c8 stata presentata a Roma la XX edizione del Rapporto Italiani nel Mondo 2025 redatto dalla Fondazione Migrantes.","robots":{"index":"index","follow":"follow","max-snippet":"max-snippet:-1","max-image-preview":"max-image-preview:large","max-video-preview":"max-video-preview:-1"},"canonical":"https:\/\/www.intoscana.it\/it\/toscani-allestero-un-quarto-e-originario-della-provincia-di-lucca\/","og_locale":"it_IT","og_type":"article","og_title":"Toscani all'estero, un quarto \u00e8 originario della provincia di Lucca","og_description":"\u00c8 stata presentata a Roma la XX edizione del Rapporto Italiani nel Mondo 2025 redatto dalla Fondazione Migrantes.","og_url":"https:\/\/www.intoscana.it\/it\/toscani-allestero-un-quarto-e-originario-della-provincia-di-lucca\/","og_site_name":"intoscana","article_publisher":"https:\/\/www.facebook.com\/intoscana.it","article_published_time":"2025-11-13T10:08:28+00:00","article_modified_time":"2025-11-13T10:10:04+00:00","og_image":[{"width":2048,"height":1365,"url":"https:\/\/www.intoscana.it\/wp-content\/uploads\/airam-dato-on-ZcvJ2DqSp6k-unsplash-scaled.jpg","type":"image\/jpeg"}],"author":"Redazione","twitter_card":"summary_large_image","twitter_creator":"@intoscana","twitter_site":"@intoscana","twitter_misc":{"Written by":"Redazione","Est. reading time":"3 minuti"},"schema":{"@context":"https:\/\/schema.org","@graph":[{"@type":"WebPage","@id":"https:\/\/www.intoscana.it\/it\/toscani-allestero-un-quarto-e-originario-della-provincia-di-lucca\/","url":"https:\/\/www.intoscana.it\/it\/toscani-allestero-un-quarto-e-originario-della-provincia-di-lucca\/","name":"Toscani all'estero, un quarto \u00e8 originario della provincia di Lucca - intoscana","isPartOf":{"@id":"https:\/\/www.intoscana.it\/it\/#website"},"primaryImageOfPage":{"@id":"https:\/\/www.intoscana.it\/it\/toscani-allestero-un-quarto-e-originario-della-provincia-di-lucca\/#primaryimage"},"image":{"@id":"https:\/\/www.intoscana.it\/it\/toscani-allestero-un-quarto-e-originario-della-provincia-di-lucca\/#primaryimage"},"thumbnailUrl":"https:\/\/www.intoscana.it\/wp-content\/uploads\/airam-dato-on-ZcvJ2DqSp6k-unsplash-scaled.jpg","datePublished":"2025-11-13T10:08:28+00:00","dateModified":"2025-11-13T10:10:04+00:00","author":{"@id":"https:\/\/www.intoscana.it\/it\/#\/schema\/person\/9223810753230f20bd670fdd322661f8"},"description":"\u00c8 stata presentata a Roma la XX edizione del Rapporto Italiani nel Mondo 2025 redatto dalla Fondazione Migrantes.","breadcrumb":{"@id":"https:\/\/www.intoscana.it\/it\/toscani-allestero-un-quarto-e-originario-della-provincia-di-lucca\/#breadcrumb"},"inLanguage":"it-IT","potentialAction":[{"@type":"ReadAction","target":["https:\/\/www.intoscana.it\/it\/toscani-allestero-un-quarto-e-originario-della-provincia-di-lucca\/"]}]},{"@type":"ImageObject","inLanguage":"it-IT","@id":"https:\/\/www.intoscana.it\/it\/toscani-allestero-un-quarto-e-originario-della-provincia-di-lucca\/#primaryimage","url":"https:\/\/www.intoscana.it\/wp-content\/uploads\/airam-dato-on-ZcvJ2DqSp6k-unsplash-scaled.jpg","contentUrl":"https:\/\/www.intoscana.it\/wp-content\/uploads\/airam-dato-on-ZcvJ2DqSp6k-unsplash-scaled.jpg","width":2048,"height":1365,"caption":"Italiani nel mondo, toscani nel mondo, turisti, stranieri, estero, viaggi, aeroporto, stazioni, Migrazioni"},{"@type":"BreadcrumbList","@id":"https:\/\/www.intoscana.it\/it\/toscani-allestero-un-quarto-e-originario-della-provincia-di-lucca\/#breadcrumb","itemListElement":[{"@type":"ListItem","position":1,"name":"Home","item":"https:\/\/www.intoscana.it\/it\/"},{"@type":"ListItem","position":2,"name":"Toscani all&#8217;estero, un quarto \u00e8 originario della provincia di Lucca"}]},{"@type":"WebSite","@id":"https:\/\/www.intoscana.it\/it\/#website","url":"https:\/\/www.intoscana.it\/it\/","name":"intoscana","description":"","potentialAction":[{"@type":"SearchAction","target":{"@type":"EntryPoint","urlTemplate":"https:\/\/www.intoscana.it\/it\/?s={search_term_string}"},"query-input":{"@type":"PropertyValueSpecification","valueRequired":true,"valueName":"search_term_string"}}],"inLanguage":"it-IT"},{"@type":"Person","@id":"https:\/\/www.intoscana.it\/it\/#\/schema\/person\/9223810753230f20bd670fdd322661f8","name":"Redazione","url":"https:\/\/www.intoscana.it\/it\/author\/redazione\/"}]}},"_links":{"self":[{"href":"https:\/\/www.intoscana.it\/it\/wp-json\/wp\/v2\/posts\/407149","targetHints":{"allow":["GET"]}}],"collection":[{"href":"https:\/\/www.intoscana.it\/it\/wp-json\/wp\/v2\/posts"}],"about":[{"href":"https:\/\/www.intoscana.it\/it\/wp-json\/wp\/v2\/types\/post"}],"author":[{"embeddable":true,"href":"https:\/\/www.intoscana.it\/it\/wp-json\/wp\/v2\/users\/525"}],"replies":[{"embeddable":true,"href":"https:\/\/www.intoscana.it\/it\/wp-json\/wp\/v2\/comments?post=407149"}],"version-history":[{"count":5,"href":"https:\/\/www.intoscana.it\/it\/wp-json\/wp\/v2\/posts\/407149\/revisions"}],"predecessor-version":[{"id":407159,"href":"https:\/\/www.intoscana.it\/it\/wp-json\/wp\/v2\/posts\/407149\/revisions\/407159"}],"wp:featuredmedia":[{"embeddable":true,"href":"https:\/\/www.intoscana.it\/it\/wp-json\/wp\/v2\/media\/407158"}],"wp:attachment":[{"href":"https:\/\/www.intoscana.it\/it\/wp-json\/wp\/v2\/media?parent=407149"}],"wp:term":[{"taxonomy":"category","embeddable":true,"href":"https:\/\/www.intoscana.it\/it\/wp-json\/wp\/v2\/categories?post=407149"},{"taxonomy":"post_tag","embeddable":true,"href":"https:\/\/www.intoscana.it\/it\/wp-json\/wp\/v2\/tags?post=407149"}],"curies":[{"name":"wp","href":"https:\/\/api.w.org\/{rel}","templated":true}]}}