{"id":407240,"date":"2025-11-13T15:32:05","date_gmt":"2025-11-13T14:32:05","guid":{"rendered":"https:\/\/www.intoscana.it\/it\/?p=407240"},"modified":"2025-11-13T15:32:05","modified_gmt":"2025-11-13T14:32:05","slug":"lartigianato-incontra-il-ring-nasce-il-progetto-tra-la-scuola-del-cuoio-e-il-pugile-eduardo-dado-giustini","status":"publish","type":"post","link":"https:\/\/www.intoscana.it\/it\/lartigianato-incontra-il-ring-nasce-il-progetto-tra-la-scuola-del-cuoio-e-il-pugile-eduardo-dado-giustini\/","title":{"rendered":"L&#8217;artigianato incontra il ring: nasce il progetto tra la Scuola del Cuoio e il pugile Eduardo \u201cDado\u201d Giustini"},"content":{"rendered":"<p>Due mondi solo all\u2019apparenza lontani \u2014 l\u2019artigianato e il pugilato \u2014 si incontrano a Firenze nel segno del riscatto. Nasce la collaborazione tra la <strong>Scuola del Cuoio<\/strong> e il campione italiano dei pesi massimi <strong>Eduardo \u201cDado\u201d Giustini<\/strong>, un progetto che unisce mani e cuore, con l\u2019obiettivo di offrire a giovani in difficolt\u00e0 una seconda possibilit\u00e0 attraverso il lavoro e la disciplina sportiva.<\/p>\n<p>Dietro questa iniziativa ci sono due storie di passione e rinascita: da un lato la <strong>Scuola del Cuoio<\/strong>, fondata nel 1950 da <strong>Marcello Gori<\/strong> per insegnare l\u2019arte della pelle a orfani di guerra e ragazzi senza prospettive; dall\u2019altro <strong>Giustini<\/strong>, tre volte campione italiano, che nel pugilato ha trovato la via per ricostruire la propria vita e oggi vuole trasmettere ai giovani lo stesso spirito di rivalsa. \u201c<em>Mi rivedo in tanti di loro<\/em> \u2013 racconta Giustini <em>\u2013 ragazzi che hanno vissuto momenti difficili o fatto scelte sbagliate. Con impegno, grazie al pugilato, al lavoro e al sostegno della mia famiglia, ho ottenuto un riscatto che ora voglio condividere.<\/em>\u201d<\/p>\n<h3>Dalla Scuola del Cuoio alla Fondazione Marcello Gori: 75 anni di solidariet\u00e0<\/h3>\n<p>Oggi la <strong>Fondazione Marcello Gori<\/strong>, nata nel 2022 per volont\u00e0 delle figlie di Marcello \u2013 Laura, Francesca e Barbara \u2013 porta avanti la missione educativa e solidale del padre, offrendo ogni anno <strong>dieci borse di studio<\/strong> a giovani segnalati dal Comune di Firenze e da associazioni come <strong>Artemisia<\/strong>.<br \/>\nAll\u2019interno del programma formativo <strong>\u201cProgetto Cuoio\u201d<\/strong>, i ragazzi partecipano a laboratori, lezioni pratiche e incontri di orientamento, riscoprendo fiducia e autostima attraverso il lavoro artigiano.<\/p>\n<p>Con l\u2019arrivo di <strong>Eduardo Giustini<\/strong>, il progetto si arricchisce di una nuova dimensione: incontri motivazionali e corsi di avvicinamento al pugilato, inteso come strumento educativo e di disciplina personale. \u201c<em>Conoscendo Dado e la sua famiglia \u2013 s<\/em>piega <strong>Barbara Gori<\/strong>, CEO della Scuola del Cuoio<em> \u2013 so quanto sia orgoglioso della vita che ha costruito con impegno e determinazione. La sua storia pu\u00f2 essere un esempio per i nostri ragazzi: con forza e fiducia in s\u00e9 stessi \u00e8 sempre possibile rialzarsi e costruire il proprio futuro.<\/em>\u201d<\/p>\n<h3>L\u2019arte delle mani e la forza del cuore<\/h3>\n<p>L\u2019incontro tra pelletteria e pugilato diventa cos\u00ec un simbolo potente: due arti che richiedono <strong>rigore, costanza e rispetto<\/strong>, ma soprattutto la capacit\u00e0 di rialzarsi dopo ogni colpo. \u201c<em>Unire pelletteria e pugilato<\/em> \u2013 aggiunge ancora Barbara Gori \u2013 <em>significa intrecciare due mondi che condividono gli stessi valori. Mio padre, da giovane, era socio di una palestra di boxe: amava quello sport perch\u00e9 educava alla forza interiore e alla lealt\u00e0.<\/em>\u201d<\/p>\n","protected":false},"excerpt":{"rendered":"<p>Una collaborazione dal forte valore sociale per offrire a giovani in difficolt\u00e0 un\u2019occasione di riscatto attraverso la disciplina del lavoro e dello sport<\/p>\n","protected":false},"author":507,"featured_media":407243,"comment_status":"open","ping_status":"open","sticky":false,"template":"","format":"standard","meta":{"_acf_changed":false,"footnotes":""},"categories":[9],"tags":[278,202,159],"class_list":["post-407240","post","type-post","status-publish","format-standard","has-post-thumbnail","hentry","category-made-in-toscana","tag-artigianato","tag-firenze","tag-sport"],"acf":[],"yoast_head":"<!-- This site is optimized with the Yoast SEO Premium plugin v24.2 (Yoast SEO v25.6) - https:\/\/yoast.com\/wordpress\/plugins\/seo\/ -->\n<title>L&#039;artigianato incontra il ring: nasce il progetto tra la Scuola del Cuoio e il pugile Eduardo \u201cDado\u201d Giustini - intoscana<\/title>\n<meta name=\"robots\" content=\"index, follow, max-snippet:-1, max-image-preview:large, max-video-preview:-1\" \/>\n<link rel=\"canonical\" href=\"https:\/\/www.intoscana.it\/it\/lartigianato-incontra-il-ring-nasce-il-progetto-tra-la-scuola-del-cuoio-e-il-pugile-eduardo-dado-giustini\/\" \/>\n<meta property=\"og:locale\" content=\"it_IT\" \/>\n<meta property=\"og:type\" content=\"article\" \/>\n<meta property=\"og:title\" content=\"L&#039;artigianato incontra il ring: nasce il progetto tra la Scuola del Cuoio e il pugile Eduardo \u201cDado\u201d Giustini\" \/>\n<meta property=\"og:description\" content=\"Una collaborazione dal forte valore sociale per offrire a giovani in difficolt\u00e0 un\u2019occasione di riscatto attraverso la disciplina del lavoro e dello sport\" \/>\n<meta property=\"og:url\" content=\"https:\/\/www.intoscana.it\/it\/lartigianato-incontra-il-ring-nasce-il-progetto-tra-la-scuola-del-cuoio-e-il-pugile-eduardo-dado-giustini\/\" \/>\n<meta property=\"og:site_name\" content=\"intoscana\" \/>\n<meta property=\"article:publisher\" content=\"https:\/\/www.facebook.com\/intoscana.it\" \/>\n<meta property=\"article:published_time\" content=\"2025-11-13T14:32:05+00:00\" \/>\n<meta property=\"og:image\" content=\"https:\/\/www.intoscana.it\/wp-content\/uploads\/Barbara-Gori-CEO-Scuola-del-Cuoio-e-Eduardo--scaled.jpg\" \/>\n\t<meta property=\"og:image:width\" content=\"2048\" \/>\n\t<meta property=\"og:image:height\" content=\"1365\" \/>\n\t<meta property=\"og:image:type\" content=\"image\/jpeg\" \/>\n<meta name=\"author\" content=\"Chiara Bianchini\" \/>\n<meta name=\"twitter:card\" content=\"summary_large_image\" \/>\n<meta name=\"twitter:creator\" content=\"@intoscana\" \/>\n<meta name=\"twitter:site\" content=\"@intoscana\" \/>\n<meta name=\"twitter:label1\" content=\"Written by\" \/>\n\t<meta name=\"twitter:data1\" content=\"Chiara Bianchini\" \/>\n\t<meta name=\"twitter:label2\" content=\"Est. reading time\" \/>\n\t<meta name=\"twitter:data2\" content=\"3 minuti\" \/>\n<script type=\"application\/ld+json\" class=\"yoast-schema-graph\">{\"@context\":\"https:\/\/schema.org\",\"@graph\":[{\"@type\":\"WebPage\",\"@id\":\"https:\/\/www.intoscana.it\/it\/lartigianato-incontra-il-ring-nasce-il-progetto-tra-la-scuola-del-cuoio-e-il-pugile-eduardo-dado-giustini\/\",\"url\":\"https:\/\/www.intoscana.it\/it\/lartigianato-incontra-il-ring-nasce-il-progetto-tra-la-scuola-del-cuoio-e-il-pugile-eduardo-dado-giustini\/\",\"name\":\"L'artigianato incontra il ring: nasce il progetto tra la Scuola del Cuoio e il pugile Eduardo \u201cDado\u201d Giustini - intoscana\",\"isPartOf\":{\"@id\":\"https:\/\/www.intoscana.it\/it\/#website\"},\"primaryImageOfPage\":{\"@id\":\"https:\/\/www.intoscana.it\/it\/lartigianato-incontra-il-ring-nasce-il-progetto-tra-la-scuola-del-cuoio-e-il-pugile-eduardo-dado-giustini\/#primaryimage\"},\"image\":{\"@id\":\"https:\/\/www.intoscana.it\/it\/lartigianato-incontra-il-ring-nasce-il-progetto-tra-la-scuola-del-cuoio-e-il-pugile-eduardo-dado-giustini\/#primaryimage\"},\"thumbnailUrl\":\"https:\/\/www.intoscana.it\/wp-content\/uploads\/Barbara-Gori-CEO-Scuola-del-Cuoio-e-Eduardo--scaled.jpg\",\"datePublished\":\"2025-11-13T14:32:05+00:00\",\"author\":{\"@id\":\"https:\/\/www.intoscana.it\/it\/#\/schema\/person\/010af92117f50561886339ad5b873a41\"},\"breadcrumb\":{\"@id\":\"https:\/\/www.intoscana.it\/it\/lartigianato-incontra-il-ring-nasce-il-progetto-tra-la-scuola-del-cuoio-e-il-pugile-eduardo-dado-giustini\/#breadcrumb\"},\"inLanguage\":\"it-IT\",\"potentialAction\":[{\"@type\":\"ReadAction\",\"target\":[\"https:\/\/www.intoscana.it\/it\/lartigianato-incontra-il-ring-nasce-il-progetto-tra-la-scuola-del-cuoio-e-il-pugile-eduardo-dado-giustini\/\"]}]},{\"@type\":\"ImageObject\",\"inLanguage\":\"it-IT\",\"@id\":\"https:\/\/www.intoscana.it\/it\/lartigianato-incontra-il-ring-nasce-il-progetto-tra-la-scuola-del-cuoio-e-il-pugile-eduardo-dado-giustini\/#primaryimage\",\"url\":\"https:\/\/www.intoscana.it\/wp-content\/uploads\/Barbara-Gori-CEO-Scuola-del-Cuoio-e-Eduardo--scaled.jpg\",\"contentUrl\":\"https:\/\/www.intoscana.it\/wp-content\/uploads\/Barbara-Gori-CEO-Scuola-del-Cuoio-e-Eduardo--scaled.jpg\",\"width\":2048,\"height\":1365},{\"@type\":\"BreadcrumbList\",\"@id\":\"https:\/\/www.intoscana.it\/it\/lartigianato-incontra-il-ring-nasce-il-progetto-tra-la-scuola-del-cuoio-e-il-pugile-eduardo-dado-giustini\/#breadcrumb\",\"itemListElement\":[{\"@type\":\"ListItem\",\"position\":1,\"name\":\"Home\",\"item\":\"https:\/\/www.intoscana.it\/it\/\"},{\"@type\":\"ListItem\",\"position\":2,\"name\":\"L&#8217;artigianato incontra il ring: nasce il progetto tra la Scuola del Cuoio e il pugile Eduardo \u201cDado\u201d Giustini\"}]},{\"@type\":\"WebSite\",\"@id\":\"https:\/\/www.intoscana.it\/it\/#website\",\"url\":\"https:\/\/www.intoscana.it\/it\/\",\"name\":\"intoscana\",\"description\":\"\",\"potentialAction\":[{\"@type\":\"SearchAction\",\"target\":{\"@type\":\"EntryPoint\",\"urlTemplate\":\"https:\/\/www.intoscana.it\/it\/?s={search_term_string}\"},\"query-input\":{\"@type\":\"PropertyValueSpecification\",\"valueRequired\":true,\"valueName\":\"search_term_string\"}}],\"inLanguage\":\"it-IT\"},{\"@type\":\"Person\",\"@id\":\"https:\/\/www.intoscana.it\/it\/#\/schema\/person\/010af92117f50561886339ad5b873a41\",\"name\":\"Chiara Bianchini\",\"sameAs\":[\"c.bianchini@fst.it\"],\"url\":\"https:\/\/www.intoscana.it\/it\/author\/chiara-bianchini\/\"}]}<\/script>\n<!-- \/ Yoast SEO Premium plugin. -->","yoast_head_json":{"title":"L'artigianato incontra il ring: nasce il progetto tra la Scuola del Cuoio e il pugile Eduardo \u201cDado\u201d Giustini - intoscana","robots":{"index":"index","follow":"follow","max-snippet":"max-snippet:-1","max-image-preview":"max-image-preview:large","max-video-preview":"max-video-preview:-1"},"canonical":"https:\/\/www.intoscana.it\/it\/lartigianato-incontra-il-ring-nasce-il-progetto-tra-la-scuola-del-cuoio-e-il-pugile-eduardo-dado-giustini\/","og_locale":"it_IT","og_type":"article","og_title":"L'artigianato incontra il ring: nasce il progetto tra la Scuola del Cuoio e il pugile Eduardo \u201cDado\u201d Giustini","og_description":"Una collaborazione dal forte valore sociale per offrire a giovani in difficolt\u00e0 un\u2019occasione di riscatto attraverso la disciplina del lavoro e dello sport","og_url":"https:\/\/www.intoscana.it\/it\/lartigianato-incontra-il-ring-nasce-il-progetto-tra-la-scuola-del-cuoio-e-il-pugile-eduardo-dado-giustini\/","og_site_name":"intoscana","article_publisher":"https:\/\/www.facebook.com\/intoscana.it","article_published_time":"2025-11-13T14:32:05+00:00","og_image":[{"width":2048,"height":1365,"url":"https:\/\/www.intoscana.it\/wp-content\/uploads\/Barbara-Gori-CEO-Scuola-del-Cuoio-e-Eduardo--scaled.jpg","type":"image\/jpeg"}],"author":"Chiara Bianchini","twitter_card":"summary_large_image","twitter_creator":"@intoscana","twitter_site":"@intoscana","twitter_misc":{"Written by":"Chiara Bianchini","Est. reading time":"3 minuti"},"schema":{"@context":"https:\/\/schema.org","@graph":[{"@type":"WebPage","@id":"https:\/\/www.intoscana.it\/it\/lartigianato-incontra-il-ring-nasce-il-progetto-tra-la-scuola-del-cuoio-e-il-pugile-eduardo-dado-giustini\/","url":"https:\/\/www.intoscana.it\/it\/lartigianato-incontra-il-ring-nasce-il-progetto-tra-la-scuola-del-cuoio-e-il-pugile-eduardo-dado-giustini\/","name":"L'artigianato incontra il ring: nasce il progetto tra la Scuola del Cuoio e il pugile Eduardo \u201cDado\u201d Giustini - intoscana","isPartOf":{"@id":"https:\/\/www.intoscana.it\/it\/#website"},"primaryImageOfPage":{"@id":"https:\/\/www.intoscana.it\/it\/lartigianato-incontra-il-ring-nasce-il-progetto-tra-la-scuola-del-cuoio-e-il-pugile-eduardo-dado-giustini\/#primaryimage"},"image":{"@id":"https:\/\/www.intoscana.it\/it\/lartigianato-incontra-il-ring-nasce-il-progetto-tra-la-scuola-del-cuoio-e-il-pugile-eduardo-dado-giustini\/#primaryimage"},"thumbnailUrl":"https:\/\/www.intoscana.it\/wp-content\/uploads\/Barbara-Gori-CEO-Scuola-del-Cuoio-e-Eduardo--scaled.jpg","datePublished":"2025-11-13T14:32:05+00:00","author":{"@id":"https:\/\/www.intoscana.it\/it\/#\/schema\/person\/010af92117f50561886339ad5b873a41"},"breadcrumb":{"@id":"https:\/\/www.intoscana.it\/it\/lartigianato-incontra-il-ring-nasce-il-progetto-tra-la-scuola-del-cuoio-e-il-pugile-eduardo-dado-giustini\/#breadcrumb"},"inLanguage":"it-IT","potentialAction":[{"@type":"ReadAction","target":["https:\/\/www.intoscana.it\/it\/lartigianato-incontra-il-ring-nasce-il-progetto-tra-la-scuola-del-cuoio-e-il-pugile-eduardo-dado-giustini\/"]}]},{"@type":"ImageObject","inLanguage":"it-IT","@id":"https:\/\/www.intoscana.it\/it\/lartigianato-incontra-il-ring-nasce-il-progetto-tra-la-scuola-del-cuoio-e-il-pugile-eduardo-dado-giustini\/#primaryimage","url":"https:\/\/www.intoscana.it\/wp-content\/uploads\/Barbara-Gori-CEO-Scuola-del-Cuoio-e-Eduardo--scaled.jpg","contentUrl":"https:\/\/www.intoscana.it\/wp-content\/uploads\/Barbara-Gori-CEO-Scuola-del-Cuoio-e-Eduardo--scaled.jpg","width":2048,"height":1365},{"@type":"BreadcrumbList","@id":"https:\/\/www.intoscana.it\/it\/lartigianato-incontra-il-ring-nasce-il-progetto-tra-la-scuola-del-cuoio-e-il-pugile-eduardo-dado-giustini\/#breadcrumb","itemListElement":[{"@type":"ListItem","position":1,"name":"Home","item":"https:\/\/www.intoscana.it\/it\/"},{"@type":"ListItem","position":2,"name":"L&#8217;artigianato incontra il ring: nasce il progetto tra la Scuola del Cuoio e il pugile Eduardo \u201cDado\u201d Giustini"}]},{"@type":"WebSite","@id":"https:\/\/www.intoscana.it\/it\/#website","url":"https:\/\/www.intoscana.it\/it\/","name":"intoscana","description":"","potentialAction":[{"@type":"SearchAction","target":{"@type":"EntryPoint","urlTemplate":"https:\/\/www.intoscana.it\/it\/?s={search_term_string}"},"query-input":{"@type":"PropertyValueSpecification","valueRequired":true,"valueName":"search_term_string"}}],"inLanguage":"it-IT"},{"@type":"Person","@id":"https:\/\/www.intoscana.it\/it\/#\/schema\/person\/010af92117f50561886339ad5b873a41","name":"Chiara Bianchini","sameAs":["c.bianchini@fst.it"],"url":"https:\/\/www.intoscana.it\/it\/author\/chiara-bianchini\/"}]}},"_links":{"self":[{"href":"https:\/\/www.intoscana.it\/it\/wp-json\/wp\/v2\/posts\/407240","targetHints":{"allow":["GET"]}}],"collection":[{"href":"https:\/\/www.intoscana.it\/it\/wp-json\/wp\/v2\/posts"}],"about":[{"href":"https:\/\/www.intoscana.it\/it\/wp-json\/wp\/v2\/types\/post"}],"author":[{"embeddable":true,"href":"https:\/\/www.intoscana.it\/it\/wp-json\/wp\/v2\/users\/507"}],"replies":[{"embeddable":true,"href":"https:\/\/www.intoscana.it\/it\/wp-json\/wp\/v2\/comments?post=407240"}],"version-history":[{"count":1,"href":"https:\/\/www.intoscana.it\/it\/wp-json\/wp\/v2\/posts\/407240\/revisions"}],"predecessor-version":[{"id":407245,"href":"https:\/\/www.intoscana.it\/it\/wp-json\/wp\/v2\/posts\/407240\/revisions\/407245"}],"wp:featuredmedia":[{"embeddable":true,"href":"https:\/\/www.intoscana.it\/it\/wp-json\/wp\/v2\/media\/407243"}],"wp:attachment":[{"href":"https:\/\/www.intoscana.it\/it\/wp-json\/wp\/v2\/media?parent=407240"}],"wp:term":[{"taxonomy":"category","embeddable":true,"href":"https:\/\/www.intoscana.it\/it\/wp-json\/wp\/v2\/categories?post=407240"},{"taxonomy":"post_tag","embeddable":true,"href":"https:\/\/www.intoscana.it\/it\/wp-json\/wp\/v2\/tags?post=407240"}],"curies":[{"name":"wp","href":"https:\/\/api.w.org\/{rel}","templated":true}]}}