{"id":407369,"date":"2025-11-14T13:48:49","date_gmt":"2025-11-14T12:48:49","guid":{"rendered":"https:\/\/www.intoscana.it\/it\/?p=407369"},"modified":"2025-11-14T14:06:43","modified_gmt":"2025-11-14T13:06:43","slug":"urbanpromo-2025-la-citta-che-cambia-rigenerazione-ia-e-nuovi-modelli-dellabitare","status":"publish","type":"post","link":"https:\/\/www.intoscana.it\/it\/urbanpromo-2025-la-citta-che-cambia-rigenerazione-ia-e-nuovi-modelli-dellabitare\/","title":{"rendered":"Urbanpromo 2025, la citt\u00e0 che cambia: rigenerazione, IA e nuovi modelli dell\u2019abitare"},"content":{"rendered":"<p>All\u2019Innovation Center della Fondazione CR Firenze, <strong>Urbanpromo 2025<\/strong> ha portato al centro del dibattito nazionale i temi che stanno ridisegnando il futuro delle citt\u00e0: dall\u2019impatto dell<strong>\u2019intelligenza artificiale<\/strong> sulla pianificazione, alle trasformazioni necessarie per rigenerare spazi ormai saturi, fino ai nuovi <strong>modelli dell\u2019abitare<\/strong>. Quattro giorni di confronto tra istituzioni, ricercatori, amministratori e professionisti che hanno mostrato come innovazione tecnologica, giustizia sociale e sostenibilit\u00e0 siano oggi dimensioni inseparabili nello sviluppo urbano.<\/p>\n<h3><strong>La rivoluzione dell\u2019IA: citt\u00e0 predittive e \u201cgemelle digitali\u201d per progettare senza rischi<\/strong><\/h3>\n<p>\u00c8 l\u2019intelligenza artificiale a dominare il dibattito dell\u2019edizione di quest\u2019anno. Michele Talia, presidente di Inu, ha aperto un confronto serrato sugli scenari che le <strong><em>Digital Twins<\/em><\/strong> \u2013 le gemelle digitali delle citt\u00e0 \u2013 stanno rendendo possibili: \u201c<em>AmbientI simulati dove sperimentare senza danni, testare politiche pubbliche, ottimizzare servizi e immaginare nuove infrastrutture\u201d<\/em>.<strong> Real-time simulation, citt\u00e0 adattive, quartieri<\/strong> che reagiscono a clima, traffico e flussi: concetti che fino a poco tempo fa sembravano fantascienza e che oggi entrano nella cassetta degli attrezzi degli urbanisti.<\/p>\n<p>Ma l\u2019IA \u00e8 anche strumento sociale: Matteo Giannelli (Universit\u00e0 di Firenze) ha ricordato come possa aiutare a <strong>leggere le marginalit\u00e0<\/strong> e costruire politiche pi\u00f9 inclusive, mentre Denis Maragno (Iuav) ha evidenziato il suo ruolo nell\u2019adattamento climatico, dalla gestione dei servizi ecosistemici alla mitigazione delle ondate di calore. La tecnologia, per\u00f2, non basta: \u201c<em><strong>Serve una visione etica<\/strong> e umanistica, perch\u00e9 il futuro delle citt\u00e0 deve restare profondamente uman<\/em>o\u201d, ha ribadito Talia.<\/p>\n<h3><strong>Rigenerazione urbana: norme pi\u00f9 chiare, regia pubblica e valutazioni pi\u00f9 solide<\/strong><\/h3>\n<p>Accanto all\u2019innovazione digitale, Urbanpromo ha riportato al centro un tema decisivo per l\u2019Italia: la<strong> rigenerazione urbana<\/strong>. Gianni Biagi, presidente di Urbit, \u00e8 stato netto: \u201c<em>Non servono nuove leggi, ma <strong>semplificare quelle esistenti<\/strong> per uscire da un caos normativo che frena i progetti sul territorio<\/em>\u201d. La rigenerazione non \u00e8 una categoria edilizia, ha ricordato, ma una <strong>politica pubblica complessiva<\/strong> che mette insieme ambiente, economia, societ\u00e0 e qualit\u00e0 dello spazio urbano.<\/p>\n<p>Un appello rilanciato anche da Chiara Agnoletti, vicepresidente Inu Toscana e ricercatrice Irpet: \u201c<em>Le citt\u00e0 sono sature, l\u2019unica via \u00e8 rigenerare. Ma serve una regia pubblica forte e strumenti di valutazione chiari, che diano certezze a enti locali e investitori<\/em>\u201d.<br \/>\nIn Toscana molte esperienze positive sono gi\u00e0 avviate, ma la sfida \u00e8 misurare l\u2019impatto economico, sociale e ambientale degli interventi per orientare scelte responsabili e attrarre investimenti coerenti.<\/p>\n<figure id=\"post-407374 media-407374\" class=\"align-none\"><img decoding=\"async\" src=\"https:\/\/www.intoscana.it\/wp-content\/uploads\/Premio-Heroes-Firenze.jpg\" alt=\"\" \/><\/figure>\n<div class=\"titleimg\">Premio Heroes Firenze<\/div>\n<h3 data-start=\"277\" data-end=\"356\"><strong data-start=\"281\" data-end=\"356\">Heroes: dalla Toscana un laboratorio europeo per il diritto all\u2019abitare<\/strong><\/h3>\n<p data-start=\"312\" data-end=\"1261\">Tra i protagonisti dell\u2019edizione 2025 c\u2019\u00e8 anche <strong><em data-start=\"360\" data-end=\"368\">Heroes<\/em><\/strong>, progetto toscano selezionato nella categoria \u201cStrategie e politiche\u201d, che ha conquistato il Premio Urbanistica per la capacit\u00e0 di proporre una visione avanzata e strutturale del tema casa. Promosso dal <strong data-start=\"572\" data-end=\"597\">Fondo Housing Toscano<\/strong>, dalla <strong data-start=\"605\" data-end=\"624\">Regione Toscana<\/strong> e dal <strong data-start=\"631\" data-end=\"690\">Dipartimento di Architettura dell\u2019Universit\u00e0 di Firenze<\/strong>, il progetto nasce con uno sguardo europeo e si inserisce nel percorso di rafforzamento delle politiche di urban housing.<\/p>\n<p data-start=\"312\" data-end=\"1261\">La sua forza sta nell\u2019aver tradotto il concetto di accessibilit\u00e0 in una strategia multilivello che integra qualit\u00e0 architettonica, servizi di prossimit\u00e0, continuit\u00e0 abitativa e tutela delle persone pi\u00f9 vulnerabili. Un riconoscimento che conferma il ruolo della Toscana come territorio guida nelle politiche per la casa, capace di sperimentare soluzioni replicabili e pienamente in linea con gli obiettivi europei di sostenibilit\u00e0 e coesione urbana.<\/p>\n<h3><strong>Il Villaggio Novoli vince il Premio Urbanistica 2025: un modello di Senior Housing aperto alla comunit\u00e0<\/strong><\/h3>\n<p>Tra le visioni del futuro e il bisogno di un quadro normativo pi\u00f9 solido, a Urbanpromo c\u2019\u00e8 anche chi ha mostrato cosa significa gi\u00e0 oggi rigenerare: il <strong><em>Villaggio Novoli<\/em> <\/strong>di Firenze, vincitore del Premio Urbanistica 2025 nella categoria \u201cProgetti e cantieri\u201d.<\/p>\n<p>L\u2019intervento ha trasformato un edificio abbandonato in un <strong>complesso residenziale innovativo<\/strong> per over 65 autosufficienti: 37 appartamenti moderni, spazi comuni su ogni piano, servizi sanitari della rete PAS accessibili anche al quartiere, portineria, attivit\u00e0 sociali, assistenza di prossimit\u00e0.<\/p>\n<p>Il progetto \u2013 nato dalla collaborazione tra Consorzio Fabrica, Co&amp;So, Cooperativa Il Girasole e Fondazione CR Firenze \u2013 propone un nuovo modello di Senior Housing fondato su autonomia, supporto leggero e integrazione col territorio: un esempio concreto di come abitare, welfare e comunit\u00e0 possano costruire nuove forme di qualit\u00e0 urbana.<\/p>\n","protected":false},"excerpt":{"rendered":"<p>Quattro giorni di confronto tra esperti, istituzioni e professionisti: dalla rivoluzione delle Digital Twins alla necessit\u00e0 di norme pi\u00f9 semplici, fino al Senior Housing del Villaggio Novoli e al progetto Heroes che vincono il Premio Urbanistica 2025<\/p>\n","protected":false},"author":507,"featured_media":407370,"comment_status":"open","ping_status":"open","sticky":false,"template":"","format":"standard","meta":{"_acf_changed":false,"footnotes":""},"categories":[494],"tags":[202,5290],"class_list":["post-407369","post","type-post","status-publish","format-standard","has-post-thumbnail","hentry","category-attualita","tag-firenze","tag-rigenerazione-urbana"],"acf":[],"yoast_head":"<!-- This site is optimized with the Yoast SEO Premium plugin v24.2 (Yoast SEO v25.6) - https:\/\/yoast.com\/wordpress\/plugins\/seo\/ -->\n<title>Urbanpromo 2025, la citt\u00e0 che cambia: rigenerazione, IA e nuovi modelli dell\u2019abitare - intoscana<\/title>\n<meta name=\"robots\" content=\"index, follow, max-snippet:-1, max-image-preview:large, max-video-preview:-1\" \/>\n<link rel=\"canonical\" href=\"https:\/\/www.intoscana.it\/it\/urbanpromo-2025-la-citta-che-cambia-rigenerazione-ia-e-nuovi-modelli-dellabitare\/\" \/>\n<meta property=\"og:locale\" content=\"it_IT\" \/>\n<meta property=\"og:type\" content=\"article\" \/>\n<meta property=\"og:title\" content=\"Urbanpromo 2025, la citt\u00e0 che cambia: rigenerazione, IA e nuovi modelli dell\u2019abitare\" \/>\n<meta property=\"og:description\" content=\"Quattro giorni di confronto tra esperti, istituzioni e professionisti: dalla rivoluzione delle Digital Twins alla necessit\u00e0 di norme pi\u00f9 semplici, fino al Senior Housing del Villaggio Novoli e al progetto Heroes che vincono il Premio Urbanistica 2025\" \/>\n<meta property=\"og:url\" content=\"https:\/\/www.intoscana.it\/it\/urbanpromo-2025-la-citta-che-cambia-rigenerazione-ia-e-nuovi-modelli-dellabitare\/\" \/>\n<meta property=\"og:site_name\" content=\"intoscana\" \/>\n<meta property=\"article:publisher\" content=\"https:\/\/www.facebook.com\/intoscana.it\" \/>\n<meta property=\"article:published_time\" content=\"2025-11-14T12:48:49+00:00\" \/>\n<meta property=\"article:modified_time\" content=\"2025-11-14T13:06:43+00:00\" \/>\n<meta property=\"og:image\" content=\"https:\/\/www.intoscana.it\/wp-content\/uploads\/Premio-Villaggio-Novoli-Firenze.jpg\" \/>\n\t<meta property=\"og:image:width\" content=\"1371\" \/>\n\t<meta property=\"og:image:height\" content=\"914\" \/>\n\t<meta property=\"og:image:type\" content=\"image\/jpeg\" \/>\n<meta name=\"author\" content=\"Chiara Bianchini\" \/>\n<meta name=\"twitter:card\" content=\"summary_large_image\" \/>\n<meta name=\"twitter:creator\" content=\"@intoscana\" \/>\n<meta name=\"twitter:site\" content=\"@intoscana\" \/>\n<meta name=\"twitter:label1\" content=\"Written by\" \/>\n\t<meta name=\"twitter:data1\" content=\"Chiara Bianchini\" \/>\n\t<meta name=\"twitter:label2\" content=\"Est. reading time\" \/>\n\t<meta name=\"twitter:data2\" content=\"4 minuti\" \/>\n<script type=\"application\/ld+json\" class=\"yoast-schema-graph\">{\"@context\":\"https:\/\/schema.org\",\"@graph\":[{\"@type\":\"WebPage\",\"@id\":\"https:\/\/www.intoscana.it\/it\/urbanpromo-2025-la-citta-che-cambia-rigenerazione-ia-e-nuovi-modelli-dellabitare\/\",\"url\":\"https:\/\/www.intoscana.it\/it\/urbanpromo-2025-la-citta-che-cambia-rigenerazione-ia-e-nuovi-modelli-dellabitare\/\",\"name\":\"Urbanpromo 2025, la citt\u00e0 che cambia: rigenerazione, IA e nuovi modelli dell\u2019abitare - intoscana\",\"isPartOf\":{\"@id\":\"https:\/\/www.intoscana.it\/it\/#website\"},\"primaryImageOfPage\":{\"@id\":\"https:\/\/www.intoscana.it\/it\/urbanpromo-2025-la-citta-che-cambia-rigenerazione-ia-e-nuovi-modelli-dellabitare\/#primaryimage\"},\"image\":{\"@id\":\"https:\/\/www.intoscana.it\/it\/urbanpromo-2025-la-citta-che-cambia-rigenerazione-ia-e-nuovi-modelli-dellabitare\/#primaryimage\"},\"thumbnailUrl\":\"https:\/\/www.intoscana.it\/wp-content\/uploads\/Premio-Villaggio-Novoli-Firenze.jpg\",\"datePublished\":\"2025-11-14T12:48:49+00:00\",\"dateModified\":\"2025-11-14T13:06:43+00:00\",\"author\":{\"@id\":\"https:\/\/www.intoscana.it\/it\/#\/schema\/person\/010af92117f50561886339ad5b873a41\"},\"breadcrumb\":{\"@id\":\"https:\/\/www.intoscana.it\/it\/urbanpromo-2025-la-citta-che-cambia-rigenerazione-ia-e-nuovi-modelli-dellabitare\/#breadcrumb\"},\"inLanguage\":\"it-IT\",\"potentialAction\":[{\"@type\":\"ReadAction\",\"target\":[\"https:\/\/www.intoscana.it\/it\/urbanpromo-2025-la-citta-che-cambia-rigenerazione-ia-e-nuovi-modelli-dellabitare\/\"]}]},{\"@type\":\"ImageObject\",\"inLanguage\":\"it-IT\",\"@id\":\"https:\/\/www.intoscana.it\/it\/urbanpromo-2025-la-citta-che-cambia-rigenerazione-ia-e-nuovi-modelli-dellabitare\/#primaryimage\",\"url\":\"https:\/\/www.intoscana.it\/wp-content\/uploads\/Premio-Villaggio-Novoli-Firenze.jpg\",\"contentUrl\":\"https:\/\/www.intoscana.it\/wp-content\/uploads\/Premio-Villaggio-Novoli-Firenze.jpg\",\"width\":1371,\"height\":914},{\"@type\":\"BreadcrumbList\",\"@id\":\"https:\/\/www.intoscana.it\/it\/urbanpromo-2025-la-citta-che-cambia-rigenerazione-ia-e-nuovi-modelli-dellabitare\/#breadcrumb\",\"itemListElement\":[{\"@type\":\"ListItem\",\"position\":1,\"name\":\"Home\",\"item\":\"https:\/\/www.intoscana.it\/it\/\"},{\"@type\":\"ListItem\",\"position\":2,\"name\":\"Urbanpromo 2025, la citt\u00e0 che cambia: rigenerazione, IA e nuovi modelli dell\u2019abitare\"}]},{\"@type\":\"WebSite\",\"@id\":\"https:\/\/www.intoscana.it\/it\/#website\",\"url\":\"https:\/\/www.intoscana.it\/it\/\",\"name\":\"intoscana\",\"description\":\"\",\"potentialAction\":[{\"@type\":\"SearchAction\",\"target\":{\"@type\":\"EntryPoint\",\"urlTemplate\":\"https:\/\/www.intoscana.it\/it\/?s={search_term_string}\"},\"query-input\":{\"@type\":\"PropertyValueSpecification\",\"valueRequired\":true,\"valueName\":\"search_term_string\"}}],\"inLanguage\":\"it-IT\"},{\"@type\":\"Person\",\"@id\":\"https:\/\/www.intoscana.it\/it\/#\/schema\/person\/010af92117f50561886339ad5b873a41\",\"name\":\"Chiara Bianchini\",\"sameAs\":[\"c.bianchini@fst.it\"],\"url\":\"https:\/\/www.intoscana.it\/it\/author\/chiara-bianchini\/\"}]}<\/script>\n<!-- \/ Yoast SEO Premium plugin. -->","yoast_head_json":{"title":"Urbanpromo 2025, la citt\u00e0 che cambia: rigenerazione, IA e nuovi modelli dell\u2019abitare - intoscana","robots":{"index":"index","follow":"follow","max-snippet":"max-snippet:-1","max-image-preview":"max-image-preview:large","max-video-preview":"max-video-preview:-1"},"canonical":"https:\/\/www.intoscana.it\/it\/urbanpromo-2025-la-citta-che-cambia-rigenerazione-ia-e-nuovi-modelli-dellabitare\/","og_locale":"it_IT","og_type":"article","og_title":"Urbanpromo 2025, la citt\u00e0 che cambia: rigenerazione, IA e nuovi modelli dell\u2019abitare","og_description":"Quattro giorni di confronto tra esperti, istituzioni e professionisti: dalla rivoluzione delle Digital Twins alla necessit\u00e0 di norme pi\u00f9 semplici, fino al Senior Housing del Villaggio Novoli e al progetto Heroes che vincono il Premio Urbanistica 2025","og_url":"https:\/\/www.intoscana.it\/it\/urbanpromo-2025-la-citta-che-cambia-rigenerazione-ia-e-nuovi-modelli-dellabitare\/","og_site_name":"intoscana","article_publisher":"https:\/\/www.facebook.com\/intoscana.it","article_published_time":"2025-11-14T12:48:49+00:00","article_modified_time":"2025-11-14T13:06:43+00:00","og_image":[{"width":1371,"height":914,"url":"https:\/\/www.intoscana.it\/wp-content\/uploads\/Premio-Villaggio-Novoli-Firenze.jpg","type":"image\/jpeg"}],"author":"Chiara Bianchini","twitter_card":"summary_large_image","twitter_creator":"@intoscana","twitter_site":"@intoscana","twitter_misc":{"Written by":"Chiara Bianchini","Est. reading time":"4 minuti"},"schema":{"@context":"https:\/\/schema.org","@graph":[{"@type":"WebPage","@id":"https:\/\/www.intoscana.it\/it\/urbanpromo-2025-la-citta-che-cambia-rigenerazione-ia-e-nuovi-modelli-dellabitare\/","url":"https:\/\/www.intoscana.it\/it\/urbanpromo-2025-la-citta-che-cambia-rigenerazione-ia-e-nuovi-modelli-dellabitare\/","name":"Urbanpromo 2025, la citt\u00e0 che cambia: rigenerazione, IA e nuovi modelli dell\u2019abitare - intoscana","isPartOf":{"@id":"https:\/\/www.intoscana.it\/it\/#website"},"primaryImageOfPage":{"@id":"https:\/\/www.intoscana.it\/it\/urbanpromo-2025-la-citta-che-cambia-rigenerazione-ia-e-nuovi-modelli-dellabitare\/#primaryimage"},"image":{"@id":"https:\/\/www.intoscana.it\/it\/urbanpromo-2025-la-citta-che-cambia-rigenerazione-ia-e-nuovi-modelli-dellabitare\/#primaryimage"},"thumbnailUrl":"https:\/\/www.intoscana.it\/wp-content\/uploads\/Premio-Villaggio-Novoli-Firenze.jpg","datePublished":"2025-11-14T12:48:49+00:00","dateModified":"2025-11-14T13:06:43+00:00","author":{"@id":"https:\/\/www.intoscana.it\/it\/#\/schema\/person\/010af92117f50561886339ad5b873a41"},"breadcrumb":{"@id":"https:\/\/www.intoscana.it\/it\/urbanpromo-2025-la-citta-che-cambia-rigenerazione-ia-e-nuovi-modelli-dellabitare\/#breadcrumb"},"inLanguage":"it-IT","potentialAction":[{"@type":"ReadAction","target":["https:\/\/www.intoscana.it\/it\/urbanpromo-2025-la-citta-che-cambia-rigenerazione-ia-e-nuovi-modelli-dellabitare\/"]}]},{"@type":"ImageObject","inLanguage":"it-IT","@id":"https:\/\/www.intoscana.it\/it\/urbanpromo-2025-la-citta-che-cambia-rigenerazione-ia-e-nuovi-modelli-dellabitare\/#primaryimage","url":"https:\/\/www.intoscana.it\/wp-content\/uploads\/Premio-Villaggio-Novoli-Firenze.jpg","contentUrl":"https:\/\/www.intoscana.it\/wp-content\/uploads\/Premio-Villaggio-Novoli-Firenze.jpg","width":1371,"height":914},{"@type":"BreadcrumbList","@id":"https:\/\/www.intoscana.it\/it\/urbanpromo-2025-la-citta-che-cambia-rigenerazione-ia-e-nuovi-modelli-dellabitare\/#breadcrumb","itemListElement":[{"@type":"ListItem","position":1,"name":"Home","item":"https:\/\/www.intoscana.it\/it\/"},{"@type":"ListItem","position":2,"name":"Urbanpromo 2025, la citt\u00e0 che cambia: rigenerazione, IA e nuovi modelli dell\u2019abitare"}]},{"@type":"WebSite","@id":"https:\/\/www.intoscana.it\/it\/#website","url":"https:\/\/www.intoscana.it\/it\/","name":"intoscana","description":"","potentialAction":[{"@type":"SearchAction","target":{"@type":"EntryPoint","urlTemplate":"https:\/\/www.intoscana.it\/it\/?s={search_term_string}"},"query-input":{"@type":"PropertyValueSpecification","valueRequired":true,"valueName":"search_term_string"}}],"inLanguage":"it-IT"},{"@type":"Person","@id":"https:\/\/www.intoscana.it\/it\/#\/schema\/person\/010af92117f50561886339ad5b873a41","name":"Chiara Bianchini","sameAs":["c.bianchini@fst.it"],"url":"https:\/\/www.intoscana.it\/it\/author\/chiara-bianchini\/"}]}},"_links":{"self":[{"href":"https:\/\/www.intoscana.it\/it\/wp-json\/wp\/v2\/posts\/407369","targetHints":{"allow":["GET"]}}],"collection":[{"href":"https:\/\/www.intoscana.it\/it\/wp-json\/wp\/v2\/posts"}],"about":[{"href":"https:\/\/www.intoscana.it\/it\/wp-json\/wp\/v2\/types\/post"}],"author":[{"embeddable":true,"href":"https:\/\/www.intoscana.it\/it\/wp-json\/wp\/v2\/users\/507"}],"replies":[{"embeddable":true,"href":"https:\/\/www.intoscana.it\/it\/wp-json\/wp\/v2\/comments?post=407369"}],"version-history":[{"count":4,"href":"https:\/\/www.intoscana.it\/it\/wp-json\/wp\/v2\/posts\/407369\/revisions"}],"predecessor-version":[{"id":407375,"href":"https:\/\/www.intoscana.it\/it\/wp-json\/wp\/v2\/posts\/407369\/revisions\/407375"}],"wp:featuredmedia":[{"embeddable":true,"href":"https:\/\/www.intoscana.it\/it\/wp-json\/wp\/v2\/media\/407370"}],"wp:attachment":[{"href":"https:\/\/www.intoscana.it\/it\/wp-json\/wp\/v2\/media?parent=407369"}],"wp:term":[{"taxonomy":"category","embeddable":true,"href":"https:\/\/www.intoscana.it\/it\/wp-json\/wp\/v2\/categories?post=407369"},{"taxonomy":"post_tag","embeddable":true,"href":"https:\/\/www.intoscana.it\/it\/wp-json\/wp\/v2\/tags?post=407369"}],"curies":[{"name":"wp","href":"https:\/\/api.w.org\/{rel}","templated":true}]}}