{"id":408103,"date":"2025-11-21T11:09:20","date_gmt":"2025-11-21T10:09:20","guid":{"rendered":"https:\/\/www.intoscana.it\/it\/?p=408103"},"modified":"2025-11-21T15:36:46","modified_gmt":"2025-11-21T14:36:46","slug":"menzione-speciale-al-premio-lunezia-2025-alla-toscana-matilde-rosati-per-lultimo-giorno-della-mia-vita","status":"publish","type":"post","link":"https:\/\/www.intoscana.it\/it\/menzione-speciale-al-premio-lunezia-2025-alla-toscana-matilde-rosati-per-lultimo-giorno-della-mia-vita\/","title":{"rendered":"Menzione Speciale al Premio Lunezia 2025 alla toscana Matilde Rosati per \u201cL\u2019ultimo giorno della mia vita\u201d\u2028"},"content":{"rendered":"<p>Il <strong>Premio Lunezia<\/strong>, giunto alla sua trentesima edizione, \u00e8 uno dei fari pi\u00f9 autorevoli della musica italiana, capace di <strong>valorizzare non soltanto la melodia, ma anche la parola<\/strong>, la poesia e il valore musical-letterario della canzone d\u2019autore.<\/p>\n<p>Nato nel 1996, ha celebrato artisti come <strong>Fabrizio De Andr\u00e9, Claudio Baglioni e Vasco Rossi,<\/strong> diventando nel tempo un punto di riferimento culturale per chi crede nella<strong> musica come forma d\u2019arte totale<\/strong>, capace di emozionare, scuotere e trasformare.<\/p>\n<p>Per l\u2019edizione di <strong>luglio 2025<\/strong>, tra i premiati figurano nomi di grande rilievo: <strong>Francesca Michielin (Premio Pop d\u2019Autore), La Ni\u00f1a (Premio Elite), Kaput (Premio Nuove Stelle) e Rita Pavone (Premio alla Carriera).\u2028<\/strong><p><span class=\"citazione\">\u00e8 un brano con cui ho cercato di raccontare con delicatezza e forza la complessit\u00e0 delle emozioni umane, le fragilit\u00e0 e le sfide che emergono quando la vita ci sorprende e ci mette alla prova<\/span><\/p><\/p>\n<p><strong>La cantautrice pratese Matilde Rosati<\/strong> ha commentato cos\u00ec la Menzione Speciale: \u201c<em>Sono profondamente grata e commossa per la Menzione Speciale al Premio Lunezia 2025, nella sezione <strong>Autori di Testo, assegnata a \u201cL\u2019ultimo giorno della mia vita\u201d<\/strong>, un brano con cui ho cercato di raccontare con delicatezza e forza la complessit\u00e0 delle emozioni umane, le fragilit\u00e0 e le sfide che emergono quando la vita ci sorprende e ci mette alla prova. Questo riconoscimento arriva con un\u2019emozione intensa, e riporta alla memoria la vittoria ottenuta nel 2022 con la mia \u201c<strong>Wanda\u201d, brano contro il femminicidio\u201d.<\/strong><\/em><\/p>\n<p><strong>La canzone \u201cL\u2019ultimo giorno della mia vita\u201d<\/strong>\u00a0 nasce come<strong> un\u2019intima riflessione sul valore del tempo, sulle scelte che ci definiscono<\/strong> e sull\u2019urgenza di vivere ogni attimo con consapevolezza, presenza e coraggio.<\/p>\n<p>Sono due brani diversi, ma uniti dalla stessa esigenza: <strong>raccontare storie vere, dare voce al cuore umano<\/strong> e trasformare le parole in un luogo di ascolto, accoglienza e condivisione.<\/p>\n<p><em>\u201cRingrazio di cuore \u2013 <\/em><strong>ha detto ancora Matilde <\/strong><em>\u2013 il Premio Lunezia per questo riconoscimento, che rinnova il mio impegno a <strong>usare la musica come strumento di riflessione, partecipazione e testimonianza.<\/strong> Grazie per la fiducia e per aver scelto ancora una volta di sostenere chi, con passione e onest\u00e0, tenta di raccontare la complessit\u00e0 del reale attraverso le canzoni; come un grazie sincero va anche a chi mi accompagna in questo viaggio e crede nel potere dei valori che la musica pu\u00f2 trasmettere narrati nelle mie canzoni: storie dell\u2019umanit\u00e0 incontrata lungo il mio cammino intrecciate con la tradizione popolare e con la musica leggera, unendo melodie semplici e immediate a sonorit\u00e0 pop senza mai rinchiudersi in un genere preciso\u201d.<\/em><\/p>\n<figure id=\"post-408101 media-408101\" class=\"align-none\"><img decoding=\"async\" src=\"https:\/\/www.intoscana.it\/wp-content\/uploads\/ade77afc-eb69-425f-9f3b-7986f5d3db78-scaled.jpg\" alt=\"\" \/><\/figure>\n<p>Matilde Rosati<\/p>\n<h3><strong>L\u2019ultimo giorno della mia vita<\/strong><br \/>\n<strong>(Testo e musica di Matilde Rosati)<\/strong><\/h3>\n<p>Il cielo questa notte sembra finto<br \/>\nle stelle ci tratteggiano la strada<br \/>\nTra le galassie il buio e l\u2019universo<br \/>\nla vita vuole dirci qualche cosa<br \/>\nE scopro che anche tu vuoi raccontarti<br \/>\ncon gli occhi un poco ingenui di bambino<br \/>\nCon le tue mani esperte sai esplorarmi<br \/>\ni posti che ti avevano proibito<br \/>\nNon servono parole a dire che<br \/>\nl\u2019ultima notte la passerei con te<br \/>\nDomani potr\u00e0 essere anche l\u2019ultimo giorno<br \/>\ne vada come vada<br \/>\nqualsiasi cosa accada a questo mondo<br \/>\normai mi sento a casa<br \/>\nL\u2019amore insieme a te \u00e8 quel qualche cosa<br \/>\nche non riesco neanche a raccontare<br \/>\nma toglie la paura dell\u2019abisso<br \/>\ndi tutto ci\u00f2 che c\u2019\u00e8 e dovr\u00e0 finire<br \/>\nE la parola \u00e8 sopravvalutata<br \/>\n\u00e8 solo la pi\u00f9 grande convenzione<br \/>\nLa regola con te \u00e8 soltanto quello che<br \/>\nper tutti quanti gli altri \u00e8 l\u2019eccezione<br \/>\nEd io non so dov\u2019\u00e8 che stiamo andando<br \/>\nla notte insieme a te sembra diversa<br \/>\nTu rendi pi\u00f9 leggero questo tempo<br \/>\ned ogni cosa non \u00e8 pi\u00f9 la stessa<br \/>\nE se domani tutto poi cambiasse<br \/>\nla vita poi arrivasse al capolinea<br \/>\nL\u2019ultimo giorno al mondo son sicura<br \/>\nlo passerei con te tutta la vita<br \/>\nNon servono parole a dirci che<br \/>\nl&#8217;ultima notte la passerei con te<br \/>\nAmore mio non piangere<br \/>\nRidi in faccia al destino<br \/>\nSar\u00f2 con te<br \/>\nSempre con te<br \/>\nNon servono parole a dirci che<br \/>\nl\u2019ultima notte la passerei con te<\/p>\n","protected":false},"excerpt":{"rendered":"<p>Il Premio Lunezia, giunto alla sua trentesima edizione, torna a premiare la cantautrice pratese Matilde Rosati con il suo brano \u201cL\u2019ultimo giorno della mia vita\u201d<\/p>\n","protected":false},"author":525,"featured_media":408100,"comment_status":"open","ping_status":"open","sticky":false,"template":"","format":"standard","meta":{"_acf_changed":false,"footnotes":""},"categories":[14],"tags":[3138,167],"class_list":["post-408103","post","type-post","status-publish","format-standard","has-post-thumbnail","hentry","category-musica","tag-interviste-agli-artisti","tag-musica"],"acf":[],"yoast_head":"<!-- This site is optimized with the Yoast SEO Premium plugin v24.2 (Yoast SEO v25.6) - https:\/\/yoast.com\/wordpress\/plugins\/seo\/ -->\n<title>Menzione Speciale al Premio Lunezia 2025 alla toscana Matilde Rosati per \u201cL\u2019ultimo giorno della mia vita\u201d\u2028 - intoscana<\/title>\n<meta name=\"description\" content=\"Il Premio Lunezia, giunto alla sua trentesima edizione, torna a premiare la cantautrice pratese Matilde Rosati\" \/>\n<meta name=\"robots\" content=\"index, follow, max-snippet:-1, max-image-preview:large, max-video-preview:-1\" \/>\n<link rel=\"canonical\" href=\"https:\/\/www.intoscana.it\/it\/menzione-speciale-al-premio-lunezia-2025-alla-toscana-matilde-rosati-per-lultimo-giorno-della-mia-vita\/\" \/>\n<meta property=\"og:locale\" content=\"it_IT\" \/>\n<meta property=\"og:type\" content=\"article\" \/>\n<meta property=\"og:title\" content=\"Menzione Speciale al Premio Lunezia 2025 alla toscana Matilde Rosati per \u201cL\u2019ultimo giorno della mia vita\u201d\u2028\" \/>\n<meta property=\"og:description\" content=\"Il Premio Lunezia, giunto alla sua trentesima edizione, torna a premiare la cantautrice pratese Matilde Rosati\" \/>\n<meta property=\"og:url\" content=\"https:\/\/www.intoscana.it\/it\/menzione-speciale-al-premio-lunezia-2025-alla-toscana-matilde-rosati-per-lultimo-giorno-della-mia-vita\/\" \/>\n<meta property=\"og:site_name\" content=\"intoscana\" \/>\n<meta property=\"article:publisher\" content=\"https:\/\/www.facebook.com\/intoscana.it\" \/>\n<meta property=\"article:published_time\" content=\"2025-11-21T10:09:20+00:00\" \/>\n<meta property=\"article:modified_time\" content=\"2025-11-21T14:36:46+00:00\" \/>\n<meta property=\"og:image\" content=\"https:\/\/www.intoscana.it\/wp-content\/uploads\/f7df04b9-5f64-4e97-bd4d-25bd480a2976-2-scaled-e1763719786413.jpg\" \/>\n\t<meta property=\"og:image:width\" content=\"1997\" \/>\n\t<meta property=\"og:image:height\" content=\"1560\" \/>\n\t<meta property=\"og:image:type\" content=\"image\/jpeg\" \/>\n<meta name=\"author\" content=\"Redazione\" \/>\n<meta name=\"twitter:card\" content=\"summary_large_image\" \/>\n<meta name=\"twitter:creator\" content=\"@intoscana\" \/>\n<meta name=\"twitter:site\" content=\"@intoscana\" \/>\n<meta name=\"twitter:label1\" content=\"Written by\" \/>\n\t<meta name=\"twitter:data1\" content=\"Redazione\" \/>\n\t<meta name=\"twitter:label2\" content=\"Est. reading time\" \/>\n\t<meta name=\"twitter:data2\" content=\"4 minuti\" \/>\n<script type=\"application\/ld+json\" class=\"yoast-schema-graph\">{\"@context\":\"https:\/\/schema.org\",\"@graph\":[{\"@type\":\"WebPage\",\"@id\":\"https:\/\/www.intoscana.it\/it\/menzione-speciale-al-premio-lunezia-2025-alla-toscana-matilde-rosati-per-lultimo-giorno-della-mia-vita\/\",\"url\":\"https:\/\/www.intoscana.it\/it\/menzione-speciale-al-premio-lunezia-2025-alla-toscana-matilde-rosati-per-lultimo-giorno-della-mia-vita\/\",\"name\":\"Menzione Speciale al Premio Lunezia 2025 alla toscana Matilde Rosati per \u201cL\u2019ultimo giorno della mia vita\u201d\\u2028 - intoscana\",\"isPartOf\":{\"@id\":\"https:\/\/www.intoscana.it\/it\/#website\"},\"primaryImageOfPage\":{\"@id\":\"https:\/\/www.intoscana.it\/it\/menzione-speciale-al-premio-lunezia-2025-alla-toscana-matilde-rosati-per-lultimo-giorno-della-mia-vita\/#primaryimage\"},\"image\":{\"@id\":\"https:\/\/www.intoscana.it\/it\/menzione-speciale-al-premio-lunezia-2025-alla-toscana-matilde-rosati-per-lultimo-giorno-della-mia-vita\/#primaryimage\"},\"thumbnailUrl\":\"https:\/\/www.intoscana.it\/wp-content\/uploads\/f7df04b9-5f64-4e97-bd4d-25bd480a2976-2-scaled-e1763719786413.jpg\",\"datePublished\":\"2025-11-21T10:09:20+00:00\",\"dateModified\":\"2025-11-21T14:36:46+00:00\",\"author\":{\"@id\":\"https:\/\/www.intoscana.it\/it\/#\/schema\/person\/9223810753230f20bd670fdd322661f8\"},\"description\":\"Il Premio Lunezia, giunto alla sua trentesima edizione, torna a premiare la cantautrice pratese Matilde Rosati\",\"breadcrumb\":{\"@id\":\"https:\/\/www.intoscana.it\/it\/menzione-speciale-al-premio-lunezia-2025-alla-toscana-matilde-rosati-per-lultimo-giorno-della-mia-vita\/#breadcrumb\"},\"inLanguage\":\"it-IT\",\"potentialAction\":[{\"@type\":\"ReadAction\",\"target\":[\"https:\/\/www.intoscana.it\/it\/menzione-speciale-al-premio-lunezia-2025-alla-toscana-matilde-rosati-per-lultimo-giorno-della-mia-vita\/\"]}]},{\"@type\":\"ImageObject\",\"inLanguage\":\"it-IT\",\"@id\":\"https:\/\/www.intoscana.it\/it\/menzione-speciale-al-premio-lunezia-2025-alla-toscana-matilde-rosati-per-lultimo-giorno-della-mia-vita\/#primaryimage\",\"url\":\"https:\/\/www.intoscana.it\/wp-content\/uploads\/f7df04b9-5f64-4e97-bd4d-25bd480a2976-2-scaled-e1763719786413.jpg\",\"contentUrl\":\"https:\/\/www.intoscana.it\/wp-content\/uploads\/f7df04b9-5f64-4e97-bd4d-25bd480a2976-2-scaled-e1763719786413.jpg\",\"width\":1997,\"height\":1560,\"caption\":\"Matilde Rosati\"},{\"@type\":\"BreadcrumbList\",\"@id\":\"https:\/\/www.intoscana.it\/it\/menzione-speciale-al-premio-lunezia-2025-alla-toscana-matilde-rosati-per-lultimo-giorno-della-mia-vita\/#breadcrumb\",\"itemListElement\":[{\"@type\":\"ListItem\",\"position\":1,\"name\":\"Home\",\"item\":\"https:\/\/www.intoscana.it\/it\/\"},{\"@type\":\"ListItem\",\"position\":2,\"name\":\"Menzione Speciale al Premio Lunezia 2025 alla toscana Matilde Rosati per \u201cL\u2019ultimo giorno della mia vita\u201d\\u2028\"}]},{\"@type\":\"WebSite\",\"@id\":\"https:\/\/www.intoscana.it\/it\/#website\",\"url\":\"https:\/\/www.intoscana.it\/it\/\",\"name\":\"intoscana\",\"description\":\"\",\"potentialAction\":[{\"@type\":\"SearchAction\",\"target\":{\"@type\":\"EntryPoint\",\"urlTemplate\":\"https:\/\/www.intoscana.it\/it\/?s={search_term_string}\"},\"query-input\":{\"@type\":\"PropertyValueSpecification\",\"valueRequired\":true,\"valueName\":\"search_term_string\"}}],\"inLanguage\":\"it-IT\"},{\"@type\":\"Person\",\"@id\":\"https:\/\/www.intoscana.it\/it\/#\/schema\/person\/9223810753230f20bd670fdd322661f8\",\"name\":\"Redazione\",\"url\":\"https:\/\/www.intoscana.it\/it\/author\/redazione\/\"}]}<\/script>\n<!-- \/ Yoast SEO Premium plugin. -->","yoast_head_json":{"title":"Menzione Speciale al Premio Lunezia 2025 alla toscana Matilde Rosati per \u201cL\u2019ultimo giorno della mia vita\u201d\u2028 - intoscana","description":"Il Premio Lunezia, giunto alla sua trentesima edizione, torna a premiare la cantautrice pratese Matilde Rosati","robots":{"index":"index","follow":"follow","max-snippet":"max-snippet:-1","max-image-preview":"max-image-preview:large","max-video-preview":"max-video-preview:-1"},"canonical":"https:\/\/www.intoscana.it\/it\/menzione-speciale-al-premio-lunezia-2025-alla-toscana-matilde-rosati-per-lultimo-giorno-della-mia-vita\/","og_locale":"it_IT","og_type":"article","og_title":"Menzione Speciale al Premio Lunezia 2025 alla toscana Matilde Rosati per \u201cL\u2019ultimo giorno della mia vita\u201d\u2028","og_description":"Il Premio Lunezia, giunto alla sua trentesima edizione, torna a premiare la cantautrice pratese Matilde Rosati","og_url":"https:\/\/www.intoscana.it\/it\/menzione-speciale-al-premio-lunezia-2025-alla-toscana-matilde-rosati-per-lultimo-giorno-della-mia-vita\/","og_site_name":"intoscana","article_publisher":"https:\/\/www.facebook.com\/intoscana.it","article_published_time":"2025-11-21T10:09:20+00:00","article_modified_time":"2025-11-21T14:36:46+00:00","og_image":[{"width":1997,"height":1560,"url":"https:\/\/www.intoscana.it\/wp-content\/uploads\/f7df04b9-5f64-4e97-bd4d-25bd480a2976-2-scaled-e1763719786413.jpg","type":"image\/jpeg"}],"author":"Redazione","twitter_card":"summary_large_image","twitter_creator":"@intoscana","twitter_site":"@intoscana","twitter_misc":{"Written by":"Redazione","Est. reading time":"4 minuti"},"schema":{"@context":"https:\/\/schema.org","@graph":[{"@type":"WebPage","@id":"https:\/\/www.intoscana.it\/it\/menzione-speciale-al-premio-lunezia-2025-alla-toscana-matilde-rosati-per-lultimo-giorno-della-mia-vita\/","url":"https:\/\/www.intoscana.it\/it\/menzione-speciale-al-premio-lunezia-2025-alla-toscana-matilde-rosati-per-lultimo-giorno-della-mia-vita\/","name":"Menzione Speciale al Premio Lunezia 2025 alla toscana Matilde Rosati per \u201cL\u2019ultimo giorno della mia vita\u201d\u2028 - intoscana","isPartOf":{"@id":"https:\/\/www.intoscana.it\/it\/#website"},"primaryImageOfPage":{"@id":"https:\/\/www.intoscana.it\/it\/menzione-speciale-al-premio-lunezia-2025-alla-toscana-matilde-rosati-per-lultimo-giorno-della-mia-vita\/#primaryimage"},"image":{"@id":"https:\/\/www.intoscana.it\/it\/menzione-speciale-al-premio-lunezia-2025-alla-toscana-matilde-rosati-per-lultimo-giorno-della-mia-vita\/#primaryimage"},"thumbnailUrl":"https:\/\/www.intoscana.it\/wp-content\/uploads\/f7df04b9-5f64-4e97-bd4d-25bd480a2976-2-scaled-e1763719786413.jpg","datePublished":"2025-11-21T10:09:20+00:00","dateModified":"2025-11-21T14:36:46+00:00","author":{"@id":"https:\/\/www.intoscana.it\/it\/#\/schema\/person\/9223810753230f20bd670fdd322661f8"},"description":"Il Premio Lunezia, giunto alla sua trentesima edizione, torna a premiare la cantautrice pratese Matilde Rosati","breadcrumb":{"@id":"https:\/\/www.intoscana.it\/it\/menzione-speciale-al-premio-lunezia-2025-alla-toscana-matilde-rosati-per-lultimo-giorno-della-mia-vita\/#breadcrumb"},"inLanguage":"it-IT","potentialAction":[{"@type":"ReadAction","target":["https:\/\/www.intoscana.it\/it\/menzione-speciale-al-premio-lunezia-2025-alla-toscana-matilde-rosati-per-lultimo-giorno-della-mia-vita\/"]}]},{"@type":"ImageObject","inLanguage":"it-IT","@id":"https:\/\/www.intoscana.it\/it\/menzione-speciale-al-premio-lunezia-2025-alla-toscana-matilde-rosati-per-lultimo-giorno-della-mia-vita\/#primaryimage","url":"https:\/\/www.intoscana.it\/wp-content\/uploads\/f7df04b9-5f64-4e97-bd4d-25bd480a2976-2-scaled-e1763719786413.jpg","contentUrl":"https:\/\/www.intoscana.it\/wp-content\/uploads\/f7df04b9-5f64-4e97-bd4d-25bd480a2976-2-scaled-e1763719786413.jpg","width":1997,"height":1560,"caption":"Matilde Rosati"},{"@type":"BreadcrumbList","@id":"https:\/\/www.intoscana.it\/it\/menzione-speciale-al-premio-lunezia-2025-alla-toscana-matilde-rosati-per-lultimo-giorno-della-mia-vita\/#breadcrumb","itemListElement":[{"@type":"ListItem","position":1,"name":"Home","item":"https:\/\/www.intoscana.it\/it\/"},{"@type":"ListItem","position":2,"name":"Menzione Speciale al Premio Lunezia 2025 alla toscana Matilde Rosati per \u201cL\u2019ultimo giorno della mia vita\u201d\u2028"}]},{"@type":"WebSite","@id":"https:\/\/www.intoscana.it\/it\/#website","url":"https:\/\/www.intoscana.it\/it\/","name":"intoscana","description":"","potentialAction":[{"@type":"SearchAction","target":{"@type":"EntryPoint","urlTemplate":"https:\/\/www.intoscana.it\/it\/?s={search_term_string}"},"query-input":{"@type":"PropertyValueSpecification","valueRequired":true,"valueName":"search_term_string"}}],"inLanguage":"it-IT"},{"@type":"Person","@id":"https:\/\/www.intoscana.it\/it\/#\/schema\/person\/9223810753230f20bd670fdd322661f8","name":"Redazione","url":"https:\/\/www.intoscana.it\/it\/author\/redazione\/"}]}},"_links":{"self":[{"href":"https:\/\/www.intoscana.it\/it\/wp-json\/wp\/v2\/posts\/408103","targetHints":{"allow":["GET"]}}],"collection":[{"href":"https:\/\/www.intoscana.it\/it\/wp-json\/wp\/v2\/posts"}],"about":[{"href":"https:\/\/www.intoscana.it\/it\/wp-json\/wp\/v2\/types\/post"}],"author":[{"embeddable":true,"href":"https:\/\/www.intoscana.it\/it\/wp-json\/wp\/v2\/users\/525"}],"replies":[{"embeddable":true,"href":"https:\/\/www.intoscana.it\/it\/wp-json\/wp\/v2\/comments?post=408103"}],"version-history":[{"count":4,"href":"https:\/\/www.intoscana.it\/it\/wp-json\/wp\/v2\/posts\/408103\/revisions"}],"predecessor-version":[{"id":408224,"href":"https:\/\/www.intoscana.it\/it\/wp-json\/wp\/v2\/posts\/408103\/revisions\/408224"}],"wp:featuredmedia":[{"embeddable":true,"href":"https:\/\/www.intoscana.it\/it\/wp-json\/wp\/v2\/media\/408100"}],"wp:attachment":[{"href":"https:\/\/www.intoscana.it\/it\/wp-json\/wp\/v2\/media?parent=408103"}],"wp:term":[{"taxonomy":"category","embeddable":true,"href":"https:\/\/www.intoscana.it\/it\/wp-json\/wp\/v2\/categories?post=408103"},{"taxonomy":"post_tag","embeddable":true,"href":"https:\/\/www.intoscana.it\/it\/wp-json\/wp\/v2\/tags?post=408103"}],"curies":[{"name":"wp","href":"https:\/\/api.w.org\/{rel}","templated":true}]}}