{"id":408200,"date":"2025-11-21T14:55:37","date_gmt":"2025-11-21T13:55:37","guid":{"rendered":"https:\/\/www.intoscana.it\/it\/?p=408200"},"modified":"2025-11-21T14:55:37","modified_gmt":"2025-11-21T13:55:37","slug":"via-palazzuolo-il-progetto-recreos-prende-vita-inaugurate-le-prime-due-botteghe-artigiane","status":"publish","type":"post","link":"https:\/\/www.intoscana.it\/it\/via-palazzuolo-il-progetto-recreos-prende-vita-inaugurate-le-prime-due-botteghe-artigiane\/","title":{"rendered":"Via Palazzuolo, il progetto Recreos prende vita: inaugurate le prime due botteghe artigiane"},"content":{"rendered":"<p>La rinascita di via Palazzuolo comincia da due nuove botteghe artigiane. Questa mattina sono stati inaugurati lo <strong>Studio Bojola<\/strong> e <strong>Lo Studiolo di Francesca Procopio<\/strong>, i primi fondi ristrutturati assegnati da <strong>Fondazione CR Firenze<\/strong> nell\u2019ambito di <strong>Recreos<\/strong>, il progetto di rigenerazione urbana nato in collaborazione con il <strong>Comune di Firenze<\/strong>. Un passo concreto che d\u00e0 forma a un\u2019idea semplice ma potente: riportare nella strada artigiani, creativit\u00e0 e presidi culturali per restituirle vitalit\u00e0 e senso di comunit\u00e0.<\/p>\n<p>&#8220;<em>Il progetto Recreos inizia a diventare realt\u00e0<\/em>&#8221; ha detto <strong>Maria Oliva Scaramuzzi<\/strong>, vicepresidente della Fondazione. &#8220;<em>Mettiamo gratuitamente a disposizione degli artigiani spazi commerciali per tre anni e garantiamo ci\u00f2 che serve per avviare le loro attivit\u00e0. Abbiamo ricevuto oltre 300 manifestazioni d\u2019interesse: un segnale forte, che ci spinge a invitare i proprietari dei fondi a credere nel cambiamento e a partecipare<\/em>&#8220;.<\/p>\n<div class=\"focuson\"><a href=\"https:\/\/www.intoscana.it\/it\/rigenerare-firenze-via-palazzuolo-diventa-laboratorio-urbano-tra-botteghe-arte-e-comunita\/\"><img decoding=\"async\" class=\"lazy\" src=\"https:\/\/www.intoscana.it\/wp-content\/uploads\/via-palazzuolo-news.jpg\" style=\"\">\n                <div class=\"cat\">Rigenerazione urbana<\/div>\n                <h4>Recreos<\/h4><\/a>\n              <\/div>\n<p>Al suo fianco, la <strong>sindaca Sara Funaro<\/strong>, che ha sottolineato come questo sia &#8220;<em>un primo passo di un progetto pi\u00f9 ampio che riguarda il commercio, la riqualificazione stradale, la sicurezza e la vivibilit\u00e0. In questi giorni siamo stati spesso in via Palazzuolo per monitorare la situazione, insieme alle Forze dell\u2019ordine, che ringrazio per il lavoro costante. L\u2019obiettivo \u00e8 restituire questa strada alla citt\u00e0 e farlo attraverso una forte collaborazione tra istituzioni&#8221;<\/em>.<\/p>\n<h3>Due nuove botteghe tra design e fotografia<\/h3>\n<p>Lo <strong>Studio Bojola<\/strong>, 29 mq in via Palazzuolo 135-137R, nasce come atelier di design e laboratorio creativo: non un semplice punto vendita, ma una vera estensione dello studio fondato e cresciuto sulle colline fiorentine. Lo spazio \u00e8 stato riprogettato per ospitare area vendita e zona operativa, portando nel cuore della citt\u00e0 una produzione artigiana contemporanea.<\/p>\n<p>In via del Porcellana 8E prende vita <strong>Lo Studiolo<\/strong> di <strong>Francesca Procopio<\/strong>, il primo studio interamente dedicato alla fotografia d\u2019autore a Firenze. Oltre alla parte espositiva, il luogo ospiter\u00e0 incontri, mostre e workshop, creando un piccolo polo culturale di quartiere.<\/p>\n<figure id=\"post-408202 media-408202\" class=\"align-none\"><img decoding=\"async\" src=\"https:\/\/www.intoscana.it\/wp-content\/uploads\/Studio-Bojola-recreos.jpeg\" alt=\"\" \/><\/figure>\n<div class=\"titleimg\">Lo Studio Bojola \u2013 Recreos<\/div>\n<h3>Mappature, ristrutturazioni e nuove assegnazioni<\/h3>\n<p>Il progetto si sta sviluppando a partire da un lavoro capillare di analisi dei fondi disponibili: <strong>89 visure<\/strong> effettuate solo su via Palazzuolo, di cui <strong>70 spazi idonei<\/strong> al progetto; nei dintorni, <strong>35 fondi idonei<\/strong>, fra cui 6 gi\u00e0 liberi. Sono attualmente <strong>una decina<\/strong> le trattative in corso per attivare nuove botteghe, mentre i prossimi due locali \u2013 di propriet\u00e0 comunale \u2013 verranno assegnati non appena terminati i lavori di ristrutturazione.<\/p>\n<h3>Una strada che cambia grazie alla cultura<\/h3>\n<p>Recreos non \u00e8 solo rigenerazione commerciale: in un anno sono state realizzate <strong>46 iniziative<\/strong>, dal Festival Recreos alla Rificolona, dal Carnevale ai laboratori per bambini, fino alla parata musicale. Eventi che hanno coinvolto <strong>4.700 persone<\/strong>, ricostruendo reti sociali spesso fragili.<\/p>\n<p>Fra gli spazi gi\u00e0 attivi ci sono: <strong>Altremani<\/strong>, punto vendita della Cooperativa Con Voi legato a un laboratorio tessile con servizi socio-lavorativi per persone fragili; il <strong>Project Space<\/strong>, spazio sperimentale dedicato a progetti artistici e culturali; lo <strong>Spazio Recreos<\/strong>, polo multifunzionale con sportello di ascolto e servizi dedicati ad abitanti e commercianti.<\/p>\n<h3>In arrivo la Festa di Natale di via Palazzuolo<\/h3>\n<p>Il prossimo appuntamento \u00e8 fissato per <strong>sabato 13 dicembre<\/strong>, con la <strong>Festa di Natale Recreos<\/strong>: laboratori, visite guidate, attivit\u00e0 con le botteghe e chiusura di parte della strada per vivere la zona in dimensione pedonale e comunitaria. Intanto domani si accenderanno le nuove <strong>luminarie<\/strong>, realizzate grazie alla collaborazione tra Comune, Fondazione e attivit\u00e0 del quartiere.<\/p>\n","protected":false},"excerpt":{"rendered":"<p>Apre lo Studio Bojola e Lo Studiolo di Francesca Procopio: Fondazione CR Firenze e Comune avviano la rinascita di una strada simbolo della citt\u00e0 tra artigianato, cultura e nuova socialit\u00e0<\/p>\n","protected":false},"author":507,"featured_media":408201,"comment_status":"open","ping_status":"open","sticky":false,"template":"","format":"standard","meta":{"_acf_changed":false,"footnotes":""},"categories":[9],"tags":[202,5290],"class_list":["post-408200","post","type-post","status-publish","format-standard","has-post-thumbnail","hentry","category-made-in-toscana","tag-firenze","tag-rigenerazione-urbana"],"acf":[],"yoast_head":"<!-- This site is optimized with the Yoast SEO Premium plugin v24.2 (Yoast SEO v25.6) - https:\/\/yoast.com\/wordpress\/plugins\/seo\/ -->\n<title>Via Palazzuolo, il progetto Recreos prende vita: inaugurate le prime due botteghe artigiane - intoscana<\/title>\n<meta name=\"robots\" content=\"index, follow, max-snippet:-1, max-image-preview:large, max-video-preview:-1\" \/>\n<link rel=\"canonical\" href=\"https:\/\/www.intoscana.it\/it\/via-palazzuolo-il-progetto-recreos-prende-vita-inaugurate-le-prime-due-botteghe-artigiane\/\" \/>\n<meta property=\"og:locale\" content=\"it_IT\" \/>\n<meta property=\"og:type\" content=\"article\" \/>\n<meta property=\"og:title\" content=\"Via Palazzuolo, il progetto Recreos prende vita: inaugurate le prime due botteghe artigiane\" \/>\n<meta property=\"og:description\" content=\"Apre lo Studio Bojola e Lo Studiolo di Francesca Procopio: Fondazione CR Firenze e Comune avviano la rinascita di una strada simbolo della citt\u00e0 tra artigianato, cultura e nuova socialit\u00e0\" \/>\n<meta property=\"og:url\" content=\"https:\/\/www.intoscana.it\/it\/via-palazzuolo-il-progetto-recreos-prende-vita-inaugurate-le-prime-due-botteghe-artigiane\/\" \/>\n<meta property=\"og:site_name\" content=\"intoscana\" \/>\n<meta property=\"article:publisher\" content=\"https:\/\/www.facebook.com\/intoscana.it\" \/>\n<meta property=\"article:published_time\" content=\"2025-11-21T13:55:37+00:00\" \/>\n<meta property=\"og:image\" content=\"https:\/\/www.intoscana.it\/wp-content\/uploads\/Lo-Studiolo-di-Francesca-Procopio-recreos.jpeg\" \/>\n\t<meta property=\"og:image:width\" content=\"1280\" \/>\n\t<meta property=\"og:image:height\" content=\"853\" \/>\n\t<meta property=\"og:image:type\" content=\"image\/jpeg\" \/>\n<meta name=\"author\" content=\"Chiara Bianchini\" \/>\n<meta name=\"twitter:card\" content=\"summary_large_image\" \/>\n<meta name=\"twitter:creator\" content=\"@intoscana\" \/>\n<meta name=\"twitter:site\" content=\"@intoscana\" \/>\n<meta name=\"twitter:label1\" content=\"Written by\" \/>\n\t<meta name=\"twitter:data1\" content=\"Chiara Bianchini\" \/>\n\t<meta name=\"twitter:label2\" content=\"Est. reading time\" \/>\n\t<meta name=\"twitter:data2\" content=\"4 minuti\" \/>\n<script type=\"application\/ld+json\" class=\"yoast-schema-graph\">{\"@context\":\"https:\/\/schema.org\",\"@graph\":[{\"@type\":\"WebPage\",\"@id\":\"https:\/\/www.intoscana.it\/it\/via-palazzuolo-il-progetto-recreos-prende-vita-inaugurate-le-prime-due-botteghe-artigiane\/\",\"url\":\"https:\/\/www.intoscana.it\/it\/via-palazzuolo-il-progetto-recreos-prende-vita-inaugurate-le-prime-due-botteghe-artigiane\/\",\"name\":\"Via Palazzuolo, il progetto Recreos prende vita: inaugurate le prime due botteghe artigiane - intoscana\",\"isPartOf\":{\"@id\":\"https:\/\/www.intoscana.it\/it\/#website\"},\"primaryImageOfPage\":{\"@id\":\"https:\/\/www.intoscana.it\/it\/via-palazzuolo-il-progetto-recreos-prende-vita-inaugurate-le-prime-due-botteghe-artigiane\/#primaryimage\"},\"image\":{\"@id\":\"https:\/\/www.intoscana.it\/it\/via-palazzuolo-il-progetto-recreos-prende-vita-inaugurate-le-prime-due-botteghe-artigiane\/#primaryimage\"},\"thumbnailUrl\":\"https:\/\/www.intoscana.it\/wp-content\/uploads\/Lo-Studiolo-di-Francesca-Procopio-recreos.jpeg\",\"datePublished\":\"2025-11-21T13:55:37+00:00\",\"author\":{\"@id\":\"https:\/\/www.intoscana.it\/it\/#\/schema\/person\/010af92117f50561886339ad5b873a41\"},\"breadcrumb\":{\"@id\":\"https:\/\/www.intoscana.it\/it\/via-palazzuolo-il-progetto-recreos-prende-vita-inaugurate-le-prime-due-botteghe-artigiane\/#breadcrumb\"},\"inLanguage\":\"it-IT\",\"potentialAction\":[{\"@type\":\"ReadAction\",\"target\":[\"https:\/\/www.intoscana.it\/it\/via-palazzuolo-il-progetto-recreos-prende-vita-inaugurate-le-prime-due-botteghe-artigiane\/\"]}]},{\"@type\":\"ImageObject\",\"inLanguage\":\"it-IT\",\"@id\":\"https:\/\/www.intoscana.it\/it\/via-palazzuolo-il-progetto-recreos-prende-vita-inaugurate-le-prime-due-botteghe-artigiane\/#primaryimage\",\"url\":\"https:\/\/www.intoscana.it\/wp-content\/uploads\/Lo-Studiolo-di-Francesca-Procopio-recreos.jpeg\",\"contentUrl\":\"https:\/\/www.intoscana.it\/wp-content\/uploads\/Lo-Studiolo-di-Francesca-Procopio-recreos.jpeg\",\"width\":1280,\"height\":853},{\"@type\":\"BreadcrumbList\",\"@id\":\"https:\/\/www.intoscana.it\/it\/via-palazzuolo-il-progetto-recreos-prende-vita-inaugurate-le-prime-due-botteghe-artigiane\/#breadcrumb\",\"itemListElement\":[{\"@type\":\"ListItem\",\"position\":1,\"name\":\"Home\",\"item\":\"https:\/\/www.intoscana.it\/it\/\"},{\"@type\":\"ListItem\",\"position\":2,\"name\":\"Via Palazzuolo, il progetto Recreos prende vita: inaugurate le prime due botteghe artigiane\"}]},{\"@type\":\"WebSite\",\"@id\":\"https:\/\/www.intoscana.it\/it\/#website\",\"url\":\"https:\/\/www.intoscana.it\/it\/\",\"name\":\"intoscana\",\"description\":\"\",\"potentialAction\":[{\"@type\":\"SearchAction\",\"target\":{\"@type\":\"EntryPoint\",\"urlTemplate\":\"https:\/\/www.intoscana.it\/it\/?s={search_term_string}\"},\"query-input\":{\"@type\":\"PropertyValueSpecification\",\"valueRequired\":true,\"valueName\":\"search_term_string\"}}],\"inLanguage\":\"it-IT\"},{\"@type\":\"Person\",\"@id\":\"https:\/\/www.intoscana.it\/it\/#\/schema\/person\/010af92117f50561886339ad5b873a41\",\"name\":\"Chiara Bianchini\",\"sameAs\":[\"c.bianchini@fst.it\"],\"url\":\"https:\/\/www.intoscana.it\/it\/author\/chiara-bianchini\/\"}]}<\/script>\n<!-- \/ Yoast SEO Premium plugin. -->","yoast_head_json":{"title":"Via Palazzuolo, il progetto Recreos prende vita: inaugurate le prime due botteghe artigiane - intoscana","robots":{"index":"index","follow":"follow","max-snippet":"max-snippet:-1","max-image-preview":"max-image-preview:large","max-video-preview":"max-video-preview:-1"},"canonical":"https:\/\/www.intoscana.it\/it\/via-palazzuolo-il-progetto-recreos-prende-vita-inaugurate-le-prime-due-botteghe-artigiane\/","og_locale":"it_IT","og_type":"article","og_title":"Via Palazzuolo, il progetto Recreos prende vita: inaugurate le prime due botteghe artigiane","og_description":"Apre lo Studio Bojola e Lo Studiolo di Francesca Procopio: Fondazione CR Firenze e Comune avviano la rinascita di una strada simbolo della citt\u00e0 tra artigianato, cultura e nuova socialit\u00e0","og_url":"https:\/\/www.intoscana.it\/it\/via-palazzuolo-il-progetto-recreos-prende-vita-inaugurate-le-prime-due-botteghe-artigiane\/","og_site_name":"intoscana","article_publisher":"https:\/\/www.facebook.com\/intoscana.it","article_published_time":"2025-11-21T13:55:37+00:00","og_image":[{"width":1280,"height":853,"url":"https:\/\/www.intoscana.it\/wp-content\/uploads\/Lo-Studiolo-di-Francesca-Procopio-recreos.jpeg","type":"image\/jpeg"}],"author":"Chiara Bianchini","twitter_card":"summary_large_image","twitter_creator":"@intoscana","twitter_site":"@intoscana","twitter_misc":{"Written by":"Chiara Bianchini","Est. reading time":"4 minuti"},"schema":{"@context":"https:\/\/schema.org","@graph":[{"@type":"WebPage","@id":"https:\/\/www.intoscana.it\/it\/via-palazzuolo-il-progetto-recreos-prende-vita-inaugurate-le-prime-due-botteghe-artigiane\/","url":"https:\/\/www.intoscana.it\/it\/via-palazzuolo-il-progetto-recreos-prende-vita-inaugurate-le-prime-due-botteghe-artigiane\/","name":"Via Palazzuolo, il progetto Recreos prende vita: inaugurate le prime due botteghe artigiane - intoscana","isPartOf":{"@id":"https:\/\/www.intoscana.it\/it\/#website"},"primaryImageOfPage":{"@id":"https:\/\/www.intoscana.it\/it\/via-palazzuolo-il-progetto-recreos-prende-vita-inaugurate-le-prime-due-botteghe-artigiane\/#primaryimage"},"image":{"@id":"https:\/\/www.intoscana.it\/it\/via-palazzuolo-il-progetto-recreos-prende-vita-inaugurate-le-prime-due-botteghe-artigiane\/#primaryimage"},"thumbnailUrl":"https:\/\/www.intoscana.it\/wp-content\/uploads\/Lo-Studiolo-di-Francesca-Procopio-recreos.jpeg","datePublished":"2025-11-21T13:55:37+00:00","author":{"@id":"https:\/\/www.intoscana.it\/it\/#\/schema\/person\/010af92117f50561886339ad5b873a41"},"breadcrumb":{"@id":"https:\/\/www.intoscana.it\/it\/via-palazzuolo-il-progetto-recreos-prende-vita-inaugurate-le-prime-due-botteghe-artigiane\/#breadcrumb"},"inLanguage":"it-IT","potentialAction":[{"@type":"ReadAction","target":["https:\/\/www.intoscana.it\/it\/via-palazzuolo-il-progetto-recreos-prende-vita-inaugurate-le-prime-due-botteghe-artigiane\/"]}]},{"@type":"ImageObject","inLanguage":"it-IT","@id":"https:\/\/www.intoscana.it\/it\/via-palazzuolo-il-progetto-recreos-prende-vita-inaugurate-le-prime-due-botteghe-artigiane\/#primaryimage","url":"https:\/\/www.intoscana.it\/wp-content\/uploads\/Lo-Studiolo-di-Francesca-Procopio-recreos.jpeg","contentUrl":"https:\/\/www.intoscana.it\/wp-content\/uploads\/Lo-Studiolo-di-Francesca-Procopio-recreos.jpeg","width":1280,"height":853},{"@type":"BreadcrumbList","@id":"https:\/\/www.intoscana.it\/it\/via-palazzuolo-il-progetto-recreos-prende-vita-inaugurate-le-prime-due-botteghe-artigiane\/#breadcrumb","itemListElement":[{"@type":"ListItem","position":1,"name":"Home","item":"https:\/\/www.intoscana.it\/it\/"},{"@type":"ListItem","position":2,"name":"Via Palazzuolo, il progetto Recreos prende vita: inaugurate le prime due botteghe artigiane"}]},{"@type":"WebSite","@id":"https:\/\/www.intoscana.it\/it\/#website","url":"https:\/\/www.intoscana.it\/it\/","name":"intoscana","description":"","potentialAction":[{"@type":"SearchAction","target":{"@type":"EntryPoint","urlTemplate":"https:\/\/www.intoscana.it\/it\/?s={search_term_string}"},"query-input":{"@type":"PropertyValueSpecification","valueRequired":true,"valueName":"search_term_string"}}],"inLanguage":"it-IT"},{"@type":"Person","@id":"https:\/\/www.intoscana.it\/it\/#\/schema\/person\/010af92117f50561886339ad5b873a41","name":"Chiara Bianchini","sameAs":["c.bianchini@fst.it"],"url":"https:\/\/www.intoscana.it\/it\/author\/chiara-bianchini\/"}]}},"_links":{"self":[{"href":"https:\/\/www.intoscana.it\/it\/wp-json\/wp\/v2\/posts\/408200","targetHints":{"allow":["GET"]}}],"collection":[{"href":"https:\/\/www.intoscana.it\/it\/wp-json\/wp\/v2\/posts"}],"about":[{"href":"https:\/\/www.intoscana.it\/it\/wp-json\/wp\/v2\/types\/post"}],"author":[{"embeddable":true,"href":"https:\/\/www.intoscana.it\/it\/wp-json\/wp\/v2\/users\/507"}],"replies":[{"embeddable":true,"href":"https:\/\/www.intoscana.it\/it\/wp-json\/wp\/v2\/comments?post=408200"}],"version-history":[{"count":1,"href":"https:\/\/www.intoscana.it\/it\/wp-json\/wp\/v2\/posts\/408200\/revisions"}],"predecessor-version":[{"id":408204,"href":"https:\/\/www.intoscana.it\/it\/wp-json\/wp\/v2\/posts\/408200\/revisions\/408204"}],"wp:featuredmedia":[{"embeddable":true,"href":"https:\/\/www.intoscana.it\/it\/wp-json\/wp\/v2\/media\/408201"}],"wp:attachment":[{"href":"https:\/\/www.intoscana.it\/it\/wp-json\/wp\/v2\/media?parent=408200"}],"wp:term":[{"taxonomy":"category","embeddable":true,"href":"https:\/\/www.intoscana.it\/it\/wp-json\/wp\/v2\/categories?post=408200"},{"taxonomy":"post_tag","embeddable":true,"href":"https:\/\/www.intoscana.it\/it\/wp-json\/wp\/v2\/tags?post=408200"}],"curies":[{"name":"wp","href":"https:\/\/api.w.org\/{rel}","templated":true}]}}