{"id":408233,"date":"2025-11-24T09:00:31","date_gmt":"2025-11-24T08:00:31","guid":{"rendered":"https:\/\/www.intoscana.it\/it\/?p=408233"},"modified":"2026-01-19T16:13:48","modified_gmt":"2026-01-19T15:13:48","slug":"orizzonti-torna-in-viaggio-tre-stazioni-ferroviarie-che-rinascono-tra-garfagnana-e-valtiberina","status":"publish","type":"post","link":"https:\/\/www.intoscana.it\/it\/orizzonti-torna-in-viaggio-tre-stazioni-ferroviarie-che-rinascono-tra-garfagnana-e-valtiberina\/","title":{"rendered":"Orizzonti in viaggio: tre stazioni ferroviarie che rinascono tra Garfagnana e Valtiberina"},"content":{"rendered":"<p>Stazioni ferroviarie che diventano centri civici, luoghi di accoglienza, spazi per le associazioni, punti di riferimento per turisti, cicloturisti e pellegrini. La nuova puntata di <strong><em>Orizzonti<\/em><\/strong>, il format video di intoscana.it dedicato alla rigenerazione urbana, racconta <strong>tre storie<\/strong> diverse ma unite da un filo comune: la volont\u00e0 di restituire centralit\u00e0 a edifici simbolo dei territori, trasformando la memoria di un passato industriale e ferroviario in nuove opportunit\u00e0 sociali, economiche e culturali.<\/p>\n<p>Dalla Garfagnana alla Valtiberina, il viaggio tocca la stazione di <strong>Castelnuovo di Garfagnana<\/strong> e le ex stazioni di <strong>Sansepolcro e Anghiari<\/strong>, ognuna protagonista di un intervento che ridisegna non solo gli spazi fisici, ma anche la vita delle comunit\u00e0 che li abitano.<\/p>\n<h3>Castelnuovo di Garfagnana: una stazione che diventa centro civico<\/h3>\n<p>A Castelnuovo di Garfagnana, la stazione ferroviaria ha cambiato volto grazie a un investimento di oltre <strong>960mila euro,<\/strong> di cui pi\u00f9 di 770mila messi a disposizione dalla Regione Toscana. L\u2019edificio, oggetto di un importante intervento di ristrutturazione edilizia, miglioramento sismico ed efficientamento energetico, \u00e8 oggi uno spazio moderno, accessibile e sostenibile.<\/p>\n<p>Al suo interno trovano posto gli uffici del Centro per l\u2019Impiego della Valle del Serchio, i servizi di accoglienza turistica di <strong>Visit Tuscany<\/strong> e la sede del GAL MontagnAppennino: funzioni diverse che restituiscono alla stazione un ruolo centrale per la comunit\u00e0.<\/p>\n<p>&#8220;Una nuova vita per la stazione e per Castelnuovo \u2013 sottolinea il sindaco <strong>Andrea Tagliasacchi<\/strong> \u2013. Qui nascer\u00e0 un centro civico, un punto di riferimento per i cittadini, i giovani, il lavoro, le associazioni e il turismo&#8221;. L\u2019intervento rientra in un pi\u00f9 ampio percorso di riqualificazione urbana che comprende il nuovo parcheggio del quartiere di Santa Lucia, il sottopasso ferroviario, tre ascensori e il sovrappasso che ha eliminato il passaggio a livello, restituendo continuit\u00e0 e sicurezza all\u2019area.<\/p>\n<figure id=\"post-402024 media-402024\" class=\"align-none\"><img decoding=\"async\" src=\"https:\/\/www.intoscana.it\/wp-content\/uploads\/stazione-castelnuovo-garfagnana-1.jpeg\" alt=\"\" \/><\/figure>\n<div class=\"titleimg\"><\/div>\n<h3>Sansepolcro: dalla vecchia ferrovia dello Spirito alla porta della mobilit\u00e0 lenta<\/h3>\n<p>Il viaggio di <em>Orizzonti<\/em> prosegue a Sansepolcro, lungo il vecchio tracciato della <strong>Ferrovia dell\u2019Appennino Centrale<\/strong> che collegava Arezzo a Fossato di Vico. Qui la stazione \u2013 un edificio di valore storico per la citt\u00e0 \u2013 \u00e8 stata interessata da un primo intervento di restauro da 179mila euro, con fondi regionali e comunali.<\/p>\n<p>Le facciate, gli infissi, la copertura e gli impianti sono stati completamente rinnovati: il piano terra \u00e8 gi\u00e0 pronto a ospitare nuove funzioni legate alla promozione turistica e ai servizi per cittadini e visitatori. &#8220;<em>Questa stazione \u00e8 parte della nostra identit\u00e0<\/em> \u2013 spiega il vicesindaco e assessore ai lavori pubblici <strong>Riccardo Marzi<\/strong> \u2013. <em>L\u2019obiettivo \u00e8 farne il nodo principale della mobilit\u00e0 lenta del territorio&#8221;<\/em>.<br \/>\nPiste ciclabili, percorsi ciclopedonali e tratti del Cammino di Francesco convergono proprio qui: il progetto punta infatti a trasformare la vecchia sede ferroviaria in un hub per ciclisti e camminatori, con un tratto dell\u2019antica linea destinato a diventare ciclopedonale per connettere nord e sud della citt\u00e0.<\/p>\n<figure id=\"post-408225 media-408225\" class=\"align-none\"><img decoding=\"async\" src=\"https:\/\/www.intoscana.it\/wp-content\/uploads\/stazione-sansepolcro.jpeg\" alt=\"\" \/><\/figure>\n<div class=\"titleimg\">Stazione ferroviaria di Sansepolcro24<\/div>\n<h3>Anghiari: l\u2019ex stazione diventa ostello, ciclofficina e porta d\u2019accesso alla Valtiberina<\/h3>\n<p>Ad Anghiari, la stazione \u00e8 rimasta silenziosa per decenni. Oggi, grazie a un investimento di oltre <strong>200mila euro<\/strong> tra fondi regionali, comunali e della Fondazione CR Firenze, \u00e8 pronta a rinascere come punto di riferimento per il turismo lento. Il progetto ha recuperato l\u2019intero edificio, che ospiter\u00e0 un ostello al primo piano, una ciclofficina e spazi destinati alle associazioni del territorio. Una nuova porta d\u2019ingresso per i <strong>pellegrini del Cammino di Francesco e per i cicloturisti<\/strong> che percorrono la ciclopedonale che unisce Sansepolcro, Anghiari e Monterchi.<\/p>\n<h3>La puntata<\/h3>\n<p><iframe loading=\"lazy\" title=\"YouTube video player\" src=\"https:\/\/www.youtube.com\/embed\/_Sv0SsBKvDU?si=QNOEqdC6_pfh4s-X\" width=\"560\" height=\"315\" frameborder=\"0\" allowfullscreen=\"allowfullscreen\"><\/iframe><\/p>\n","protected":false},"excerpt":{"rendered":"<p>Castelnuovo di Garfagnana, Sansepolcro e Anghiari: tre interventi simbolo di rigenerazione urbana che trasformano luoghi abbandonati in nuovi poli di comunit\u00e0, turismo e mobilit\u00e0 sostenibile<\/p>\n","protected":false},"author":507,"featured_media":408235,"comment_status":"open","ping_status":"open","sticky":false,"template":"","format":"standard","meta":{"_acf_changed":false,"footnotes":""},"categories":[4],"tags":[2502,6883,5290,6409],"class_list":["post-408233","post","type-post","status-publish","format-standard","has-post-thumbnail","hentry","category-storie","tag-anghiari","tag-castelnuovo-di-garfagnana","tag-rigenerazione-urbana","tag-sansepolcro"],"acf":[],"yoast_head":"<!-- This site is optimized with the Yoast SEO Premium plugin v24.2 (Yoast SEO v25.6) - https:\/\/yoast.com\/wordpress\/plugins\/seo\/ -->\n<title>Orizzonti in viaggio: tre stazioni ferroviarie che rinascono tra Garfagnana e Valtiberina - intoscana<\/title>\n<meta name=\"robots\" content=\"index, follow, max-snippet:-1, max-image-preview:large, max-video-preview:-1\" \/>\n<link rel=\"canonical\" href=\"https:\/\/www.intoscana.it\/it\/orizzonti-torna-in-viaggio-tre-stazioni-ferroviarie-che-rinascono-tra-garfagnana-e-valtiberina\/\" \/>\n<meta property=\"og:locale\" content=\"it_IT\" \/>\n<meta property=\"og:type\" content=\"article\" \/>\n<meta property=\"og:title\" content=\"Orizzonti in viaggio: tre stazioni ferroviarie che rinascono tra Garfagnana e Valtiberina\" \/>\n<meta property=\"og:description\" content=\"Castelnuovo di Garfagnana, Sansepolcro e Anghiari: tre interventi simbolo di rigenerazione urbana che trasformano luoghi abbandonati in nuovi poli di comunit\u00e0, turismo e mobilit\u00e0 sostenibile\" \/>\n<meta property=\"og:url\" content=\"https:\/\/www.intoscana.it\/it\/orizzonti-torna-in-viaggio-tre-stazioni-ferroviarie-che-rinascono-tra-garfagnana-e-valtiberina\/\" \/>\n<meta property=\"og:site_name\" content=\"intoscana\" \/>\n<meta property=\"article:publisher\" content=\"https:\/\/www.facebook.com\/intoscana.it\" \/>\n<meta property=\"article:published_time\" content=\"2025-11-24T08:00:31+00:00\" \/>\n<meta property=\"article:modified_time\" content=\"2026-01-19T15:13:48+00:00\" \/>\n<meta property=\"og:image\" content=\"https:\/\/www.intoscana.it\/wp-content\/uploads\/stazione-anghiari.jpeg\" \/>\n\t<meta property=\"og:image:width\" content=\"1280\" \/>\n\t<meta property=\"og:image:height\" content=\"715\" \/>\n\t<meta property=\"og:image:type\" content=\"image\/jpeg\" \/>\n<meta name=\"author\" content=\"Chiara Bianchini\" \/>\n<meta name=\"twitter:card\" content=\"summary_large_image\" \/>\n<meta name=\"twitter:creator\" content=\"@intoscana\" \/>\n<meta name=\"twitter:site\" content=\"@intoscana\" \/>\n<meta name=\"twitter:label1\" content=\"Written by\" \/>\n\t<meta name=\"twitter:data1\" content=\"Chiara Bianchini\" \/>\n\t<meta name=\"twitter:label2\" content=\"Est. reading time\" \/>\n\t<meta name=\"twitter:data2\" content=\"4 minuti\" \/>\n<script type=\"application\/ld+json\" class=\"yoast-schema-graph\">{\"@context\":\"https:\/\/schema.org\",\"@graph\":[{\"@type\":\"WebPage\",\"@id\":\"https:\/\/www.intoscana.it\/it\/orizzonti-torna-in-viaggio-tre-stazioni-ferroviarie-che-rinascono-tra-garfagnana-e-valtiberina\/\",\"url\":\"https:\/\/www.intoscana.it\/it\/orizzonti-torna-in-viaggio-tre-stazioni-ferroviarie-che-rinascono-tra-garfagnana-e-valtiberina\/\",\"name\":\"Orizzonti in viaggio: tre stazioni ferroviarie che rinascono tra Garfagnana e Valtiberina - intoscana\",\"isPartOf\":{\"@id\":\"https:\/\/www.intoscana.it\/it\/#website\"},\"primaryImageOfPage\":{\"@id\":\"https:\/\/www.intoscana.it\/it\/orizzonti-torna-in-viaggio-tre-stazioni-ferroviarie-che-rinascono-tra-garfagnana-e-valtiberina\/#primaryimage\"},\"image\":{\"@id\":\"https:\/\/www.intoscana.it\/it\/orizzonti-torna-in-viaggio-tre-stazioni-ferroviarie-che-rinascono-tra-garfagnana-e-valtiberina\/#primaryimage\"},\"thumbnailUrl\":\"https:\/\/www.intoscana.it\/wp-content\/uploads\/stazione-anghiari.jpeg\",\"datePublished\":\"2025-11-24T08:00:31+00:00\",\"dateModified\":\"2026-01-19T15:13:48+00:00\",\"author\":{\"@id\":\"https:\/\/www.intoscana.it\/it\/#\/schema\/person\/010af92117f50561886339ad5b873a41\"},\"breadcrumb\":{\"@id\":\"https:\/\/www.intoscana.it\/it\/orizzonti-torna-in-viaggio-tre-stazioni-ferroviarie-che-rinascono-tra-garfagnana-e-valtiberina\/#breadcrumb\"},\"inLanguage\":\"it-IT\",\"potentialAction\":[{\"@type\":\"ReadAction\",\"target\":[\"https:\/\/www.intoscana.it\/it\/orizzonti-torna-in-viaggio-tre-stazioni-ferroviarie-che-rinascono-tra-garfagnana-e-valtiberina\/\"]}]},{\"@type\":\"ImageObject\",\"inLanguage\":\"it-IT\",\"@id\":\"https:\/\/www.intoscana.it\/it\/orizzonti-torna-in-viaggio-tre-stazioni-ferroviarie-che-rinascono-tra-garfagnana-e-valtiberina\/#primaryimage\",\"url\":\"https:\/\/www.intoscana.it\/wp-content\/uploads\/stazione-anghiari.jpeg\",\"contentUrl\":\"https:\/\/www.intoscana.it\/wp-content\/uploads\/stazione-anghiari.jpeg\",\"width\":1280,\"height\":715,\"caption\":\"Stazione di Anghiari\"},{\"@type\":\"BreadcrumbList\",\"@id\":\"https:\/\/www.intoscana.it\/it\/orizzonti-torna-in-viaggio-tre-stazioni-ferroviarie-che-rinascono-tra-garfagnana-e-valtiberina\/#breadcrumb\",\"itemListElement\":[{\"@type\":\"ListItem\",\"position\":1,\"name\":\"Home\",\"item\":\"https:\/\/www.intoscana.it\/it\/\"},{\"@type\":\"ListItem\",\"position\":2,\"name\":\"Orizzonti in viaggio: tre stazioni ferroviarie che rinascono tra Garfagnana e Valtiberina\"}]},{\"@type\":\"WebSite\",\"@id\":\"https:\/\/www.intoscana.it\/it\/#website\",\"url\":\"https:\/\/www.intoscana.it\/it\/\",\"name\":\"intoscana\",\"description\":\"\",\"potentialAction\":[{\"@type\":\"SearchAction\",\"target\":{\"@type\":\"EntryPoint\",\"urlTemplate\":\"https:\/\/www.intoscana.it\/it\/?s={search_term_string}\"},\"query-input\":{\"@type\":\"PropertyValueSpecification\",\"valueRequired\":true,\"valueName\":\"search_term_string\"}}],\"inLanguage\":\"it-IT\"},{\"@type\":\"Person\",\"@id\":\"https:\/\/www.intoscana.it\/it\/#\/schema\/person\/010af92117f50561886339ad5b873a41\",\"name\":\"Chiara Bianchini\",\"sameAs\":[\"c.bianchini@fst.it\"],\"url\":\"https:\/\/www.intoscana.it\/it\/author\/chiara-bianchini\/\"}]}<\/script>\n<!-- \/ Yoast SEO Premium plugin. -->","yoast_head_json":{"title":"Orizzonti in viaggio: tre stazioni ferroviarie che rinascono tra Garfagnana e Valtiberina - intoscana","robots":{"index":"index","follow":"follow","max-snippet":"max-snippet:-1","max-image-preview":"max-image-preview:large","max-video-preview":"max-video-preview:-1"},"canonical":"https:\/\/www.intoscana.it\/it\/orizzonti-torna-in-viaggio-tre-stazioni-ferroviarie-che-rinascono-tra-garfagnana-e-valtiberina\/","og_locale":"it_IT","og_type":"article","og_title":"Orizzonti in viaggio: tre stazioni ferroviarie che rinascono tra Garfagnana e Valtiberina","og_description":"Castelnuovo di Garfagnana, Sansepolcro e Anghiari: tre interventi simbolo di rigenerazione urbana che trasformano luoghi abbandonati in nuovi poli di comunit\u00e0, turismo e mobilit\u00e0 sostenibile","og_url":"https:\/\/www.intoscana.it\/it\/orizzonti-torna-in-viaggio-tre-stazioni-ferroviarie-che-rinascono-tra-garfagnana-e-valtiberina\/","og_site_name":"intoscana","article_publisher":"https:\/\/www.facebook.com\/intoscana.it","article_published_time":"2025-11-24T08:00:31+00:00","article_modified_time":"2026-01-19T15:13:48+00:00","og_image":[{"width":1280,"height":715,"url":"https:\/\/www.intoscana.it\/wp-content\/uploads\/stazione-anghiari.jpeg","type":"image\/jpeg"}],"author":"Chiara Bianchini","twitter_card":"summary_large_image","twitter_creator":"@intoscana","twitter_site":"@intoscana","twitter_misc":{"Written by":"Chiara Bianchini","Est. reading time":"4 minuti"},"schema":{"@context":"https:\/\/schema.org","@graph":[{"@type":"WebPage","@id":"https:\/\/www.intoscana.it\/it\/orizzonti-torna-in-viaggio-tre-stazioni-ferroviarie-che-rinascono-tra-garfagnana-e-valtiberina\/","url":"https:\/\/www.intoscana.it\/it\/orizzonti-torna-in-viaggio-tre-stazioni-ferroviarie-che-rinascono-tra-garfagnana-e-valtiberina\/","name":"Orizzonti in viaggio: tre stazioni ferroviarie che rinascono tra Garfagnana e Valtiberina - intoscana","isPartOf":{"@id":"https:\/\/www.intoscana.it\/it\/#website"},"primaryImageOfPage":{"@id":"https:\/\/www.intoscana.it\/it\/orizzonti-torna-in-viaggio-tre-stazioni-ferroviarie-che-rinascono-tra-garfagnana-e-valtiberina\/#primaryimage"},"image":{"@id":"https:\/\/www.intoscana.it\/it\/orizzonti-torna-in-viaggio-tre-stazioni-ferroviarie-che-rinascono-tra-garfagnana-e-valtiberina\/#primaryimage"},"thumbnailUrl":"https:\/\/www.intoscana.it\/wp-content\/uploads\/stazione-anghiari.jpeg","datePublished":"2025-11-24T08:00:31+00:00","dateModified":"2026-01-19T15:13:48+00:00","author":{"@id":"https:\/\/www.intoscana.it\/it\/#\/schema\/person\/010af92117f50561886339ad5b873a41"},"breadcrumb":{"@id":"https:\/\/www.intoscana.it\/it\/orizzonti-torna-in-viaggio-tre-stazioni-ferroviarie-che-rinascono-tra-garfagnana-e-valtiberina\/#breadcrumb"},"inLanguage":"it-IT","potentialAction":[{"@type":"ReadAction","target":["https:\/\/www.intoscana.it\/it\/orizzonti-torna-in-viaggio-tre-stazioni-ferroviarie-che-rinascono-tra-garfagnana-e-valtiberina\/"]}]},{"@type":"ImageObject","inLanguage":"it-IT","@id":"https:\/\/www.intoscana.it\/it\/orizzonti-torna-in-viaggio-tre-stazioni-ferroviarie-che-rinascono-tra-garfagnana-e-valtiberina\/#primaryimage","url":"https:\/\/www.intoscana.it\/wp-content\/uploads\/stazione-anghiari.jpeg","contentUrl":"https:\/\/www.intoscana.it\/wp-content\/uploads\/stazione-anghiari.jpeg","width":1280,"height":715,"caption":"Stazione di Anghiari"},{"@type":"BreadcrumbList","@id":"https:\/\/www.intoscana.it\/it\/orizzonti-torna-in-viaggio-tre-stazioni-ferroviarie-che-rinascono-tra-garfagnana-e-valtiberina\/#breadcrumb","itemListElement":[{"@type":"ListItem","position":1,"name":"Home","item":"https:\/\/www.intoscana.it\/it\/"},{"@type":"ListItem","position":2,"name":"Orizzonti in viaggio: tre stazioni ferroviarie che rinascono tra Garfagnana e Valtiberina"}]},{"@type":"WebSite","@id":"https:\/\/www.intoscana.it\/it\/#website","url":"https:\/\/www.intoscana.it\/it\/","name":"intoscana","description":"","potentialAction":[{"@type":"SearchAction","target":{"@type":"EntryPoint","urlTemplate":"https:\/\/www.intoscana.it\/it\/?s={search_term_string}"},"query-input":{"@type":"PropertyValueSpecification","valueRequired":true,"valueName":"search_term_string"}}],"inLanguage":"it-IT"},{"@type":"Person","@id":"https:\/\/www.intoscana.it\/it\/#\/schema\/person\/010af92117f50561886339ad5b873a41","name":"Chiara Bianchini","sameAs":["c.bianchini@fst.it"],"url":"https:\/\/www.intoscana.it\/it\/author\/chiara-bianchini\/"}]}},"_links":{"self":[{"href":"https:\/\/www.intoscana.it\/it\/wp-json\/wp\/v2\/posts\/408233","targetHints":{"allow":["GET"]}}],"collection":[{"href":"https:\/\/www.intoscana.it\/it\/wp-json\/wp\/v2\/posts"}],"about":[{"href":"https:\/\/www.intoscana.it\/it\/wp-json\/wp\/v2\/types\/post"}],"author":[{"embeddable":true,"href":"https:\/\/www.intoscana.it\/it\/wp-json\/wp\/v2\/users\/507"}],"replies":[{"embeddable":true,"href":"https:\/\/www.intoscana.it\/it\/wp-json\/wp\/v2\/comments?post=408233"}],"version-history":[{"count":3,"href":"https:\/\/www.intoscana.it\/it\/wp-json\/wp\/v2\/posts\/408233\/revisions"}],"predecessor-version":[{"id":413563,"href":"https:\/\/www.intoscana.it\/it\/wp-json\/wp\/v2\/posts\/408233\/revisions\/413563"}],"wp:featuredmedia":[{"embeddable":true,"href":"https:\/\/www.intoscana.it\/it\/wp-json\/wp\/v2\/media\/408235"}],"wp:attachment":[{"href":"https:\/\/www.intoscana.it\/it\/wp-json\/wp\/v2\/media?parent=408233"}],"wp:term":[{"taxonomy":"category","embeddable":true,"href":"https:\/\/www.intoscana.it\/it\/wp-json\/wp\/v2\/categories?post=408233"},{"taxonomy":"post_tag","embeddable":true,"href":"https:\/\/www.intoscana.it\/it\/wp-json\/wp\/v2\/tags?post=408233"}],"curies":[{"name":"wp","href":"https:\/\/api.w.org\/{rel}","templated":true}]}}