{"id":408515,"date":"2025-11-24T15:46:25","date_gmt":"2025-11-24T14:46:25","guid":{"rendered":"https:\/\/www.intoscana.it\/it\/?p=408515"},"modified":"2025-11-24T15:50:17","modified_gmt":"2025-11-24T14:50:17","slug":"biennale-blu-livorno-si-e-insediato-il-nuovo-comitato-la-citta-punta-a-un-respiro-internazionale","status":"publish","type":"post","link":"https:\/\/www.intoscana.it\/it\/biennale-blu-livorno-si-e-insediato-il-nuovo-comitato-la-citta-punta-a-un-respiro-internazionale\/","title":{"rendered":"Biennale Blu Livorno, si \u00e8 insediato il nuovo Comitato: la citt\u00e0 punta a un respiro internazionale"},"content":{"rendered":"<p>A Livorno si accende ufficialmente il motore della <strong>Biennale del Mare e dell\u2019Acqua \u2013 Blu Livorno,<\/strong> l\u2019evento che, dopo il sorprendente<strong> debutto con 35.000 presenze<\/strong>, punta ora a crescere in respiro internazionale e peso culturale.<\/p>\n<p>Luned\u00ec 24 novembre nella Sala Cerimonie di Palazzo Comunale <strong>\u00e8 stato presentato il nuovo Comitato della Biennale<\/strong>, l\u2019organismo chiamato a guidare le edizioni 2027 e 2029.<\/p>\n<p>Accanto al<strong> sindaco Luca Salvetti,<\/strong> che presiede il Consiglio Direttivo, erano presenti i partner fondatori \u2013 <strong>ASA, Fondazione Goldoni, Fondazione LEM e Consorzio CIBM<\/strong> \u2013 pilastri della collaborazione pubblico-privato che costituisce uno dei tratti distintivi del progetto.<\/p>\n<p>Il Comitato si articola in due anime:<br \/>\n-il <strong>Consiglio Direttivo,<\/strong> che definisce la strategia generale, composto da Salvetti,<strong> Stefano Taddia, Nicola Falleni, Leonardo Gonnelli e Maria Luisa Massai;<\/strong><br \/>\n-la <strong>Commissione tecnico-scientifica,<\/strong> responsabile di trasformare la visione in un programma concreto e multidisciplinare. Ne fanno parte <strong>Barbara La Comba<\/strong> (responsabile organizzativa generale), <strong>Andrea Pardini<\/strong> (logistica), <strong>Anna Maria De Biasi<\/strong> (rapporti scientifici), <strong>Katia Le Rose<\/strong> (rapporti istituzionali), <strong>Gabriele Benucci<\/strong> (comunicazione),<strong> Gianna Somigli<\/strong> (finanziario) e <strong>Mario Lupi<\/strong> (rapporti con l\u2019associazionismo). <strong>Tutti i membri operano a titolo gratuito.<\/strong><\/p>\n<p>La macchina organizzativa potr\u00e0 contare anche su <strong>una segreteria tecnica interna al Comune di Livorno,<\/strong> che avr\u00e0 il compito di garantire continuit\u00e0 operativa e gestione delle risorse economiche.<\/p>\n<p>Lo statuto costitutivo, firmato nella stessa mattinata, traccia l\u2019identit\u00e0 di<strong> una Biennale concepita come laboratorio di idee e azioni<\/strong> sui temi della <strong>blue economy, della sostenibilit\u00e0 e della cultura del mare.<\/strong><\/p>\n<p>Un modello che unisce il rigore scientifico del<strong> CIBM,<\/strong> le competenze ambientali di<strong> ASA<\/strong> e la capacit\u00e0 divulgativa e culturale delle <strong>Fondazioni Goldoni e LEM.<\/strong><\/p>\n<p><strong>Ambiziosa anche la dimensione internazionale:<\/strong> la Biennale punta a costruire ponti con l\u2019Europa, a coinvolgere <strong>citt\u00e0 costiere italiane e mediterranee<\/strong>, e a intrecciare relazioni con altri grandi eventi dedicati a mare, acqua e ambiente.<\/p>\n<p>L\u2019obiettivo \u00e8 duplice: <strong>proporre appuntamenti aperti al grande pubblico<\/strong> \u2013 tra divulgazione, spettacoli e iniziative educative \u2013 e offrire <strong>un punto di riferimento per studiosi, ricercatori e istituzioni,<\/strong> con un fitto calendario di incontri specialistici.<\/p>\n<p><strong>Soddisfazione evidente da parte del sindaco Salvetti,<\/strong> che ha sottolineato la necessit\u00e0 di una struttura stabile e ben definita: \u201c<em>Serviva un\u2019organizzazione completamente diversa, una strutturazione precisa del lavoro. Il protocollo chiarir\u00e0 chi fa cosa: il Consiglio direttivo indicher\u00e0 le linee di sviluppo, mentre la commissione tecnico-scientifica sar\u00e0 l\u2019anima del lavoro concreto\u201d.<\/em><\/p>\n<p>La rotta \u00e8 tracciata: <strong>Blu Livorno punta a diventare un osservatorio privilegiato sulle sfide del mare e dell\u2019acqua<\/strong>, con una visione che supera i confini locali e dialoga con il futuro.<\/p>\n","protected":false},"excerpt":{"rendered":"<p>La Biennale ha due obiettivi: proporre appuntamenti aperti al grande pubblico \u2013 tra divulgazione, spettacoli e iniziative educative \u2013 e offrire un punto di riferimento per studiosi, ricercatori e istituzioni, con un fitto calendario di incontri specialistici<\/p>\n","protected":false},"author":525,"featured_media":408517,"comment_status":"open","ping_status":"open","sticky":false,"template":"","format":"standard","meta":{"_acf_changed":false,"footnotes":""},"categories":[494],"tags":[273],"class_list":["post-408515","post","type-post","status-publish","format-standard","has-post-thumbnail","hentry","category-attualita","tag-livorno"],"acf":[],"yoast_head":"<!-- This site is optimized with the Yoast SEO Premium plugin v24.2 (Yoast SEO v25.6) - https:\/\/yoast.com\/wordpress\/plugins\/seo\/ -->\n<title>Biennale Blu Livorno, si \u00e8 insediato il nuovo Comitato: la citt\u00e0 punta a un respiro internazionale - intoscana<\/title>\n<meta name=\"description\" content=\"La Biennale ha due obiettivi: proporre appuntamenti aperti al grande pubblico e offrire un punto di riferimento per studiosi\" \/>\n<meta name=\"robots\" content=\"index, follow, max-snippet:-1, max-image-preview:large, max-video-preview:-1\" \/>\n<link rel=\"canonical\" href=\"https:\/\/www.intoscana.it\/it\/biennale-blu-livorno-si-e-insediato-il-nuovo-comitato-la-citta-punta-a-un-respiro-internazionale\/\" \/>\n<meta property=\"og:locale\" content=\"it_IT\" \/>\n<meta property=\"og:type\" content=\"article\" \/>\n<meta property=\"og:title\" content=\"Biennale Blu Livorno, si \u00e8 insediato il nuovo Comitato: la citt\u00e0 punta a un respiro internazionale\" \/>\n<meta property=\"og:description\" content=\"La Biennale ha due obiettivi: proporre appuntamenti aperti al grande pubblico e offrire un punto di riferimento per studiosi\" \/>\n<meta property=\"og:url\" content=\"https:\/\/www.intoscana.it\/it\/biennale-blu-livorno-si-e-insediato-il-nuovo-comitato-la-citta-punta-a-un-respiro-internazionale\/\" \/>\n<meta property=\"og:site_name\" content=\"intoscana\" \/>\n<meta property=\"article:publisher\" content=\"https:\/\/www.facebook.com\/intoscana.it\" \/>\n<meta property=\"article:published_time\" content=\"2025-11-24T14:46:25+00:00\" \/>\n<meta property=\"article:modified_time\" content=\"2025-11-24T14:50:17+00:00\" \/>\n<meta property=\"og:image\" content=\"https:\/\/www.intoscana.it\/wp-content\/uploads\/foto-comitato-biennale.jpg\" \/>\n\t<meta property=\"og:image:width\" content=\"1600\" \/>\n\t<meta property=\"og:image:height\" content=\"900\" \/>\n\t<meta property=\"og:image:type\" content=\"image\/jpeg\" \/>\n<meta name=\"author\" content=\"Redazione\" \/>\n<meta name=\"twitter:card\" content=\"summary_large_image\" \/>\n<meta name=\"twitter:creator\" content=\"@intoscana\" \/>\n<meta name=\"twitter:site\" content=\"@intoscana\" \/>\n<meta name=\"twitter:label1\" content=\"Written by\" \/>\n\t<meta name=\"twitter:data1\" content=\"Redazione\" \/>\n\t<meta name=\"twitter:label2\" content=\"Est. reading time\" \/>\n\t<meta name=\"twitter:data2\" content=\"3 minuti\" \/>\n<script type=\"application\/ld+json\" class=\"yoast-schema-graph\">{\"@context\":\"https:\/\/schema.org\",\"@graph\":[{\"@type\":\"WebPage\",\"@id\":\"https:\/\/www.intoscana.it\/it\/biennale-blu-livorno-si-e-insediato-il-nuovo-comitato-la-citta-punta-a-un-respiro-internazionale\/\",\"url\":\"https:\/\/www.intoscana.it\/it\/biennale-blu-livorno-si-e-insediato-il-nuovo-comitato-la-citta-punta-a-un-respiro-internazionale\/\",\"name\":\"Biennale Blu Livorno, si \u00e8 insediato il nuovo Comitato: la citt\u00e0 punta a un respiro internazionale - intoscana\",\"isPartOf\":{\"@id\":\"https:\/\/www.intoscana.it\/it\/#website\"},\"primaryImageOfPage\":{\"@id\":\"https:\/\/www.intoscana.it\/it\/biennale-blu-livorno-si-e-insediato-il-nuovo-comitato-la-citta-punta-a-un-respiro-internazionale\/#primaryimage\"},\"image\":{\"@id\":\"https:\/\/www.intoscana.it\/it\/biennale-blu-livorno-si-e-insediato-il-nuovo-comitato-la-citta-punta-a-un-respiro-internazionale\/#primaryimage\"},\"thumbnailUrl\":\"https:\/\/www.intoscana.it\/wp-content\/uploads\/foto-comitato-biennale.jpg\",\"datePublished\":\"2025-11-24T14:46:25+00:00\",\"dateModified\":\"2025-11-24T14:50:17+00:00\",\"author\":{\"@id\":\"https:\/\/www.intoscana.it\/it\/#\/schema\/person\/9223810753230f20bd670fdd322661f8\"},\"description\":\"La Biennale ha due obiettivi: proporre appuntamenti aperti al grande pubblico e offrire un punto di riferimento per studiosi\",\"breadcrumb\":{\"@id\":\"https:\/\/www.intoscana.it\/it\/biennale-blu-livorno-si-e-insediato-il-nuovo-comitato-la-citta-punta-a-un-respiro-internazionale\/#breadcrumb\"},\"inLanguage\":\"it-IT\",\"potentialAction\":[{\"@type\":\"ReadAction\",\"target\":[\"https:\/\/www.intoscana.it\/it\/biennale-blu-livorno-si-e-insediato-il-nuovo-comitato-la-citta-punta-a-un-respiro-internazionale\/\"]}]},{\"@type\":\"ImageObject\",\"inLanguage\":\"it-IT\",\"@id\":\"https:\/\/www.intoscana.it\/it\/biennale-blu-livorno-si-e-insediato-il-nuovo-comitato-la-citta-punta-a-un-respiro-internazionale\/#primaryimage\",\"url\":\"https:\/\/www.intoscana.it\/wp-content\/uploads\/foto-comitato-biennale.jpg\",\"contentUrl\":\"https:\/\/www.intoscana.it\/wp-content\/uploads\/foto-comitato-biennale.jpg\",\"width\":1600,\"height\":900},{\"@type\":\"BreadcrumbList\",\"@id\":\"https:\/\/www.intoscana.it\/it\/biennale-blu-livorno-si-e-insediato-il-nuovo-comitato-la-citta-punta-a-un-respiro-internazionale\/#breadcrumb\",\"itemListElement\":[{\"@type\":\"ListItem\",\"position\":1,\"name\":\"Home\",\"item\":\"https:\/\/www.intoscana.it\/it\/\"},{\"@type\":\"ListItem\",\"position\":2,\"name\":\"Biennale Blu Livorno, si \u00e8 insediato il nuovo Comitato: la citt\u00e0 punta a un respiro internazionale\"}]},{\"@type\":\"WebSite\",\"@id\":\"https:\/\/www.intoscana.it\/it\/#website\",\"url\":\"https:\/\/www.intoscana.it\/it\/\",\"name\":\"intoscana\",\"description\":\"\",\"potentialAction\":[{\"@type\":\"SearchAction\",\"target\":{\"@type\":\"EntryPoint\",\"urlTemplate\":\"https:\/\/www.intoscana.it\/it\/?s={search_term_string}\"},\"query-input\":{\"@type\":\"PropertyValueSpecification\",\"valueRequired\":true,\"valueName\":\"search_term_string\"}}],\"inLanguage\":\"it-IT\"},{\"@type\":\"Person\",\"@id\":\"https:\/\/www.intoscana.it\/it\/#\/schema\/person\/9223810753230f20bd670fdd322661f8\",\"name\":\"Redazione\",\"url\":\"https:\/\/www.intoscana.it\/it\/author\/redazione\/\"}]}<\/script>\n<!-- \/ Yoast SEO Premium plugin. -->","yoast_head_json":{"title":"Biennale Blu Livorno, si \u00e8 insediato il nuovo Comitato: la citt\u00e0 punta a un respiro internazionale - intoscana","description":"La Biennale ha due obiettivi: proporre appuntamenti aperti al grande pubblico e offrire un punto di riferimento per studiosi","robots":{"index":"index","follow":"follow","max-snippet":"max-snippet:-1","max-image-preview":"max-image-preview:large","max-video-preview":"max-video-preview:-1"},"canonical":"https:\/\/www.intoscana.it\/it\/biennale-blu-livorno-si-e-insediato-il-nuovo-comitato-la-citta-punta-a-un-respiro-internazionale\/","og_locale":"it_IT","og_type":"article","og_title":"Biennale Blu Livorno, si \u00e8 insediato il nuovo Comitato: la citt\u00e0 punta a un respiro internazionale","og_description":"La Biennale ha due obiettivi: proporre appuntamenti aperti al grande pubblico e offrire un punto di riferimento per studiosi","og_url":"https:\/\/www.intoscana.it\/it\/biennale-blu-livorno-si-e-insediato-il-nuovo-comitato-la-citta-punta-a-un-respiro-internazionale\/","og_site_name":"intoscana","article_publisher":"https:\/\/www.facebook.com\/intoscana.it","article_published_time":"2025-11-24T14:46:25+00:00","article_modified_time":"2025-11-24T14:50:17+00:00","og_image":[{"width":1600,"height":900,"url":"https:\/\/www.intoscana.it\/wp-content\/uploads\/foto-comitato-biennale.jpg","type":"image\/jpeg"}],"author":"Redazione","twitter_card":"summary_large_image","twitter_creator":"@intoscana","twitter_site":"@intoscana","twitter_misc":{"Written by":"Redazione","Est. reading time":"3 minuti"},"schema":{"@context":"https:\/\/schema.org","@graph":[{"@type":"WebPage","@id":"https:\/\/www.intoscana.it\/it\/biennale-blu-livorno-si-e-insediato-il-nuovo-comitato-la-citta-punta-a-un-respiro-internazionale\/","url":"https:\/\/www.intoscana.it\/it\/biennale-blu-livorno-si-e-insediato-il-nuovo-comitato-la-citta-punta-a-un-respiro-internazionale\/","name":"Biennale Blu Livorno, si \u00e8 insediato il nuovo Comitato: la citt\u00e0 punta a un respiro internazionale - intoscana","isPartOf":{"@id":"https:\/\/www.intoscana.it\/it\/#website"},"primaryImageOfPage":{"@id":"https:\/\/www.intoscana.it\/it\/biennale-blu-livorno-si-e-insediato-il-nuovo-comitato-la-citta-punta-a-un-respiro-internazionale\/#primaryimage"},"image":{"@id":"https:\/\/www.intoscana.it\/it\/biennale-blu-livorno-si-e-insediato-il-nuovo-comitato-la-citta-punta-a-un-respiro-internazionale\/#primaryimage"},"thumbnailUrl":"https:\/\/www.intoscana.it\/wp-content\/uploads\/foto-comitato-biennale.jpg","datePublished":"2025-11-24T14:46:25+00:00","dateModified":"2025-11-24T14:50:17+00:00","author":{"@id":"https:\/\/www.intoscana.it\/it\/#\/schema\/person\/9223810753230f20bd670fdd322661f8"},"description":"La Biennale ha due obiettivi: proporre appuntamenti aperti al grande pubblico e offrire un punto di riferimento per studiosi","breadcrumb":{"@id":"https:\/\/www.intoscana.it\/it\/biennale-blu-livorno-si-e-insediato-il-nuovo-comitato-la-citta-punta-a-un-respiro-internazionale\/#breadcrumb"},"inLanguage":"it-IT","potentialAction":[{"@type":"ReadAction","target":["https:\/\/www.intoscana.it\/it\/biennale-blu-livorno-si-e-insediato-il-nuovo-comitato-la-citta-punta-a-un-respiro-internazionale\/"]}]},{"@type":"ImageObject","inLanguage":"it-IT","@id":"https:\/\/www.intoscana.it\/it\/biennale-blu-livorno-si-e-insediato-il-nuovo-comitato-la-citta-punta-a-un-respiro-internazionale\/#primaryimage","url":"https:\/\/www.intoscana.it\/wp-content\/uploads\/foto-comitato-biennale.jpg","contentUrl":"https:\/\/www.intoscana.it\/wp-content\/uploads\/foto-comitato-biennale.jpg","width":1600,"height":900},{"@type":"BreadcrumbList","@id":"https:\/\/www.intoscana.it\/it\/biennale-blu-livorno-si-e-insediato-il-nuovo-comitato-la-citta-punta-a-un-respiro-internazionale\/#breadcrumb","itemListElement":[{"@type":"ListItem","position":1,"name":"Home","item":"https:\/\/www.intoscana.it\/it\/"},{"@type":"ListItem","position":2,"name":"Biennale Blu Livorno, si \u00e8 insediato il nuovo Comitato: la citt\u00e0 punta a un respiro internazionale"}]},{"@type":"WebSite","@id":"https:\/\/www.intoscana.it\/it\/#website","url":"https:\/\/www.intoscana.it\/it\/","name":"intoscana","description":"","potentialAction":[{"@type":"SearchAction","target":{"@type":"EntryPoint","urlTemplate":"https:\/\/www.intoscana.it\/it\/?s={search_term_string}"},"query-input":{"@type":"PropertyValueSpecification","valueRequired":true,"valueName":"search_term_string"}}],"inLanguage":"it-IT"},{"@type":"Person","@id":"https:\/\/www.intoscana.it\/it\/#\/schema\/person\/9223810753230f20bd670fdd322661f8","name":"Redazione","url":"https:\/\/www.intoscana.it\/it\/author\/redazione\/"}]}},"_links":{"self":[{"href":"https:\/\/www.intoscana.it\/it\/wp-json\/wp\/v2\/posts\/408515","targetHints":{"allow":["GET"]}}],"collection":[{"href":"https:\/\/www.intoscana.it\/it\/wp-json\/wp\/v2\/posts"}],"about":[{"href":"https:\/\/www.intoscana.it\/it\/wp-json\/wp\/v2\/types\/post"}],"author":[{"embeddable":true,"href":"https:\/\/www.intoscana.it\/it\/wp-json\/wp\/v2\/users\/525"}],"replies":[{"embeddable":true,"href":"https:\/\/www.intoscana.it\/it\/wp-json\/wp\/v2\/comments?post=408515"}],"version-history":[{"count":4,"href":"https:\/\/www.intoscana.it\/it\/wp-json\/wp\/v2\/posts\/408515\/revisions"}],"predecessor-version":[{"id":408525,"href":"https:\/\/www.intoscana.it\/it\/wp-json\/wp\/v2\/posts\/408515\/revisions\/408525"}],"wp:featuredmedia":[{"embeddable":true,"href":"https:\/\/www.intoscana.it\/it\/wp-json\/wp\/v2\/media\/408517"}],"wp:attachment":[{"href":"https:\/\/www.intoscana.it\/it\/wp-json\/wp\/v2\/media?parent=408515"}],"wp:term":[{"taxonomy":"category","embeddable":true,"href":"https:\/\/www.intoscana.it\/it\/wp-json\/wp\/v2\/categories?post=408515"},{"taxonomy":"post_tag","embeddable":true,"href":"https:\/\/www.intoscana.it\/it\/wp-json\/wp\/v2\/tags?post=408515"}],"curies":[{"name":"wp","href":"https:\/\/api.w.org\/{rel}","templated":true}]}}