{"id":408611,"date":"2025-11-25T11:16:21","date_gmt":"2025-11-25T10:16:21","guid":{"rendered":"https:\/\/www.intoscana.it\/it\/?p=408611"},"modified":"2025-11-25T21:14:20","modified_gmt":"2025-11-25T20:14:20","slug":"portapporta-spettacolo-contro-la-violenza-sulle-donne","status":"publish","type":"post","link":"https:\/\/www.intoscana.it\/it\/portapporta-spettacolo-contro-la-violenza-sulle-donne\/","title":{"rendered":"&#8220;PortAPPorta&#8221;, spettacolo visionario, che mette al centro il contrasto alla violenza sulle Donne"},"content":{"rendered":"<blockquote><p>A &#8220;La Toscana delle Donne&#8221;, festival della Regione Toscana che valorizza il contributo femminile nei pi\u00f9 diversi ambiti sociali &#8211; dalla politica allo sport, dalle scienze all&#8217;arte e lo spettacolo &#8211;\u00a0 ideato da Cristina Manetti, si parla di salute, di diritti, di lavoro e naturalmente si parla anche del <strong>contrasto alla violenza sulle donne.<\/strong> In questo caso, lo spunto per affrontare un tema drammatico, di grande attualit\u00e0, \u00e8 stato uno spettacolo teatrale, nato un\u2019idea di <strong>Regina Schrecker,<\/strong> fashion designer di fama internazionale, musa e grande amica di Andy Warhol, costumista per il teatro e protagonista della scena culturale italiana, insieme al sociologo, antropologo, autore teatrale e regista torinese <strong>Alessandro La Noce.<\/strong><\/p><\/blockquote>\n<p>Lo spettacolo nel titolo parafrasa, in tono ironico, la trasmissione di Bruno Vespa,\u00a0 &#8220;Porta a Porta&#8221;, per condurre lo spettatore in una dimensione surreale e ultraterrena:\u00a0 tra le righe del titolo si cela infatti la &#8220;APP&#8221;, un&#8217;immaginaria applicazione che consente ai personaggi in scena di parlare con l\u2019al di l\u00e0. Nasce cos\u00ec un dialogo con tre figure femminili della Divina Commedia di Dante, due delle quali vittime della violenza: <strong>Francesca da Rimini e Pia de\u2019 Tolomei, <\/strong>che appaiono insieme a <strong>Beatrice<\/strong>.<\/p>\n<p>All&#8217;interno del <strong>s<\/strong>alotto televisivo surreale, che permette di esplorare il dialogo tra passato e presente attraverso una <strong>rilettura singolare di alcuni canti della Divina Commedia<\/strong>, vengono portati alla luce i valori e i sentimenti delle protagoniste, che risuonano come attuali e moderni. I temi dell\u2019amore, della libert\u00e0, del sacrificio e dell\u2019onore sono infatti al centro della discussione, portati avanti con grazia, passione e saggezza. Non solo: sempre grazie alla &#8220;APP&#8221; si apre un dialogo anche con i mariti delle due donne citate e viene interpellato addirittura il Sommo Poeta.<\/p>\n<p>Gli attori dello spettacolo <strong>&#8220;PortAPPorta&#8221;,<\/strong> che si \u00e8 tenuto luned\u00ec 24 novembre, nella Sala delle Esposizioni di Palazzo Strozzi Sacrati, sede della Regione Toscana, alla presenza dell&#8217;<strong>Assessora alla Cultura Cristina Manetti<\/strong>, introdotto dalla giornalista Elisabetta Vagaggini, fanno parte del Laboratorio teatrale <strong>FormEduca APS.<\/strong><\/p>\n<p><em>\u201cIl 25 novembre &#8211; spiega Cristina Manetti \u2013 \u00e8 la giornata dedicata al contrasto alla violenza di genere ma, come diciamo da anni, non vogliamo ogni anno celebrarla facendo il terribile rendiconto di tutte le donne vittime di femminicidi e di violenze. \u00c8 bene che oggi questo percorso sia affrontato in maniera diversa, promuovendo attivamente tutte le politiche che stanno al fianco delle donne, le sostengono nell&#8217;imprenditoria, all&#8217;interno della sanit\u00e0 di genere, nel contesto dell&#8217;arte e della cultura e contribuiscono al cambio di mentalit\u00e0 e paradigma sociale che oggi \u00e8 fortemente necessario\u201d.<\/em><\/p>\n<p>\u201c<em>Questa \u2013 aggiunge Manetti \u2013 \u00e8 una battaglia che vogliamo fare insieme, uomini e donne. Di essenziale c\u2019\u00e8 la voglia di crescere e aiutare le donne ad autodeterminarsi, essere indipendenti e consapevoli perch\u00e9 questa \u00e8 l&#8217;unica arma davvero che abbiamo per migliorare davvero la nostra societ\u00e0 e questo spettacolo \u00e8 un modo tangibile di creare partecipazione e coinvolgimento, restituendo al palcoscenico il suo ruolo di spazio vivo di confronto culturale e civile<\/em>\u201d<\/p>\n<p>Regina Schrecker, che in occasione dei settecento anni dalla morte di Dante Alighieri, aveva gi\u00e0 dedicato un omaggio alle protagoniste della Divina Commedia, anche in &#8220;PortAPPorta&#8221; ha vestito Beatrice, Pia de\u2019 Tolomei e Francesca da Rimini, modulando le sue scelte stilistiche in funzione del diverso ruolo e delle differenti storie delle tre donne nella narrazione poetica dantesca, proiettandole nella societ\u00e0 contemporanea e su argomenti di stringente attualit\u00e0, come le violenze e i diritti negati.<\/p>\n<p><em>\u201cLa pi\u00e8ce teatrale \u2013 ricorda Regina Schrecker &#8211; si collega idealmente con l&#8217;installazione dei costumi di scena che ho fatto qui a palazzo Strozzi Sacrati nel 2021 e oggi si unisce al racconto di come le donne hanno sofferto e vissuto nel medioevo e di come, in fondo, sia cambiata poco oggi la loro condizione\u201d<\/em>.<\/p>\n<p><em>\u201cL&#8217;idea di questo spettacolo \u2013 aggiunge il regista Alessandro La Noce \u2013 nasce proprio dopo aver visto la mostra degli abiti di Regina Schrecker che \u00e8 stata fatta in questo palazzo nel marzo 2021 e dall&#8217;idea di dar vita a questi vestiti, dare corpo e farli vivere come figure ancora attuali. La pi\u00e8ce \u00e8 stata anche rappresentata in molte scuole italiane ed abbiamo cercato di animare un teatro civile e pedagogico, che vuole far riflettere con la forza di un progetto multimediale che usa la scena, musiche originali, dialoghi creati per creare interazione con il pubblico e coinvolgere tutti sul tema della condizione femminile\u201d.<\/em><\/p>\n<p><strong>\u00a0<\/strong><\/p>\n","protected":false},"excerpt":{"rendered":"<p>Lo spettacolo \u00e8 andato in scena luned\u00ec 24 novembre, nell&#8217;ambito de &#8220;La Toscana delle Donne&#8221;, con i costumi di Regina Schrecker e la regia di Alessandro La Noce, alla presenza dell&#8217;Assessore alla Cultura Cristina Manetti.<\/p>\n","protected":false},"author":492,"featured_media":408620,"comment_status":"open","ping_status":"open","sticky":false,"template":"","format":"standard","meta":{"_acf_changed":false,"footnotes":""},"categories":[493],"tags":[6557],"class_list":["post-408611","post","type-post","status-publish","format-standard","has-post-thumbnail","hentry","category-cultura","tag-la-toscana-delle-donne"],"acf":[],"yoast_head":"<!-- This site is optimized with the Yoast SEO Premium plugin v24.2 (Yoast SEO v25.6) - https:\/\/yoast.com\/wordpress\/plugins\/seo\/ -->\n<title>PortAPPorta alla Toscana delle Donne - Intoscana.it<\/title>\n<meta name=\"description\" content=\"Luned\u00ec 24 novembre, a La Toscana delle Donne, Regina Schrecker e Alessandro La Noce hanno presentato lo spettacolo &quot;PortAPPoprta&quot;.\" \/>\n<meta name=\"robots\" content=\"index, follow, max-snippet:-1, max-image-preview:large, max-video-preview:-1\" \/>\n<link rel=\"canonical\" href=\"https:\/\/www.intoscana.it\/it\/portapporta-spettacolo-contro-la-violenza-sulle-donne\/\" \/>\n<meta property=\"og:locale\" content=\"it_IT\" \/>\n<meta property=\"og:type\" content=\"article\" \/>\n<meta property=\"og:title\" content=\"&quot;PortAPPorta&quot;, spettacolo visionario, che mette al centro il contrasto alla violenza sulle Donne\" \/>\n<meta property=\"og:description\" content=\"Luned\u00ec 24 novembre, a La Toscana delle Donne, Regina Schrecker e Alessandro La Noce hanno presentato lo spettacolo &quot;PortAPPoprta&quot;.\" \/>\n<meta property=\"og:url\" content=\"https:\/\/www.intoscana.it\/it\/portapporta-spettacolo-contro-la-violenza-sulle-donne\/\" \/>\n<meta property=\"og:site_name\" content=\"intoscana\" \/>\n<meta property=\"article:publisher\" content=\"https:\/\/www.facebook.com\/intoscana.it\" \/>\n<meta property=\"article:published_time\" content=\"2025-11-25T10:16:21+00:00\" \/>\n<meta property=\"article:modified_time\" content=\"2025-11-25T20:14:20+00:00\" \/>\n<meta property=\"og:image\" content=\"https:\/\/www.intoscana.it\/wp-content\/uploads\/PHOTO-2025-11-24-22-26-25.jpg\" \/>\n\t<meta property=\"og:image:width\" content=\"1600\" \/>\n\t<meta property=\"og:image:height\" content=\"1066\" \/>\n\t<meta property=\"og:image:type\" content=\"image\/jpeg\" \/>\n<meta name=\"author\" content=\"Elisabetta Vagaggini\" \/>\n<meta name=\"twitter:card\" content=\"summary_large_image\" \/>\n<meta name=\"twitter:creator\" content=\"@intoscana\" \/>\n<meta name=\"twitter:site\" content=\"@intoscana\" \/>\n<meta name=\"twitter:label1\" content=\"Written by\" \/>\n\t<meta name=\"twitter:data1\" content=\"Elisabetta Vagaggini\" \/>\n\t<meta name=\"twitter:label2\" content=\"Est. reading time\" \/>\n\t<meta name=\"twitter:data2\" content=\"4 minuti\" \/>\n<script type=\"application\/ld+json\" class=\"yoast-schema-graph\">{\"@context\":\"https:\/\/schema.org\",\"@graph\":[{\"@type\":\"WebPage\",\"@id\":\"https:\/\/www.intoscana.it\/it\/portapporta-spettacolo-contro-la-violenza-sulle-donne\/\",\"url\":\"https:\/\/www.intoscana.it\/it\/portapporta-spettacolo-contro-la-violenza-sulle-donne\/\",\"name\":\"PortAPPorta alla Toscana delle Donne - Intoscana.it\",\"isPartOf\":{\"@id\":\"https:\/\/www.intoscana.it\/it\/#website\"},\"primaryImageOfPage\":{\"@id\":\"https:\/\/www.intoscana.it\/it\/portapporta-spettacolo-contro-la-violenza-sulle-donne\/#primaryimage\"},\"image\":{\"@id\":\"https:\/\/www.intoscana.it\/it\/portapporta-spettacolo-contro-la-violenza-sulle-donne\/#primaryimage\"},\"thumbnailUrl\":\"https:\/\/www.intoscana.it\/wp-content\/uploads\/PHOTO-2025-11-24-22-26-25.jpg\",\"datePublished\":\"2025-11-25T10:16:21+00:00\",\"dateModified\":\"2025-11-25T20:14:20+00:00\",\"author\":{\"@id\":\"https:\/\/www.intoscana.it\/it\/#\/schema\/person\/20956e1a83baf96027b69e776f754e43\"},\"description\":\"Luned\u00ec 24 novembre, a La Toscana delle Donne, Regina Schrecker e Alessandro La Noce hanno presentato lo spettacolo \\\"PortAPPoprta\\\".\",\"breadcrumb\":{\"@id\":\"https:\/\/www.intoscana.it\/it\/portapporta-spettacolo-contro-la-violenza-sulle-donne\/#breadcrumb\"},\"inLanguage\":\"it-IT\",\"potentialAction\":[{\"@type\":\"ReadAction\",\"target\":[\"https:\/\/www.intoscana.it\/it\/portapporta-spettacolo-contro-la-violenza-sulle-donne\/\"]}]},{\"@type\":\"ImageObject\",\"inLanguage\":\"it-IT\",\"@id\":\"https:\/\/www.intoscana.it\/it\/portapporta-spettacolo-contro-la-violenza-sulle-donne\/#primaryimage\",\"url\":\"https:\/\/www.intoscana.it\/wp-content\/uploads\/PHOTO-2025-11-24-22-26-25.jpg\",\"contentUrl\":\"https:\/\/www.intoscana.it\/wp-content\/uploads\/PHOTO-2025-11-24-22-26-25.jpg\",\"width\":1600,\"height\":1066,\"caption\":\"\\\"PortAPPorta\\\"\"},{\"@type\":\"BreadcrumbList\",\"@id\":\"https:\/\/www.intoscana.it\/it\/portapporta-spettacolo-contro-la-violenza-sulle-donne\/#breadcrumb\",\"itemListElement\":[{\"@type\":\"ListItem\",\"position\":1,\"name\":\"Home\",\"item\":\"https:\/\/www.intoscana.it\/it\/\"},{\"@type\":\"ListItem\",\"position\":2,\"name\":\"&#8220;PortAPPorta&#8221;, spettacolo visionario, che mette al centro il contrasto alla violenza sulle Donne\"}]},{\"@type\":\"WebSite\",\"@id\":\"https:\/\/www.intoscana.it\/it\/#website\",\"url\":\"https:\/\/www.intoscana.it\/it\/\",\"name\":\"intoscana\",\"description\":\"\",\"potentialAction\":[{\"@type\":\"SearchAction\",\"target\":{\"@type\":\"EntryPoint\",\"urlTemplate\":\"https:\/\/www.intoscana.it\/it\/?s={search_term_string}\"},\"query-input\":{\"@type\":\"PropertyValueSpecification\",\"valueRequired\":true,\"valueName\":\"search_term_string\"}}],\"inLanguage\":\"it-IT\"},{\"@type\":\"Person\",\"@id\":\"https:\/\/www.intoscana.it\/it\/#\/schema\/person\/20956e1a83baf96027b69e776f754e43\",\"name\":\"Elisabetta Vagaggini\",\"url\":\"https:\/\/www.intoscana.it\/it\/author\/elisabetta-vagaggini\/\"}]}<\/script>\n<!-- \/ Yoast SEO Premium plugin. -->","yoast_head_json":{"title":"PortAPPorta alla Toscana delle Donne - Intoscana.it","description":"Luned\u00ec 24 novembre, a La Toscana delle Donne, Regina Schrecker e Alessandro La Noce hanno presentato lo spettacolo \"PortAPPoprta\".","robots":{"index":"index","follow":"follow","max-snippet":"max-snippet:-1","max-image-preview":"max-image-preview:large","max-video-preview":"max-video-preview:-1"},"canonical":"https:\/\/www.intoscana.it\/it\/portapporta-spettacolo-contro-la-violenza-sulle-donne\/","og_locale":"it_IT","og_type":"article","og_title":"\"PortAPPorta\", spettacolo visionario, che mette al centro il contrasto alla violenza sulle Donne","og_description":"Luned\u00ec 24 novembre, a La Toscana delle Donne, Regina Schrecker e Alessandro La Noce hanno presentato lo spettacolo \"PortAPPoprta\".","og_url":"https:\/\/www.intoscana.it\/it\/portapporta-spettacolo-contro-la-violenza-sulle-donne\/","og_site_name":"intoscana","article_publisher":"https:\/\/www.facebook.com\/intoscana.it","article_published_time":"2025-11-25T10:16:21+00:00","article_modified_time":"2025-11-25T20:14:20+00:00","og_image":[{"width":1600,"height":1066,"url":"https:\/\/www.intoscana.it\/wp-content\/uploads\/PHOTO-2025-11-24-22-26-25.jpg","type":"image\/jpeg"}],"author":"Elisabetta Vagaggini","twitter_card":"summary_large_image","twitter_creator":"@intoscana","twitter_site":"@intoscana","twitter_misc":{"Written by":"Elisabetta Vagaggini","Est. reading time":"4 minuti"},"schema":{"@context":"https:\/\/schema.org","@graph":[{"@type":"WebPage","@id":"https:\/\/www.intoscana.it\/it\/portapporta-spettacolo-contro-la-violenza-sulle-donne\/","url":"https:\/\/www.intoscana.it\/it\/portapporta-spettacolo-contro-la-violenza-sulle-donne\/","name":"PortAPPorta alla Toscana delle Donne - Intoscana.it","isPartOf":{"@id":"https:\/\/www.intoscana.it\/it\/#website"},"primaryImageOfPage":{"@id":"https:\/\/www.intoscana.it\/it\/portapporta-spettacolo-contro-la-violenza-sulle-donne\/#primaryimage"},"image":{"@id":"https:\/\/www.intoscana.it\/it\/portapporta-spettacolo-contro-la-violenza-sulle-donne\/#primaryimage"},"thumbnailUrl":"https:\/\/www.intoscana.it\/wp-content\/uploads\/PHOTO-2025-11-24-22-26-25.jpg","datePublished":"2025-11-25T10:16:21+00:00","dateModified":"2025-11-25T20:14:20+00:00","author":{"@id":"https:\/\/www.intoscana.it\/it\/#\/schema\/person\/20956e1a83baf96027b69e776f754e43"},"description":"Luned\u00ec 24 novembre, a La Toscana delle Donne, Regina Schrecker e Alessandro La Noce hanno presentato lo spettacolo \"PortAPPoprta\".","breadcrumb":{"@id":"https:\/\/www.intoscana.it\/it\/portapporta-spettacolo-contro-la-violenza-sulle-donne\/#breadcrumb"},"inLanguage":"it-IT","potentialAction":[{"@type":"ReadAction","target":["https:\/\/www.intoscana.it\/it\/portapporta-spettacolo-contro-la-violenza-sulle-donne\/"]}]},{"@type":"ImageObject","inLanguage":"it-IT","@id":"https:\/\/www.intoscana.it\/it\/portapporta-spettacolo-contro-la-violenza-sulle-donne\/#primaryimage","url":"https:\/\/www.intoscana.it\/wp-content\/uploads\/PHOTO-2025-11-24-22-26-25.jpg","contentUrl":"https:\/\/www.intoscana.it\/wp-content\/uploads\/PHOTO-2025-11-24-22-26-25.jpg","width":1600,"height":1066,"caption":"\"PortAPPorta\""},{"@type":"BreadcrumbList","@id":"https:\/\/www.intoscana.it\/it\/portapporta-spettacolo-contro-la-violenza-sulle-donne\/#breadcrumb","itemListElement":[{"@type":"ListItem","position":1,"name":"Home","item":"https:\/\/www.intoscana.it\/it\/"},{"@type":"ListItem","position":2,"name":"&#8220;PortAPPorta&#8221;, spettacolo visionario, che mette al centro il contrasto alla violenza sulle Donne"}]},{"@type":"WebSite","@id":"https:\/\/www.intoscana.it\/it\/#website","url":"https:\/\/www.intoscana.it\/it\/","name":"intoscana","description":"","potentialAction":[{"@type":"SearchAction","target":{"@type":"EntryPoint","urlTemplate":"https:\/\/www.intoscana.it\/it\/?s={search_term_string}"},"query-input":{"@type":"PropertyValueSpecification","valueRequired":true,"valueName":"search_term_string"}}],"inLanguage":"it-IT"},{"@type":"Person","@id":"https:\/\/www.intoscana.it\/it\/#\/schema\/person\/20956e1a83baf96027b69e776f754e43","name":"Elisabetta Vagaggini","url":"https:\/\/www.intoscana.it\/it\/author\/elisabetta-vagaggini\/"}]}},"_links":{"self":[{"href":"https:\/\/www.intoscana.it\/it\/wp-json\/wp\/v2\/posts\/408611","targetHints":{"allow":["GET"]}}],"collection":[{"href":"https:\/\/www.intoscana.it\/it\/wp-json\/wp\/v2\/posts"}],"about":[{"href":"https:\/\/www.intoscana.it\/it\/wp-json\/wp\/v2\/types\/post"}],"author":[{"embeddable":true,"href":"https:\/\/www.intoscana.it\/it\/wp-json\/wp\/v2\/users\/492"}],"replies":[{"embeddable":true,"href":"https:\/\/www.intoscana.it\/it\/wp-json\/wp\/v2\/comments?post=408611"}],"version-history":[{"count":5,"href":"https:\/\/www.intoscana.it\/it\/wp-json\/wp\/v2\/posts\/408611\/revisions"}],"predecessor-version":[{"id":408694,"href":"https:\/\/www.intoscana.it\/it\/wp-json\/wp\/v2\/posts\/408611\/revisions\/408694"}],"wp:featuredmedia":[{"embeddable":true,"href":"https:\/\/www.intoscana.it\/it\/wp-json\/wp\/v2\/media\/408620"}],"wp:attachment":[{"href":"https:\/\/www.intoscana.it\/it\/wp-json\/wp\/v2\/media?parent=408611"}],"wp:term":[{"taxonomy":"category","embeddable":true,"href":"https:\/\/www.intoscana.it\/it\/wp-json\/wp\/v2\/categories?post=408611"},{"taxonomy":"post_tag","embeddable":true,"href":"https:\/\/www.intoscana.it\/it\/wp-json\/wp\/v2\/tags?post=408611"}],"curies":[{"name":"wp","href":"https:\/\/api.w.org\/{rel}","templated":true}]}}