{"id":408679,"date":"2025-11-25T16:37:31","date_gmt":"2025-11-25T15:37:31","guid":{"rendered":"https:\/\/www.intoscana.it\/it\/?p=408679"},"modified":"2025-11-25T16:37:31","modified_gmt":"2025-11-25T15:37:31","slug":"ad-arezzo-il-forum-risk-giani-investire-sulla-sanita-pubblica","status":"publish","type":"post","link":"https:\/\/www.intoscana.it\/it\/ad-arezzo-il-forum-risk-giani-investire-sulla-sanita-pubblica\/","title":{"rendered":"Ad Arezzo il &#8220;Forum Risk&#8221;, Giani: &#8220;Investire sulla sanit\u00e0 pubblica&#8221;"},"content":{"rendered":"<div class=\"rt-page__content rt-page-content--left\">\n<div class=\"rt-page__content-text\">\n<p>Al via il\u00a0<strong> \u201cForum Risk Management in sanit\u00e0\u201d<\/strong>, quattro giorni di incontri e convegni &#8211;\u00a0 dal 25 al 28 novembre 2025 &#8211; al centro Fiere e Congressi in via Spallanzani ad Arezzo.<\/p>\n<p>Si parler\u00e0 di prevenzione e della <mark>riforma della nuova assistenza territoriale, delle case ed ospedali di comunit\u00e0 e della riduzione delle liste di attesa.<\/mark> Al centro del confronto anche l\u2019affollamento nei pronto soccorso e i nuovi servizi di prossimit\u00e0 ad anziani e malati cronici, delle telemedicina e dell&#8217;utilizzo dell\u2019intelligenza artificiale.<\/p>\n<p>All\u2019inaugurazione dell\u2019evento anche il presidente della Regione Toscana, <strong>Eugenio Giani<\/strong>. \u00a0\u201cIl Forum \u00e8 un momento di incontro tra tecnici e politici: uno scambio di idee per costruire insieme il servizio sanitario futuro \u2013 spiega Giani -. Come Toscana abbiamo le idee chiare: <mark>occorre investire sulla sanit\u00e0 pubblica e chiediamo al Governo di farlo con risorse adeguate e convinzione, ridando alla sanit\u00e0 la giusta centralit\u00e0.<\/mark> Come Conferenza delle Regioni abbiamo chiesto di difendere il fondo sanitario e in Toscana \u00e8 stata approvata una proposta di legge per il Parlamento in cui chiediamo che il finanziamento dello Stato raggiunga strutturalmente il 7,5 per cento del prodotto interno lordo, il che vorrebbe dire <strong>quattro miliardi di euro in pi\u00f9<\/strong> l\u2019anno in tutta Italia. Ci sono nazioni in Europa che sfiorano il 10 per cento del Pil: noi abbiamo chiesto di raggiungere almeno la media europea\u201c.<\/p>\n<p>Mercoled\u00ec 26 novembre, al Forum Risk sono attesi invece gli assessori regionali alla salute. Interverr\u00e0 anche la neo assessora toscana <strong>Monia Monni<\/strong>. Si parler\u00e0 del nuovo piano sanitario nazionale.<br \/>\nLa Toscana \u00e8 presente, come tutti gli anni, con un proprio stand, animato dal Centro rischio clinico e sicurezza del paziente. <mark>Lo stand ospiter\u00e0 numerosi incontri<\/mark>, a cui si potr\u00e0 partecipare anche in remoto: tra questi tre incontri dedicati alla responsabilit\u00e0 sanitaria a partire dalla legge Gelli del 2017, ovvero la norma che ha riformato la materia.<\/p>\n<\/div>\n<\/div>\n<div class=\"rt-btn-wrapper rt-btn-wrapper--right-align\">\n<div class=\"a2a_kit a2a_kit_size_32 a2a_default_style\" data-a2a-title=\"Sanit\u00e0 al centro, al via Forum Risk ad Arezzo. Inaugura Giani e domani arriva Monni \u00a0\"><\/div>\n<\/div>\n","protected":false},"excerpt":{"rendered":"<p>Dal 25 al 28 novembre al centro Fiere e Congressi. Incontri e convegni per confrontarsi su\u00a0prevenzione, assistenza territoriale, telemedicina e riduzione delle liste di attesa<\/p>\n","protected":false},"author":525,"featured_media":408684,"comment_status":"open","ping_status":"open","sticky":false,"template":"","format":"standard","meta":{"_acf_changed":false,"footnotes":""},"categories":[494],"tags":[349],"class_list":["post-408679","post","type-post","status-publish","format-standard","has-post-thumbnail","hentry","category-attualita","tag-sanita"],"acf":[],"yoast_head":"<!-- This site is optimized with the Yoast SEO Premium plugin v24.2 (Yoast SEO v25.6) - https:\/\/yoast.com\/wordpress\/plugins\/seo\/ -->\n<title>Ad Arezzo il &quot;Forum Risk&quot;, Giani: &quot;Investire sulla sanit\u00e0 pubblica&quot; - intoscana<\/title>\n<meta name=\"description\" content=\"Dal 25 al 28 novembre al centro Fiere e Congressi. Incontri e convegni per confrontarsi su\u00a0prevenzione, assistenza territoriale, telemedicina e riduzione delle liste di attesa\" \/>\n<meta name=\"robots\" content=\"index, follow, max-snippet:-1, max-image-preview:large, max-video-preview:-1\" \/>\n<link rel=\"canonical\" href=\"https:\/\/www.intoscana.it\/it\/ad-arezzo-il-forum-risk-giani-investire-sulla-sanita-pubblica\/\" \/>\n<meta property=\"og:locale\" content=\"it_IT\" \/>\n<meta property=\"og:type\" content=\"article\" \/>\n<meta property=\"og:title\" content=\"Ad Arezzo il &quot;Forum Risk&quot;, Giani: &quot;Investire sulla sanit\u00e0 pubblica&quot;\" \/>\n<meta property=\"og:description\" content=\"Dal 25 al 28 novembre al centro Fiere e Congressi. Incontri e convegni per confrontarsi su\u00a0prevenzione, assistenza territoriale, telemedicina e riduzione delle liste di attesa\" \/>\n<meta property=\"og:url\" content=\"https:\/\/www.intoscana.it\/it\/ad-arezzo-il-forum-risk-giani-investire-sulla-sanita-pubblica\/\" \/>\n<meta property=\"og:site_name\" content=\"intoscana\" \/>\n<meta property=\"article:publisher\" content=\"https:\/\/www.facebook.com\/intoscana.it\" \/>\n<meta property=\"article:published_time\" content=\"2025-11-25T15:37:31+00:00\" \/>\n<meta property=\"og:image\" content=\"https:\/\/www.intoscana.it\/wp-content\/uploads\/ospedale-corsia-2.jpg\" \/>\n\t<meta property=\"og:image:width\" content=\"562\" \/>\n\t<meta property=\"og:image:height\" content=\"324\" \/>\n\t<meta property=\"og:image:type\" content=\"image\/jpeg\" \/>\n<meta name=\"author\" content=\"Redazione\" \/>\n<meta name=\"twitter:card\" content=\"summary_large_image\" \/>\n<meta name=\"twitter:creator\" content=\"@intoscana\" \/>\n<meta name=\"twitter:site\" content=\"@intoscana\" \/>\n<meta name=\"twitter:label1\" content=\"Written by\" \/>\n\t<meta name=\"twitter:data1\" content=\"Redazione\" \/>\n\t<meta name=\"twitter:label2\" content=\"Est. reading time\" \/>\n\t<meta name=\"twitter:data2\" content=\"2 minuti\" \/>\n<script type=\"application\/ld+json\" class=\"yoast-schema-graph\">{\"@context\":\"https:\/\/schema.org\",\"@graph\":[{\"@type\":\"WebPage\",\"@id\":\"https:\/\/www.intoscana.it\/it\/ad-arezzo-il-forum-risk-giani-investire-sulla-sanita-pubblica\/\",\"url\":\"https:\/\/www.intoscana.it\/it\/ad-arezzo-il-forum-risk-giani-investire-sulla-sanita-pubblica\/\",\"name\":\"Ad Arezzo il \\\"Forum Risk\\\", Giani: \\\"Investire sulla sanit\u00e0 pubblica\\\" - intoscana\",\"isPartOf\":{\"@id\":\"https:\/\/www.intoscana.it\/it\/#website\"},\"primaryImageOfPage\":{\"@id\":\"https:\/\/www.intoscana.it\/it\/ad-arezzo-il-forum-risk-giani-investire-sulla-sanita-pubblica\/#primaryimage\"},\"image\":{\"@id\":\"https:\/\/www.intoscana.it\/it\/ad-arezzo-il-forum-risk-giani-investire-sulla-sanita-pubblica\/#primaryimage\"},\"thumbnailUrl\":\"https:\/\/www.intoscana.it\/wp-content\/uploads\/ospedale-corsia-2.jpg\",\"datePublished\":\"2025-11-25T15:37:31+00:00\",\"author\":{\"@id\":\"https:\/\/www.intoscana.it\/it\/#\/schema\/person\/9223810753230f20bd670fdd322661f8\"},\"description\":\"Dal 25 al 28 novembre al centro Fiere e Congressi. Incontri e convegni per confrontarsi su\u00a0prevenzione, assistenza territoriale, telemedicina e riduzione delle liste di attesa\",\"breadcrumb\":{\"@id\":\"https:\/\/www.intoscana.it\/it\/ad-arezzo-il-forum-risk-giani-investire-sulla-sanita-pubblica\/#breadcrumb\"},\"inLanguage\":\"it-IT\",\"potentialAction\":[{\"@type\":\"ReadAction\",\"target\":[\"https:\/\/www.intoscana.it\/it\/ad-arezzo-il-forum-risk-giani-investire-sulla-sanita-pubblica\/\"]}]},{\"@type\":\"ImageObject\",\"inLanguage\":\"it-IT\",\"@id\":\"https:\/\/www.intoscana.it\/it\/ad-arezzo-il-forum-risk-giani-investire-sulla-sanita-pubblica\/#primaryimage\",\"url\":\"https:\/\/www.intoscana.it\/wp-content\/uploads\/ospedale-corsia-2.jpg\",\"contentUrl\":\"https:\/\/www.intoscana.it\/wp-content\/uploads\/ospedale-corsia-2.jpg\",\"width\":562,\"height\":324},{\"@type\":\"BreadcrumbList\",\"@id\":\"https:\/\/www.intoscana.it\/it\/ad-arezzo-il-forum-risk-giani-investire-sulla-sanita-pubblica\/#breadcrumb\",\"itemListElement\":[{\"@type\":\"ListItem\",\"position\":1,\"name\":\"Home\",\"item\":\"https:\/\/www.intoscana.it\/it\/\"},{\"@type\":\"ListItem\",\"position\":2,\"name\":\"Ad Arezzo il &#8220;Forum Risk&#8221;, Giani: &#8220;Investire sulla sanit\u00e0 pubblica&#8221;\"}]},{\"@type\":\"WebSite\",\"@id\":\"https:\/\/www.intoscana.it\/it\/#website\",\"url\":\"https:\/\/www.intoscana.it\/it\/\",\"name\":\"intoscana\",\"description\":\"\",\"potentialAction\":[{\"@type\":\"SearchAction\",\"target\":{\"@type\":\"EntryPoint\",\"urlTemplate\":\"https:\/\/www.intoscana.it\/it\/?s={search_term_string}\"},\"query-input\":{\"@type\":\"PropertyValueSpecification\",\"valueRequired\":true,\"valueName\":\"search_term_string\"}}],\"inLanguage\":\"it-IT\"},{\"@type\":\"Person\",\"@id\":\"https:\/\/www.intoscana.it\/it\/#\/schema\/person\/9223810753230f20bd670fdd322661f8\",\"name\":\"Redazione\",\"url\":\"https:\/\/www.intoscana.it\/it\/author\/redazione\/\"}]}<\/script>\n<!-- \/ Yoast SEO Premium plugin. -->","yoast_head_json":{"title":"Ad Arezzo il \"Forum Risk\", Giani: \"Investire sulla sanit\u00e0 pubblica\" - intoscana","description":"Dal 25 al 28 novembre al centro Fiere e Congressi. Incontri e convegni per confrontarsi su\u00a0prevenzione, assistenza territoriale, telemedicina e riduzione delle liste di attesa","robots":{"index":"index","follow":"follow","max-snippet":"max-snippet:-1","max-image-preview":"max-image-preview:large","max-video-preview":"max-video-preview:-1"},"canonical":"https:\/\/www.intoscana.it\/it\/ad-arezzo-il-forum-risk-giani-investire-sulla-sanita-pubblica\/","og_locale":"it_IT","og_type":"article","og_title":"Ad Arezzo il \"Forum Risk\", Giani: \"Investire sulla sanit\u00e0 pubblica\"","og_description":"Dal 25 al 28 novembre al centro Fiere e Congressi. Incontri e convegni per confrontarsi su\u00a0prevenzione, assistenza territoriale, telemedicina e riduzione delle liste di attesa","og_url":"https:\/\/www.intoscana.it\/it\/ad-arezzo-il-forum-risk-giani-investire-sulla-sanita-pubblica\/","og_site_name":"intoscana","article_publisher":"https:\/\/www.facebook.com\/intoscana.it","article_published_time":"2025-11-25T15:37:31+00:00","og_image":[{"width":562,"height":324,"url":"https:\/\/www.intoscana.it\/wp-content\/uploads\/ospedale-corsia-2.jpg","type":"image\/jpeg"}],"author":"Redazione","twitter_card":"summary_large_image","twitter_creator":"@intoscana","twitter_site":"@intoscana","twitter_misc":{"Written by":"Redazione","Est. reading time":"2 minuti"},"schema":{"@context":"https:\/\/schema.org","@graph":[{"@type":"WebPage","@id":"https:\/\/www.intoscana.it\/it\/ad-arezzo-il-forum-risk-giani-investire-sulla-sanita-pubblica\/","url":"https:\/\/www.intoscana.it\/it\/ad-arezzo-il-forum-risk-giani-investire-sulla-sanita-pubblica\/","name":"Ad Arezzo il \"Forum Risk\", Giani: \"Investire sulla sanit\u00e0 pubblica\" - intoscana","isPartOf":{"@id":"https:\/\/www.intoscana.it\/it\/#website"},"primaryImageOfPage":{"@id":"https:\/\/www.intoscana.it\/it\/ad-arezzo-il-forum-risk-giani-investire-sulla-sanita-pubblica\/#primaryimage"},"image":{"@id":"https:\/\/www.intoscana.it\/it\/ad-arezzo-il-forum-risk-giani-investire-sulla-sanita-pubblica\/#primaryimage"},"thumbnailUrl":"https:\/\/www.intoscana.it\/wp-content\/uploads\/ospedale-corsia-2.jpg","datePublished":"2025-11-25T15:37:31+00:00","author":{"@id":"https:\/\/www.intoscana.it\/it\/#\/schema\/person\/9223810753230f20bd670fdd322661f8"},"description":"Dal 25 al 28 novembre al centro Fiere e Congressi. Incontri e convegni per confrontarsi su\u00a0prevenzione, assistenza territoriale, telemedicina e riduzione delle liste di attesa","breadcrumb":{"@id":"https:\/\/www.intoscana.it\/it\/ad-arezzo-il-forum-risk-giani-investire-sulla-sanita-pubblica\/#breadcrumb"},"inLanguage":"it-IT","potentialAction":[{"@type":"ReadAction","target":["https:\/\/www.intoscana.it\/it\/ad-arezzo-il-forum-risk-giani-investire-sulla-sanita-pubblica\/"]}]},{"@type":"ImageObject","inLanguage":"it-IT","@id":"https:\/\/www.intoscana.it\/it\/ad-arezzo-il-forum-risk-giani-investire-sulla-sanita-pubblica\/#primaryimage","url":"https:\/\/www.intoscana.it\/wp-content\/uploads\/ospedale-corsia-2.jpg","contentUrl":"https:\/\/www.intoscana.it\/wp-content\/uploads\/ospedale-corsia-2.jpg","width":562,"height":324},{"@type":"BreadcrumbList","@id":"https:\/\/www.intoscana.it\/it\/ad-arezzo-il-forum-risk-giani-investire-sulla-sanita-pubblica\/#breadcrumb","itemListElement":[{"@type":"ListItem","position":1,"name":"Home","item":"https:\/\/www.intoscana.it\/it\/"},{"@type":"ListItem","position":2,"name":"Ad Arezzo il &#8220;Forum Risk&#8221;, Giani: &#8220;Investire sulla sanit\u00e0 pubblica&#8221;"}]},{"@type":"WebSite","@id":"https:\/\/www.intoscana.it\/it\/#website","url":"https:\/\/www.intoscana.it\/it\/","name":"intoscana","description":"","potentialAction":[{"@type":"SearchAction","target":{"@type":"EntryPoint","urlTemplate":"https:\/\/www.intoscana.it\/it\/?s={search_term_string}"},"query-input":{"@type":"PropertyValueSpecification","valueRequired":true,"valueName":"search_term_string"}}],"inLanguage":"it-IT"},{"@type":"Person","@id":"https:\/\/www.intoscana.it\/it\/#\/schema\/person\/9223810753230f20bd670fdd322661f8","name":"Redazione","url":"https:\/\/www.intoscana.it\/it\/author\/redazione\/"}]}},"_links":{"self":[{"href":"https:\/\/www.intoscana.it\/it\/wp-json\/wp\/v2\/posts\/408679","targetHints":{"allow":["GET"]}}],"collection":[{"href":"https:\/\/www.intoscana.it\/it\/wp-json\/wp\/v2\/posts"}],"about":[{"href":"https:\/\/www.intoscana.it\/it\/wp-json\/wp\/v2\/types\/post"}],"author":[{"embeddable":true,"href":"https:\/\/www.intoscana.it\/it\/wp-json\/wp\/v2\/users\/525"}],"replies":[{"embeddable":true,"href":"https:\/\/www.intoscana.it\/it\/wp-json\/wp\/v2\/comments?post=408679"}],"version-history":[{"count":6,"href":"https:\/\/www.intoscana.it\/it\/wp-json\/wp\/v2\/posts\/408679\/revisions"}],"predecessor-version":[{"id":408689,"href":"https:\/\/www.intoscana.it\/it\/wp-json\/wp\/v2\/posts\/408679\/revisions\/408689"}],"wp:featuredmedia":[{"embeddable":true,"href":"https:\/\/www.intoscana.it\/it\/wp-json\/wp\/v2\/media\/408684"}],"wp:attachment":[{"href":"https:\/\/www.intoscana.it\/it\/wp-json\/wp\/v2\/media?parent=408679"}],"wp:term":[{"taxonomy":"category","embeddable":true,"href":"https:\/\/www.intoscana.it\/it\/wp-json\/wp\/v2\/categories?post=408679"},{"taxonomy":"post_tag","embeddable":true,"href":"https:\/\/www.intoscana.it\/it\/wp-json\/wp\/v2\/tags?post=408679"}],"curies":[{"name":"wp","href":"https:\/\/api.w.org\/{rel}","templated":true}]}}