{"id":408820,"date":"2025-11-27T10:45:32","date_gmt":"2025-11-27T09:45:32","guid":{"rendered":"https:\/\/www.intoscana.it\/it\/?p=408820"},"modified":"2025-12-01T09:23:47","modified_gmt":"2025-12-01T08:23:47","slug":"un-nuovo-asilo-nido-per-i-piccoli-pazienti-di-oncoematologia-del-meyer","status":"publish","type":"post","link":"https:\/\/www.intoscana.it\/it\/un-nuovo-asilo-nido-per-i-piccoli-pazienti-di-oncoematologia-del-meyer\/","title":{"rendered":"Un nuovo asilo nido per i piccoli pazienti di oncoematologia del Meyer"},"content":{"rendered":"<p>Un <strong>asilo nido<\/strong> per i bambini e le bambine ricoverati nel reparto di oncoematologia dell&#8217;ospedale pediatrico fiorentino Meyer. Verr\u00e0 allestito in uno dei locali adiacenti al reparto <mark>che accoglie dai 70 ai 100 nuovi pazienti, per un totale di 700 ricoveri ogni anno. Le nuove diagnosi di tumore, fa sapere il Meyer, riguardano nel 20% dei casi bambini sotto i tre anni.<\/mark><\/p>\n<p>Il progetto, promosso da Intesa Sanpaolo, ha l&#8217;obiettivo di migliorare la qualit\u00e0 del ricovero dei piccoli pazienti attraverso un programma educativo specifico. Le attivit\u00e0 vengono portate avanti seguendo le esigenze di cura\u00a0 e vengono svolte sia nelle stanze di degenza sia in un apposito spazio nido allestito nel reparto arredato con attrezzature tecniche, ludiche e materiali educativi.<\/p>\n<p>Il progetto \u00e8 stato presentato il 25 novembre dal direttore del Meyer Paolo <strong>Morello Marchese<\/strong>, dal chief social impact officer di Intesa Sanpaolo <strong>Paolo Bonassi<\/strong>, <strong>Annalisa Tondo<\/strong>, direttrice del Dai di oncoematologia pediatrica, e <strong>Luigi Paccosi<\/strong>, presidente della cooperativa sociale Et\u00e0, a cui \u00e8 affidato il servizio educativo.<\/p>\n<p>Il servizio offre attivit\u00e0 personalizzate per aiutare i piccoli a superare l&#8217;isolamento sociale e psicologico derivanti dalla malattia, dalle pesanti cure e dalla lungodegenza. <mark>Al lavoro, ci sono educatrici qualificate che attravreso il gioco, il disegno e la lettura\u00a0 offrono stimoli indispensabili per un percorso di crescita serena e aiutano la rielaborazione fantastica della realt\u00e0.<\/mark><br \/>\nIl servizio supporta anche i <strong>genitori<\/strong> che assistono direttamente il bambino durante il periodo della degenza.<\/p>\n<p>Un progetto &#8220;particolarmente importante &#8211; commenta Marchese Morello &#8211; perch\u00e9 va a sostenere i nostri piccoli pazienti oncologici, <mark>affinch\u00e9 la loro quotidianit\u00e0 in ospedale sia il meno traumatica possibile.<\/mark> Il servizio sar\u00e0 un aiuto prezioso anche delle famiglie&#8221;. Per Tondo &#8220;le attivit\u00e0 volte a garantire una normalit\u00e0 in un percorso di cura di bimbi cos\u00ec piccoli motiva e supporta loro e le famiglie nel trovare motivazione alla cura stessa&#8221;.<\/p>\n","protected":false},"excerpt":{"rendered":"<p>Il progetto, promosso da Intesa Sanpaolo, ha l&#8217;obiettivo di supportare pazienti e genitori nella lunga degenza. Ogni anno il reparto cura 700 bambine e bambini malati di tumore, il 20% ha sotto i tre anni<\/p>\n","protected":false},"author":525,"featured_media":408822,"comment_status":"open","ping_status":"open","sticky":false,"template":"","format":"standard","meta":{"_acf_changed":false,"footnotes":""},"categories":[494],"tags":[4964,408,5785,349],"class_list":["post-408820","post","type-post","status-publish","format-standard","has-post-thumbnail","hentry","category-attualita","tag-infanzia","tag-meyer","tag-ospedale-meyer","tag-sanita"],"acf":[],"yoast_head":"<!-- This site is optimized with the Yoast SEO Premium plugin v24.2 (Yoast SEO v25.6) - https:\/\/yoast.com\/wordpress\/plugins\/seo\/ -->\n<title>Un nuovo asilo nido per i piccoli pazienti di oncoematologia del Meyer - intoscana<\/title>\n<meta name=\"description\" content=\"Il progetto, promosso da Intesa Sanpaolo, ha l&#039;obiettivo di supportare pazienti e genitori nella lunga degenza. Ogni anno il reparto cura 700 bambine e bambini malati di tumore, il 20% ha sotto i tre anni\" \/>\n<meta name=\"robots\" content=\"index, follow, max-snippet:-1, max-image-preview:large, max-video-preview:-1\" \/>\n<link rel=\"canonical\" href=\"https:\/\/www.intoscana.it\/it\/un-nuovo-asilo-nido-per-i-piccoli-pazienti-di-oncoematologia-del-meyer\/\" \/>\n<meta property=\"og:locale\" content=\"it_IT\" \/>\n<meta property=\"og:type\" content=\"article\" \/>\n<meta property=\"og:title\" content=\"Un nuovo asilo nido per i piccoli pazienti di oncoematologia del Meyer\" \/>\n<meta property=\"og:description\" content=\"Il progetto, promosso da Intesa Sanpaolo, ha l&#039;obiettivo di supportare pazienti e genitori nella lunga degenza. Ogni anno il reparto cura 700 bambine e bambini malati di tumore, il 20% ha sotto i tre anni\" \/>\n<meta property=\"og:url\" content=\"https:\/\/www.intoscana.it\/it\/un-nuovo-asilo-nido-per-i-piccoli-pazienti-di-oncoematologia-del-meyer\/\" \/>\n<meta property=\"og:site_name\" content=\"intoscana\" \/>\n<meta property=\"article:publisher\" content=\"https:\/\/www.facebook.com\/intoscana.it\" \/>\n<meta property=\"article:published_time\" content=\"2025-11-27T09:45:32+00:00\" \/>\n<meta property=\"article:modified_time\" content=\"2025-12-01T08:23:47+00:00\" \/>\n<meta property=\"og:image\" content=\"https:\/\/www.intoscana.it\/wp-content\/uploads\/asilo-nido-oncoematologia.png\" \/>\n\t<meta property=\"og:image:width\" content=\"500\" \/>\n\t<meta property=\"og:image:height\" content=\"375\" \/>\n\t<meta property=\"og:image:type\" content=\"image\/png\" \/>\n<meta name=\"author\" content=\"Redazione\" \/>\n<meta name=\"twitter:card\" content=\"summary_large_image\" \/>\n<meta name=\"twitter:creator\" content=\"@intoscana\" \/>\n<meta name=\"twitter:site\" content=\"@intoscana\" \/>\n<meta name=\"twitter:label1\" content=\"Written by\" \/>\n\t<meta name=\"twitter:data1\" content=\"Redazione\" \/>\n\t<meta name=\"twitter:label2\" content=\"Est. reading time\" \/>\n\t<meta name=\"twitter:data2\" content=\"2 minuti\" \/>\n<script type=\"application\/ld+json\" class=\"yoast-schema-graph\">{\"@context\":\"https:\/\/schema.org\",\"@graph\":[{\"@type\":\"WebPage\",\"@id\":\"https:\/\/www.intoscana.it\/it\/un-nuovo-asilo-nido-per-i-piccoli-pazienti-di-oncoematologia-del-meyer\/\",\"url\":\"https:\/\/www.intoscana.it\/it\/un-nuovo-asilo-nido-per-i-piccoli-pazienti-di-oncoematologia-del-meyer\/\",\"name\":\"Un nuovo asilo nido per i piccoli pazienti di oncoematologia del Meyer - intoscana\",\"isPartOf\":{\"@id\":\"https:\/\/www.intoscana.it\/it\/#website\"},\"primaryImageOfPage\":{\"@id\":\"https:\/\/www.intoscana.it\/it\/un-nuovo-asilo-nido-per-i-piccoli-pazienti-di-oncoematologia-del-meyer\/#primaryimage\"},\"image\":{\"@id\":\"https:\/\/www.intoscana.it\/it\/un-nuovo-asilo-nido-per-i-piccoli-pazienti-di-oncoematologia-del-meyer\/#primaryimage\"},\"thumbnailUrl\":\"https:\/\/www.intoscana.it\/wp-content\/uploads\/asilo-nido-oncoematologia.png\",\"datePublished\":\"2025-11-27T09:45:32+00:00\",\"dateModified\":\"2025-12-01T08:23:47+00:00\",\"author\":{\"@id\":\"https:\/\/www.intoscana.it\/it\/#\/schema\/person\/9223810753230f20bd670fdd322661f8\"},\"description\":\"Il progetto, promosso da Intesa Sanpaolo, ha l'obiettivo di supportare pazienti e genitori nella lunga degenza. Ogni anno il reparto cura 700 bambine e bambini malati di tumore, il 20% ha sotto i tre anni\",\"breadcrumb\":{\"@id\":\"https:\/\/www.intoscana.it\/it\/un-nuovo-asilo-nido-per-i-piccoli-pazienti-di-oncoematologia-del-meyer\/#breadcrumb\"},\"inLanguage\":\"it-IT\",\"potentialAction\":[{\"@type\":\"ReadAction\",\"target\":[\"https:\/\/www.intoscana.it\/it\/un-nuovo-asilo-nido-per-i-piccoli-pazienti-di-oncoematologia-del-meyer\/\"]}]},{\"@type\":\"ImageObject\",\"inLanguage\":\"it-IT\",\"@id\":\"https:\/\/www.intoscana.it\/it\/un-nuovo-asilo-nido-per-i-piccoli-pazienti-di-oncoematologia-del-meyer\/#primaryimage\",\"url\":\"https:\/\/www.intoscana.it\/wp-content\/uploads\/asilo-nido-oncoematologia.png\",\"contentUrl\":\"https:\/\/www.intoscana.it\/wp-content\/uploads\/asilo-nido-oncoematologia.png\",\"width\":500,\"height\":375},{\"@type\":\"BreadcrumbList\",\"@id\":\"https:\/\/www.intoscana.it\/it\/un-nuovo-asilo-nido-per-i-piccoli-pazienti-di-oncoematologia-del-meyer\/#breadcrumb\",\"itemListElement\":[{\"@type\":\"ListItem\",\"position\":1,\"name\":\"Home\",\"item\":\"https:\/\/www.intoscana.it\/it\/\"},{\"@type\":\"ListItem\",\"position\":2,\"name\":\"Un nuovo asilo nido per i piccoli pazienti di oncoematologia del Meyer\"}]},{\"@type\":\"WebSite\",\"@id\":\"https:\/\/www.intoscana.it\/it\/#website\",\"url\":\"https:\/\/www.intoscana.it\/it\/\",\"name\":\"intoscana\",\"description\":\"\",\"potentialAction\":[{\"@type\":\"SearchAction\",\"target\":{\"@type\":\"EntryPoint\",\"urlTemplate\":\"https:\/\/www.intoscana.it\/it\/?s={search_term_string}\"},\"query-input\":{\"@type\":\"PropertyValueSpecification\",\"valueRequired\":true,\"valueName\":\"search_term_string\"}}],\"inLanguage\":\"it-IT\"},{\"@type\":\"Person\",\"@id\":\"https:\/\/www.intoscana.it\/it\/#\/schema\/person\/9223810753230f20bd670fdd322661f8\",\"name\":\"Redazione\",\"url\":\"https:\/\/www.intoscana.it\/it\/author\/redazione\/\"}]}<\/script>\n<!-- \/ Yoast SEO Premium plugin. -->","yoast_head_json":{"title":"Un nuovo asilo nido per i piccoli pazienti di oncoematologia del Meyer - intoscana","description":"Il progetto, promosso da Intesa Sanpaolo, ha l'obiettivo di supportare pazienti e genitori nella lunga degenza. Ogni anno il reparto cura 700 bambine e bambini malati di tumore, il 20% ha sotto i tre anni","robots":{"index":"index","follow":"follow","max-snippet":"max-snippet:-1","max-image-preview":"max-image-preview:large","max-video-preview":"max-video-preview:-1"},"canonical":"https:\/\/www.intoscana.it\/it\/un-nuovo-asilo-nido-per-i-piccoli-pazienti-di-oncoematologia-del-meyer\/","og_locale":"it_IT","og_type":"article","og_title":"Un nuovo asilo nido per i piccoli pazienti di oncoematologia del Meyer","og_description":"Il progetto, promosso da Intesa Sanpaolo, ha l'obiettivo di supportare pazienti e genitori nella lunga degenza. Ogni anno il reparto cura 700 bambine e bambini malati di tumore, il 20% ha sotto i tre anni","og_url":"https:\/\/www.intoscana.it\/it\/un-nuovo-asilo-nido-per-i-piccoli-pazienti-di-oncoematologia-del-meyer\/","og_site_name":"intoscana","article_publisher":"https:\/\/www.facebook.com\/intoscana.it","article_published_time":"2025-11-27T09:45:32+00:00","article_modified_time":"2025-12-01T08:23:47+00:00","og_image":[{"width":500,"height":375,"url":"https:\/\/www.intoscana.it\/wp-content\/uploads\/asilo-nido-oncoematologia.png","type":"image\/png"}],"author":"Redazione","twitter_card":"summary_large_image","twitter_creator":"@intoscana","twitter_site":"@intoscana","twitter_misc":{"Written by":"Redazione","Est. reading time":"2 minuti"},"schema":{"@context":"https:\/\/schema.org","@graph":[{"@type":"WebPage","@id":"https:\/\/www.intoscana.it\/it\/un-nuovo-asilo-nido-per-i-piccoli-pazienti-di-oncoematologia-del-meyer\/","url":"https:\/\/www.intoscana.it\/it\/un-nuovo-asilo-nido-per-i-piccoli-pazienti-di-oncoematologia-del-meyer\/","name":"Un nuovo asilo nido per i piccoli pazienti di oncoematologia del Meyer - intoscana","isPartOf":{"@id":"https:\/\/www.intoscana.it\/it\/#website"},"primaryImageOfPage":{"@id":"https:\/\/www.intoscana.it\/it\/un-nuovo-asilo-nido-per-i-piccoli-pazienti-di-oncoematologia-del-meyer\/#primaryimage"},"image":{"@id":"https:\/\/www.intoscana.it\/it\/un-nuovo-asilo-nido-per-i-piccoli-pazienti-di-oncoematologia-del-meyer\/#primaryimage"},"thumbnailUrl":"https:\/\/www.intoscana.it\/wp-content\/uploads\/asilo-nido-oncoematologia.png","datePublished":"2025-11-27T09:45:32+00:00","dateModified":"2025-12-01T08:23:47+00:00","author":{"@id":"https:\/\/www.intoscana.it\/it\/#\/schema\/person\/9223810753230f20bd670fdd322661f8"},"description":"Il progetto, promosso da Intesa Sanpaolo, ha l'obiettivo di supportare pazienti e genitori nella lunga degenza. Ogni anno il reparto cura 700 bambine e bambini malati di tumore, il 20% ha sotto i tre anni","breadcrumb":{"@id":"https:\/\/www.intoscana.it\/it\/un-nuovo-asilo-nido-per-i-piccoli-pazienti-di-oncoematologia-del-meyer\/#breadcrumb"},"inLanguage":"it-IT","potentialAction":[{"@type":"ReadAction","target":["https:\/\/www.intoscana.it\/it\/un-nuovo-asilo-nido-per-i-piccoli-pazienti-di-oncoematologia-del-meyer\/"]}]},{"@type":"ImageObject","inLanguage":"it-IT","@id":"https:\/\/www.intoscana.it\/it\/un-nuovo-asilo-nido-per-i-piccoli-pazienti-di-oncoematologia-del-meyer\/#primaryimage","url":"https:\/\/www.intoscana.it\/wp-content\/uploads\/asilo-nido-oncoematologia.png","contentUrl":"https:\/\/www.intoscana.it\/wp-content\/uploads\/asilo-nido-oncoematologia.png","width":500,"height":375},{"@type":"BreadcrumbList","@id":"https:\/\/www.intoscana.it\/it\/un-nuovo-asilo-nido-per-i-piccoli-pazienti-di-oncoematologia-del-meyer\/#breadcrumb","itemListElement":[{"@type":"ListItem","position":1,"name":"Home","item":"https:\/\/www.intoscana.it\/it\/"},{"@type":"ListItem","position":2,"name":"Un nuovo asilo nido per i piccoli pazienti di oncoematologia del Meyer"}]},{"@type":"WebSite","@id":"https:\/\/www.intoscana.it\/it\/#website","url":"https:\/\/www.intoscana.it\/it\/","name":"intoscana","description":"","potentialAction":[{"@type":"SearchAction","target":{"@type":"EntryPoint","urlTemplate":"https:\/\/www.intoscana.it\/it\/?s={search_term_string}"},"query-input":{"@type":"PropertyValueSpecification","valueRequired":true,"valueName":"search_term_string"}}],"inLanguage":"it-IT"},{"@type":"Person","@id":"https:\/\/www.intoscana.it\/it\/#\/schema\/person\/9223810753230f20bd670fdd322661f8","name":"Redazione","url":"https:\/\/www.intoscana.it\/it\/author\/redazione\/"}]}},"_links":{"self":[{"href":"https:\/\/www.intoscana.it\/it\/wp-json\/wp\/v2\/posts\/408820","targetHints":{"allow":["GET"]}}],"collection":[{"href":"https:\/\/www.intoscana.it\/it\/wp-json\/wp\/v2\/posts"}],"about":[{"href":"https:\/\/www.intoscana.it\/it\/wp-json\/wp\/v2\/types\/post"}],"author":[{"embeddable":true,"href":"https:\/\/www.intoscana.it\/it\/wp-json\/wp\/v2\/users\/525"}],"replies":[{"embeddable":true,"href":"https:\/\/www.intoscana.it\/it\/wp-json\/wp\/v2\/comments?post=408820"}],"version-history":[{"count":5,"href":"https:\/\/www.intoscana.it\/it\/wp-json\/wp\/v2\/posts\/408820\/revisions"}],"predecessor-version":[{"id":409010,"href":"https:\/\/www.intoscana.it\/it\/wp-json\/wp\/v2\/posts\/408820\/revisions\/409010"}],"wp:featuredmedia":[{"embeddable":true,"href":"https:\/\/www.intoscana.it\/it\/wp-json\/wp\/v2\/media\/408822"}],"wp:attachment":[{"href":"https:\/\/www.intoscana.it\/it\/wp-json\/wp\/v2\/media?parent=408820"}],"wp:term":[{"taxonomy":"category","embeddable":true,"href":"https:\/\/www.intoscana.it\/it\/wp-json\/wp\/v2\/categories?post=408820"},{"taxonomy":"post_tag","embeddable":true,"href":"https:\/\/www.intoscana.it\/it\/wp-json\/wp\/v2\/tags?post=408820"}],"curies":[{"name":"wp","href":"https:\/\/api.w.org\/{rel}","templated":true}]}}