{"id":408942,"date":"2025-11-29T09:00:00","date_gmt":"2025-11-29T08:00:00","guid":{"rendered":"https:\/\/www.intoscana.it\/it\/?p=408942"},"modified":"2025-11-28T18:09:12","modified_gmt":"2025-11-28T17:09:12","slug":"savino-del-bene-ritorno-europeo-da-grande-squadra-alba-blaj-travolta-3-0","status":"publish","type":"post","link":"https:\/\/www.intoscana.it\/it\/savino-del-bene-ritorno-europeo-da-grande-squadra-alba-blaj-travolta-3-0\/","title":{"rendered":"Savino Del Bene, ritorno europeo da grande squadra: Alba Blaj travolta 3-0"},"content":{"rendered":"<p>Dopo mesi di attesa, il Pala BigMat di Firenze ritrova la CEV <strong>Champions League<\/strong> e la <strong>Savino Del Bene Volley<\/strong>, argento nella scorsa edizione, ci mette pochi scambi per ricordare a tutti perch\u00e9 il palcoscenico europeo sembra cucito su misura per lei. Il 3-0 con cui Scandicci liquida l\u2019Alba Blaj non \u00e8 solo un risultato netto: \u00e8 la fotografia di una squadra che ha chiaro chi vuole essere in questa stagione ricchissima di impegni importanti.<\/p>\n<p>Potenza, ordine (quasi sempre), profondit\u00e0 della rosa e un muro che nella prima uscita europea ha fatto la differenza come raramente accade a questi livelli: <strong>15 vincenti contro i 2 delle avversarie<\/strong>.<\/p>\n<h3><strong>Una partenza che non lascia dubbi<\/strong><\/h3>\n<p>Nel primo set Scandicci mette subito in chiaro il copione: ritmo alto, battuta aggressiva e soprattutto un muro che diventa la chiave tecnica del parziale. <strong>Nwakalor<\/strong> firma una prestazione da leader emotiva e tecnica, Ruddins e Skinner trasformano ogni palla buona e il 25-13 arriva senza sorprese. Il pubblico capisce che sar\u00e0 una serata di dominio.<\/p>\n<h3><strong>Il secondo set? Una prova di maturit\u00e0<\/strong><\/h3>\n<p>\u00c8 l\u2019unico momento in cui l\u2019Alba Blaj alza davvero la testa. Dal 5-1 per Scandicci si passa all\u20198-7 romeno, ma \u00e8 una fiammata: le toscane non si scompongono, riprendono subito ritmo e negli ultimi punti mettono in campo la lucidit\u00e0 delle grandi squadre. Bosetti chiude in diagonale il 25-21, Ognjenovic illumina il palazzetto con un\u2019alzata a una mano che strappa applausi. \u00c8 il segnale: anche nei momenti storti, la Savino Del Bene c\u2019\u00e8.<\/p>\n<h3><strong>Il terzo \u00e8 un monologo<\/strong><\/h3>\n<p>Il 6-1 iniziale \u00e8 la fotografia del set: Scandicci corre, l\u2019Alba Blaj rincorre. <strong>Franklin<\/strong>, recuperata da un infortunio muscolare che l&#8217;aveva tenuta out negli ultimi incontri di campionato, entra e cambia l\u2019inerzia, Graziani si prende responsabilit\u00e0 e chiude il match con il 25-14. La sensazione \u00e8 chiara: questa \u00e8 una squadra che, quando trova ritmo, pu\u00f2 mettere sotto chiunque.<\/p>\n<h3><strong>Ruddins MVP, ma la forza \u00e8 il gruppo<\/strong><\/h3>\n<p>La miglior realizzatrice \u00e8 <strong>Lindsey Ruddins (14 punti)<\/strong>, ma basta scorrere il tabellino per capire che la Savino Del Bene ha pescato da tutte le caselle della propria rosa.<br \/>\nNwakalor ne mette 12, Skinner e Bosetti 10 a testa, la ricezione tiene, l\u2019attacco gira al 47%. \u00c8 la fotografia di una squadra che si muove con armonia, anche quando Gaspari ruota l\u2019organico.<\/p>\n<h3><strong>Gaspari: \u201cAprire e chiudere i cassetti: ci aspettano dieci giorni chiave\u201d<\/strong><\/h3>\n<p>Nel post-partita il coach \u00e8 soddisfatto ma, come sempre, guarda oltre: &#8220;<em>Era fondamentale partire bene e <strong>far ruotare un po\u2019 le atlete<\/strong>. Sapevamo che la partita sarebbe passata da muro e difesa e infatti abbiamo chiuso con 15 muri punto. In alcuni momenti siamo stati un po\u2019 disordinati, ma <strong>dobbiamo crescere durante le gare<\/strong>: in questa fase si lavora pochissimo in palestra<\/em>&#8220;. Poi lo sguardo si allunga sulle prossime settimane: &#8220;<em>Arrivano due partite di Champions importantissime, il big match con il <strong>VakifBank<\/strong>, la trasferta di <strong>Macerata<\/strong> che decide il secondo posto del girone d\u2019andata e poi il <strong>Mondiale per Club<\/strong>. Tutto in dieci giorni: serve elasticit\u00e0, serve saper aprire e chiudere i cassetti. Brave le ragazze, anche chi ha esordito oggi&#8221;<\/em>. Una nota speciale per Ruddins, MVP del match: &#8220;<em>\u00c8 un\u2019<strong>atleta straordinaria<\/strong>. Se credesse ancora di pi\u00f9 in se stessa avrebbe margini pazzeschi. \u00c8 disciplinata, generosa, e fa tanto di quel lavoro \u201csporco\u201d che spesso non si vede<\/em>&#8220;.<\/p>\n<p>&nbsp;<\/p>\n<p>&nbsp;<\/p>\n","protected":false},"excerpt":{"rendered":"<p>A Scandicci serata perfetta: ritmo, profondit\u00e0 e un muro insuperabile. Ruddins MVP. Gaspari: \u201cAdesso testa a Macerata, dieci giorni decisivi per la stagione\u201d<\/p>\n","protected":false},"author":507,"featured_media":408944,"comment_status":"open","ping_status":"open","sticky":false,"template":"","format":"standard","meta":{"_acf_changed":false,"footnotes":""},"categories":[494],"tags":[6615,159],"class_list":["post-408942","post","type-post","status-publish","format-standard","has-post-thumbnail","hentry","category-attualita","tag-savino-del-bene-volley","tag-sport"],"acf":[],"yoast_head":"<!-- This site is optimized with the Yoast SEO Premium plugin v24.2 (Yoast SEO v25.6) - https:\/\/yoast.com\/wordpress\/plugins\/seo\/ -->\n<title>Savino Del Bene, ritorno europeo da grande squadra: Alba Blaj travolta 3-0 - intoscana<\/title>\n<meta name=\"robots\" content=\"index, follow, max-snippet:-1, max-image-preview:large, max-video-preview:-1\" \/>\n<link rel=\"canonical\" href=\"https:\/\/www.intoscana.it\/it\/savino-del-bene-ritorno-europeo-da-grande-squadra-alba-blaj-travolta-3-0\/\" \/>\n<meta property=\"og:locale\" content=\"it_IT\" \/>\n<meta property=\"og:type\" content=\"article\" \/>\n<meta property=\"og:title\" content=\"Savino Del Bene, ritorno europeo da grande squadra: Alba Blaj travolta 3-0\" \/>\n<meta property=\"og:description\" content=\"A Scandicci serata perfetta: ritmo, profondit\u00e0 e un muro insuperabile. Ruddins MVP. Gaspari: \u201cAdesso testa a Macerata, dieci giorni decisivi per la stagione\u201d\" \/>\n<meta property=\"og:url\" content=\"https:\/\/www.intoscana.it\/it\/savino-del-bene-ritorno-europeo-da-grande-squadra-alba-blaj-travolta-3-0\/\" \/>\n<meta property=\"og:site_name\" content=\"intoscana\" \/>\n<meta property=\"article:publisher\" content=\"https:\/\/www.facebook.com\/intoscana.it\" \/>\n<meta property=\"article:published_time\" content=\"2025-11-29T08:00:00+00:00\" \/>\n<meta property=\"og:image\" content=\"https:\/\/www.intoscana.it\/wp-content\/uploads\/2025-11-27-Savino-Del-Bene-SCANDICCI-vs-CS-Volei-Alba-BLAJ.jpeg\" \/>\n\t<meta property=\"og:image:width\" content=\"1280\" \/>\n\t<meta property=\"og:image:height\" content=\"853\" \/>\n\t<meta property=\"og:image:type\" content=\"image\/jpeg\" \/>\n<meta name=\"author\" content=\"Chiara Bianchini\" \/>\n<meta name=\"twitter:card\" content=\"summary_large_image\" \/>\n<meta name=\"twitter:creator\" content=\"@intoscana\" \/>\n<meta name=\"twitter:site\" content=\"@intoscana\" \/>\n<meta name=\"twitter:label1\" content=\"Written by\" \/>\n\t<meta name=\"twitter:data1\" content=\"Chiara Bianchini\" \/>\n\t<meta name=\"twitter:label2\" content=\"Est. reading time\" \/>\n\t<meta name=\"twitter:data2\" content=\"4 minuti\" \/>\n<script type=\"application\/ld+json\" class=\"yoast-schema-graph\">{\"@context\":\"https:\/\/schema.org\",\"@graph\":[{\"@type\":\"WebPage\",\"@id\":\"https:\/\/www.intoscana.it\/it\/savino-del-bene-ritorno-europeo-da-grande-squadra-alba-blaj-travolta-3-0\/\",\"url\":\"https:\/\/www.intoscana.it\/it\/savino-del-bene-ritorno-europeo-da-grande-squadra-alba-blaj-travolta-3-0\/\",\"name\":\"Savino Del Bene, ritorno europeo da grande squadra: Alba Blaj travolta 3-0 - intoscana\",\"isPartOf\":{\"@id\":\"https:\/\/www.intoscana.it\/it\/#website\"},\"primaryImageOfPage\":{\"@id\":\"https:\/\/www.intoscana.it\/it\/savino-del-bene-ritorno-europeo-da-grande-squadra-alba-blaj-travolta-3-0\/#primaryimage\"},\"image\":{\"@id\":\"https:\/\/www.intoscana.it\/it\/savino-del-bene-ritorno-europeo-da-grande-squadra-alba-blaj-travolta-3-0\/#primaryimage\"},\"thumbnailUrl\":\"https:\/\/www.intoscana.it\/wp-content\/uploads\/2025-11-27-Savino-Del-Bene-SCANDICCI-vs-CS-Volei-Alba-BLAJ.jpeg\",\"datePublished\":\"2025-11-29T08:00:00+00:00\",\"author\":{\"@id\":\"https:\/\/www.intoscana.it\/it\/#\/schema\/person\/010af92117f50561886339ad5b873a41\"},\"breadcrumb\":{\"@id\":\"https:\/\/www.intoscana.it\/it\/savino-del-bene-ritorno-europeo-da-grande-squadra-alba-blaj-travolta-3-0\/#breadcrumb\"},\"inLanguage\":\"it-IT\",\"potentialAction\":[{\"@type\":\"ReadAction\",\"target\":[\"https:\/\/www.intoscana.it\/it\/savino-del-bene-ritorno-europeo-da-grande-squadra-alba-blaj-travolta-3-0\/\"]}]},{\"@type\":\"ImageObject\",\"inLanguage\":\"it-IT\",\"@id\":\"https:\/\/www.intoscana.it\/it\/savino-del-bene-ritorno-europeo-da-grande-squadra-alba-blaj-travolta-3-0\/#primaryimage\",\"url\":\"https:\/\/www.intoscana.it\/wp-content\/uploads\/2025-11-27-Savino-Del-Bene-SCANDICCI-vs-CS-Volei-Alba-BLAJ.jpeg\",\"contentUrl\":\"https:\/\/www.intoscana.it\/wp-content\/uploads\/2025-11-27-Savino-Del-Bene-SCANDICCI-vs-CS-Volei-Alba-BLAJ.jpeg\",\"width\":1280,\"height\":853,\"caption\":\"2025 11 27 Savino Del Bene SCANDICCI vs CS Volei Alba BLAJ - CEV Champions League Women 27.11.2025 - Pala BigMat Firenze - Foto Maurizio Anatrini\"},{\"@type\":\"BreadcrumbList\",\"@id\":\"https:\/\/www.intoscana.it\/it\/savino-del-bene-ritorno-europeo-da-grande-squadra-alba-blaj-travolta-3-0\/#breadcrumb\",\"itemListElement\":[{\"@type\":\"ListItem\",\"position\":1,\"name\":\"Home\",\"item\":\"https:\/\/www.intoscana.it\/it\/\"},{\"@type\":\"ListItem\",\"position\":2,\"name\":\"Savino Del Bene, ritorno europeo da grande squadra: Alba Blaj travolta 3-0\"}]},{\"@type\":\"WebSite\",\"@id\":\"https:\/\/www.intoscana.it\/it\/#website\",\"url\":\"https:\/\/www.intoscana.it\/it\/\",\"name\":\"intoscana\",\"description\":\"\",\"potentialAction\":[{\"@type\":\"SearchAction\",\"target\":{\"@type\":\"EntryPoint\",\"urlTemplate\":\"https:\/\/www.intoscana.it\/it\/?s={search_term_string}\"},\"query-input\":{\"@type\":\"PropertyValueSpecification\",\"valueRequired\":true,\"valueName\":\"search_term_string\"}}],\"inLanguage\":\"it-IT\"},{\"@type\":\"Person\",\"@id\":\"https:\/\/www.intoscana.it\/it\/#\/schema\/person\/010af92117f50561886339ad5b873a41\",\"name\":\"Chiara Bianchini\",\"sameAs\":[\"c.bianchini@fst.it\"],\"url\":\"https:\/\/www.intoscana.it\/it\/author\/chiara-bianchini\/\"}]}<\/script>\n<!-- \/ Yoast SEO Premium plugin. -->","yoast_head_json":{"title":"Savino Del Bene, ritorno europeo da grande squadra: Alba Blaj travolta 3-0 - intoscana","robots":{"index":"index","follow":"follow","max-snippet":"max-snippet:-1","max-image-preview":"max-image-preview:large","max-video-preview":"max-video-preview:-1"},"canonical":"https:\/\/www.intoscana.it\/it\/savino-del-bene-ritorno-europeo-da-grande-squadra-alba-blaj-travolta-3-0\/","og_locale":"it_IT","og_type":"article","og_title":"Savino Del Bene, ritorno europeo da grande squadra: Alba Blaj travolta 3-0","og_description":"A Scandicci serata perfetta: ritmo, profondit\u00e0 e un muro insuperabile. Ruddins MVP. Gaspari: \u201cAdesso testa a Macerata, dieci giorni decisivi per la stagione\u201d","og_url":"https:\/\/www.intoscana.it\/it\/savino-del-bene-ritorno-europeo-da-grande-squadra-alba-blaj-travolta-3-0\/","og_site_name":"intoscana","article_publisher":"https:\/\/www.facebook.com\/intoscana.it","article_published_time":"2025-11-29T08:00:00+00:00","og_image":[{"width":1280,"height":853,"url":"https:\/\/www.intoscana.it\/wp-content\/uploads\/2025-11-27-Savino-Del-Bene-SCANDICCI-vs-CS-Volei-Alba-BLAJ.jpeg","type":"image\/jpeg"}],"author":"Chiara Bianchini","twitter_card":"summary_large_image","twitter_creator":"@intoscana","twitter_site":"@intoscana","twitter_misc":{"Written by":"Chiara Bianchini","Est. reading time":"4 minuti"},"schema":{"@context":"https:\/\/schema.org","@graph":[{"@type":"WebPage","@id":"https:\/\/www.intoscana.it\/it\/savino-del-bene-ritorno-europeo-da-grande-squadra-alba-blaj-travolta-3-0\/","url":"https:\/\/www.intoscana.it\/it\/savino-del-bene-ritorno-europeo-da-grande-squadra-alba-blaj-travolta-3-0\/","name":"Savino Del Bene, ritorno europeo da grande squadra: Alba Blaj travolta 3-0 - intoscana","isPartOf":{"@id":"https:\/\/www.intoscana.it\/it\/#website"},"primaryImageOfPage":{"@id":"https:\/\/www.intoscana.it\/it\/savino-del-bene-ritorno-europeo-da-grande-squadra-alba-blaj-travolta-3-0\/#primaryimage"},"image":{"@id":"https:\/\/www.intoscana.it\/it\/savino-del-bene-ritorno-europeo-da-grande-squadra-alba-blaj-travolta-3-0\/#primaryimage"},"thumbnailUrl":"https:\/\/www.intoscana.it\/wp-content\/uploads\/2025-11-27-Savino-Del-Bene-SCANDICCI-vs-CS-Volei-Alba-BLAJ.jpeg","datePublished":"2025-11-29T08:00:00+00:00","author":{"@id":"https:\/\/www.intoscana.it\/it\/#\/schema\/person\/010af92117f50561886339ad5b873a41"},"breadcrumb":{"@id":"https:\/\/www.intoscana.it\/it\/savino-del-bene-ritorno-europeo-da-grande-squadra-alba-blaj-travolta-3-0\/#breadcrumb"},"inLanguage":"it-IT","potentialAction":[{"@type":"ReadAction","target":["https:\/\/www.intoscana.it\/it\/savino-del-bene-ritorno-europeo-da-grande-squadra-alba-blaj-travolta-3-0\/"]}]},{"@type":"ImageObject","inLanguage":"it-IT","@id":"https:\/\/www.intoscana.it\/it\/savino-del-bene-ritorno-europeo-da-grande-squadra-alba-blaj-travolta-3-0\/#primaryimage","url":"https:\/\/www.intoscana.it\/wp-content\/uploads\/2025-11-27-Savino-Del-Bene-SCANDICCI-vs-CS-Volei-Alba-BLAJ.jpeg","contentUrl":"https:\/\/www.intoscana.it\/wp-content\/uploads\/2025-11-27-Savino-Del-Bene-SCANDICCI-vs-CS-Volei-Alba-BLAJ.jpeg","width":1280,"height":853,"caption":"2025 11 27 Savino Del Bene SCANDICCI vs CS Volei Alba BLAJ - CEV Champions League Women 27.11.2025 - Pala BigMat Firenze - Foto Maurizio Anatrini"},{"@type":"BreadcrumbList","@id":"https:\/\/www.intoscana.it\/it\/savino-del-bene-ritorno-europeo-da-grande-squadra-alba-blaj-travolta-3-0\/#breadcrumb","itemListElement":[{"@type":"ListItem","position":1,"name":"Home","item":"https:\/\/www.intoscana.it\/it\/"},{"@type":"ListItem","position":2,"name":"Savino Del Bene, ritorno europeo da grande squadra: Alba Blaj travolta 3-0"}]},{"@type":"WebSite","@id":"https:\/\/www.intoscana.it\/it\/#website","url":"https:\/\/www.intoscana.it\/it\/","name":"intoscana","description":"","potentialAction":[{"@type":"SearchAction","target":{"@type":"EntryPoint","urlTemplate":"https:\/\/www.intoscana.it\/it\/?s={search_term_string}"},"query-input":{"@type":"PropertyValueSpecification","valueRequired":true,"valueName":"search_term_string"}}],"inLanguage":"it-IT"},{"@type":"Person","@id":"https:\/\/www.intoscana.it\/it\/#\/schema\/person\/010af92117f50561886339ad5b873a41","name":"Chiara Bianchini","sameAs":["c.bianchini@fst.it"],"url":"https:\/\/www.intoscana.it\/it\/author\/chiara-bianchini\/"}]}},"_links":{"self":[{"href":"https:\/\/www.intoscana.it\/it\/wp-json\/wp\/v2\/posts\/408942","targetHints":{"allow":["GET"]}}],"collection":[{"href":"https:\/\/www.intoscana.it\/it\/wp-json\/wp\/v2\/posts"}],"about":[{"href":"https:\/\/www.intoscana.it\/it\/wp-json\/wp\/v2\/types\/post"}],"author":[{"embeddable":true,"href":"https:\/\/www.intoscana.it\/it\/wp-json\/wp\/v2\/users\/507"}],"replies":[{"embeddable":true,"href":"https:\/\/www.intoscana.it\/it\/wp-json\/wp\/v2\/comments?post=408942"}],"version-history":[{"count":1,"href":"https:\/\/www.intoscana.it\/it\/wp-json\/wp\/v2\/posts\/408942\/revisions"}],"predecessor-version":[{"id":408945,"href":"https:\/\/www.intoscana.it\/it\/wp-json\/wp\/v2\/posts\/408942\/revisions\/408945"}],"wp:featuredmedia":[{"embeddable":true,"href":"https:\/\/www.intoscana.it\/it\/wp-json\/wp\/v2\/media\/408944"}],"wp:attachment":[{"href":"https:\/\/www.intoscana.it\/it\/wp-json\/wp\/v2\/media?parent=408942"}],"wp:term":[{"taxonomy":"category","embeddable":true,"href":"https:\/\/www.intoscana.it\/it\/wp-json\/wp\/v2\/categories?post=408942"},{"taxonomy":"post_tag","embeddable":true,"href":"https:\/\/www.intoscana.it\/it\/wp-json\/wp\/v2\/tags?post=408942"}],"curies":[{"name":"wp","href":"https:\/\/api.w.org\/{rel}","templated":true}]}}