{"id":409028,"date":"2025-12-02T11:50:39","date_gmt":"2025-12-02T10:50:39","guid":{"rendered":"https:\/\/www.intoscana.it\/it\/?p=409028"},"modified":"2025-12-02T15:37:18","modified_gmt":"2025-12-02T14:37:18","slug":"ponte-dellimmacolata-in-toscana-i-musei-aperti-e-le-mostre-da-non-perdere","status":"publish","type":"post","link":"https:\/\/www.intoscana.it\/it\/ponte-dellimmacolata-in-toscana-i-musei-aperti-e-le-mostre-da-non-perdere\/","title":{"rendered":"Ponte dell&#8217;Immacolata in Toscana, i musei aperti e le mostre da non perdere"},"content":{"rendered":"<p>Con <strong>l&#8217;Immacolata<\/strong> arriva il primo lungo ponte natalizio. Pi\u00f9 tempo per una vacanza e anche per visitare i musei toscani. <mark>Sono in programma aperture straordinarie, mostre e appuntamenti dedicati alla scoperta del patrimonio artistico e culturale regionale.<\/mark><\/p>\n<h3><em>I musei aperti a Firenze, c&#8217;\u00e8 anche la domenica metropolitana<\/em><\/h3>\n<p data-start=\"0\" data-end=\"495\"><strong data-start=\"201\" data-end=\"222\">Luned\u00ec 8 dicembre<\/strong>, giornata festiva dell\u2019Immacolata Concezione, il <strong data-start=\"272\" data-end=\"315\">Museo Archeologico Nazionale di Firenze<\/strong> sar\u00e0 regolarmente aperto dalle <strong data-start=\"347\" data-end=\"366\">8.30 alle 14.00<\/strong>, con ultimo ingresso alle 13.15: un\u2019ottima occasione per dedicarsi a un viaggio nel tempo tra civilt\u00e0 etrusca, romana ed egizia.<\/p>\n<p data-start=\"0\" data-end=\"495\">Apertura straordinaria anche per le <strong>Gallerie degli Uffizi<\/strong>. Nel dettaglio, 7 dicembre, <a href=\"https:\/\/www.uffizi.it\/eventi\/domenica-al-museo\" target=\"_blank\" rel=\"noopener\">prima domenica del mese<\/a>, tutti i musei aprono con<strong> ingresso\u00a0gratuito\u00a0<\/strong>con orario ordinario. Uffizi e Palazzo Pitti: orario 8.15-18.30. Giardino di Boboli: orario 8.15-16.30. Luned\u00ec 8 dicempre, apertura straordinaria per gli <strong>Uffizi\u00a0<\/strong>(eccetto il Corridoio Vasariano)\u00a0 e il <strong>Giardino di Boboli<\/strong>, con<strong>\u00a0<\/strong>tariffe e orario ordinari.<\/p>\n<p data-start=\"0\" data-end=\"495\">A Palazzo Strozzi e al Museo di San Marco prosegue (fino al 25 gennaio) la mostra dedicata al <a href=\"https:\/\/www.intoscana.it\/it\/dettaglio-video\/una-grande-mostra-a-firenze-celebra-beato-angelico-il-pittore-della-luce\/\" target=\"_blank\" rel=\"noopener\">Beato Angelico<\/a>.<\/p>\n<p data-start=\"497\" data-end=\"1428\">La vigilia, <strong data-start=\"509\" data-end=\"532\">domenica 7 dicembre<\/strong>, coincide invece con la <strong data-start=\"557\" data-end=\"583\">Domenica Metropolitana<\/strong>, l\u2019appuntamento che permette a tutti i residenti della <strong data-start=\"639\" data-end=\"673\">Citt\u00e0 Metropolitana di Firenze<\/strong> di visitare gratuitamente i <strong data-start=\"702\" data-end=\"729\">Musei Civici Fiorentini<\/strong> e <strong data-start=\"732\" data-end=\"759\">Palazzo Medici Riccardi<\/strong>. In programma visite guidate e attivit\u00e0 ideate da Comune, Citt\u00e0 Metropolitana e MUS.E. Si potranno esplorare i <strong data-start=\"979\" data-end=\"1018\">Percorsi segreti di Palazzo Vecchio<\/strong> o scegliere uno degli altri musei aperti: Palazzo Medici Riccardi, Cappella Brancacci, Museo Novecento, Museo Stefano Bardini, MAD \u2013 Murate Art District e Memoriale delle deportazioni. A Palazzo Medici Riccardi, inoltre, alcuni ambienti della <strong data-start=\"1262\" data-end=\"1276\">Prefettura<\/strong> \u2013 solitamente chiusi al pubblico \u2013 saranno eccezionalmente accessibili, con opere preziose come il <strong data-start=\"1376\" data-end=\"1416\">Matrimonio mistico di Santa Caterina<\/strong> del Cigoli.<\/p>\n<p data-start=\"1430\" data-end=\"2091\">Il <strong data-start=\"1433\" data-end=\"1452\">Museo Novecento<\/strong> proponea tre mostre di grande interesse: <strong data-start=\"1536\" data-end=\"1562\">\u201cLa Citt\u00e0 delle donne\u201d<\/strong> di Lorenzo Bonechi, il progetto celebrativo <strong data-start=\"1607\" data-end=\"1647\">\u201cCentoventi: Villa Romana 1905\u20132025\u201d<\/strong> e la nuova esposizione dedicata a <strong data-start=\"1682\" data-end=\"1700\">Helen Chadwick<\/strong>, che porta a Firenze la prima ampia retrospettiva italiana di una delle artiste britanniche pi\u00f9 influenti della seconda met\u00e0 del Novecento. Sar\u00e0 accessibile anche il <strong data-start=\"1931\" data-end=\"1960\">Giardino delle Leopoldine<\/strong>, dove si potr\u00e0 disegnare dal vivo con materiali messi a disposizione dal museo o sfogliare i libri della nuova <strong data-start=\"2072\" data-end=\"2090\">Libreria Verde<\/strong>.<\/p>\n<p data-start=\"2093\" data-end=\"3033\"><strong data-start=\"2123\" data-end=\"2150\">Palazzo Medici Riccardi<\/strong> ospita due esposizioni: <strong data-start=\"2207\" data-end=\"2248\">\u201cClemen Parrocchetti. Ironia Ribelle\u201d<\/strong>, dedicata a una figura vicina ai movimenti femministi italiani, e <strong data-start=\"2315\" data-end=\"2366\">\u201cCarlo Adolfo Schlatter. Artista dello spirito\u201d<\/strong>, un percorso che celebra uno dei protagonisti pi\u00f9 originali del primo Novecento fiorentino. Gli appassionati di arte contemporanea troveranno invece al <strong data-start=\"2519\" data-end=\"2548\">MAD \u2013 Murate Art District<\/strong> due mostre molto diverse tra loro, una dedicata all\u2019artista tessile <strong data-start=\"2617\" data-end=\"2636\">Jakkai Siributr<\/strong> e l\u2019altra al progetto fotografico <strong data-start=\"2671\" data-end=\"2699\">\u201cAtlas of the New World\u201d<\/strong> di Giulia Piermartiri ed Edoardo Delille, che immagina il futuro del pianeta partendo da un presente tangibile.<\/p>\n<p data-start=\"2093\" data-end=\"3033\">Nelle <strong data-start=\"2844\" data-end=\"2878\">Sale d\u2019Arme di Palazzo Vecchio<\/strong> si potr\u00e0 visitare l\u2019esposizione <strong data-start=\"2911\" data-end=\"2946\">\u201cIl Tempo Fluido. Che Jianquan\u201d<\/strong>, primo capitolo di un ambizioso progetto dedicato alla videoarte cinese contemporanea. Sempre a <strong data-start=\"3044\" data-end=\"3063\">Palazzo Vecchio<\/strong> prosegue\u00a0 la mostra <strong data-start=\"3141\" data-end=\"3189\">\u201cBoccaccio politico per la citt\u00e0 di Firenze\u201d<\/strong>, che mette in luce il volto pubblico e civile del grande autore del <em data-start=\"3258\" data-end=\"3269\">Decameron<\/em>. Per questa giornata \u00e8 previsto anche un itinerario speciale tra i <strong data-start=\"3337\" data-end=\"3379\">luoghi simbolo del Trecento fiorentino<\/strong>. Chi preferisce il fascino del collezionismo storico potr\u00e0 invece approfittare degli ultimi giorni della mostra <strong data-start=\"3492\" data-end=\"3520\">\u201cThomas Patch a Firenze\u201d<\/strong> al <strong data-start=\"3524\" data-end=\"3549\">Museo Stefano Bardini<\/strong>, dedicata al pittore e incisore inglese nel tricentenario della sua nascita.<\/p>\n<p data-start=\"3628\" data-end=\"4178\">Tutte le attivit\u00e0 della Domenica Metropolitana sono gratuite, ma richiedono la <strong data-start=\"3841\" data-end=\"3870\">prenotazione obbligatoria<\/strong> e consentono di riservare un solo appuntamento per un massimo di cinque persone, fino a esaurimento posti. I musei civici osserveranno i loro orari consueti, con biglietterie aperte fino a un\u2019ora prima della chiusura, mentre la <strong data-start=\"4099\" data-end=\"4119\">Torre di Arnolfo<\/strong> rester\u00e0 chiusa in caso di pioggia per motivi di sicurezza.<\/p>\n<h3 data-start=\"3628\" data-end=\"4178\"><em>Natura e storia, viaggio nei Parchi archeologici della Maremma<\/em><\/h3>\n<p data-start=\"76\" data-end=\"513\">I siti archeologici di <strong data-start=\"321\" data-end=\"332\">Roselle<\/strong>, <strong data-start=\"334\" data-end=\"342\">Cosa<\/strong> e <strong data-start=\"345\" data-end=\"358\">Vetulonia<\/strong> saranno aperti sia domenica 7 che luned\u00ec 8 dicembre, offrendo due giornate consecutive per scoprire il patrimonio etrusco e romano del territorio. Da segnalare che con <strong data-start=\"566\" data-end=\"587\">Domenica al Museo<\/strong>, l\u2019iniziativa nazionale del Ministero della Cultura che prevede l\u2019ingresso gratuito nei musei e nei luoghi della cultura statali, i visitatori potranno accedere senza biglietto ai tre siti.<\/p>\n<figure id=\"post-185094 media-185094\" class=\"align-none\"><img decoding=\"async\" src=\"https:\/\/www.intoscana.it\/wp-content\/uploads\/Roselle-scaled.jpg\" alt=\"\" \/><\/figure>\n<div class=\"titleimg\">Roselle &#8211; \u00a9 Dragoncello<\/div>\n<p data-start=\"845\" data-end=\"1096\">Il <strong data-start=\"848\" data-end=\"868\">Parco di Roselle<\/strong> sar\u00e0 aperto dalle 8.15 alle 17.15, con ultimo ingresso alle 16.30, e offrir\u00e0 una visita guidata gratuita alle 10 a cura dell\u2019associazione culturale \u201cLe Orme\u201d. Luned\u00ec 8 dicembre il parco manterr\u00e0 gli stessi orari di apertura.<\/p>\n<p data-start=\"845\" data-end=\"1096\">Il <strong data-start=\"1107\" data-end=\"1145\">Parco archeologico e Museo di Cosa<\/strong> accoglier\u00e0 i visitatori nelle due giornate del ponte, con orario 8.30\u201317.00 e ultimo ingresso alle 16.30. Per quanto riguarda <strong data-start=\"1390\" data-end=\"1403\">Vetulonia<\/strong>, il sito sar\u00e0 visitabile il 7 e l\u20198 dicembre dalle 8.30 alle 16.30, con ultimo ingresso alle 16.<\/p>\n<h3 data-start=\"845\" data-end=\"1096\"><em>Pistoia, un ponte ricco di cultura<\/em><\/h3>\n<p data-start=\"589\" data-end=\"945\">I <strong data-start=\"591\" data-end=\"618\">Musei Civici di Pistoia<\/strong> &#8211; Il Museo Civico d\u2019Arte Antica, il Museo dello Spedale del Ceppo e Palazzo Fabroni &#8211; resteranno aperti per tutto il fine settimana e anche luned\u00ec 8 dicembre, con ingresso gratuito dalle 10 alle 18.<\/p>\n<p data-start=\"947\" data-end=\"1434\">A questi si affiancheranno le sedi di <strong data-start=\"985\" data-end=\"1002\">Pistoia Musei<\/strong>,\u00a0 il Palazzo dei Vescovi, le Collezioni del Novecento di Palazzo de\u2019 Rossi e il Museo di San Salvatore. Tutti gli spazi saranno visitabili con orario continuato 10\u201318 nelle giornate del 6, 7 e 8 dicembre. Prevista la visita guidata gratuita prevista a Palazzo de\u2019 Rossi nella giornata di sabato.<\/p>\n<figure id=\"post-263374 media-263374\" class=\"align-none\"><img decoding=\"async\" src=\"https:\/\/www.intoscana.it\/wp-content\/uploads\/1_Pistoia.-Courtesy-Provincia-di-Pistoia-scaled.jpg\" alt=\"\" \/><\/figure>\n<div class=\"titleimg\">Pistoia. Courtesy Provincia di Pistoia<\/div>\n<p data-start=\"947\" data-end=\"1434\"><strong data-start=\"1495\" data-end=\"1518\">Pistoia Sotterranea <\/strong>durante il ponte manterr\u00e0 attivi i suoi tour guidati negli orari consueti: un viaggio nel cuore nascosto della citt\u00e0, attraverso stratificazioni medievali e suggestioni archeologiche che raccontano una Pistoia poco conosciuta .<\/p>\n<p data-start=\"2150\" data-end=\"2604\">La <strong data-start=\"2189\" data-end=\"2219\">Fondazione Jorio Vivarelli<\/strong> sar\u00e0 aperta\u00a0 sabato 6 dicembre, mentre chi preferisce le atmosfere delle dimore storiche, domenica 7 dicembre \u00e8 prevista una visita guidata nel pomeriggio alla <strong data-start=\"2500\" data-end=\"2518\">Villa La Magia <\/strong>di Quarrata.<\/p>\n<div class=\"x_elementToProof\">\n<p>Inoltre, la Fortezza di Santa Barbara e il Museo nazionale di Casa Giusti a Monsummano Terme saranno entrambi aperti luned\u00ec 8 dicembre<\/p>\n<h3><em>Gli appuntamenti<\/em><\/h3>\n<p>La <strong>Villa Medicea di Poggio a Caiano<\/strong> prolungher\u00e0 l&#8217;apertura fino alle 22 nella serata dell&#8217;8 dicembre.<\/p>\n<p>Ad <strong>Arezzo<\/strong> il Museo Archeologico Nazionale &#8220;Gaio Cilnio Mecenate&#8221;, presenta il 7 e l&#8217;8 dicembre le prime tappe del percorso tematico <strong>Fuoco sacro<\/strong>, dedicato alle origini dei Giochi Olimpici e dello sport nell&#8217;antichit\u00e0, in occasione del passaggio della <a href=\"https:\/\/www.intoscana.it\/it\/la-fiamma-olimpica-illumina-la-toscana-il-viaggio-verso-i-giochi-invernali-passa-da-siena-firenze-e-livorno\/\" target=\"_blank\" rel=\"noopener\">Fiamma Olimpica in citt\u00e0<\/a>. Sempre ad Arezzo, il <strong>Museo di Casa Vasari e il Museo d&#8217;Arte Medievale e Moderna<\/strong> effettueranno un&#8217;apertura straordinaria anche nel pomeriggio del 7 dicembre e saranno aperti con orario pomeridiano anche luned\u00ec 8.<\/p>\n<p>Aperti entrambi i giorni anche i Musei nazionali di <strong>Lucca<\/strong>. Al Museo nazionale di Palazzo Mansi \u00e8 in programma domenica 7 alle 16, il concerto gratuito &#8220;Puernatus in Bethlem. Musiche e immagini per il Natale dall&#8217;antichit\u00e0 al tardo medioevo&#8221;.<\/p>\n<p>A <strong>Pisa<\/strong>, al Museo nazionale di San Matteo, domenica alle 11, Marco Collareta presenter\u00e0 il volume su Taddeo di Bartolo. Tra le altre aperture dei Musei nazionali di Pisa, la Certosa Monumentale di Calci e il Museo delle Navi Antiche.<\/p>\n<p>A <strong>Livorno<\/strong> sar\u00e0 visitabile la Villa napoleonica di San Martino.<\/p>\n<\/div>\n","protected":false},"excerpt":{"rendered":"<p>La festivit\u00e0 dell&#8217;8 dicembre regala un lungo fine settimana di vacanza. Alcuni consigli per un viaggio nel patrimonio storico e culturale della regione<\/p>\n","protected":false},"author":525,"featured_media":370386,"comment_status":"open","ping_status":"open","sticky":false,"template":"","format":"standard","meta":{"_acf_changed":false,"footnotes":""},"categories":[493],"tags":[4474,222,226,409],"class_list":["post-409028","post","type-post","status-publish","format-standard","has-post-thumbnail","hentry","category-cultura","tag-eventi","tag-mostre","tag-musei","tag-natale"],"acf":[],"yoast_head":"<!-- This site is optimized with the Yoast SEO Premium plugin v24.2 (Yoast SEO v25.6) - https:\/\/yoast.com\/wordpress\/plugins\/seo\/ -->\n<title>Ponte dell&#039;Immacolata in Toscana, i musei aperti e le mostre da non perdere - intoscana<\/title>\n<meta name=\"description\" content=\"La festivit\u00e0 dell&#039;8 dicembre regala un lungo fine settimana di vacanza. Alcuni consigli per un viaggio nel patrimonio storico e culturale della regione\" \/>\n<meta name=\"robots\" content=\"index, follow, max-snippet:-1, max-image-preview:large, max-video-preview:-1\" \/>\n<link rel=\"canonical\" href=\"https:\/\/www.intoscana.it\/it\/ponte-dellimmacolata-in-toscana-i-musei-aperti-e-le-mostre-da-non-perdere\/\" \/>\n<meta property=\"og:locale\" content=\"it_IT\" \/>\n<meta property=\"og:type\" content=\"article\" \/>\n<meta property=\"og:title\" content=\"Ponte dell&#039;Immacolata in Toscana, i musei aperti e le mostre da non perdere\" \/>\n<meta property=\"og:description\" content=\"La festivit\u00e0 dell&#039;8 dicembre regala un lungo fine settimana di vacanza. Alcuni consigli per un viaggio nel patrimonio storico e culturale della regione\" \/>\n<meta property=\"og:url\" content=\"https:\/\/www.intoscana.it\/it\/ponte-dellimmacolata-in-toscana-i-musei-aperti-e-le-mostre-da-non-perdere\/\" \/>\n<meta property=\"og:site_name\" content=\"intoscana\" \/>\n<meta property=\"article:publisher\" content=\"https:\/\/www.facebook.com\/intoscana.it\" \/>\n<meta property=\"article:published_time\" content=\"2025-12-02T10:50:39+00:00\" \/>\n<meta property=\"article:modified_time\" content=\"2025-12-02T14:37:18+00:00\" \/>\n<meta property=\"og:image\" content=\"https:\/\/www.intoscana.it\/wp-content\/uploads\/sala-bianca-palazzo-pitti-scaled.jpeg\" \/>\n\t<meta property=\"og:image:width\" content=\"2048\" \/>\n\t<meta property=\"og:image:height\" content=\"1365\" \/>\n\t<meta property=\"og:image:type\" content=\"image\/jpeg\" \/>\n<meta name=\"author\" content=\"Redazione\" \/>\n<meta name=\"twitter:card\" content=\"summary_large_image\" \/>\n<meta name=\"twitter:creator\" content=\"@intoscana\" \/>\n<meta name=\"twitter:site\" content=\"@intoscana\" \/>\n<meta name=\"twitter:label1\" content=\"Written by\" \/>\n\t<meta name=\"twitter:data1\" content=\"Redazione\" \/>\n\t<meta name=\"twitter:label2\" content=\"Est. reading time\" \/>\n\t<meta name=\"twitter:data2\" content=\"7 minuti\" \/>\n<script type=\"application\/ld+json\" class=\"yoast-schema-graph\">{\"@context\":\"https:\/\/schema.org\",\"@graph\":[{\"@type\":\"WebPage\",\"@id\":\"https:\/\/www.intoscana.it\/it\/ponte-dellimmacolata-in-toscana-i-musei-aperti-e-le-mostre-da-non-perdere\/\",\"url\":\"https:\/\/www.intoscana.it\/it\/ponte-dellimmacolata-in-toscana-i-musei-aperti-e-le-mostre-da-non-perdere\/\",\"name\":\"Ponte dell'Immacolata in Toscana, i musei aperti e le mostre da non perdere - intoscana\",\"isPartOf\":{\"@id\":\"https:\/\/www.intoscana.it\/it\/#website\"},\"primaryImageOfPage\":{\"@id\":\"https:\/\/www.intoscana.it\/it\/ponte-dellimmacolata-in-toscana-i-musei-aperti-e-le-mostre-da-non-perdere\/#primaryimage\"},\"image\":{\"@id\":\"https:\/\/www.intoscana.it\/it\/ponte-dellimmacolata-in-toscana-i-musei-aperti-e-le-mostre-da-non-perdere\/#primaryimage\"},\"thumbnailUrl\":\"https:\/\/www.intoscana.it\/wp-content\/uploads\/sala-bianca-palazzo-pitti-scaled.jpeg\",\"datePublished\":\"2025-12-02T10:50:39+00:00\",\"dateModified\":\"2025-12-02T14:37:18+00:00\",\"author\":{\"@id\":\"https:\/\/www.intoscana.it\/it\/#\/schema\/person\/9223810753230f20bd670fdd322661f8\"},\"description\":\"La festivit\u00e0 dell'8 dicembre regala un lungo fine settimana di vacanza. Alcuni consigli per un viaggio nel patrimonio storico e culturale della regione\",\"breadcrumb\":{\"@id\":\"https:\/\/www.intoscana.it\/it\/ponte-dellimmacolata-in-toscana-i-musei-aperti-e-le-mostre-da-non-perdere\/#breadcrumb\"},\"inLanguage\":\"it-IT\",\"potentialAction\":[{\"@type\":\"ReadAction\",\"target\":[\"https:\/\/www.intoscana.it\/it\/ponte-dellimmacolata-in-toscana-i-musei-aperti-e-le-mostre-da-non-perdere\/\"]}]},{\"@type\":\"ImageObject\",\"inLanguage\":\"it-IT\",\"@id\":\"https:\/\/www.intoscana.it\/it\/ponte-dellimmacolata-in-toscana-i-musei-aperti-e-le-mostre-da-non-perdere\/#primaryimage\",\"url\":\"https:\/\/www.intoscana.it\/wp-content\/uploads\/sala-bianca-palazzo-pitti-scaled.jpeg\",\"contentUrl\":\"https:\/\/www.intoscana.it\/wp-content\/uploads\/sala-bianca-palazzo-pitti-scaled.jpeg\",\"width\":2048,\"height\":1365},{\"@type\":\"BreadcrumbList\",\"@id\":\"https:\/\/www.intoscana.it\/it\/ponte-dellimmacolata-in-toscana-i-musei-aperti-e-le-mostre-da-non-perdere\/#breadcrumb\",\"itemListElement\":[{\"@type\":\"ListItem\",\"position\":1,\"name\":\"Home\",\"item\":\"https:\/\/www.intoscana.it\/it\/\"},{\"@type\":\"ListItem\",\"position\":2,\"name\":\"Ponte dell&#8217;Immacolata in Toscana, i musei aperti e le mostre da non perdere\"}]},{\"@type\":\"WebSite\",\"@id\":\"https:\/\/www.intoscana.it\/it\/#website\",\"url\":\"https:\/\/www.intoscana.it\/it\/\",\"name\":\"intoscana\",\"description\":\"\",\"potentialAction\":[{\"@type\":\"SearchAction\",\"target\":{\"@type\":\"EntryPoint\",\"urlTemplate\":\"https:\/\/www.intoscana.it\/it\/?s={search_term_string}\"},\"query-input\":{\"@type\":\"PropertyValueSpecification\",\"valueRequired\":true,\"valueName\":\"search_term_string\"}}],\"inLanguage\":\"it-IT\"},{\"@type\":\"Person\",\"@id\":\"https:\/\/www.intoscana.it\/it\/#\/schema\/person\/9223810753230f20bd670fdd322661f8\",\"name\":\"Redazione\",\"url\":\"https:\/\/www.intoscana.it\/it\/author\/redazione\/\"}]}<\/script>\n<!-- \/ Yoast SEO Premium plugin. -->","yoast_head_json":{"title":"Ponte dell'Immacolata in Toscana, i musei aperti e le mostre da non perdere - intoscana","description":"La festivit\u00e0 dell'8 dicembre regala un lungo fine settimana di vacanza. Alcuni consigli per un viaggio nel patrimonio storico e culturale della regione","robots":{"index":"index","follow":"follow","max-snippet":"max-snippet:-1","max-image-preview":"max-image-preview:large","max-video-preview":"max-video-preview:-1"},"canonical":"https:\/\/www.intoscana.it\/it\/ponte-dellimmacolata-in-toscana-i-musei-aperti-e-le-mostre-da-non-perdere\/","og_locale":"it_IT","og_type":"article","og_title":"Ponte dell'Immacolata in Toscana, i musei aperti e le mostre da non perdere","og_description":"La festivit\u00e0 dell'8 dicembre regala un lungo fine settimana di vacanza. Alcuni consigli per un viaggio nel patrimonio storico e culturale della regione","og_url":"https:\/\/www.intoscana.it\/it\/ponte-dellimmacolata-in-toscana-i-musei-aperti-e-le-mostre-da-non-perdere\/","og_site_name":"intoscana","article_publisher":"https:\/\/www.facebook.com\/intoscana.it","article_published_time":"2025-12-02T10:50:39+00:00","article_modified_time":"2025-12-02T14:37:18+00:00","og_image":[{"width":2048,"height":1365,"url":"https:\/\/www.intoscana.it\/wp-content\/uploads\/sala-bianca-palazzo-pitti-scaled.jpeg","type":"image\/jpeg"}],"author":"Redazione","twitter_card":"summary_large_image","twitter_creator":"@intoscana","twitter_site":"@intoscana","twitter_misc":{"Written by":"Redazione","Est. reading time":"7 minuti"},"schema":{"@context":"https:\/\/schema.org","@graph":[{"@type":"WebPage","@id":"https:\/\/www.intoscana.it\/it\/ponte-dellimmacolata-in-toscana-i-musei-aperti-e-le-mostre-da-non-perdere\/","url":"https:\/\/www.intoscana.it\/it\/ponte-dellimmacolata-in-toscana-i-musei-aperti-e-le-mostre-da-non-perdere\/","name":"Ponte dell'Immacolata in Toscana, i musei aperti e le mostre da non perdere - intoscana","isPartOf":{"@id":"https:\/\/www.intoscana.it\/it\/#website"},"primaryImageOfPage":{"@id":"https:\/\/www.intoscana.it\/it\/ponte-dellimmacolata-in-toscana-i-musei-aperti-e-le-mostre-da-non-perdere\/#primaryimage"},"image":{"@id":"https:\/\/www.intoscana.it\/it\/ponte-dellimmacolata-in-toscana-i-musei-aperti-e-le-mostre-da-non-perdere\/#primaryimage"},"thumbnailUrl":"https:\/\/www.intoscana.it\/wp-content\/uploads\/sala-bianca-palazzo-pitti-scaled.jpeg","datePublished":"2025-12-02T10:50:39+00:00","dateModified":"2025-12-02T14:37:18+00:00","author":{"@id":"https:\/\/www.intoscana.it\/it\/#\/schema\/person\/9223810753230f20bd670fdd322661f8"},"description":"La festivit\u00e0 dell'8 dicembre regala un lungo fine settimana di vacanza. Alcuni consigli per un viaggio nel patrimonio storico e culturale della regione","breadcrumb":{"@id":"https:\/\/www.intoscana.it\/it\/ponte-dellimmacolata-in-toscana-i-musei-aperti-e-le-mostre-da-non-perdere\/#breadcrumb"},"inLanguage":"it-IT","potentialAction":[{"@type":"ReadAction","target":["https:\/\/www.intoscana.it\/it\/ponte-dellimmacolata-in-toscana-i-musei-aperti-e-le-mostre-da-non-perdere\/"]}]},{"@type":"ImageObject","inLanguage":"it-IT","@id":"https:\/\/www.intoscana.it\/it\/ponte-dellimmacolata-in-toscana-i-musei-aperti-e-le-mostre-da-non-perdere\/#primaryimage","url":"https:\/\/www.intoscana.it\/wp-content\/uploads\/sala-bianca-palazzo-pitti-scaled.jpeg","contentUrl":"https:\/\/www.intoscana.it\/wp-content\/uploads\/sala-bianca-palazzo-pitti-scaled.jpeg","width":2048,"height":1365},{"@type":"BreadcrumbList","@id":"https:\/\/www.intoscana.it\/it\/ponte-dellimmacolata-in-toscana-i-musei-aperti-e-le-mostre-da-non-perdere\/#breadcrumb","itemListElement":[{"@type":"ListItem","position":1,"name":"Home","item":"https:\/\/www.intoscana.it\/it\/"},{"@type":"ListItem","position":2,"name":"Ponte dell&#8217;Immacolata in Toscana, i musei aperti e le mostre da non perdere"}]},{"@type":"WebSite","@id":"https:\/\/www.intoscana.it\/it\/#website","url":"https:\/\/www.intoscana.it\/it\/","name":"intoscana","description":"","potentialAction":[{"@type":"SearchAction","target":{"@type":"EntryPoint","urlTemplate":"https:\/\/www.intoscana.it\/it\/?s={search_term_string}"},"query-input":{"@type":"PropertyValueSpecification","valueRequired":true,"valueName":"search_term_string"}}],"inLanguage":"it-IT"},{"@type":"Person","@id":"https:\/\/www.intoscana.it\/it\/#\/schema\/person\/9223810753230f20bd670fdd322661f8","name":"Redazione","url":"https:\/\/www.intoscana.it\/it\/author\/redazione\/"}]}},"_links":{"self":[{"href":"https:\/\/www.intoscana.it\/it\/wp-json\/wp\/v2\/posts\/409028","targetHints":{"allow":["GET"]}}],"collection":[{"href":"https:\/\/www.intoscana.it\/it\/wp-json\/wp\/v2\/posts"}],"about":[{"href":"https:\/\/www.intoscana.it\/it\/wp-json\/wp\/v2\/types\/post"}],"author":[{"embeddable":true,"href":"https:\/\/www.intoscana.it\/it\/wp-json\/wp\/v2\/users\/525"}],"replies":[{"embeddable":true,"href":"https:\/\/www.intoscana.it\/it\/wp-json\/wp\/v2\/comments?post=409028"}],"version-history":[{"count":5,"href":"https:\/\/www.intoscana.it\/it\/wp-json\/wp\/v2\/posts\/409028\/revisions"}],"predecessor-version":[{"id":409170,"href":"https:\/\/www.intoscana.it\/it\/wp-json\/wp\/v2\/posts\/409028\/revisions\/409170"}],"wp:featuredmedia":[{"embeddable":true,"href":"https:\/\/www.intoscana.it\/it\/wp-json\/wp\/v2\/media\/370386"}],"wp:attachment":[{"href":"https:\/\/www.intoscana.it\/it\/wp-json\/wp\/v2\/media?parent=409028"}],"wp:term":[{"taxonomy":"category","embeddable":true,"href":"https:\/\/www.intoscana.it\/it\/wp-json\/wp\/v2\/categories?post=409028"},{"taxonomy":"post_tag","embeddable":true,"href":"https:\/\/www.intoscana.it\/it\/wp-json\/wp\/v2\/tags?post=409028"}],"curies":[{"name":"wp","href":"https:\/\/api.w.org\/{rel}","templated":true}]}}