{"id":409038,"date":"2025-12-01T14:16:11","date_gmt":"2025-12-01T13:16:11","guid":{"rendered":"https:\/\/www.intoscana.it\/it\/?p=409038"},"modified":"2025-12-01T14:41:03","modified_gmt":"2025-12-01T13:41:03","slug":"europei-di-nuoto-a-lublino-litalia-riparte-dai-suoi-leader-i-toscani-in-gara","status":"publish","type":"post","link":"https:\/\/www.intoscana.it\/it\/europei-di-nuoto-a-lublino-litalia-riparte-dai-suoi-leader-i-toscani-in-gara\/","title":{"rendered":"Europei di nuoto a Lublino: l\u2019Italia riparte dai suoi leader. I toscani in gara"},"content":{"rendered":"<p>La stagione 2025\/2026 dell\u2019Italnuoto entra nel vivo a <strong>Lublino<\/strong>, la citt\u00e0 polacca che dal 2 al 7 dicembre ospita i <strong>23esimi Campionati Europei in vasca corta<\/strong>. Una rassegna che segna il primo grande appuntamento internazionale dell\u2019anno e che l\u2019Italia affronta con una squadra ricca di talento, equilibrio ed entusiasmo. Tra i 30 convocati dal direttore tecnico <strong>Cesare Butini<\/strong>, c&#8217;\u00e8 una buona presenza toscana con quattro atleti chiamati a un ruolo da protagonisti: <strong>Lorenzo Zazzeri, Leonardo Deplano, Filippo Megli e Anna Chiara Mascolo<\/strong>.<\/p>\n<h3>Zazzeri, capitano azzurro e punto di riferimento<\/h3>\n<p>Il fiorentino <strong>Lorenzo Zazzeri<\/strong>, confermato capitano insieme a Silvia Di Pietro, guida una Nazionale che mescola <strong>esperienza e novit\u00e0.<\/strong> Il velocista della Rari Nantes Florentia sar\u00e0 impegnato nei <strong>50 e 100 stile libero<\/strong> e nelle staffette, un terreno dove l\u2019Italia \u00e8 da anni una potenza europea.<\/p>\n<p>&#8220;<em>Essere capitano \u00e8 un <strong>privilegio e una responsabilit\u00e0<\/strong><\/em> \u2013 ha sottolineato Zazzeri \u2013. I<em>l nostro compito \u00e8 aiutare i pi\u00f9 giovani a gestire l\u2019impatto emotivo dell\u2019esordio. Questa \u00e8 la competizione ideale per lanciarsi verso la vasca lunga e, guardando ancora pi\u00f9 avanti, verso Los Angeles 2028<\/em>&#8220;. Parole che confermano il suo ruolo di guida tecnica e motivazionale all\u2019interno del gruppo.<\/p>\n<blockquote class=\"instagram-media\" style=\"background: #FFF; border: 0; border-radius: 3px; box-shadow: 0 0 1px 0 rgba(0,0,0,0.5),0 1px 10px 0 rgba(0,0,0,0.15); margin: 1px; max-width: 540px; min-width: 326px; padding: 0; width: calc(100% - 2px);\" data-instgrm-captioned=\"\" data-instgrm-permalink=\"https:\/\/www.instagram.com\/p\/DRreCFcjHCI\/?utm_source=ig_embed&amp;utm_campaign=loading\" data-instgrm-version=\"14\">\n<div style=\"padding: 16px;\">\n<p>&nbsp;<\/p>\n<div style=\"display: flex; flex-direction: row; align-items: center;\">\n<div style=\"background-color: #f4f4f4; border-radius: 50%; flex-grow: 0; height: 40px; margin-right: 14px; width: 40px;\"><\/div>\n<div style=\"display: flex; flex-direction: column; flex-grow: 1; justify-content: center;\">\n<div style=\"background-color: #f4f4f4; border-radius: 4px; flex-grow: 0; height: 14px; margin-bottom: 6px; width: 100px;\"><\/div>\n<div style=\"background-color: #f4f4f4; border-radius: 4px; flex-grow: 0; height: 14px; width: 60px;\"><\/div>\n<\/div>\n<\/div>\n<div style=\"padding: 19% 0;\"><\/div>\n<div style=\"display: block; height: 50px; margin: 0 auto 12px; width: 50px;\"><\/div>\n<div style=\"padding-top: 8px;\">\n<div style=\"color: #3897f0; font-family: Arial,sans-serif; font-size: 14px; font-style: normal; font-weight: 550; line-height: 18px;\">Visualizza questo post su Instagram<\/div>\n<\/div>\n<div style=\"padding: 12.5% 0;\"><\/div>\n<div style=\"display: flex; flex-direction: row; margin-bottom: 14px; align-items: center;\">\n<div>\n<div style=\"background-color: #f4f4f4; border-radius: 50%; height: 12.5px; width: 12.5px; transform: translateX(0px) translateY(7px);\"><\/div>\n<div style=\"background-color: #f4f4f4; height: 12.5px; transform: rotate(-45deg) translateX(3px) translateY(1px); width: 12.5px; flex-grow: 0; margin-right: 14px; margin-left: 2px;\"><\/div>\n<div style=\"background-color: #f4f4f4; border-radius: 50%; height: 12.5px; width: 12.5px; transform: translateX(9px) translateY(-18px);\"><\/div>\n<\/div>\n<div style=\"margin-left: 8px;\">\n<div style=\"background-color: #f4f4f4; border-radius: 50%; flex-grow: 0; height: 20px; width: 20px;\"><\/div>\n<div style=\"width: 0; height: 0; border-top: 2px solid transparent; border-left: 6px solid #f4f4f4; border-bottom: 2px solid transparent; transform: translateX(16px) translateY(-4px) rotate(30deg);\"><\/div>\n<\/div>\n<div style=\"margin-left: auto;\">\n<div style=\"width: 0px; border-top: 8px solid #F4F4F4; border-right: 8px solid transparent; transform: translateY(16px);\"><\/div>\n<div style=\"background-color: #f4f4f4; flex-grow: 0; height: 12px; width: 16px; transform: translateY(-4px);\"><\/div>\n<div style=\"width: 0; height: 0; border-top: 8px solid #F4F4F4; border-left: 8px solid transparent; transform: translateY(-4px) translateX(8px);\"><\/div>\n<\/div>\n<\/div>\n<div style=\"display: flex; flex-direction: column; flex-grow: 1; justify-content: center; margin-bottom: 24px;\">\n<div style=\"background-color: #f4f4f4; border-radius: 4px; flex-grow: 0; height: 14px; margin-bottom: 6px; width: 224px;\"><\/div>\n<div style=\"background-color: #f4f4f4; border-radius: 4px; flex-grow: 0; height: 14px; width: 144px;\"><\/div>\n<\/div>\n<p>&nbsp;<\/p>\n<p style=\"color: #c9c8cd; font-family: Arial,sans-serif; font-size: 14px; line-height: 17px; margin-bottom: 0; margin-top: 8px; overflow: hidden; padding: 8px 0 7px; text-align: center; text-overflow: ellipsis; white-space: nowrap;\"><a style=\"color: #c9c8cd; font-family: Arial,sans-serif; font-size: 14px; font-style: normal; font-weight: normal; line-height: 17px; text-decoration: none;\" href=\"https:\/\/www.instagram.com\/p\/DRreCFcjHCI\/?utm_source=ig_embed&amp;utm_campaign=loading\" target=\"_blank\" rel=\"noopener\">Un post condiviso da Lorenzo Zazzeri (@zazzax)<\/a><\/p>\n<\/div>\n<\/blockquote>\n<p><script async src=\"\/\/www.instagram.com\/embed.js\"><\/script><\/p>\n<h3>Deplano: velocit\u00e0 pura per le staffette e le gare individuali<\/h3>\n<p>Accanto al capitano, un altro toscano porta in vasca la propria esperienza internazionale: <strong>Leonardo Deplano<\/strong>, fiorentino classe 1999. L\u2019atleta dei Carabinieri\/CC Aniene \u00e8 iscritto nei <strong>50 e 100 stile libero<\/strong> e sar\u00e0 uno dei motori delle staffette veloci. Deplano, reduce da stagioni di alto livello, \u00e8 uno dei punti forti della squadra azzurra nelle prove sprint.<\/p>\n<h3>Megli rinuncia ai 400, ma resta tra i protagonisti<\/h3>\n<p>Presenza importante anche quella di <strong>Filippo Megli<\/strong>, cresciuto nella RN Florentia. Il mezzofondista toscano ha scelto di rinunciare ai <strong>400 stile libero<\/strong>, come comunicato da Butini alla vigilia della manifestazione, ma rimane schierato nella sua gara d\u2019elezione: i <strong>200 stile libero<\/strong>. Megli, da anni uno dei riferimenti italiani nella distanza, sar\u00e0 tra gli osservati speciali anche in chiave staffette.<\/p>\n<h3>Mascolo in crescita: ai blocchi dei 100, 200 e 400 stile<\/h3>\n<p>Chi completa il quartetto toscano \u00e8 <strong>Anna Chiara Mascolo<\/strong>, atleta italiana dei Carabinieri e fiorentina di nascita. A Lublino sar\u00e0 impegnata in un programma ricco: <strong>100, 200 e 400 stile libero<\/strong>. Mascolo rappresenta una delle noti pi\u00f9 interessanti della spedizione, in un settore \u2013 quello dello stile libero femminile \u2013 dove l\u2019Italia sta continuando a costruire nuove certezze.<\/p>\n<p>A questi quattro atleti si aggiungono Costanza Cocconcelli che sar\u00e0 impegnata 50 e 100 farfalla, 100 misti, e nelle staffette e Giovanni Guatti velocista dello stile libero, entrambi si allenano a Firenze e Alberto Razzetti che avr\u00e0 un programma molto intenso tra 200 farfalla, 100, 200 e 400 misti che invece si allena al centro tecnico di Livorno. Tra i tecnici che seguiranno i nuotatori a Lublino ci sono Sandra Michelini, allenatrice di Deplano, Stefano Franceschi da anni riferimento a Livorno e Paolo Palchetti, allenatore di Zazzeri e degli atleti della Rari Nantes Florentia.<\/p>\n<h3>L\u2019Italia tra certezze e nuovi volti: le parole del DT Butini<\/h3>\n<p>Nonostante i forfait dell\u2019ultima ora di Emma Virginia Menicucci e della toscana <strong>Lisa Angiolini<\/strong>, Butini guarda al futuro con ottimismo: &#8220;<em>Questa Nazionale \u00e8 un mix perfetto tra esperti e giovani. \u00c8 il primo step di una stagione che culminer\u00e0 con gli Europei di Parigi e i Giochi del Mediterraneo, e che ci porta verso l\u2019Olimpiade di Los Angeles 2028. Siamo certi di rimanere una squadra vincente<\/em>&#8220;.<\/p>\n<p>Sette i debuttanti in squadra, conferma che il percorso di rinnovamento prosegue accanto ai big consolidati come Ceccon, Martinenghi, Razzetti, Quadarella e Cerasuolo.<\/p>\n<h3>Orari e dirette<\/h3>\n<p>Le gare si svolgeranno ogni giorno con batterie alle <strong>10.00<\/strong> e semifinali\/finali dalle <strong>19.00<\/strong>. <strong>Rai Sport<\/strong> trasmetter\u00e0 in diretta entrambe le sessioni, con la telecronaca di Tommaso Mecarozzi e il commento tecnico di Luca Sacchi.<\/p>\n","protected":false},"excerpt":{"rendered":"<p>Dal 2 al 7 dicembre gli azzurri in vasca per i 23esimi Europei in corta: attesa per il capitano Lorenzo Zazzeri e per Deplano, Megli e Mascolo, pronti a lasciare il segno<\/p>\n","protected":false},"author":507,"featured_media":409043,"comment_status":"open","ping_status":"open","sticky":false,"template":"","format":"standard","meta":{"_acf_changed":false,"footnotes":""},"categories":[494],"tags":[6898,6110,6505,159],"class_list":["post-409038","post","type-post","status-publish","format-standard","has-post-thumbnail","hentry","category-attualita","tag-leonardo-deplano","tag-lorenzo-zazzeri","tag-nuoto","tag-sport"],"acf":[],"yoast_head":"<!-- This site is optimized with the Yoast SEO Premium plugin v24.2 (Yoast SEO v25.6) - https:\/\/yoast.com\/wordpress\/plugins\/seo\/ -->\n<title>Europei di nuoto a Lublino: l\u2019Italia riparte dai suoi leader. I toscani in gara - intoscana<\/title>\n<meta name=\"robots\" content=\"index, follow, max-snippet:-1, max-image-preview:large, max-video-preview:-1\" \/>\n<link rel=\"canonical\" href=\"https:\/\/www.intoscana.it\/it\/europei-di-nuoto-a-lublino-litalia-riparte-dai-suoi-leader-i-toscani-in-gara\/\" \/>\n<meta property=\"og:locale\" content=\"it_IT\" \/>\n<meta property=\"og:type\" content=\"article\" \/>\n<meta property=\"og:title\" content=\"Europei di nuoto a Lublino: l\u2019Italia riparte dai suoi leader. I toscani in gara\" \/>\n<meta property=\"og:description\" content=\"Dal 2 al 7 dicembre gli azzurri in vasca per i 23esimi Europei in corta: attesa per il capitano Lorenzo Zazzeri e per Deplano, Megli e Mascolo, pronti a lasciare il segno\" \/>\n<meta property=\"og:url\" content=\"https:\/\/www.intoscana.it\/it\/europei-di-nuoto-a-lublino-litalia-riparte-dai-suoi-leader-i-toscani-in-gara\/\" \/>\n<meta property=\"og:site_name\" content=\"intoscana\" \/>\n<meta property=\"article:publisher\" content=\"https:\/\/www.facebook.com\/intoscana.it\" \/>\n<meta property=\"article:published_time\" content=\"2025-12-01T13:16:11+00:00\" \/>\n<meta property=\"article:modified_time\" content=\"2025-12-01T13:41:03+00:00\" \/>\n<meta property=\"og:image\" content=\"https:\/\/www.intoscana.it\/wp-content\/uploads\/lorenzo_zazzeri_of_italy_dbm_as94407_20250801_1967688848.jpg\" \/>\n\t<meta property=\"og:image:width\" content=\"1024\" \/>\n\t<meta property=\"og:image:height\" content=\"682\" \/>\n\t<meta property=\"og:image:type\" content=\"image\/jpeg\" \/>\n<meta name=\"author\" content=\"Chiara Bianchini\" \/>\n<meta name=\"twitter:card\" content=\"summary_large_image\" \/>\n<meta name=\"twitter:creator\" content=\"@intoscana\" \/>\n<meta name=\"twitter:site\" content=\"@intoscana\" \/>\n<meta name=\"twitter:label1\" content=\"Written by\" \/>\n\t<meta name=\"twitter:data1\" content=\"Chiara Bianchini\" \/>\n\t<meta name=\"twitter:label2\" content=\"Est. reading time\" \/>\n\t<meta name=\"twitter:data2\" content=\"4 minuti\" \/>\n<script type=\"application\/ld+json\" class=\"yoast-schema-graph\">{\"@context\":\"https:\/\/schema.org\",\"@graph\":[{\"@type\":\"WebPage\",\"@id\":\"https:\/\/www.intoscana.it\/it\/europei-di-nuoto-a-lublino-litalia-riparte-dai-suoi-leader-i-toscani-in-gara\/\",\"url\":\"https:\/\/www.intoscana.it\/it\/europei-di-nuoto-a-lublino-litalia-riparte-dai-suoi-leader-i-toscani-in-gara\/\",\"name\":\"Europei di nuoto a Lublino: l\u2019Italia riparte dai suoi leader. I toscani in gara - intoscana\",\"isPartOf\":{\"@id\":\"https:\/\/www.intoscana.it\/it\/#website\"},\"primaryImageOfPage\":{\"@id\":\"https:\/\/www.intoscana.it\/it\/europei-di-nuoto-a-lublino-litalia-riparte-dai-suoi-leader-i-toscani-in-gara\/#primaryimage\"},\"image\":{\"@id\":\"https:\/\/www.intoscana.it\/it\/europei-di-nuoto-a-lublino-litalia-riparte-dai-suoi-leader-i-toscani-in-gara\/#primaryimage\"},\"thumbnailUrl\":\"https:\/\/www.intoscana.it\/wp-content\/uploads\/lorenzo_zazzeri_of_italy_dbm_as94407_20250801_1967688848.jpg\",\"datePublished\":\"2025-12-01T13:16:11+00:00\",\"dateModified\":\"2025-12-01T13:41:03+00:00\",\"author\":{\"@id\":\"https:\/\/www.intoscana.it\/it\/#\/schema\/person\/010af92117f50561886339ad5b873a41\"},\"breadcrumb\":{\"@id\":\"https:\/\/www.intoscana.it\/it\/europei-di-nuoto-a-lublino-litalia-riparte-dai-suoi-leader-i-toscani-in-gara\/#breadcrumb\"},\"inLanguage\":\"it-IT\",\"potentialAction\":[{\"@type\":\"ReadAction\",\"target\":[\"https:\/\/www.intoscana.it\/it\/europei-di-nuoto-a-lublino-litalia-riparte-dai-suoi-leader-i-toscani-in-gara\/\"]}]},{\"@type\":\"ImageObject\",\"inLanguage\":\"it-IT\",\"@id\":\"https:\/\/www.intoscana.it\/it\/europei-di-nuoto-a-lublino-litalia-riparte-dai-suoi-leader-i-toscani-in-gara\/#primaryimage\",\"url\":\"https:\/\/www.intoscana.it\/wp-content\/uploads\/lorenzo_zazzeri_of_italy_dbm_as94407_20250801_1967688848.jpg\",\"contentUrl\":\"https:\/\/www.intoscana.it\/wp-content\/uploads\/lorenzo_zazzeri_of_italy_dbm_as94407_20250801_1967688848.jpg\",\"width\":1024,\"height\":682},{\"@type\":\"BreadcrumbList\",\"@id\":\"https:\/\/www.intoscana.it\/it\/europei-di-nuoto-a-lublino-litalia-riparte-dai-suoi-leader-i-toscani-in-gara\/#breadcrumb\",\"itemListElement\":[{\"@type\":\"ListItem\",\"position\":1,\"name\":\"Home\",\"item\":\"https:\/\/www.intoscana.it\/it\/\"},{\"@type\":\"ListItem\",\"position\":2,\"name\":\"Europei di nuoto a Lublino: l\u2019Italia riparte dai suoi leader. I toscani in gara\"}]},{\"@type\":\"WebSite\",\"@id\":\"https:\/\/www.intoscana.it\/it\/#website\",\"url\":\"https:\/\/www.intoscana.it\/it\/\",\"name\":\"intoscana\",\"description\":\"\",\"potentialAction\":[{\"@type\":\"SearchAction\",\"target\":{\"@type\":\"EntryPoint\",\"urlTemplate\":\"https:\/\/www.intoscana.it\/it\/?s={search_term_string}\"},\"query-input\":{\"@type\":\"PropertyValueSpecification\",\"valueRequired\":true,\"valueName\":\"search_term_string\"}}],\"inLanguage\":\"it-IT\"},{\"@type\":\"Person\",\"@id\":\"https:\/\/www.intoscana.it\/it\/#\/schema\/person\/010af92117f50561886339ad5b873a41\",\"name\":\"Chiara Bianchini\",\"sameAs\":[\"c.bianchini@fst.it\"],\"url\":\"https:\/\/www.intoscana.it\/it\/author\/chiara-bianchini\/\"}]}<\/script>\n<!-- \/ Yoast SEO Premium plugin. -->","yoast_head_json":{"title":"Europei di nuoto a Lublino: l\u2019Italia riparte dai suoi leader. I toscani in gara - intoscana","robots":{"index":"index","follow":"follow","max-snippet":"max-snippet:-1","max-image-preview":"max-image-preview:large","max-video-preview":"max-video-preview:-1"},"canonical":"https:\/\/www.intoscana.it\/it\/europei-di-nuoto-a-lublino-litalia-riparte-dai-suoi-leader-i-toscani-in-gara\/","og_locale":"it_IT","og_type":"article","og_title":"Europei di nuoto a Lublino: l\u2019Italia riparte dai suoi leader. I toscani in gara","og_description":"Dal 2 al 7 dicembre gli azzurri in vasca per i 23esimi Europei in corta: attesa per il capitano Lorenzo Zazzeri e per Deplano, Megli e Mascolo, pronti a lasciare il segno","og_url":"https:\/\/www.intoscana.it\/it\/europei-di-nuoto-a-lublino-litalia-riparte-dai-suoi-leader-i-toscani-in-gara\/","og_site_name":"intoscana","article_publisher":"https:\/\/www.facebook.com\/intoscana.it","article_published_time":"2025-12-01T13:16:11+00:00","article_modified_time":"2025-12-01T13:41:03+00:00","og_image":[{"width":1024,"height":682,"url":"https:\/\/www.intoscana.it\/wp-content\/uploads\/lorenzo_zazzeri_of_italy_dbm_as94407_20250801_1967688848.jpg","type":"image\/jpeg"}],"author":"Chiara Bianchini","twitter_card":"summary_large_image","twitter_creator":"@intoscana","twitter_site":"@intoscana","twitter_misc":{"Written by":"Chiara Bianchini","Est. reading time":"4 minuti"},"schema":{"@context":"https:\/\/schema.org","@graph":[{"@type":"WebPage","@id":"https:\/\/www.intoscana.it\/it\/europei-di-nuoto-a-lublino-litalia-riparte-dai-suoi-leader-i-toscani-in-gara\/","url":"https:\/\/www.intoscana.it\/it\/europei-di-nuoto-a-lublino-litalia-riparte-dai-suoi-leader-i-toscani-in-gara\/","name":"Europei di nuoto a Lublino: l\u2019Italia riparte dai suoi leader. I toscani in gara - intoscana","isPartOf":{"@id":"https:\/\/www.intoscana.it\/it\/#website"},"primaryImageOfPage":{"@id":"https:\/\/www.intoscana.it\/it\/europei-di-nuoto-a-lublino-litalia-riparte-dai-suoi-leader-i-toscani-in-gara\/#primaryimage"},"image":{"@id":"https:\/\/www.intoscana.it\/it\/europei-di-nuoto-a-lublino-litalia-riparte-dai-suoi-leader-i-toscani-in-gara\/#primaryimage"},"thumbnailUrl":"https:\/\/www.intoscana.it\/wp-content\/uploads\/lorenzo_zazzeri_of_italy_dbm_as94407_20250801_1967688848.jpg","datePublished":"2025-12-01T13:16:11+00:00","dateModified":"2025-12-01T13:41:03+00:00","author":{"@id":"https:\/\/www.intoscana.it\/it\/#\/schema\/person\/010af92117f50561886339ad5b873a41"},"breadcrumb":{"@id":"https:\/\/www.intoscana.it\/it\/europei-di-nuoto-a-lublino-litalia-riparte-dai-suoi-leader-i-toscani-in-gara\/#breadcrumb"},"inLanguage":"it-IT","potentialAction":[{"@type":"ReadAction","target":["https:\/\/www.intoscana.it\/it\/europei-di-nuoto-a-lublino-litalia-riparte-dai-suoi-leader-i-toscani-in-gara\/"]}]},{"@type":"ImageObject","inLanguage":"it-IT","@id":"https:\/\/www.intoscana.it\/it\/europei-di-nuoto-a-lublino-litalia-riparte-dai-suoi-leader-i-toscani-in-gara\/#primaryimage","url":"https:\/\/www.intoscana.it\/wp-content\/uploads\/lorenzo_zazzeri_of_italy_dbm_as94407_20250801_1967688848.jpg","contentUrl":"https:\/\/www.intoscana.it\/wp-content\/uploads\/lorenzo_zazzeri_of_italy_dbm_as94407_20250801_1967688848.jpg","width":1024,"height":682},{"@type":"BreadcrumbList","@id":"https:\/\/www.intoscana.it\/it\/europei-di-nuoto-a-lublino-litalia-riparte-dai-suoi-leader-i-toscani-in-gara\/#breadcrumb","itemListElement":[{"@type":"ListItem","position":1,"name":"Home","item":"https:\/\/www.intoscana.it\/it\/"},{"@type":"ListItem","position":2,"name":"Europei di nuoto a Lublino: l\u2019Italia riparte dai suoi leader. I toscani in gara"}]},{"@type":"WebSite","@id":"https:\/\/www.intoscana.it\/it\/#website","url":"https:\/\/www.intoscana.it\/it\/","name":"intoscana","description":"","potentialAction":[{"@type":"SearchAction","target":{"@type":"EntryPoint","urlTemplate":"https:\/\/www.intoscana.it\/it\/?s={search_term_string}"},"query-input":{"@type":"PropertyValueSpecification","valueRequired":true,"valueName":"search_term_string"}}],"inLanguage":"it-IT"},{"@type":"Person","@id":"https:\/\/www.intoscana.it\/it\/#\/schema\/person\/010af92117f50561886339ad5b873a41","name":"Chiara Bianchini","sameAs":["c.bianchini@fst.it"],"url":"https:\/\/www.intoscana.it\/it\/author\/chiara-bianchini\/"}]}},"_links":{"self":[{"href":"https:\/\/www.intoscana.it\/it\/wp-json\/wp\/v2\/posts\/409038","targetHints":{"allow":["GET"]}}],"collection":[{"href":"https:\/\/www.intoscana.it\/it\/wp-json\/wp\/v2\/posts"}],"about":[{"href":"https:\/\/www.intoscana.it\/it\/wp-json\/wp\/v2\/types\/post"}],"author":[{"embeddable":true,"href":"https:\/\/www.intoscana.it\/it\/wp-json\/wp\/v2\/users\/507"}],"replies":[{"embeddable":true,"href":"https:\/\/www.intoscana.it\/it\/wp-json\/wp\/v2\/comments?post=409038"}],"version-history":[{"count":3,"href":"https:\/\/www.intoscana.it\/it\/wp-json\/wp\/v2\/posts\/409038\/revisions"}],"predecessor-version":[{"id":409062,"href":"https:\/\/www.intoscana.it\/it\/wp-json\/wp\/v2\/posts\/409038\/revisions\/409062"}],"wp:featuredmedia":[{"embeddable":true,"href":"https:\/\/www.intoscana.it\/it\/wp-json\/wp\/v2\/media\/409043"}],"wp:attachment":[{"href":"https:\/\/www.intoscana.it\/it\/wp-json\/wp\/v2\/media?parent=409038"}],"wp:term":[{"taxonomy":"category","embeddable":true,"href":"https:\/\/www.intoscana.it\/it\/wp-json\/wp\/v2\/categories?post=409038"},{"taxonomy":"post_tag","embeddable":true,"href":"https:\/\/www.intoscana.it\/it\/wp-json\/wp\/v2\/tags?post=409038"}],"curies":[{"name":"wp","href":"https:\/\/api.w.org\/{rel}","templated":true}]}}