{"id":409066,"date":"2025-12-01T14:59:05","date_gmt":"2025-12-01T13:59:05","guid":{"rendered":"https:\/\/www.intoscana.it\/it\/?p=409066"},"modified":"2025-12-01T15:05:15","modified_gmt":"2025-12-01T14:05:15","slug":"lo-studio-delluniversita-di-pisa-il-cervello-adulto-puo-modificarsi-e-imparare-grazie-al-pulvinar","status":"publish","type":"post","link":"https:\/\/www.intoscana.it\/it\/lo-studio-delluniversita-di-pisa-il-cervello-adulto-puo-modificarsi-e-imparare-grazie-al-pulvinar\/","title":{"rendered":"Lo studio dell&#8217;Universit\u00e0 di Pisa: il cervello adulto pu\u00f2 modificarsi e imparare grazie al &#8220;Pulvinar&#8221;"},"content":{"rendered":"<p>Una ricerca dell&#8217;<strong>Universit\u00e0 di Pisa<\/strong> pubblicata sulla rivista<a href=\"https:\/\/www.science.org\/journal\/sciadv\" target=\"_blank\" rel=\"noopener\" class=\"broken_link\"><strong><em> Science Advances<\/em><\/strong><\/a> ha svelato che <strong>anche il cervello adulto conserva un potenziale di plasticit\u00e0<\/strong>, dormiente ma riattivabile.<\/p>\n<p>Il segreto risiede nel <strong>pulvinar, una struttura profonda del cervello<\/strong> che pu\u00f2 <strong>riaccendere la capacit\u00e0 della corteccia visiva di modificarsi e imparare.<\/strong><\/p>\n<p>La scoperta, rileva la stessa universit\u00e0, apre prospettive importanti per la riabilitazione visiva e cognitiva:<strong> comprendere e modulare il ruolo del pulvinar potrebbe portare a nuovi approcci terapeutici in grado di riattivare la plasticit\u00e0 cerebrale<\/strong> e di misurare il &#8216;<strong>potenziale plastico&#8217; del cervello<\/strong>, utile a prevedere l&#8217;efficacia delle terapie.<\/p>\n<p>Lo studio, guidato da un gruppo di ricercatrici dell&#8217;Ateneo di Pisa in collaborazione con l&#8217;<strong>Universit\u00e0 di Maastricht, l&#8217;Irccs Fondazione Stella Maris e la Fondazione Imago7,<\/strong> indica &#8220;che il pulvinar regola la plasticit\u00e0 della corteccia cerebrale e <strong>in particolare del sistema visivo.<\/strong><\/p>\n<p>Per lungo tempo<strong> si \u00e8 pensato che la plasticit\u00e0 della corteccia fosse limitata all&#8217;et\u00e0 dello sviluppo,<\/strong> quando anche un piccolo difetto visivo pu\u00f2 causare un&#8217;alterata maturazione del cervello, difficile da recuperare in et\u00e0 adulta.<\/p>\n<p>I nuovi risultati dimostrano invece che la <strong>corteccia visiva adulta conserva un potenziale di cambiamento,<\/strong> pronto a riattivarsi al giusto stimolo.<\/p>\n<p>Per dimostrarlo, le ricercatrici hanno chiesto a un gruppo di partecipanti adulti di sottoporsi a una <strong>risonanza magnetica funzionale a campo ultra-alto (7 Tesla),<\/strong> capace di restituire un&#8217;immagine ad alta risoluzione spaziale e temporale della connettivit\u00e0 cerebrale.<\/p>\n<p>Questa \u00e8 stata misurata due volte, prima e dopo aver indossato una benda su un occhio &#8211; una procedura nota come <strong>&#8216;deprivazione monoculare a breve termine&#8217;.<\/strong><\/p>\n<p>I risultati mostrano che una deprivazione di sole due ore non solo altera la dominanza oculare, ma arriva anche a<strong> modificare la comunicazione tra le aree del cervello visivo.<\/strong><\/p>\n<p>&#8220;Sorprendentemente&#8221;,<strong> il cambiamento non si limita alla corteccia ma riguarda soprattutto il pulvinar<\/strong>, che, dopo la deprivazione, riduce la sua influenza sulla corteccia cerebrale.<\/p>\n","protected":false},"excerpt":{"rendered":"<p>La scoperta apre prospettive importanti per la riabilitazione visiva e cognitiva: comprendere e modulare il ruolo del pulvinar potrebbe portare a nuovi approcci terapeutici in grado di riattivare la plasticit\u00e0 cerebrale<\/p>\n","protected":false},"author":525,"featured_media":104219,"comment_status":"open","ping_status":"open","sticky":false,"template":"","format":"standard","meta":{"_acf_changed":false,"footnotes":""},"categories":[475],"tags":[213,368],"class_list":["post-409066","post","type-post","status-publish","format-standard","has-post-thumbnail","hentry","category-innovazione","tag-ricerca","tag-universita-di-pisa"],"acf":[],"yoast_head":"<!-- This site is optimized with the Yoast SEO Premium plugin v24.2 (Yoast SEO v25.6) - https:\/\/yoast.com\/wordpress\/plugins\/seo\/ -->\n<title>Lo studio dell&#039;Universit\u00e0 di Pisa: il cervello adulto pu\u00f2 modificarsi e imparare grazie al &quot;Pulvinar&quot; - intoscana<\/title>\n<meta name=\"robots\" content=\"index, follow, max-snippet:-1, max-image-preview:large, max-video-preview:-1\" \/>\n<link rel=\"canonical\" href=\"https:\/\/www.intoscana.it\/it\/lo-studio-delluniversita-di-pisa-il-cervello-adulto-puo-modificarsi-e-imparare-grazie-al-pulvinar\/\" \/>\n<meta property=\"og:locale\" content=\"it_IT\" \/>\n<meta property=\"og:type\" content=\"article\" \/>\n<meta property=\"og:title\" content=\"Lo studio dell&#039;Universit\u00e0 di Pisa: il cervello adulto pu\u00f2 modificarsi e imparare grazie al &quot;Pulvinar&quot;\" \/>\n<meta property=\"og:description\" content=\"La scoperta apre prospettive importanti per la riabilitazione visiva e cognitiva: comprendere e modulare il ruolo del pulvinar potrebbe portare a nuovi approcci terapeutici in grado di riattivare la plasticit\u00e0 cerebrale\" \/>\n<meta property=\"og:url\" content=\"https:\/\/www.intoscana.it\/it\/lo-studio-delluniversita-di-pisa-il-cervello-adulto-puo-modificarsi-e-imparare-grazie-al-pulvinar\/\" \/>\n<meta property=\"og:site_name\" content=\"intoscana\" \/>\n<meta property=\"article:publisher\" content=\"https:\/\/www.facebook.com\/intoscana.it\" \/>\n<meta property=\"article:published_time\" content=\"2025-12-01T13:59:05+00:00\" \/>\n<meta property=\"article:modified_time\" content=\"2025-12-01T14:05:15+00:00\" \/>\n<meta property=\"og:image\" content=\"https:\/\/www.intoscana.it\/wp-content\/uploads\/cervello-2.jpg\" \/>\n\t<meta property=\"og:image:width\" content=\"2000\" \/>\n\t<meta property=\"og:image:height\" content=\"1055\" \/>\n\t<meta property=\"og:image:type\" content=\"image\/jpeg\" \/>\n<meta name=\"author\" content=\"Redazione\" \/>\n<meta name=\"twitter:card\" content=\"summary_large_image\" \/>\n<meta name=\"twitter:creator\" content=\"@intoscana\" \/>\n<meta name=\"twitter:site\" content=\"@intoscana\" \/>\n<meta name=\"twitter:label1\" content=\"Written by\" \/>\n\t<meta name=\"twitter:data1\" content=\"Redazione\" \/>\n\t<meta name=\"twitter:label2\" content=\"Est. reading time\" \/>\n\t<meta name=\"twitter:data2\" content=\"2 minuti\" \/>\n<script type=\"application\/ld+json\" class=\"yoast-schema-graph\">{\"@context\":\"https:\/\/schema.org\",\"@graph\":[{\"@type\":\"WebPage\",\"@id\":\"https:\/\/www.intoscana.it\/it\/lo-studio-delluniversita-di-pisa-il-cervello-adulto-puo-modificarsi-e-imparare-grazie-al-pulvinar\/\",\"url\":\"https:\/\/www.intoscana.it\/it\/lo-studio-delluniversita-di-pisa-il-cervello-adulto-puo-modificarsi-e-imparare-grazie-al-pulvinar\/\",\"name\":\"Lo studio dell'Universit\u00e0 di Pisa: il cervello adulto pu\u00f2 modificarsi e imparare grazie al \\\"Pulvinar\\\" - intoscana\",\"isPartOf\":{\"@id\":\"https:\/\/www.intoscana.it\/it\/#website\"},\"primaryImageOfPage\":{\"@id\":\"https:\/\/www.intoscana.it\/it\/lo-studio-delluniversita-di-pisa-il-cervello-adulto-puo-modificarsi-e-imparare-grazie-al-pulvinar\/#primaryimage\"},\"image\":{\"@id\":\"https:\/\/www.intoscana.it\/it\/lo-studio-delluniversita-di-pisa-il-cervello-adulto-puo-modificarsi-e-imparare-grazie-al-pulvinar\/#primaryimage\"},\"thumbnailUrl\":\"https:\/\/www.intoscana.it\/wp-content\/uploads\/cervello-2.jpg\",\"datePublished\":\"2025-12-01T13:59:05+00:00\",\"dateModified\":\"2025-12-01T14:05:15+00:00\",\"author\":{\"@id\":\"https:\/\/www.intoscana.it\/it\/#\/schema\/person\/9223810753230f20bd670fdd322661f8\"},\"breadcrumb\":{\"@id\":\"https:\/\/www.intoscana.it\/it\/lo-studio-delluniversita-di-pisa-il-cervello-adulto-puo-modificarsi-e-imparare-grazie-al-pulvinar\/#breadcrumb\"},\"inLanguage\":\"it-IT\",\"potentialAction\":[{\"@type\":\"ReadAction\",\"target\":[\"https:\/\/www.intoscana.it\/it\/lo-studio-delluniversita-di-pisa-il-cervello-adulto-puo-modificarsi-e-imparare-grazie-al-pulvinar\/\"]}]},{\"@type\":\"ImageObject\",\"inLanguage\":\"it-IT\",\"@id\":\"https:\/\/www.intoscana.it\/it\/lo-studio-delluniversita-di-pisa-il-cervello-adulto-puo-modificarsi-e-imparare-grazie-al-pulvinar\/#primaryimage\",\"url\":\"https:\/\/www.intoscana.it\/wp-content\/uploads\/cervello-2.jpg\",\"contentUrl\":\"https:\/\/www.intoscana.it\/wp-content\/uploads\/cervello-2.jpg\",\"width\":2000,\"height\":1055},{\"@type\":\"BreadcrumbList\",\"@id\":\"https:\/\/www.intoscana.it\/it\/lo-studio-delluniversita-di-pisa-il-cervello-adulto-puo-modificarsi-e-imparare-grazie-al-pulvinar\/#breadcrumb\",\"itemListElement\":[{\"@type\":\"ListItem\",\"position\":1,\"name\":\"Home\",\"item\":\"https:\/\/www.intoscana.it\/it\/\"},{\"@type\":\"ListItem\",\"position\":2,\"name\":\"Lo studio dell&#8217;Universit\u00e0 di Pisa: il cervello adulto pu\u00f2 modificarsi e imparare grazie al &#8220;Pulvinar&#8221;\"}]},{\"@type\":\"WebSite\",\"@id\":\"https:\/\/www.intoscana.it\/it\/#website\",\"url\":\"https:\/\/www.intoscana.it\/it\/\",\"name\":\"intoscana\",\"description\":\"\",\"potentialAction\":[{\"@type\":\"SearchAction\",\"target\":{\"@type\":\"EntryPoint\",\"urlTemplate\":\"https:\/\/www.intoscana.it\/it\/?s={search_term_string}\"},\"query-input\":{\"@type\":\"PropertyValueSpecification\",\"valueRequired\":true,\"valueName\":\"search_term_string\"}}],\"inLanguage\":\"it-IT\"},{\"@type\":\"Person\",\"@id\":\"https:\/\/www.intoscana.it\/it\/#\/schema\/person\/9223810753230f20bd670fdd322661f8\",\"name\":\"Redazione\",\"url\":\"https:\/\/www.intoscana.it\/it\/author\/redazione\/\"}]}<\/script>\n<!-- \/ Yoast SEO Premium plugin. -->","yoast_head_json":{"title":"Lo studio dell'Universit\u00e0 di Pisa: il cervello adulto pu\u00f2 modificarsi e imparare grazie al \"Pulvinar\" - intoscana","robots":{"index":"index","follow":"follow","max-snippet":"max-snippet:-1","max-image-preview":"max-image-preview:large","max-video-preview":"max-video-preview:-1"},"canonical":"https:\/\/www.intoscana.it\/it\/lo-studio-delluniversita-di-pisa-il-cervello-adulto-puo-modificarsi-e-imparare-grazie-al-pulvinar\/","og_locale":"it_IT","og_type":"article","og_title":"Lo studio dell'Universit\u00e0 di Pisa: il cervello adulto pu\u00f2 modificarsi e imparare grazie al \"Pulvinar\"","og_description":"La scoperta apre prospettive importanti per la riabilitazione visiva e cognitiva: comprendere e modulare il ruolo del pulvinar potrebbe portare a nuovi approcci terapeutici in grado di riattivare la plasticit\u00e0 cerebrale","og_url":"https:\/\/www.intoscana.it\/it\/lo-studio-delluniversita-di-pisa-il-cervello-adulto-puo-modificarsi-e-imparare-grazie-al-pulvinar\/","og_site_name":"intoscana","article_publisher":"https:\/\/www.facebook.com\/intoscana.it","article_published_time":"2025-12-01T13:59:05+00:00","article_modified_time":"2025-12-01T14:05:15+00:00","og_image":[{"width":2000,"height":1055,"url":"https:\/\/www.intoscana.it\/wp-content\/uploads\/cervello-2.jpg","type":"image\/jpeg"}],"author":"Redazione","twitter_card":"summary_large_image","twitter_creator":"@intoscana","twitter_site":"@intoscana","twitter_misc":{"Written by":"Redazione","Est. reading time":"2 minuti"},"schema":{"@context":"https:\/\/schema.org","@graph":[{"@type":"WebPage","@id":"https:\/\/www.intoscana.it\/it\/lo-studio-delluniversita-di-pisa-il-cervello-adulto-puo-modificarsi-e-imparare-grazie-al-pulvinar\/","url":"https:\/\/www.intoscana.it\/it\/lo-studio-delluniversita-di-pisa-il-cervello-adulto-puo-modificarsi-e-imparare-grazie-al-pulvinar\/","name":"Lo studio dell'Universit\u00e0 di Pisa: il cervello adulto pu\u00f2 modificarsi e imparare grazie al \"Pulvinar\" - intoscana","isPartOf":{"@id":"https:\/\/www.intoscana.it\/it\/#website"},"primaryImageOfPage":{"@id":"https:\/\/www.intoscana.it\/it\/lo-studio-delluniversita-di-pisa-il-cervello-adulto-puo-modificarsi-e-imparare-grazie-al-pulvinar\/#primaryimage"},"image":{"@id":"https:\/\/www.intoscana.it\/it\/lo-studio-delluniversita-di-pisa-il-cervello-adulto-puo-modificarsi-e-imparare-grazie-al-pulvinar\/#primaryimage"},"thumbnailUrl":"https:\/\/www.intoscana.it\/wp-content\/uploads\/cervello-2.jpg","datePublished":"2025-12-01T13:59:05+00:00","dateModified":"2025-12-01T14:05:15+00:00","author":{"@id":"https:\/\/www.intoscana.it\/it\/#\/schema\/person\/9223810753230f20bd670fdd322661f8"},"breadcrumb":{"@id":"https:\/\/www.intoscana.it\/it\/lo-studio-delluniversita-di-pisa-il-cervello-adulto-puo-modificarsi-e-imparare-grazie-al-pulvinar\/#breadcrumb"},"inLanguage":"it-IT","potentialAction":[{"@type":"ReadAction","target":["https:\/\/www.intoscana.it\/it\/lo-studio-delluniversita-di-pisa-il-cervello-adulto-puo-modificarsi-e-imparare-grazie-al-pulvinar\/"]}]},{"@type":"ImageObject","inLanguage":"it-IT","@id":"https:\/\/www.intoscana.it\/it\/lo-studio-delluniversita-di-pisa-il-cervello-adulto-puo-modificarsi-e-imparare-grazie-al-pulvinar\/#primaryimage","url":"https:\/\/www.intoscana.it\/wp-content\/uploads\/cervello-2.jpg","contentUrl":"https:\/\/www.intoscana.it\/wp-content\/uploads\/cervello-2.jpg","width":2000,"height":1055},{"@type":"BreadcrumbList","@id":"https:\/\/www.intoscana.it\/it\/lo-studio-delluniversita-di-pisa-il-cervello-adulto-puo-modificarsi-e-imparare-grazie-al-pulvinar\/#breadcrumb","itemListElement":[{"@type":"ListItem","position":1,"name":"Home","item":"https:\/\/www.intoscana.it\/it\/"},{"@type":"ListItem","position":2,"name":"Lo studio dell&#8217;Universit\u00e0 di Pisa: il cervello adulto pu\u00f2 modificarsi e imparare grazie al &#8220;Pulvinar&#8221;"}]},{"@type":"WebSite","@id":"https:\/\/www.intoscana.it\/it\/#website","url":"https:\/\/www.intoscana.it\/it\/","name":"intoscana","description":"","potentialAction":[{"@type":"SearchAction","target":{"@type":"EntryPoint","urlTemplate":"https:\/\/www.intoscana.it\/it\/?s={search_term_string}"},"query-input":{"@type":"PropertyValueSpecification","valueRequired":true,"valueName":"search_term_string"}}],"inLanguage":"it-IT"},{"@type":"Person","@id":"https:\/\/www.intoscana.it\/it\/#\/schema\/person\/9223810753230f20bd670fdd322661f8","name":"Redazione","url":"https:\/\/www.intoscana.it\/it\/author\/redazione\/"}]}},"_links":{"self":[{"href":"https:\/\/www.intoscana.it\/it\/wp-json\/wp\/v2\/posts\/409066","targetHints":{"allow":["GET"]}}],"collection":[{"href":"https:\/\/www.intoscana.it\/it\/wp-json\/wp\/v2\/posts"}],"about":[{"href":"https:\/\/www.intoscana.it\/it\/wp-json\/wp\/v2\/types\/post"}],"author":[{"embeddable":true,"href":"https:\/\/www.intoscana.it\/it\/wp-json\/wp\/v2\/users\/525"}],"replies":[{"embeddable":true,"href":"https:\/\/www.intoscana.it\/it\/wp-json\/wp\/v2\/comments?post=409066"}],"version-history":[{"count":5,"href":"https:\/\/www.intoscana.it\/it\/wp-json\/wp\/v2\/posts\/409066\/revisions"}],"predecessor-version":[{"id":409072,"href":"https:\/\/www.intoscana.it\/it\/wp-json\/wp\/v2\/posts\/409066\/revisions\/409072"}],"wp:featuredmedia":[{"embeddable":true,"href":"https:\/\/www.intoscana.it\/it\/wp-json\/wp\/v2\/media\/104219"}],"wp:attachment":[{"href":"https:\/\/www.intoscana.it\/it\/wp-json\/wp\/v2\/media?parent=409066"}],"wp:term":[{"taxonomy":"category","embeddable":true,"href":"https:\/\/www.intoscana.it\/it\/wp-json\/wp\/v2\/categories?post=409066"},{"taxonomy":"post_tag","embeddable":true,"href":"https:\/\/www.intoscana.it\/it\/wp-json\/wp\/v2\/tags?post=409066"}],"curies":[{"name":"wp","href":"https:\/\/api.w.org\/{rel}","templated":true}]}}