{"id":409100,"date":"2025-12-01T17:22:18","date_gmt":"2025-12-01T16:22:18","guid":{"rendered":"https:\/\/www.intoscana.it\/it\/?p=409100"},"modified":"2025-12-01T17:34:51","modified_gmt":"2025-12-01T16:34:51","slug":"laltro-ispettore-su-rai-1-la-fiction-girata-in-toscana-intoscana-it","status":"publish","type":"post","link":"https:\/\/www.intoscana.it\/it\/laltro-ispettore-su-rai-1-la-fiction-girata-in-toscana-intoscana-it\/","title":{"rendered":"\u201cL\u2019altro ispettore\u201d, su Rai 1 la fiction girata in Toscana, che affronta il tema della sicurezza sul lavoro"},"content":{"rendered":"<h3>Girata a Lucca e sostenuta da Bando Cinema e Audiovisivo della Regione Toscana, arriva sulla rete ammiraglia Rai, la fiction &#8220;L&#8217;altro ispettore&#8221;<\/h3>\n<p>Andr\u00e0 in onda il 2 dicembre in prima serata su Rai 1, la prima delle tre puntate della fiction<strong> L\u2019altro Ispettore<\/strong>. Diretta da Paola Randi, la fiction \u00e8 una co-produzione Rai Fiction, Anele e Rai Com, realizzata con il contributo del <strong>Fondo per lo sviluppo degli investimenti nel cinema e nell\u2019audiovisivo del Ministero della Cultura \u2013 Direzione Generale Cinema e Audiovisivo<\/strong>, con il contributo del <strong>\u201cPR FESR Toscana 2021-2027 &#8211; bando per la concessione di sovvenzioni a fondo perduto per la produzione di opere cinematografiche e audiovisive \u2013 Anno 2023\u201d della Regione Toscana<\/strong>, con il sostegno della Citt\u00e0 di Lucca, della Fondazione Banca del Monte di Lucca e della Fondazione Giuseppe Lazzareschi e con la collaborazione della <a href=\"http:\/\/www.toscanafilmcommission.it\"><strong>Toscana Film Commission<\/strong><\/a>.<\/p>\n<p>Si tratta della prima fiction italiana che affronta il tema della sicurezza sul lavoro, liberamente tratta dai romanzi di Pasquale Sgr\u00f2, attraverso il racconto delle vicende dell\u2019<strong>ispettore del lavoro Domenico Dodaro<\/strong>. Scritta da Salvatore De Mola, Andrea Valagussa, Paola Randi ed Emanuela Rizzuto, la fiction vede protagonista <strong>Alessio Vassallo<\/strong> nei panni dell\u2019ispettore del lavoro Domenico Dodaro, per gli amici Mimmo. Al suo fianco <strong>Cesare Bocci<\/strong> nel ruolo dell\u2019amico di famiglia Alessandro, un mental coach in sedia a rotelle sopravvissuto all\u2019incidente in cui, anni prima, ha perso la vita il padre di Domenico. L\u2019attrice toscana <strong>Francesca Inaudi<\/strong> interpreta invece la PM Raffaella Pacini (ex compagna di liceo del protagonista) con la quale Mimmo si ritrover\u00e0 a lavorare nelle indagini dei casi di puntata. La giovanissima <strong>Angelica Tuccini<\/strong> recita invece nel ruolo della figlia di Mimmo, Mim\u00ec.\u00a0Nel cast anche <strong>Barbara Enrichi, Massimiliano Galligani, Sergio Pierattini, Giulia Weber, Rosanna Genili, Kelvin Nkole, Valerio di Domenicantonio, Chiara Cavaliere, Matilde Bernardi e Beniamino Brogi.<\/strong><\/p>\n<h3>La produzione audiovisiva sensibilizza l&#8217;opinione pubblica sul tema della sicurezza sul lavoro<\/h3>\n<p>La serie in tre puntate <em><strong>L&#8217;altro ispettore<\/strong><\/em> accende i riflettori su un tema fortemente attuale, sensibilizzando a una riflessione collettiva sul lavoro e sulla <strong>cultura della sicurezza<\/strong> come valore universale. E lo fa attraverso una figura totalmente inedita per il pubblico televisivo, un ispettore \u201csenza pistola\u201d &#8211; l\u2019altro ispettore, appunto &#8211; che possiede come armi la competenza, l\u2019intelligenza e l\u2019empatia. Per il suo alto valore di servizio pubblico la serie ha ottenuto il <strong>Patrocinio della Presidenza del Consiglio dei Ministri, del Ministero del Lavoro e delle Politiche Sociali e di INAIL<\/strong> e la collaborazione di <strong>Presidenza del Consiglio dei Ministri &#8211; Ministro per le Disabilit\u00e0, dell\u2019Ispettorato Nazionale del Lavoro e del Comando Generale dell\u2019Arma dei Carabinieri<\/strong>.<\/p>\n<p>Ambientata a Lucca, girata con la collaborazione di <strong>Toscana Film Commission<\/strong>, nei vicoli medievali circondati dalla campagna toscana, la serie vede il protagonista impegnato ogni giorno a garantire la sicurezza nei luoghi di lavoro e a indagare sui casi in cui questa \u00e8 venuta meno. Casi liberamente ispirati a fatti realmente accaduti, di cui Mimmo cercher\u00e0 di scoprire le reali dinamiche e responsabilit\u00e0 con uno sguardo umano, imparziale e con la collaborazione di tutte le parti in causa: dai lavoratori agli imprenditori, ai sindacati, alle istituzioni. Non a caso la prima puntata, del 2 dicembre, \u00e8 dedicata a Luana D&#8217;Orazio, vittima sul lavoro a soli venti anni, che ha person la vita in un orditoio di Montemurlo di Prato.<\/p>\n<p>Molte le location toscane interessate dal set del <em><strong>L\u2019altro ispettore<\/strong><\/em>: alcuni luoghi iconici di Lucca, tra cui piazza Cittadella, il baluardo San Colombano, Le Mura, Piazza San Frediano, Piazza San Michele, Piazza San Martino, Piazza Napoleone, Chiasso Barletti, alcuni pubblici esercizi (pasticceria Pinelli, Pizzeria Pellegrini, Bar Turandot e Caff\u00e8 Santa Zita). E poi la cittadella del Carnevale di Viareggio e le cave di marmo di Carrara.<\/p>\n<p>\u201c<em>La serie \u2013<\/em> ha spiegato l\u2019assessora alla cultura <strong>Cristina Manetti<\/strong> <em>\u2013 affrontando il tema della sicurezza sui luoghi di lavoro, ci spinge a prendere sempre pi\u00f9 coscienza della necessit\u00e0 di promuovere e diffondere la cultura della sicurezza, un argomento oggi pi\u00f9 che mai attuale. La fiction, ispirata a fatti realmente accaduti, \u00e8 girata a Lucca, nei luoghi straordinari della nostra Toscana. La Regione ha deciso di sostenerla con fondi europei di sviluppo 2021\u20132027, attraverso il bando Sostegno a fondo perduto per la produzione di opere cinematografiche e audiovisive \u2013 Azione 1.3.5 Sostegno alle imprese culturali, con un contributo di oltre 115mila e euro concesso alla casa di produzione Anele, a fronte di un plafond dedicato alla sola serialit\u00e0, per il bando 2023, pari complessivamente a 500.000 euro. I progetti finanziati con il bando 2023 \u2013 ha ricordato Manetti \u2013 sono stati in totale 32 (7 cortometraggi, 14 documentari, 8 lungometraggi e 3 serie TV), per un ammontare complessivo di 3 milioni di euro. Al bando 2023 \u00e8 seguito un secondo bando nel 2024, con il quale sono stati assegnati ulteriori 4 milioni di euro di contributi&#8221;.<\/em><\/p>\n<p><em>\u201cPer questa fiction ho studiato i super-eroi di tutti i giorni, i lavoratori, che cercano di rendere i luoghi di lavoro pi\u00f9 sicuri \u201d<\/em> \u2013 ha dichiarato la regista <strong>Paola Randi<\/strong> nel corso della conferenza stampa di presentazione lo scorso 25 novembre. \u201c<em>Siamo riusciti a lavorare su un personaggio importante, che porta in s\u00e9 l\u2019eredit\u00e0 di ci\u00f2 che accade alle famiglie quando si perde qualcuno, vittima del lavoro. Cosa succede dopo, anche quando i riflettori si spengono sul caso. L\u2019ispettore del lavoro \u00e8 un detective senza pistola: ho creato, per questa fiction, un ispettore diverso, che mette in campo la sua sensibilit\u00e0, la sua umanit\u00e0. Dodaro \u00e8 un ispettore che si prende cura dei lavoratori, affinch\u00e9 non succeda pi\u00f9 quello che \u00e8 successo a suo padre\u201d<\/em>.<\/p>\n<p><em>\u201cColgo l\u2019occasione \u2013<\/em> ha aggiunto<strong> Gloria Giorgianni<\/strong> di Anele<em> \u2013 di affermare che la Rai \u00e8 una fucina di talenti e competenze e questa fiction \u00e8 una grande sfida che ha voluto affrontare, andando a raccontare una tematica di grande valenza sociale. Si tratta di una produzione che vuole sensibilizzare l\u2019opinione pubblica sul due temi di grande importanza: la sicurezza sui luoghi di lavoro e la disabilit\u00e0. La prima puntata, del 2 dicembre, sar\u00e0 dedicata a Luana D\u2019Orazio, morta in un orditoio a soli venti anni e a sua mamma, Emma Marrazzo, che si sta battendo con grande energia per avere giustizia\u201d. <\/em><\/p>\n<p>\u201cI<em>n questa fiction interpreto l\u2019ispettore del lavoro Mimmo Dodaro<\/em> \u2013 ha dichiarato il protagonista, <strong>Alessio Vassallo<\/strong> &#8211; <em>personaggio del tutto analogico, che va in bici, scrive post-it, si dedica anima e corpo al lavoro: una sorta di super-eroe dei giorni nostri, che pone al centro la cura degli altri, uno dei temi pi\u00f9 importanti che la fiction trasmette al pubblico, in un\u2019epoca nella quale siamo di solito abituati a prenderci cura di noi stessi\u201d<\/em>.<\/p>\n<p>\u201cQ<em>uesta fiction \u2013 <\/em>ha dichiarato l\u2019attore <strong>Cesare Bocci<\/strong><em> &#8211; mi ha dato una doppia responsabilit\u00e0: oltre al messaggio che trasmette, trattando della tematica della sicurezza sui luoghi del lavoro, interpreto un personaggio disabile, in quanto rimasto sulla sedia a rotelle, in seguito ad un incidente sul lavoro, andando a toccare un&#8217;altra tematica molto importante. Ma il personaggio creato dallo sceneggiatore Salvatore De Mola, Alessandro, trova sempre il coraggio di rialzarsi, guarda al futuro per scoprire sempre qualcosa di nuovo\u201d<\/em>.<\/p>\n","protected":false},"excerpt":{"rendered":"<p>La fiction \u00e8 stata realizzata con il sostegno del &#8220;Bando Cinema e Audiovisivo della Regione Toscana&#8221; e con la collaborazione di Toscana Film Commission. La prima delle tre puntate, in onda il 2 dicembre sera, sar\u00e0 dedicata a Luana D\u2019Orazio, morta sul lavoro a vent\u2019anni in un orditoio di Montemurlo e a sua mamma, Emma Marrazzo.<\/p>\n","protected":false},"author":492,"featured_media":409105,"comment_status":"open","ping_status":"open","sticky":false,"template":"","format":"standard","meta":{"_acf_changed":false,"footnotes":""},"categories":[493],"tags":[188],"class_list":["post-409100","post","type-post","status-publish","format-standard","has-post-thumbnail","hentry","category-cultura","tag-cinema"],"acf":[],"yoast_head":"<!-- This site is optimized with the Yoast SEO Premium plugin v24.2 (Yoast SEO v25.6) - https:\/\/yoast.com\/wordpress\/plugins\/seo\/ -->\n<title>Arivva su Rai 1 la fiction &quot;L&#039;altro ispettore&quot; girata in Toscana<\/title>\n<meta name=\"description\" content=\"Il 2 dicembre sera andr\u00e0 in onda su Rai 1 la prima delle tre puntate della fiction che affronta il tema della sicurezza su lavoro.\" \/>\n<meta name=\"robots\" content=\"index, follow, max-snippet:-1, max-image-preview:large, max-video-preview:-1\" \/>\n<link rel=\"canonical\" href=\"https:\/\/www.intoscana.it\/it\/laltro-ispettore-su-rai-1-la-fiction-girata-in-toscana-intoscana-it\/\" \/>\n<meta property=\"og:locale\" content=\"it_IT\" \/>\n<meta property=\"og:type\" content=\"article\" \/>\n<meta property=\"og:title\" content=\"\u201cL\u2019altro ispettore\u201d, su Rai 1 la fiction girata in Toscana, che affronta il tema della sicurezza sul lavoro\" \/>\n<meta property=\"og:description\" content=\"Il 2 dicembre sera andr\u00e0 in onda su Rai 1 la prima delle tre puntate della fiction che affronta il tema della sicurezza su lavoro.\" \/>\n<meta property=\"og:url\" content=\"https:\/\/www.intoscana.it\/it\/laltro-ispettore-su-rai-1-la-fiction-girata-in-toscana-intoscana-it\/\" \/>\n<meta property=\"og:site_name\" content=\"intoscana\" \/>\n<meta property=\"article:publisher\" content=\"https:\/\/www.facebook.com\/intoscana.it\" \/>\n<meta property=\"article:published_time\" content=\"2025-12-01T16:22:18+00:00\" \/>\n<meta property=\"article:modified_time\" content=\"2025-12-01T16:34:51+00:00\" \/>\n<meta property=\"og:image\" content=\"https:\/\/www.intoscana.it\/wp-content\/uploads\/Laltro-ispettore-fiction-tv-girata-a-Lucca-1.jpg\" \/>\n\t<meta property=\"og:image:width\" content=\"512\" \/>\n\t<meta property=\"og:image:height\" content=\"342\" \/>\n\t<meta property=\"og:image:type\" content=\"image\/jpeg\" \/>\n<meta name=\"author\" content=\"Elisabetta Vagaggini\" \/>\n<meta name=\"twitter:card\" content=\"summary_large_image\" \/>\n<meta name=\"twitter:creator\" content=\"@intoscana\" \/>\n<meta name=\"twitter:site\" content=\"@intoscana\" \/>\n<meta name=\"twitter:label1\" content=\"Written by\" \/>\n\t<meta name=\"twitter:data1\" content=\"Elisabetta Vagaggini\" \/>\n\t<meta name=\"twitter:label2\" content=\"Est. reading time\" \/>\n\t<meta name=\"twitter:data2\" content=\"7 minuti\" \/>\n<script type=\"application\/ld+json\" class=\"yoast-schema-graph\">{\"@context\":\"https:\/\/schema.org\",\"@graph\":[{\"@type\":\"WebPage\",\"@id\":\"https:\/\/www.intoscana.it\/it\/laltro-ispettore-su-rai-1-la-fiction-girata-in-toscana-intoscana-it\/\",\"url\":\"https:\/\/www.intoscana.it\/it\/laltro-ispettore-su-rai-1-la-fiction-girata-in-toscana-intoscana-it\/\",\"name\":\"Arivva su Rai 1 la fiction \\\"L'altro ispettore\\\" girata in Toscana\",\"isPartOf\":{\"@id\":\"https:\/\/www.intoscana.it\/it\/#website\"},\"primaryImageOfPage\":{\"@id\":\"https:\/\/www.intoscana.it\/it\/laltro-ispettore-su-rai-1-la-fiction-girata-in-toscana-intoscana-it\/#primaryimage\"},\"image\":{\"@id\":\"https:\/\/www.intoscana.it\/it\/laltro-ispettore-su-rai-1-la-fiction-girata-in-toscana-intoscana-it\/#primaryimage\"},\"thumbnailUrl\":\"https:\/\/www.intoscana.it\/wp-content\/uploads\/Laltro-ispettore-fiction-tv-girata-a-Lucca-1.jpg\",\"datePublished\":\"2025-12-01T16:22:18+00:00\",\"dateModified\":\"2025-12-01T16:34:51+00:00\",\"author\":{\"@id\":\"https:\/\/www.intoscana.it\/it\/#\/schema\/person\/20956e1a83baf96027b69e776f754e43\"},\"description\":\"Il 2 dicembre sera andr\u00e0 in onda su Rai 1 la prima delle tre puntate della fiction che affronta il tema della sicurezza su lavoro.\",\"breadcrumb\":{\"@id\":\"https:\/\/www.intoscana.it\/it\/laltro-ispettore-su-rai-1-la-fiction-girata-in-toscana-intoscana-it\/#breadcrumb\"},\"inLanguage\":\"it-IT\",\"potentialAction\":[{\"@type\":\"ReadAction\",\"target\":[\"https:\/\/www.intoscana.it\/it\/laltro-ispettore-su-rai-1-la-fiction-girata-in-toscana-intoscana-it\/\"]}]},{\"@type\":\"ImageObject\",\"inLanguage\":\"it-IT\",\"@id\":\"https:\/\/www.intoscana.it\/it\/laltro-ispettore-su-rai-1-la-fiction-girata-in-toscana-intoscana-it\/#primaryimage\",\"url\":\"https:\/\/www.intoscana.it\/wp-content\/uploads\/Laltro-ispettore-fiction-tv-girata-a-Lucca-1.jpg\",\"contentUrl\":\"https:\/\/www.intoscana.it\/wp-content\/uploads\/Laltro-ispettore-fiction-tv-girata-a-Lucca-1.jpg\",\"width\":512,\"height\":342,\"caption\":\"Fiction \\\"L'altro ispettore\\\" Rai Fiction presenta Una coproduzione Rai Fiction \u0096 Anele Ministero della Cultura \u0096 Direzione Generale Cinema e Audiovisivo opera realizzata con il contributo del Fondo per lo sviluppo degli investimenti nel cinema e nell\u0092audiovisivo AL VIA LE RIPRESE DELLA SERIE TV \u0093L\u0092ALTRO ISPETTORE\u0094 CON ALESSIO VASSALLO, CESARE BOCCI E FRANCESCA INAUDI DIRETTA DA PAOLA RANDI PRODOTTA DA GLORIA GIORGIANNI Con il Patrocinio del Ministero del Lavoro e delle Politiche Sociali e di INAIL e con la collaborazione del Ministro per le Disabilit\u00e0 \u0096 Presidenza del Consiglio dei Ministri e dell\u0092Ispettorato Nazionale del Lavoro Sono iniziate le riprese della serie tv \u0093L\u0092altro ispettore\u0094, una co-produzione Rai Fiction - Anele per la regia di Paola Randi, scritta da Salvatore De Mola, Andrea Valagussa e Paola Randi e liberamente tratta dai romanzi di Pasquale Sgr\u00f2. Interpretata da Alessio Vassallo con Cesare Bocci e Francesca Inaudi, la serie tv \u0096 in 6 puntate da 50\u0092 \u0096 porta al centro della narrazione e dell\u0092attenzione del pubblico il lavoro e la cultura della sicurezza attraverso le vicende private e professionali di un ispettore del lavoro. Ambientata nella splendida cornice di Lucca, con i suoi vicoli medievali avvolti nella campagna toscana, e nei suoi dintorni, la serie tv vede protagonista Domenico Dodaro, per gli amici Mimmo (Alessio Vassallo), un ispettore del lavoro appena rientrato a Lucca, sua citt\u00e0 natale, dopo aver combattuto il caporalato al Sud in missioni che lo hanno portato ad essere riconosciuto come uno dei migliori ispettori del lavoro italiani. A seguito della perdita della moglie a causa di una malattia, Domenico, rimasto vedovo con una figlia preadolescente, decide di ritornare a Lucca dove potr\u00e0 contare sull\u0092aiuto della madre, della sorella e dell\u0092amico Alessandro per potersi occupare della bambina e continuare il suo lavoro nel nuovo incarico in provincia. Lo vedremo quindi impegnato ogni giorno a garantire la sicurezza nei luoghi di lavoro e a indagare sui casi in cui la sicurezza \u00e8 venuta meno, episodi \u0096 liberamente ispirati a fatti realmente accaduti \u0096 di cui cercher\u00e0 di scoprire le reali dinamiche e responsabilit\u00e0 con uno sguardo imparziale e cercando la collaborazione di tutte le parti in causa, dai lavoratori agli imprenditori ai sindacati, alle istituzioni. Al suo fianco l\u0092amico di famiglia Alessandro Lanciani (Cesare Bocci), sopravvissuto all\u0092incidente in cui anni prima il padre di Domenico, Pietro Dodaro, amico e collega di Alessandro, aveva perso la vita. Ex operaio, adesso Alessandro \u00e8 un mental coach ironico e solare, costretto da quell\u0092incidente a vivere in sedia a rotelle. Nel cast anche Francesca Inaudi nel ruolo della PM Raffaella Pacini, ex compagna di liceo del nostro protagonista, con la quale dovr\u00e0 lavorare nelle indagini dei casi di puntata, e la piccola Angelica Tuccini nei panni della figlia Mim\u00ec. \u0093L\u0092altro ispettore \u00e8 una serie perfettamente in linea con lo spirito di servizio pubblico, una fiction che vuole raccontare i problemi e le contraddizioni della contemporaneit\u00e0. \u0096 dichiara Maria Pia Ammirati, Direttore di Rai Fiction - Un esempio di come si possa usare la forza del racconto seriale per approfondire una questione drammaticamente aperta come la sicurezza nel mondo del lavoro. Un nuovo progetto che vuole essere anche un contributo di consapevolezza e responsabilit\u00e0 nel nome di diritti inalienabili\u0094 \u0093La serie mette al centro il tema del lavoro e lo fa raccontando una figura nuova per il pubblico televisivo e ancora troppo poco conosciuta , quella dell\u0092ispettore del lavoro, colui che deve aiutare a garantire la sicurezza sul lavoro, nel rispetto degli imprenditori, dei lavoratori e di tutte le parti in causa \u0096 racconta la produttrice Gloria Giorgianni, AD di Anele \u0096 Attraverso storie ispirate alla realt\u00e0 rispetto alle quali abbiamo lavorato condividendo le fasi di sviluppo con i professionisti che se ne occupano tutti i giorni, la serie vuole portare un tema tragicamente attuale e molto presente nelle cronache, dentro una narrazione popolare al fine di sensibilizzare una riflessione collettiva sul lavoro e sulla cultura della sicurezza come valore di tutti, senza barriere e pregiudizi, senza parti e controparti, ma con grande solidariet\u00e0 e senso di comunit\u00e0\u0094 \u0093Questo progetto mi entusiasma moltissimo e ne sento profondamente la responsabilit\u00e0. Mi d\u00e0 l'opportunit\u00e0 di affrontare temi importanti come il lavoro e la disabilit\u00e0, e di farlo raccontando un personaggio unico: un ispettore \u0093senza pistola\\\" \u0096 afferma la regista Paola Randi \u0096 Il nostro protagonista possiede come armi la gentilezza, la competenza, l\u0092intelligenza e l\u0092empatia. Questo lo rende un personaggio umano e tridimensionale in cui \u00e8 facile riconoscersi e di cui \u00e8 facile innamorarsi. Perch\u00e9 le storie a cui si dedica sono storie di gente che lavora, di famiglie, di persone, e il suo compito \u00e8 quello di combattere per rendere il lavoro un posto sicuro\u0094. Per il suo alto valore di servizio pubblico la serie ha ottenuto il Patrocinio del Ministero del Lavoro e delle Politiche Sociali e di INAIL e la collaborazione del Ministro per le Disabilit\u00e0 \u0096 Presidenza del Consiglio dei Ministri e dell\u0092Ispettorato Nazionale del Lavoro. L\u0092altro ispettore \u00e8 una coproduzione Rai Fiction \u0096 Anele, realizzata con il contributo del Fondo per lo sviluppo degli investimenti nel cinema e nell\u0092audiovisivo del Ministero della Cultura \u0096 Direzione Generale Cinema e Audiovisivo, con il contributo del \u0093PR FESR Toscana 2021-2027 - bando per la concessione di sovvenzioni a fondo perduto per la produzione di opere cinematografiche e audiovisive \u0096 Anno 2023\u0094 della Regione Toscana, con il sostegno della Citt\u00e0 di Lucca, della Fondazione Banca del Monte di Lucca e della Fondazione Giuseppe Lazzareschi e con la collaborazione della Toscana Film Commission.\"},{\"@type\":\"BreadcrumbList\",\"@id\":\"https:\/\/www.intoscana.it\/it\/laltro-ispettore-su-rai-1-la-fiction-girata-in-toscana-intoscana-it\/#breadcrumb\",\"itemListElement\":[{\"@type\":\"ListItem\",\"position\":1,\"name\":\"Home\",\"item\":\"https:\/\/www.intoscana.it\/it\/\"},{\"@type\":\"ListItem\",\"position\":2,\"name\":\"\u201cL\u2019altro ispettore\u201d, su Rai 1 la fiction girata in Toscana, che affronta il tema della sicurezza sul lavoro\"}]},{\"@type\":\"WebSite\",\"@id\":\"https:\/\/www.intoscana.it\/it\/#website\",\"url\":\"https:\/\/www.intoscana.it\/it\/\",\"name\":\"intoscana\",\"description\":\"\",\"potentialAction\":[{\"@type\":\"SearchAction\",\"target\":{\"@type\":\"EntryPoint\",\"urlTemplate\":\"https:\/\/www.intoscana.it\/it\/?s={search_term_string}\"},\"query-input\":{\"@type\":\"PropertyValueSpecification\",\"valueRequired\":true,\"valueName\":\"search_term_string\"}}],\"inLanguage\":\"it-IT\"},{\"@type\":\"Person\",\"@id\":\"https:\/\/www.intoscana.it\/it\/#\/schema\/person\/20956e1a83baf96027b69e776f754e43\",\"name\":\"Elisabetta Vagaggini\",\"url\":\"https:\/\/www.intoscana.it\/it\/author\/elisabetta-vagaggini\/\"}]}<\/script>\n<!-- \/ Yoast SEO Premium plugin. -->","yoast_head_json":{"title":"Arivva su Rai 1 la fiction \"L'altro ispettore\" girata in Toscana","description":"Il 2 dicembre sera andr\u00e0 in onda su Rai 1 la prima delle tre puntate della fiction che affronta il tema della sicurezza su lavoro.","robots":{"index":"index","follow":"follow","max-snippet":"max-snippet:-1","max-image-preview":"max-image-preview:large","max-video-preview":"max-video-preview:-1"},"canonical":"https:\/\/www.intoscana.it\/it\/laltro-ispettore-su-rai-1-la-fiction-girata-in-toscana-intoscana-it\/","og_locale":"it_IT","og_type":"article","og_title":"\u201cL\u2019altro ispettore\u201d, su Rai 1 la fiction girata in Toscana, che affronta il tema della sicurezza sul lavoro","og_description":"Il 2 dicembre sera andr\u00e0 in onda su Rai 1 la prima delle tre puntate della fiction che affronta il tema della sicurezza su lavoro.","og_url":"https:\/\/www.intoscana.it\/it\/laltro-ispettore-su-rai-1-la-fiction-girata-in-toscana-intoscana-it\/","og_site_name":"intoscana","article_publisher":"https:\/\/www.facebook.com\/intoscana.it","article_published_time":"2025-12-01T16:22:18+00:00","article_modified_time":"2025-12-01T16:34:51+00:00","og_image":[{"width":512,"height":342,"url":"https:\/\/www.intoscana.it\/wp-content\/uploads\/Laltro-ispettore-fiction-tv-girata-a-Lucca-1.jpg","type":"image\/jpeg"}],"author":"Elisabetta Vagaggini","twitter_card":"summary_large_image","twitter_creator":"@intoscana","twitter_site":"@intoscana","twitter_misc":{"Written by":"Elisabetta Vagaggini","Est. reading time":"7 minuti"},"schema":{"@context":"https:\/\/schema.org","@graph":[{"@type":"WebPage","@id":"https:\/\/www.intoscana.it\/it\/laltro-ispettore-su-rai-1-la-fiction-girata-in-toscana-intoscana-it\/","url":"https:\/\/www.intoscana.it\/it\/laltro-ispettore-su-rai-1-la-fiction-girata-in-toscana-intoscana-it\/","name":"Arivva su Rai 1 la fiction \"L'altro ispettore\" girata in Toscana","isPartOf":{"@id":"https:\/\/www.intoscana.it\/it\/#website"},"primaryImageOfPage":{"@id":"https:\/\/www.intoscana.it\/it\/laltro-ispettore-su-rai-1-la-fiction-girata-in-toscana-intoscana-it\/#primaryimage"},"image":{"@id":"https:\/\/www.intoscana.it\/it\/laltro-ispettore-su-rai-1-la-fiction-girata-in-toscana-intoscana-it\/#primaryimage"},"thumbnailUrl":"https:\/\/www.intoscana.it\/wp-content\/uploads\/Laltro-ispettore-fiction-tv-girata-a-Lucca-1.jpg","datePublished":"2025-12-01T16:22:18+00:00","dateModified":"2025-12-01T16:34:51+00:00","author":{"@id":"https:\/\/www.intoscana.it\/it\/#\/schema\/person\/20956e1a83baf96027b69e776f754e43"},"description":"Il 2 dicembre sera andr\u00e0 in onda su Rai 1 la prima delle tre puntate della fiction che affronta il tema della sicurezza su lavoro.","breadcrumb":{"@id":"https:\/\/www.intoscana.it\/it\/laltro-ispettore-su-rai-1-la-fiction-girata-in-toscana-intoscana-it\/#breadcrumb"},"inLanguage":"it-IT","potentialAction":[{"@type":"ReadAction","target":["https:\/\/www.intoscana.it\/it\/laltro-ispettore-su-rai-1-la-fiction-girata-in-toscana-intoscana-it\/"]}]},{"@type":"ImageObject","inLanguage":"it-IT","@id":"https:\/\/www.intoscana.it\/it\/laltro-ispettore-su-rai-1-la-fiction-girata-in-toscana-intoscana-it\/#primaryimage","url":"https:\/\/www.intoscana.it\/wp-content\/uploads\/Laltro-ispettore-fiction-tv-girata-a-Lucca-1.jpg","contentUrl":"https:\/\/www.intoscana.it\/wp-content\/uploads\/Laltro-ispettore-fiction-tv-girata-a-Lucca-1.jpg","width":512,"height":342,"caption":"Fiction \"L'altro ispettore\" Rai Fiction presenta Una coproduzione Rai Fiction \u0096 Anele Ministero della Cultura \u0096 Direzione Generale Cinema e Audiovisivo opera realizzata con il contributo del Fondo per lo sviluppo degli investimenti nel cinema e nell\u0092audiovisivo AL VIA LE RIPRESE DELLA SERIE TV \u0093L\u0092ALTRO ISPETTORE\u0094 CON ALESSIO VASSALLO, CESARE BOCCI E FRANCESCA INAUDI DIRETTA DA PAOLA RANDI PRODOTTA DA GLORIA GIORGIANNI Con il Patrocinio del Ministero del Lavoro e delle Politiche Sociali e di INAIL e con la collaborazione del Ministro per le Disabilit\u00e0 \u0096 Presidenza del Consiglio dei Ministri e dell\u0092Ispettorato Nazionale del Lavoro Sono iniziate le riprese della serie tv \u0093L\u0092altro ispettore\u0094, una co-produzione Rai Fiction - Anele per la regia di Paola Randi, scritta da Salvatore De Mola, Andrea Valagussa e Paola Randi e liberamente tratta dai romanzi di Pasquale Sgr\u00f2. Interpretata da Alessio Vassallo con Cesare Bocci e Francesca Inaudi, la serie tv \u0096 in 6 puntate da 50\u0092 \u0096 porta al centro della narrazione e dell\u0092attenzione del pubblico il lavoro e la cultura della sicurezza attraverso le vicende private e professionali di un ispettore del lavoro. Ambientata nella splendida cornice di Lucca, con i suoi vicoli medievali avvolti nella campagna toscana, e nei suoi dintorni, la serie tv vede protagonista Domenico Dodaro, per gli amici Mimmo (Alessio Vassallo), un ispettore del lavoro appena rientrato a Lucca, sua citt\u00e0 natale, dopo aver combattuto il caporalato al Sud in missioni che lo hanno portato ad essere riconosciuto come uno dei migliori ispettori del lavoro italiani. A seguito della perdita della moglie a causa di una malattia, Domenico, rimasto vedovo con una figlia preadolescente, decide di ritornare a Lucca dove potr\u00e0 contare sull\u0092aiuto della madre, della sorella e dell\u0092amico Alessandro per potersi occupare della bambina e continuare il suo lavoro nel nuovo incarico in provincia. Lo vedremo quindi impegnato ogni giorno a garantire la sicurezza nei luoghi di lavoro e a indagare sui casi in cui la sicurezza \u00e8 venuta meno, episodi \u0096 liberamente ispirati a fatti realmente accaduti \u0096 di cui cercher\u00e0 di scoprire le reali dinamiche e responsabilit\u00e0 con uno sguardo imparziale e cercando la collaborazione di tutte le parti in causa, dai lavoratori agli imprenditori ai sindacati, alle istituzioni. Al suo fianco l\u0092amico di famiglia Alessandro Lanciani (Cesare Bocci), sopravvissuto all\u0092incidente in cui anni prima il padre di Domenico, Pietro Dodaro, amico e collega di Alessandro, aveva perso la vita. Ex operaio, adesso Alessandro \u00e8 un mental coach ironico e solare, costretto da quell\u0092incidente a vivere in sedia a rotelle. Nel cast anche Francesca Inaudi nel ruolo della PM Raffaella Pacini, ex compagna di liceo del nostro protagonista, con la quale dovr\u00e0 lavorare nelle indagini dei casi di puntata, e la piccola Angelica Tuccini nei panni della figlia Mim\u00ec. \u0093L\u0092altro ispettore \u00e8 una serie perfettamente in linea con lo spirito di servizio pubblico, una fiction che vuole raccontare i problemi e le contraddizioni della contemporaneit\u00e0. \u0096 dichiara Maria Pia Ammirati, Direttore di Rai Fiction - Un esempio di come si possa usare la forza del racconto seriale per approfondire una questione drammaticamente aperta come la sicurezza nel mondo del lavoro. Un nuovo progetto che vuole essere anche un contributo di consapevolezza e responsabilit\u00e0 nel nome di diritti inalienabili\u0094 \u0093La serie mette al centro il tema del lavoro e lo fa raccontando una figura nuova per il pubblico televisivo e ancora troppo poco conosciuta , quella dell\u0092ispettore del lavoro, colui che deve aiutare a garantire la sicurezza sul lavoro, nel rispetto degli imprenditori, dei lavoratori e di tutte le parti in causa \u0096 racconta la produttrice Gloria Giorgianni, AD di Anele \u0096 Attraverso storie ispirate alla realt\u00e0 rispetto alle quali abbiamo lavorato condividendo le fasi di sviluppo con i professionisti che se ne occupano tutti i giorni, la serie vuole portare un tema tragicamente attuale e molto presente nelle cronache, dentro una narrazione popolare al fine di sensibilizzare una riflessione collettiva sul lavoro e sulla cultura della sicurezza come valore di tutti, senza barriere e pregiudizi, senza parti e controparti, ma con grande solidariet\u00e0 e senso di comunit\u00e0\u0094 \u0093Questo progetto mi entusiasma moltissimo e ne sento profondamente la responsabilit\u00e0. Mi d\u00e0 l'opportunit\u00e0 di affrontare temi importanti come il lavoro e la disabilit\u00e0, e di farlo raccontando un personaggio unico: un ispettore \u0093senza pistola\" \u0096 afferma la regista Paola Randi \u0096 Il nostro protagonista possiede come armi la gentilezza, la competenza, l\u0092intelligenza e l\u0092empatia. Questo lo rende un personaggio umano e tridimensionale in cui \u00e8 facile riconoscersi e di cui \u00e8 facile innamorarsi. Perch\u00e9 le storie a cui si dedica sono storie di gente che lavora, di famiglie, di persone, e il suo compito \u00e8 quello di combattere per rendere il lavoro un posto sicuro\u0094. Per il suo alto valore di servizio pubblico la serie ha ottenuto il Patrocinio del Ministero del Lavoro e delle Politiche Sociali e di INAIL e la collaborazione del Ministro per le Disabilit\u00e0 \u0096 Presidenza del Consiglio dei Ministri e dell\u0092Ispettorato Nazionale del Lavoro. L\u0092altro ispettore \u00e8 una coproduzione Rai Fiction \u0096 Anele, realizzata con il contributo del Fondo per lo sviluppo degli investimenti nel cinema e nell\u0092audiovisivo del Ministero della Cultura \u0096 Direzione Generale Cinema e Audiovisivo, con il contributo del \u0093PR FESR Toscana 2021-2027 - bando per la concessione di sovvenzioni a fondo perduto per la produzione di opere cinematografiche e audiovisive \u0096 Anno 2023\u0094 della Regione Toscana, con il sostegno della Citt\u00e0 di Lucca, della Fondazione Banca del Monte di Lucca e della Fondazione Giuseppe Lazzareschi e con la collaborazione della Toscana Film Commission."},{"@type":"BreadcrumbList","@id":"https:\/\/www.intoscana.it\/it\/laltro-ispettore-su-rai-1-la-fiction-girata-in-toscana-intoscana-it\/#breadcrumb","itemListElement":[{"@type":"ListItem","position":1,"name":"Home","item":"https:\/\/www.intoscana.it\/it\/"},{"@type":"ListItem","position":2,"name":"\u201cL\u2019altro ispettore\u201d, su Rai 1 la fiction girata in Toscana, che affronta il tema della sicurezza sul lavoro"}]},{"@type":"WebSite","@id":"https:\/\/www.intoscana.it\/it\/#website","url":"https:\/\/www.intoscana.it\/it\/","name":"intoscana","description":"","potentialAction":[{"@type":"SearchAction","target":{"@type":"EntryPoint","urlTemplate":"https:\/\/www.intoscana.it\/it\/?s={search_term_string}"},"query-input":{"@type":"PropertyValueSpecification","valueRequired":true,"valueName":"search_term_string"}}],"inLanguage":"it-IT"},{"@type":"Person","@id":"https:\/\/www.intoscana.it\/it\/#\/schema\/person\/20956e1a83baf96027b69e776f754e43","name":"Elisabetta Vagaggini","url":"https:\/\/www.intoscana.it\/it\/author\/elisabetta-vagaggini\/"}]}},"_links":{"self":[{"href":"https:\/\/www.intoscana.it\/it\/wp-json\/wp\/v2\/posts\/409100","targetHints":{"allow":["GET"]}}],"collection":[{"href":"https:\/\/www.intoscana.it\/it\/wp-json\/wp\/v2\/posts"}],"about":[{"href":"https:\/\/www.intoscana.it\/it\/wp-json\/wp\/v2\/types\/post"}],"author":[{"embeddable":true,"href":"https:\/\/www.intoscana.it\/it\/wp-json\/wp\/v2\/users\/492"}],"replies":[{"embeddable":true,"href":"https:\/\/www.intoscana.it\/it\/wp-json\/wp\/v2\/comments?post=409100"}],"version-history":[{"count":2,"href":"https:\/\/www.intoscana.it\/it\/wp-json\/wp\/v2\/posts\/409100\/revisions"}],"predecessor-version":[{"id":409107,"href":"https:\/\/www.intoscana.it\/it\/wp-json\/wp\/v2\/posts\/409100\/revisions\/409107"}],"wp:featuredmedia":[{"embeddable":true,"href":"https:\/\/www.intoscana.it\/it\/wp-json\/wp\/v2\/media\/409105"}],"wp:attachment":[{"href":"https:\/\/www.intoscana.it\/it\/wp-json\/wp\/v2\/media?parent=409100"}],"wp:term":[{"taxonomy":"category","embeddable":true,"href":"https:\/\/www.intoscana.it\/it\/wp-json\/wp\/v2\/categories?post=409100"},{"taxonomy":"post_tag","embeddable":true,"href":"https:\/\/www.intoscana.it\/it\/wp-json\/wp\/v2\/tags?post=409100"}],"curies":[{"name":"wp","href":"https:\/\/api.w.org\/{rel}","templated":true}]}}