{"id":409113,"date":"2025-12-02T09:29:13","date_gmt":"2025-12-02T08:29:13","guid":{"rendered":"https:\/\/www.intoscana.it\/it\/?p=409113"},"modified":"2025-12-02T10:00:00","modified_gmt":"2025-12-02T09:00:00","slug":"giro-ditalia-2026-la-corsa-rosa-torna-in-toscana-con-una-crono-da-spettacolo-e-la-partenza-da-porcari","status":"publish","type":"post","link":"https:\/\/www.intoscana.it\/it\/giro-ditalia-2026-la-corsa-rosa-torna-in-toscana-con-una-crono-da-spettacolo-e-la-partenza-da-porcari\/","title":{"rendered":"Giro d\u2019Italia 2026: la corsa rosa torna in Toscana con una crono da spettacolo e la partenza da Porcari"},"content":{"rendered":"<p>Il <strong>Giro d\u2019Italia 2026<\/strong> \u00e8 ufficialmente realt\u00e0. La <strong>109\u00aa edizione della Corsa Rosa<\/strong>, presentata a Roma, partir\u00e0 l\u2019<strong>8 maggio dalla Bulgari<\/strong>a \u2014 sedicesima grande partenza dall\u2019estero nella storia della competizione \u2014 per concludersi il <strong>31 maggio<\/strong> ancora una volta nella Capitale. Un tracciato di quasi <strong>3.500 chilometri, 21 tappe<\/strong>, una sola cronometro individuale, cinque arrivi in alta montagna e la Cima Coppi al Passo Giau.<\/p>\n<p>Tra le regioni protagoniste del nuovo percorso c\u2019\u00e8 anche la <strong>Toscana<\/strong>, che il <strong>19 e 20 maggio<\/strong> ospiter\u00e0 due tappe consecutive, a cui si aggiunge la nona frazione Cervia\u2013Corno alle Scale che lambir\u00e0 il versante pistoiese dell\u2019Appennino. Ma il cuore della presenza toscana sar\u00e0 nelle due giornate centrali, quando la carovana colorata invader\u00e0 la costa e l\u2019entroterra lucchese.<\/p>\n<figure id=\"post-409117 media-409117\" class=\"align-none\"><img decoding=\"async\" src=\"https:\/\/www.intoscana.it\/wp-content\/uploads\/giro-d-italia-2026-4-scaled.jpg\" alt=\"\" \/><\/figure>\n<div class=\"titleimg\">giro-d-italia-2026-4<\/div>\n<h3><strong>19 maggio \u2013 Tappa 10: Viareggio \u2013 Massa (40,2 km), la \u201cTappa Bartali\u201d<\/strong><\/h3>\n<p>Il ritorno della cronometro in Toscana porta con s\u00e9 un valore speciale: la Viareggio\u2013Massa \u00e8 stata scelta come <strong>\u201cTappa Bartali\u201d<\/strong>, la frazione dedicata al campionissimo Gino Bartali e ai luoghi simbolo della sua storia sportiva e umana.<\/p>\n<p>I corridori partiranno uno a uno dal lungomare di Viareggio per affrontare un percorso veloce ma tecnico, che si addentra per alcuni chilometri nell\u2019entroterra prima di tornare verso la costa e tagliare il traguardo a Massa. Una prova da specialisti, decisiva per gli equilibri della classifica generale, che trasformer\u00e0 la Versilia e la costa apuana in un grande stadio a cielo aperto.<\/p>\n<p>La scelta della crono come tappa toscana dar\u00e0 modo al pubblico di seguire da vicino ogni atleta, rendendo la giornata una festa del ciclismo: ore di passaggi, atmosfere da grande evento e la tradizionale partecipazione calorosa dei tifosi toscani. Questa sar\u00e0 l&#8217;unica tappa a cronometro di questo Giro e in pi\u00f9 \u00e8 il terzo anno consecutivo che la corsa in rosa ha come protagonista Viareggio.<\/p>\n<figure id=\"post-409116 media-409116\" class=\"align-none\"><img decoding=\"async\" src=\"https:\/\/www.intoscana.it\/wp-content\/uploads\/giro-d-italia-2026-3.jpg\" alt=\"\" \/><\/figure>\n<h3><strong>20 maggio \u2013 Tappa 11: Porcari \u2013 Chiavari (178 km)<\/strong><\/h3>\n<p>Il giorno successivo sar\u00e0 <strong>Porcari<\/strong>, in provincia di Lucca, ad accogliere la <strong>partenza della tredicesima tappa.<\/strong> I corridori attraverseranno il territorio lucchese e quello di Massa Carrara, sfiorando lo Spezzino prima di puntare verso Chiavari. Un percorso vario, adatto alle fughe ma che non esclude un arrivo per uomini veloci, con la Toscana ancora una volta al centro della scena.<\/p>\n<p>Per la cittadina lucchese si tratta di una vetrina prestigiosa, mentre tutta la piana e la costa \u2013 da Capannori a Pietrasanta, da Carrara alla Lunigiana pi\u00f9 vicina \u2013 vivranno il passaggio del Giro come un momento di festa e promozione del territorio.<\/p>\n<figure id=\"post-409115 media-409115\" class=\"align-none\"><img decoding=\"async\" src=\"https:\/\/www.intoscana.it\/wp-content\/uploads\/giro-d-italia-2026-2.jpg\" alt=\"\" \/><\/figure>\n<div class=\"titleimg\"><\/div>\n<p>&nbsp;<\/p>\n","protected":false},"excerpt":{"rendered":"<p>Il 19 e 20 maggio la regione sar\u00e0 protagonista con la \u201cTappa Bartali\u201d Viareggio\u2013Massa e la Porcari\u2013Chiavari: attese migliaia di appassionati sulle strade di Lucca e Massa Carrara<\/p>\n","protected":false},"author":507,"featured_media":409114,"comment_status":"open","ping_status":"open","sticky":false,"template":"","format":"standard","meta":{"_acf_changed":false,"footnotes":""},"categories":[494],"tags":[5622,170,159,275],"class_list":["post-409113","post","type-post","status-publish","format-standard","has-post-thumbnail","hentry","category-attualita","tag-giro-ditalia","tag-lucca","tag-sport","tag-viareggio"],"acf":[],"yoast_head":"<!-- This site is optimized with the Yoast SEO Premium plugin v24.2 (Yoast SEO v25.6) - https:\/\/yoast.com\/wordpress\/plugins\/seo\/ -->\n<title>Giro d\u2019Italia 2026: la corsa rosa torna in Toscana con una crono da spettacolo e la partenza da Porcari - intoscana<\/title>\n<meta name=\"robots\" content=\"index, follow, max-snippet:-1, max-image-preview:large, max-video-preview:-1\" \/>\n<link rel=\"canonical\" href=\"https:\/\/www.intoscana.it\/it\/giro-ditalia-2026-la-corsa-rosa-torna-in-toscana-con-una-crono-da-spettacolo-e-la-partenza-da-porcari\/\" \/>\n<meta property=\"og:locale\" content=\"it_IT\" \/>\n<meta property=\"og:type\" content=\"article\" \/>\n<meta property=\"og:title\" content=\"Giro d\u2019Italia 2026: la corsa rosa torna in Toscana con una crono da spettacolo e la partenza da Porcari\" \/>\n<meta property=\"og:description\" content=\"Il 19 e 20 maggio la regione sar\u00e0 protagonista con la \u201cTappa Bartali\u201d Viareggio\u2013Massa e la Porcari\u2013Chiavari: attese migliaia di appassionati sulle strade di Lucca e Massa Carrara\" \/>\n<meta property=\"og:url\" content=\"https:\/\/www.intoscana.it\/it\/giro-ditalia-2026-la-corsa-rosa-torna-in-toscana-con-una-crono-da-spettacolo-e-la-partenza-da-porcari\/\" \/>\n<meta property=\"og:site_name\" content=\"intoscana\" \/>\n<meta property=\"article:publisher\" content=\"https:\/\/www.facebook.com\/intoscana.it\" \/>\n<meta property=\"article:published_time\" content=\"2025-12-02T08:29:13+00:00\" \/>\n<meta property=\"article:modified_time\" content=\"2025-12-02T09:00:00+00:00\" \/>\n<meta property=\"og:image\" content=\"https:\/\/www.intoscana.it\/wp-content\/uploads\/giro-d-italia-2026-1-scaled.jpg\" \/>\n\t<meta property=\"og:image:width\" content=\"2048\" \/>\n\t<meta property=\"og:image:height\" content=\"1366\" \/>\n\t<meta property=\"og:image:type\" content=\"image\/jpeg\" \/>\n<meta name=\"author\" content=\"Chiara Bianchini\" \/>\n<meta name=\"twitter:card\" content=\"summary_large_image\" \/>\n<meta name=\"twitter:creator\" content=\"@intoscana\" \/>\n<meta name=\"twitter:site\" content=\"@intoscana\" \/>\n<meta name=\"twitter:label1\" content=\"Written by\" \/>\n\t<meta name=\"twitter:data1\" content=\"Chiara Bianchini\" \/>\n\t<meta name=\"twitter:label2\" content=\"Est. reading time\" \/>\n\t<meta name=\"twitter:data2\" content=\"3 minuti\" \/>\n<script type=\"application\/ld+json\" class=\"yoast-schema-graph\">{\"@context\":\"https:\/\/schema.org\",\"@graph\":[{\"@type\":\"WebPage\",\"@id\":\"https:\/\/www.intoscana.it\/it\/giro-ditalia-2026-la-corsa-rosa-torna-in-toscana-con-una-crono-da-spettacolo-e-la-partenza-da-porcari\/\",\"url\":\"https:\/\/www.intoscana.it\/it\/giro-ditalia-2026-la-corsa-rosa-torna-in-toscana-con-una-crono-da-spettacolo-e-la-partenza-da-porcari\/\",\"name\":\"Giro d\u2019Italia 2026: la corsa rosa torna in Toscana con una crono da spettacolo e la partenza da Porcari - intoscana\",\"isPartOf\":{\"@id\":\"https:\/\/www.intoscana.it\/it\/#website\"},\"primaryImageOfPage\":{\"@id\":\"https:\/\/www.intoscana.it\/it\/giro-ditalia-2026-la-corsa-rosa-torna-in-toscana-con-una-crono-da-spettacolo-e-la-partenza-da-porcari\/#primaryimage\"},\"image\":{\"@id\":\"https:\/\/www.intoscana.it\/it\/giro-ditalia-2026-la-corsa-rosa-torna-in-toscana-con-una-crono-da-spettacolo-e-la-partenza-da-porcari\/#primaryimage\"},\"thumbnailUrl\":\"https:\/\/www.intoscana.it\/wp-content\/uploads\/giro-d-italia-2026-1-scaled.jpg\",\"datePublished\":\"2025-12-02T08:29:13+00:00\",\"dateModified\":\"2025-12-02T09:00:00+00:00\",\"author\":{\"@id\":\"https:\/\/www.intoscana.it\/it\/#\/schema\/person\/010af92117f50561886339ad5b873a41\"},\"breadcrumb\":{\"@id\":\"https:\/\/www.intoscana.it\/it\/giro-ditalia-2026-la-corsa-rosa-torna-in-toscana-con-una-crono-da-spettacolo-e-la-partenza-da-porcari\/#breadcrumb\"},\"inLanguage\":\"it-IT\",\"potentialAction\":[{\"@type\":\"ReadAction\",\"target\":[\"https:\/\/www.intoscana.it\/it\/giro-ditalia-2026-la-corsa-rosa-torna-in-toscana-con-una-crono-da-spettacolo-e-la-partenza-da-porcari\/\"]}]},{\"@type\":\"ImageObject\",\"inLanguage\":\"it-IT\",\"@id\":\"https:\/\/www.intoscana.it\/it\/giro-ditalia-2026-la-corsa-rosa-torna-in-toscana-con-una-crono-da-spettacolo-e-la-partenza-da-porcari\/#primaryimage\",\"url\":\"https:\/\/www.intoscana.it\/wp-content\/uploads\/giro-d-italia-2026-1-scaled.jpg\",\"contentUrl\":\"https:\/\/www.intoscana.it\/wp-content\/uploads\/giro-d-italia-2026-1-scaled.jpg\",\"width\":2048,\"height\":1366,\"caption\":\"Presentazione Giro D\u2019Italia e Giro D\u2019Italia Women, presso Auditorium Parco della Musica a Roma - Luned\u00ec 1 Dicembre, 2025. News (Photo by Valentina Stefanelli\/Lapresse) Presentation of the Giro d'Italia and Giro d'Italia Women, at the Auditorium Parco della Musica in Rome - Monday, December 1, 2025. News (Photo by Valentina Stefanelli\/Lapresse)\"},{\"@type\":\"BreadcrumbList\",\"@id\":\"https:\/\/www.intoscana.it\/it\/giro-ditalia-2026-la-corsa-rosa-torna-in-toscana-con-una-crono-da-spettacolo-e-la-partenza-da-porcari\/#breadcrumb\",\"itemListElement\":[{\"@type\":\"ListItem\",\"position\":1,\"name\":\"Home\",\"item\":\"https:\/\/www.intoscana.it\/it\/\"},{\"@type\":\"ListItem\",\"position\":2,\"name\":\"Giro d\u2019Italia 2026: la corsa rosa torna in Toscana con una crono da spettacolo e la partenza da Porcari\"}]},{\"@type\":\"WebSite\",\"@id\":\"https:\/\/www.intoscana.it\/it\/#website\",\"url\":\"https:\/\/www.intoscana.it\/it\/\",\"name\":\"intoscana\",\"description\":\"\",\"potentialAction\":[{\"@type\":\"SearchAction\",\"target\":{\"@type\":\"EntryPoint\",\"urlTemplate\":\"https:\/\/www.intoscana.it\/it\/?s={search_term_string}\"},\"query-input\":{\"@type\":\"PropertyValueSpecification\",\"valueRequired\":true,\"valueName\":\"search_term_string\"}}],\"inLanguage\":\"it-IT\"},{\"@type\":\"Person\",\"@id\":\"https:\/\/www.intoscana.it\/it\/#\/schema\/person\/010af92117f50561886339ad5b873a41\",\"name\":\"Chiara Bianchini\",\"sameAs\":[\"c.bianchini@fst.it\"],\"url\":\"https:\/\/www.intoscana.it\/it\/author\/chiara-bianchini\/\"}]}<\/script>\n<!-- \/ Yoast SEO Premium plugin. -->","yoast_head_json":{"title":"Giro d\u2019Italia 2026: la corsa rosa torna in Toscana con una crono da spettacolo e la partenza da Porcari - intoscana","robots":{"index":"index","follow":"follow","max-snippet":"max-snippet:-1","max-image-preview":"max-image-preview:large","max-video-preview":"max-video-preview:-1"},"canonical":"https:\/\/www.intoscana.it\/it\/giro-ditalia-2026-la-corsa-rosa-torna-in-toscana-con-una-crono-da-spettacolo-e-la-partenza-da-porcari\/","og_locale":"it_IT","og_type":"article","og_title":"Giro d\u2019Italia 2026: la corsa rosa torna in Toscana con una crono da spettacolo e la partenza da Porcari","og_description":"Il 19 e 20 maggio la regione sar\u00e0 protagonista con la \u201cTappa Bartali\u201d Viareggio\u2013Massa e la Porcari\u2013Chiavari: attese migliaia di appassionati sulle strade di Lucca e Massa Carrara","og_url":"https:\/\/www.intoscana.it\/it\/giro-ditalia-2026-la-corsa-rosa-torna-in-toscana-con-una-crono-da-spettacolo-e-la-partenza-da-porcari\/","og_site_name":"intoscana","article_publisher":"https:\/\/www.facebook.com\/intoscana.it","article_published_time":"2025-12-02T08:29:13+00:00","article_modified_time":"2025-12-02T09:00:00+00:00","og_image":[{"width":2048,"height":1366,"url":"https:\/\/www.intoscana.it\/wp-content\/uploads\/giro-d-italia-2026-1-scaled.jpg","type":"image\/jpeg"}],"author":"Chiara Bianchini","twitter_card":"summary_large_image","twitter_creator":"@intoscana","twitter_site":"@intoscana","twitter_misc":{"Written by":"Chiara Bianchini","Est. reading time":"3 minuti"},"schema":{"@context":"https:\/\/schema.org","@graph":[{"@type":"WebPage","@id":"https:\/\/www.intoscana.it\/it\/giro-ditalia-2026-la-corsa-rosa-torna-in-toscana-con-una-crono-da-spettacolo-e-la-partenza-da-porcari\/","url":"https:\/\/www.intoscana.it\/it\/giro-ditalia-2026-la-corsa-rosa-torna-in-toscana-con-una-crono-da-spettacolo-e-la-partenza-da-porcari\/","name":"Giro d\u2019Italia 2026: la corsa rosa torna in Toscana con una crono da spettacolo e la partenza da Porcari - intoscana","isPartOf":{"@id":"https:\/\/www.intoscana.it\/it\/#website"},"primaryImageOfPage":{"@id":"https:\/\/www.intoscana.it\/it\/giro-ditalia-2026-la-corsa-rosa-torna-in-toscana-con-una-crono-da-spettacolo-e-la-partenza-da-porcari\/#primaryimage"},"image":{"@id":"https:\/\/www.intoscana.it\/it\/giro-ditalia-2026-la-corsa-rosa-torna-in-toscana-con-una-crono-da-spettacolo-e-la-partenza-da-porcari\/#primaryimage"},"thumbnailUrl":"https:\/\/www.intoscana.it\/wp-content\/uploads\/giro-d-italia-2026-1-scaled.jpg","datePublished":"2025-12-02T08:29:13+00:00","dateModified":"2025-12-02T09:00:00+00:00","author":{"@id":"https:\/\/www.intoscana.it\/it\/#\/schema\/person\/010af92117f50561886339ad5b873a41"},"breadcrumb":{"@id":"https:\/\/www.intoscana.it\/it\/giro-ditalia-2026-la-corsa-rosa-torna-in-toscana-con-una-crono-da-spettacolo-e-la-partenza-da-porcari\/#breadcrumb"},"inLanguage":"it-IT","potentialAction":[{"@type":"ReadAction","target":["https:\/\/www.intoscana.it\/it\/giro-ditalia-2026-la-corsa-rosa-torna-in-toscana-con-una-crono-da-spettacolo-e-la-partenza-da-porcari\/"]}]},{"@type":"ImageObject","inLanguage":"it-IT","@id":"https:\/\/www.intoscana.it\/it\/giro-ditalia-2026-la-corsa-rosa-torna-in-toscana-con-una-crono-da-spettacolo-e-la-partenza-da-porcari\/#primaryimage","url":"https:\/\/www.intoscana.it\/wp-content\/uploads\/giro-d-italia-2026-1-scaled.jpg","contentUrl":"https:\/\/www.intoscana.it\/wp-content\/uploads\/giro-d-italia-2026-1-scaled.jpg","width":2048,"height":1366,"caption":"Presentazione Giro D\u2019Italia e Giro D\u2019Italia Women, presso Auditorium Parco della Musica a Roma - Luned\u00ec 1 Dicembre, 2025. News (Photo by Valentina Stefanelli\/Lapresse) Presentation of the Giro d'Italia and Giro d'Italia Women, at the Auditorium Parco della Musica in Rome - Monday, December 1, 2025. News (Photo by Valentina Stefanelli\/Lapresse)"},{"@type":"BreadcrumbList","@id":"https:\/\/www.intoscana.it\/it\/giro-ditalia-2026-la-corsa-rosa-torna-in-toscana-con-una-crono-da-spettacolo-e-la-partenza-da-porcari\/#breadcrumb","itemListElement":[{"@type":"ListItem","position":1,"name":"Home","item":"https:\/\/www.intoscana.it\/it\/"},{"@type":"ListItem","position":2,"name":"Giro d\u2019Italia 2026: la corsa rosa torna in Toscana con una crono da spettacolo e la partenza da Porcari"}]},{"@type":"WebSite","@id":"https:\/\/www.intoscana.it\/it\/#website","url":"https:\/\/www.intoscana.it\/it\/","name":"intoscana","description":"","potentialAction":[{"@type":"SearchAction","target":{"@type":"EntryPoint","urlTemplate":"https:\/\/www.intoscana.it\/it\/?s={search_term_string}"},"query-input":{"@type":"PropertyValueSpecification","valueRequired":true,"valueName":"search_term_string"}}],"inLanguage":"it-IT"},{"@type":"Person","@id":"https:\/\/www.intoscana.it\/it\/#\/schema\/person\/010af92117f50561886339ad5b873a41","name":"Chiara Bianchini","sameAs":["c.bianchini@fst.it"],"url":"https:\/\/www.intoscana.it\/it\/author\/chiara-bianchini\/"}]}},"_links":{"self":[{"href":"https:\/\/www.intoscana.it\/it\/wp-json\/wp\/v2\/posts\/409113","targetHints":{"allow":["GET"]}}],"collection":[{"href":"https:\/\/www.intoscana.it\/it\/wp-json\/wp\/v2\/posts"}],"about":[{"href":"https:\/\/www.intoscana.it\/it\/wp-json\/wp\/v2\/types\/post"}],"author":[{"embeddable":true,"href":"https:\/\/www.intoscana.it\/it\/wp-json\/wp\/v2\/users\/507"}],"replies":[{"embeddable":true,"href":"https:\/\/www.intoscana.it\/it\/wp-json\/wp\/v2\/comments?post=409113"}],"version-history":[{"count":2,"href":"https:\/\/www.intoscana.it\/it\/wp-json\/wp\/v2\/posts\/409113\/revisions"}],"predecessor-version":[{"id":409123,"href":"https:\/\/www.intoscana.it\/it\/wp-json\/wp\/v2\/posts\/409113\/revisions\/409123"}],"wp:featuredmedia":[{"embeddable":true,"href":"https:\/\/www.intoscana.it\/it\/wp-json\/wp\/v2\/media\/409114"}],"wp:attachment":[{"href":"https:\/\/www.intoscana.it\/it\/wp-json\/wp\/v2\/media?parent=409113"}],"wp:term":[{"taxonomy":"category","embeddable":true,"href":"https:\/\/www.intoscana.it\/it\/wp-json\/wp\/v2\/categories?post=409113"},{"taxonomy":"post_tag","embeddable":true,"href":"https:\/\/www.intoscana.it\/it\/wp-json\/wp\/v2\/tags?post=409113"}],"curies":[{"name":"wp","href":"https:\/\/api.w.org\/{rel}","templated":true}]}}