{"id":409124,"date":"2025-12-02T10:08:09","date_gmt":"2025-12-02T09:08:09","guid":{"rendered":"https:\/\/www.intoscana.it\/it\/?p=409124"},"modified":"2025-12-02T14:19:34","modified_gmt":"2025-12-02T13:19:34","slug":"rigenerazione-urbana-il-comune-di-san-casciano-punta-sulla-riapertura-dei-fondi-sfitti","status":"publish","type":"post","link":"https:\/\/www.intoscana.it\/it\/rigenerazione-urbana-il-comune-di-san-casciano-punta-sulla-riapertura-dei-fondi-sfitti\/","title":{"rendered":"Rigenerazione urbana, il Comune di San Casciano punta sulla riapertura dei fondi sfitti"},"content":{"rendered":"<p>Rilanciare la frazione di <strong>Mercatale Val di Pesa<\/strong> riportando attivit\u00e0, servizi e vitalit\u00e0 nel cuore del paese. \u00c8 questo l\u2019obiettivo del nuovo <strong>progetto di rigenerazione urbana<\/strong> promosso dal <strong>Comune di San Casciano<\/strong> in collaborazione con <strong>Confesercenti Firenze<\/strong>, che sar\u00e0 presentato marted\u00ec 2 dicembre alle 18 al Centro Lotti. All\u2019incontro sono invitati i proprietari degli immobili e tutti i cittadini.<\/p>\n<h3>La sfida: contrastare spopolamento e calo del commercio<\/h3>\n<p>Negli ultimi anni Mercatale ha vissuto una progressiva <strong>perdita del tessuto commerciale e dell\u2019offerta di prossimit\u00e0<\/strong>, aggravata dalla difficolt\u00e0 di ricambio generazionale nelle attivit\u00e0 storiche. Per contrastare questo fenomeno, l\u2019amministrazione comunale ha scelto di investire risorse del bilancio in un piano che rimetta al centro gli spazi oggi inutilizzati, trasformandoli in nuove opportunit\u00e0 di sviluppo economico.<\/p>\n<p>\u201c<em>Abbiamo scelto di investire sull\u2019utilizzo dei fondi sfitti perch\u00e9 crediamo che questa possa essere la strategia migliore per promuovere uno sviluppo economico sostenibile e duraturo<\/em>\u201d, spiega il sindaco <strong>Roberto Ciappi<\/strong>. \u201c<em>Restituire vitalit\u00e0 al centro storico di Mercatale, in particolare a piazza Vittorio Veneto, significa creare nuove occasioni sociali e rafforzare la collaborazione con le attivit\u00e0 gi\u00e0 presenti\u201d<\/em>.<\/p>\n<h3>Un progetto per riattivare i fondi commerciali vuoti<\/h3>\n<p>Il piano punta a riaprire i fondi sfitti in <strong>forma temporanea e sperimentale<\/strong>, mettendoli a disposizione di chi desidera avviare una nuova attivit\u00e0 o testare un\u2019idea imprenditoriale. Un modo per riaccendere l\u2019interesse verso spazi oggi vuoti ma ricchi di potenzialit\u00e0, favorendo da un lato i proprietari \u2013 che potranno rialzare le saracinesche \u2013 e dall\u2019altro chi cerca un luogo per investire nel commercio di vicinato.<\/p>\n<p>Secondo l\u2019assessore alle attivit\u00e0 produttive Francesco Volpe il progetto rappresenta anche \u201c<em>un intervento determinante in termini di decoro urbano e sicurezza<\/em>\u201d. \u201c<em>Un paese con un tessuto commerciale vivace \u00e8 un paese in cui si vive meglio. Vogliamo rispondere alle aspettative dei residenti e degli operatori, soprattutto in un contesto in cui molti esercizi storici non hanno avuto un ricambio generazionale<\/em>\u201d.<\/p>\n<h3>Mercatale, un territorio ricco di risorse<\/h3>\n<p>Il rilancio della frazione si innesta in un contesto con forti potenzialit\u00e0: <strong>Mercatale Val di Pesa<\/strong> si trova nel cuore del Chianti, in una delle aree vitivinicole pi\u00f9 prestigiose d\u2019Italia, e custodisce un insieme di eccellenze paesaggistiche, agricole ed enogastronomiche. Rafforzare il commercio locale significa quindi accrescere l\u2019attrattivit\u00e0 turistico-culturale del territorio e migliorare la qualit\u00e0 della vita per i residenti.<\/p>\n<p>\u201c<em>Gli spazi inutilizzati possono diventare veri e propri fulcri vitali<\/em>\u201d, aggiunge Ciappi. \u201c<em>Vogliamo che piazza Vittorio Veneto torni a essere un <strong>presidio sociale e commerciale<\/strong>, capace di mettere in moto creativit\u00e0, passioni e competenze delle nuove generazioni<\/em>\u201d.<\/p>\n<h3>L\u2019incontro pubblico<\/h3>\n<p>Alla presentazione del progetto interverranno il sindaco Roberto Ciappi, l\u2019assessore Francesco Volpe e Luca Bartolesi, vicedirettore provinciale di Confesercenti Firenze. L\u2019associazione di categoria, su richiesta del Comune, ha gi\u00e0 realizzato una prima mappatura dei fondi sfitti presenti nel centro storico della frazione.<\/p>\n","protected":false},"excerpt":{"rendered":"<p data-start=\"317\" data-end=\"433\">L&#8217;amministrazione comunale e Confesercenti insieme per rilanciare il centro storico di Mercatale, frazione nel Chianti, a partire da un incontro pubblico per avviare la collaborazione tra i proprietari degli immobili e cittadini e riaprire nuovi negozi<\/p>\n","protected":false},"author":525,"featured_media":409125,"comment_status":"open","ping_status":"open","sticky":false,"template":"","format":"standard","meta":{"_acf_changed":false,"footnotes":""},"categories":[494],"tags":[3501,5290,5642],"class_list":["post-409124","post","type-post","status-publish","format-standard","has-post-thumbnail","hentry","category-attualita","tag-confesercenti","tag-rigenerazione-urbana","tag-san-casciano-val-di-pesa"],"acf":[],"yoast_head":"<!-- This site is optimized with the Yoast SEO Premium plugin v24.2 (Yoast SEO v25.6) - https:\/\/yoast.com\/wordpress\/plugins\/seo\/ -->\n<title>Rigenerazione urbana, il Comune di San Casciano punta sulla riapertura dei fondi sfitti - intoscana<\/title>\n<meta name=\"robots\" content=\"index, follow, max-snippet:-1, max-image-preview:large, max-video-preview:-1\" \/>\n<link rel=\"canonical\" href=\"https:\/\/www.intoscana.it\/it\/rigenerazione-urbana-il-comune-di-san-casciano-punta-sulla-riapertura-dei-fondi-sfitti\/\" \/>\n<meta property=\"og:locale\" content=\"it_IT\" \/>\n<meta property=\"og:type\" content=\"article\" \/>\n<meta property=\"og:title\" content=\"Rigenerazione urbana, il Comune di San Casciano punta sulla riapertura dei fondi sfitti\" \/>\n<meta property=\"og:description\" content=\"L&#039;amministrazione comunale e Confesercenti insieme per rilanciare il centro storico di Mercatale, frazione nel Chianti, a partire da un incontro pubblico per avviare la collaborazione tra i proprietari degli immobili e cittadini e riaprire nuovi negozi\" \/>\n<meta property=\"og:url\" content=\"https:\/\/www.intoscana.it\/it\/rigenerazione-urbana-il-comune-di-san-casciano-punta-sulla-riapertura-dei-fondi-sfitti\/\" \/>\n<meta property=\"og:site_name\" content=\"intoscana\" \/>\n<meta property=\"article:publisher\" content=\"https:\/\/www.facebook.com\/intoscana.it\" \/>\n<meta property=\"article:published_time\" content=\"2025-12-02T09:08:09+00:00\" \/>\n<meta property=\"article:modified_time\" content=\"2025-12-02T13:19:34+00:00\" \/>\n<meta property=\"og:image\" content=\"https:\/\/www.intoscana.it\/wp-content\/uploads\/Piazza1mercatale-scaled.jpg\" \/>\n\t<meta property=\"og:image:width\" content=\"2048\" \/>\n\t<meta property=\"og:image:height\" content=\"1371\" \/>\n\t<meta property=\"og:image:type\" content=\"image\/jpeg\" \/>\n<meta name=\"author\" content=\"Redazione\" \/>\n<meta name=\"twitter:card\" content=\"summary_large_image\" \/>\n<meta name=\"twitter:creator\" content=\"@intoscana\" \/>\n<meta name=\"twitter:site\" content=\"@intoscana\" \/>\n<meta name=\"twitter:label1\" content=\"Written by\" \/>\n\t<meta name=\"twitter:data1\" content=\"Redazione\" \/>\n\t<meta name=\"twitter:label2\" content=\"Est. reading time\" \/>\n\t<meta name=\"twitter:data2\" content=\"3 minuti\" \/>\n<script type=\"application\/ld+json\" class=\"yoast-schema-graph\">{\"@context\":\"https:\/\/schema.org\",\"@graph\":[{\"@type\":\"WebPage\",\"@id\":\"https:\/\/www.intoscana.it\/it\/rigenerazione-urbana-il-comune-di-san-casciano-punta-sulla-riapertura-dei-fondi-sfitti\/\",\"url\":\"https:\/\/www.intoscana.it\/it\/rigenerazione-urbana-il-comune-di-san-casciano-punta-sulla-riapertura-dei-fondi-sfitti\/\",\"name\":\"Rigenerazione urbana, il Comune di San Casciano punta sulla riapertura dei fondi sfitti - intoscana\",\"isPartOf\":{\"@id\":\"https:\/\/www.intoscana.it\/it\/#website\"},\"primaryImageOfPage\":{\"@id\":\"https:\/\/www.intoscana.it\/it\/rigenerazione-urbana-il-comune-di-san-casciano-punta-sulla-riapertura-dei-fondi-sfitti\/#primaryimage\"},\"image\":{\"@id\":\"https:\/\/www.intoscana.it\/it\/rigenerazione-urbana-il-comune-di-san-casciano-punta-sulla-riapertura-dei-fondi-sfitti\/#primaryimage\"},\"thumbnailUrl\":\"https:\/\/www.intoscana.it\/wp-content\/uploads\/Piazza1mercatale-scaled.jpg\",\"datePublished\":\"2025-12-02T09:08:09+00:00\",\"dateModified\":\"2025-12-02T13:19:34+00:00\",\"author\":{\"@id\":\"https:\/\/www.intoscana.it\/it\/#\/schema\/person\/9223810753230f20bd670fdd322661f8\"},\"breadcrumb\":{\"@id\":\"https:\/\/www.intoscana.it\/it\/rigenerazione-urbana-il-comune-di-san-casciano-punta-sulla-riapertura-dei-fondi-sfitti\/#breadcrumb\"},\"inLanguage\":\"it-IT\",\"potentialAction\":[{\"@type\":\"ReadAction\",\"target\":[\"https:\/\/www.intoscana.it\/it\/rigenerazione-urbana-il-comune-di-san-casciano-punta-sulla-riapertura-dei-fondi-sfitti\/\"]}]},{\"@type\":\"ImageObject\",\"inLanguage\":\"it-IT\",\"@id\":\"https:\/\/www.intoscana.it\/it\/rigenerazione-urbana-il-comune-di-san-casciano-punta-sulla-riapertura-dei-fondi-sfitti\/#primaryimage\",\"url\":\"https:\/\/www.intoscana.it\/wp-content\/uploads\/Piazza1mercatale-scaled.jpg\",\"contentUrl\":\"https:\/\/www.intoscana.it\/wp-content\/uploads\/Piazza1mercatale-scaled.jpg\",\"width\":2048,\"height\":1371},{\"@type\":\"BreadcrumbList\",\"@id\":\"https:\/\/www.intoscana.it\/it\/rigenerazione-urbana-il-comune-di-san-casciano-punta-sulla-riapertura-dei-fondi-sfitti\/#breadcrumb\",\"itemListElement\":[{\"@type\":\"ListItem\",\"position\":1,\"name\":\"Home\",\"item\":\"https:\/\/www.intoscana.it\/it\/\"},{\"@type\":\"ListItem\",\"position\":2,\"name\":\"Rigenerazione urbana, il Comune di San Casciano punta sulla riapertura dei fondi sfitti\"}]},{\"@type\":\"WebSite\",\"@id\":\"https:\/\/www.intoscana.it\/it\/#website\",\"url\":\"https:\/\/www.intoscana.it\/it\/\",\"name\":\"intoscana\",\"description\":\"\",\"potentialAction\":[{\"@type\":\"SearchAction\",\"target\":{\"@type\":\"EntryPoint\",\"urlTemplate\":\"https:\/\/www.intoscana.it\/it\/?s={search_term_string}\"},\"query-input\":{\"@type\":\"PropertyValueSpecification\",\"valueRequired\":true,\"valueName\":\"search_term_string\"}}],\"inLanguage\":\"it-IT\"},{\"@type\":\"Person\",\"@id\":\"https:\/\/www.intoscana.it\/it\/#\/schema\/person\/9223810753230f20bd670fdd322661f8\",\"name\":\"Redazione\",\"url\":\"https:\/\/www.intoscana.it\/it\/author\/redazione\/\"}]}<\/script>\n<!-- \/ Yoast SEO Premium plugin. -->","yoast_head_json":{"title":"Rigenerazione urbana, il Comune di San Casciano punta sulla riapertura dei fondi sfitti - intoscana","robots":{"index":"index","follow":"follow","max-snippet":"max-snippet:-1","max-image-preview":"max-image-preview:large","max-video-preview":"max-video-preview:-1"},"canonical":"https:\/\/www.intoscana.it\/it\/rigenerazione-urbana-il-comune-di-san-casciano-punta-sulla-riapertura-dei-fondi-sfitti\/","og_locale":"it_IT","og_type":"article","og_title":"Rigenerazione urbana, il Comune di San Casciano punta sulla riapertura dei fondi sfitti","og_description":"L'amministrazione comunale e Confesercenti insieme per rilanciare il centro storico di Mercatale, frazione nel Chianti, a partire da un incontro pubblico per avviare la collaborazione tra i proprietari degli immobili e cittadini e riaprire nuovi negozi","og_url":"https:\/\/www.intoscana.it\/it\/rigenerazione-urbana-il-comune-di-san-casciano-punta-sulla-riapertura-dei-fondi-sfitti\/","og_site_name":"intoscana","article_publisher":"https:\/\/www.facebook.com\/intoscana.it","article_published_time":"2025-12-02T09:08:09+00:00","article_modified_time":"2025-12-02T13:19:34+00:00","og_image":[{"width":2048,"height":1371,"url":"https:\/\/www.intoscana.it\/wp-content\/uploads\/Piazza1mercatale-scaled.jpg","type":"image\/jpeg"}],"author":"Redazione","twitter_card":"summary_large_image","twitter_creator":"@intoscana","twitter_site":"@intoscana","twitter_misc":{"Written by":"Redazione","Est. reading time":"3 minuti"},"schema":{"@context":"https:\/\/schema.org","@graph":[{"@type":"WebPage","@id":"https:\/\/www.intoscana.it\/it\/rigenerazione-urbana-il-comune-di-san-casciano-punta-sulla-riapertura-dei-fondi-sfitti\/","url":"https:\/\/www.intoscana.it\/it\/rigenerazione-urbana-il-comune-di-san-casciano-punta-sulla-riapertura-dei-fondi-sfitti\/","name":"Rigenerazione urbana, il Comune di San Casciano punta sulla riapertura dei fondi sfitti - intoscana","isPartOf":{"@id":"https:\/\/www.intoscana.it\/it\/#website"},"primaryImageOfPage":{"@id":"https:\/\/www.intoscana.it\/it\/rigenerazione-urbana-il-comune-di-san-casciano-punta-sulla-riapertura-dei-fondi-sfitti\/#primaryimage"},"image":{"@id":"https:\/\/www.intoscana.it\/it\/rigenerazione-urbana-il-comune-di-san-casciano-punta-sulla-riapertura-dei-fondi-sfitti\/#primaryimage"},"thumbnailUrl":"https:\/\/www.intoscana.it\/wp-content\/uploads\/Piazza1mercatale-scaled.jpg","datePublished":"2025-12-02T09:08:09+00:00","dateModified":"2025-12-02T13:19:34+00:00","author":{"@id":"https:\/\/www.intoscana.it\/it\/#\/schema\/person\/9223810753230f20bd670fdd322661f8"},"breadcrumb":{"@id":"https:\/\/www.intoscana.it\/it\/rigenerazione-urbana-il-comune-di-san-casciano-punta-sulla-riapertura-dei-fondi-sfitti\/#breadcrumb"},"inLanguage":"it-IT","potentialAction":[{"@type":"ReadAction","target":["https:\/\/www.intoscana.it\/it\/rigenerazione-urbana-il-comune-di-san-casciano-punta-sulla-riapertura-dei-fondi-sfitti\/"]}]},{"@type":"ImageObject","inLanguage":"it-IT","@id":"https:\/\/www.intoscana.it\/it\/rigenerazione-urbana-il-comune-di-san-casciano-punta-sulla-riapertura-dei-fondi-sfitti\/#primaryimage","url":"https:\/\/www.intoscana.it\/wp-content\/uploads\/Piazza1mercatale-scaled.jpg","contentUrl":"https:\/\/www.intoscana.it\/wp-content\/uploads\/Piazza1mercatale-scaled.jpg","width":2048,"height":1371},{"@type":"BreadcrumbList","@id":"https:\/\/www.intoscana.it\/it\/rigenerazione-urbana-il-comune-di-san-casciano-punta-sulla-riapertura-dei-fondi-sfitti\/#breadcrumb","itemListElement":[{"@type":"ListItem","position":1,"name":"Home","item":"https:\/\/www.intoscana.it\/it\/"},{"@type":"ListItem","position":2,"name":"Rigenerazione urbana, il Comune di San Casciano punta sulla riapertura dei fondi sfitti"}]},{"@type":"WebSite","@id":"https:\/\/www.intoscana.it\/it\/#website","url":"https:\/\/www.intoscana.it\/it\/","name":"intoscana","description":"","potentialAction":[{"@type":"SearchAction","target":{"@type":"EntryPoint","urlTemplate":"https:\/\/www.intoscana.it\/it\/?s={search_term_string}"},"query-input":{"@type":"PropertyValueSpecification","valueRequired":true,"valueName":"search_term_string"}}],"inLanguage":"it-IT"},{"@type":"Person","@id":"https:\/\/www.intoscana.it\/it\/#\/schema\/person\/9223810753230f20bd670fdd322661f8","name":"Redazione","url":"https:\/\/www.intoscana.it\/it\/author\/redazione\/"}]}},"_links":{"self":[{"href":"https:\/\/www.intoscana.it\/it\/wp-json\/wp\/v2\/posts\/409124","targetHints":{"allow":["GET"]}}],"collection":[{"href":"https:\/\/www.intoscana.it\/it\/wp-json\/wp\/v2\/posts"}],"about":[{"href":"https:\/\/www.intoscana.it\/it\/wp-json\/wp\/v2\/types\/post"}],"author":[{"embeddable":true,"href":"https:\/\/www.intoscana.it\/it\/wp-json\/wp\/v2\/users\/525"}],"replies":[{"embeddable":true,"href":"https:\/\/www.intoscana.it\/it\/wp-json\/wp\/v2\/comments?post=409124"}],"version-history":[{"count":3,"href":"https:\/\/www.intoscana.it\/it\/wp-json\/wp\/v2\/posts\/409124\/revisions"}],"predecessor-version":[{"id":409155,"href":"https:\/\/www.intoscana.it\/it\/wp-json\/wp\/v2\/posts\/409124\/revisions\/409155"}],"wp:featuredmedia":[{"embeddable":true,"href":"https:\/\/www.intoscana.it\/it\/wp-json\/wp\/v2\/media\/409125"}],"wp:attachment":[{"href":"https:\/\/www.intoscana.it\/it\/wp-json\/wp\/v2\/media?parent=409124"}],"wp:term":[{"taxonomy":"category","embeddable":true,"href":"https:\/\/www.intoscana.it\/it\/wp-json\/wp\/v2\/categories?post=409124"},{"taxonomy":"post_tag","embeddable":true,"href":"https:\/\/www.intoscana.it\/it\/wp-json\/wp\/v2\/tags?post=409124"}],"curies":[{"name":"wp","href":"https:\/\/api.w.org\/{rel}","templated":true}]}}