{"id":409135,"date":"2025-12-02T14:18:22","date_gmt":"2025-12-02T13:18:22","guid":{"rendered":"https:\/\/www.intoscana.it\/it\/?p=409135"},"modified":"2025-12-12T17:13:17","modified_gmt":"2025-12-12T16:13:17","slug":"prato-droni-in-volo-di-notte-contro-labbandono-illecito-di-rifiuti","status":"publish","type":"post","link":"https:\/\/www.intoscana.it\/it\/prato-droni-in-volo-di-notte-contro-labbandono-illecito-di-rifiuti\/","title":{"rendered":"Prato, droni in volo di notte contro l&#8217;abbandono illecito di rifiuti"},"content":{"rendered":"<p>Droni in azione di notte a<strong> Prato<\/strong> per contrastare l&#8217;abbandono illecito di rifiuti e supportare la polizia nelle sue indagini. Lo prevede un progetto sperimentale, della durata di quattro settimane, frutto di un <strong>protocollo d&#8217;intesa<\/strong> siglato tra la procura di Prato, guidata da Luca Tescaroli, e la societ\u00e0 Estra.<\/p>\n<p>Un videosorveglianza aerea con l&#8217;impiego di quattro droni, di cui uno dotato di termocamera a infrarossi. <mark>L&#8217;intesa prevede anche la realizzazione di una stazione mobile di comando dotata di gruppo elettrogeno e monitor per il controllo in tempo reale dei voli e delle riprese.<\/mark><\/p>\n<p>L&#8217;impiego della sofisticata strumentazione, si spiega dalla procura, consentir\u00e0 <mark>l&#8217;individuazione anche in orario notturno delle targhe e dei volti,<\/mark> superando cos\u00ec le difficolt\u00e0 nell&#8217;impiego di telecamere classiche nel contrasto all&#8217;abbandono notturno dei rifiuti. I <strong>costi<\/strong> saranno sostenuti da Estra.<\/p>\n<p>La <strong>polizia giudiziaria<\/strong> che verr\u00e0 impiegata \u00e8 costituita dal Nucleo investigativo di polizia ambientale agroalimentare e forestale (Nipaf) e dal Nucleo operativo ecologico di Firenze (Noe) dei carabinieri.<\/p>\n","protected":false},"excerpt":{"rendered":"<p>Accordo tra la Procura e la societ\u00e0 Estra. Il progetto sperimentale durer\u00e0 quattro settimane e utilezzer\u00e0 quattri modelli, anche con termocamera a infrarossi<\/p>\n","protected":false},"author":525,"featured_media":75418,"comment_status":"open","ping_status":"open","sticky":false,"template":"","format":"standard","meta":{"_acf_changed":false,"footnotes":""},"categories":[475],"tags":[259,392],"class_list":["post-409135","post","type-post","status-publish","format-standard","has-post-thumbnail","hentry","category-innovazione","tag-prato","tag-rifiuti"],"acf":[],"yoast_head":"<!-- This site is optimized with the Yoast SEO Premium plugin v24.2 (Yoast SEO v25.6) - https:\/\/yoast.com\/wordpress\/plugins\/seo\/ -->\n<title>Prato, droni in volo di notte contro l&#039;abbandono illecito di rifiuti - intoscana<\/title>\n<meta name=\"robots\" content=\"index, follow, max-snippet:-1, max-image-preview:large, max-video-preview:-1\" \/>\n<link rel=\"canonical\" href=\"https:\/\/www.intoscana.it\/it\/prato-droni-in-volo-di-notte-contro-labbandono-illecito-di-rifiuti\/\" \/>\n<meta property=\"og:locale\" content=\"it_IT\" \/>\n<meta property=\"og:type\" content=\"article\" \/>\n<meta property=\"og:title\" content=\"Prato, droni in volo di notte contro l&#039;abbandono illecito di rifiuti\" \/>\n<meta property=\"og:description\" content=\"Accordo tra la Procura e la societ\u00e0 Estra. Il progetto sperimentale durer\u00e0 quattro settimane e utilezzer\u00e0 quattri modelli, anche con termocamera a infrarossi\" \/>\n<meta property=\"og:url\" content=\"https:\/\/www.intoscana.it\/it\/prato-droni-in-volo-di-notte-contro-labbandono-illecito-di-rifiuti\/\" \/>\n<meta property=\"og:site_name\" content=\"intoscana\" \/>\n<meta property=\"article:publisher\" content=\"https:\/\/www.facebook.com\/intoscana.it\" \/>\n<meta property=\"article:published_time\" content=\"2025-12-02T13:18:22+00:00\" \/>\n<meta property=\"article:modified_time\" content=\"2025-12-12T16:13:17+00:00\" \/>\n<meta property=\"og:image\" content=\"https:\/\/www.intoscana.it\/wp-content\/uploads\/drone.jpg\" \/>\n\t<meta property=\"og:image:width\" content=\"1000\" \/>\n\t<meta property=\"og:image:height\" content=\"750\" \/>\n\t<meta property=\"og:image:type\" content=\"image\/jpeg\" \/>\n<meta name=\"author\" content=\"Redazione\" \/>\n<meta name=\"twitter:card\" content=\"summary_large_image\" \/>\n<meta name=\"twitter:creator\" content=\"@intoscana\" \/>\n<meta name=\"twitter:site\" content=\"@intoscana\" \/>\n<meta name=\"twitter:label1\" content=\"Written by\" \/>\n\t<meta name=\"twitter:data1\" content=\"Redazione\" \/>\n\t<meta name=\"twitter:label2\" content=\"Est. reading time\" \/>\n\t<meta name=\"twitter:data2\" content=\"2 minuti\" \/>\n<script type=\"application\/ld+json\" class=\"yoast-schema-graph\">{\"@context\":\"https:\/\/schema.org\",\"@graph\":[{\"@type\":\"WebPage\",\"@id\":\"https:\/\/www.intoscana.it\/it\/prato-droni-in-volo-di-notte-contro-labbandono-illecito-di-rifiuti\/\",\"url\":\"https:\/\/www.intoscana.it\/it\/prato-droni-in-volo-di-notte-contro-labbandono-illecito-di-rifiuti\/\",\"name\":\"Prato, droni in volo di notte contro l'abbandono illecito di rifiuti - intoscana\",\"isPartOf\":{\"@id\":\"https:\/\/www.intoscana.it\/it\/#website\"},\"primaryImageOfPage\":{\"@id\":\"https:\/\/www.intoscana.it\/it\/prato-droni-in-volo-di-notte-contro-labbandono-illecito-di-rifiuti\/#primaryimage\"},\"image\":{\"@id\":\"https:\/\/www.intoscana.it\/it\/prato-droni-in-volo-di-notte-contro-labbandono-illecito-di-rifiuti\/#primaryimage\"},\"thumbnailUrl\":\"https:\/\/www.intoscana.it\/wp-content\/uploads\/drone.jpg\",\"datePublished\":\"2025-12-02T13:18:22+00:00\",\"dateModified\":\"2025-12-12T16:13:17+00:00\",\"author\":{\"@id\":\"https:\/\/www.intoscana.it\/it\/#\/schema\/person\/9223810753230f20bd670fdd322661f8\"},\"breadcrumb\":{\"@id\":\"https:\/\/www.intoscana.it\/it\/prato-droni-in-volo-di-notte-contro-labbandono-illecito-di-rifiuti\/#breadcrumb\"},\"inLanguage\":\"it-IT\",\"potentialAction\":[{\"@type\":\"ReadAction\",\"target\":[\"https:\/\/www.intoscana.it\/it\/prato-droni-in-volo-di-notte-contro-labbandono-illecito-di-rifiuti\/\"]}]},{\"@type\":\"ImageObject\",\"inLanguage\":\"it-IT\",\"@id\":\"https:\/\/www.intoscana.it\/it\/prato-droni-in-volo-di-notte-contro-labbandono-illecito-di-rifiuti\/#primaryimage\",\"url\":\"https:\/\/www.intoscana.it\/wp-content\/uploads\/drone.jpg\",\"contentUrl\":\"https:\/\/www.intoscana.it\/wp-content\/uploads\/drone.jpg\",\"width\":1000,\"height\":750},{\"@type\":\"BreadcrumbList\",\"@id\":\"https:\/\/www.intoscana.it\/it\/prato-droni-in-volo-di-notte-contro-labbandono-illecito-di-rifiuti\/#breadcrumb\",\"itemListElement\":[{\"@type\":\"ListItem\",\"position\":1,\"name\":\"Home\",\"item\":\"https:\/\/www.intoscana.it\/it\/\"},{\"@type\":\"ListItem\",\"position\":2,\"name\":\"Prato, droni in volo di notte contro l&#8217;abbandono illecito di rifiuti\"}]},{\"@type\":\"WebSite\",\"@id\":\"https:\/\/www.intoscana.it\/it\/#website\",\"url\":\"https:\/\/www.intoscana.it\/it\/\",\"name\":\"intoscana\",\"description\":\"\",\"potentialAction\":[{\"@type\":\"SearchAction\",\"target\":{\"@type\":\"EntryPoint\",\"urlTemplate\":\"https:\/\/www.intoscana.it\/it\/?s={search_term_string}\"},\"query-input\":{\"@type\":\"PropertyValueSpecification\",\"valueRequired\":true,\"valueName\":\"search_term_string\"}}],\"inLanguage\":\"it-IT\"},{\"@type\":\"Person\",\"@id\":\"https:\/\/www.intoscana.it\/it\/#\/schema\/person\/9223810753230f20bd670fdd322661f8\",\"name\":\"Redazione\",\"url\":\"https:\/\/www.intoscana.it\/it\/author\/redazione\/\"}]}<\/script>\n<!-- \/ Yoast SEO Premium plugin. -->","yoast_head_json":{"title":"Prato, droni in volo di notte contro l'abbandono illecito di rifiuti - intoscana","robots":{"index":"index","follow":"follow","max-snippet":"max-snippet:-1","max-image-preview":"max-image-preview:large","max-video-preview":"max-video-preview:-1"},"canonical":"https:\/\/www.intoscana.it\/it\/prato-droni-in-volo-di-notte-contro-labbandono-illecito-di-rifiuti\/","og_locale":"it_IT","og_type":"article","og_title":"Prato, droni in volo di notte contro l'abbandono illecito di rifiuti","og_description":"Accordo tra la Procura e la societ\u00e0 Estra. Il progetto sperimentale durer\u00e0 quattro settimane e utilezzer\u00e0 quattri modelli, anche con termocamera a infrarossi","og_url":"https:\/\/www.intoscana.it\/it\/prato-droni-in-volo-di-notte-contro-labbandono-illecito-di-rifiuti\/","og_site_name":"intoscana","article_publisher":"https:\/\/www.facebook.com\/intoscana.it","article_published_time":"2025-12-02T13:18:22+00:00","article_modified_time":"2025-12-12T16:13:17+00:00","og_image":[{"width":1000,"height":750,"url":"https:\/\/www.intoscana.it\/wp-content\/uploads\/drone.jpg","type":"image\/jpeg"}],"author":"Redazione","twitter_card":"summary_large_image","twitter_creator":"@intoscana","twitter_site":"@intoscana","twitter_misc":{"Written by":"Redazione","Est. reading time":"2 minuti"},"schema":{"@context":"https:\/\/schema.org","@graph":[{"@type":"WebPage","@id":"https:\/\/www.intoscana.it\/it\/prato-droni-in-volo-di-notte-contro-labbandono-illecito-di-rifiuti\/","url":"https:\/\/www.intoscana.it\/it\/prato-droni-in-volo-di-notte-contro-labbandono-illecito-di-rifiuti\/","name":"Prato, droni in volo di notte contro l'abbandono illecito di rifiuti - intoscana","isPartOf":{"@id":"https:\/\/www.intoscana.it\/it\/#website"},"primaryImageOfPage":{"@id":"https:\/\/www.intoscana.it\/it\/prato-droni-in-volo-di-notte-contro-labbandono-illecito-di-rifiuti\/#primaryimage"},"image":{"@id":"https:\/\/www.intoscana.it\/it\/prato-droni-in-volo-di-notte-contro-labbandono-illecito-di-rifiuti\/#primaryimage"},"thumbnailUrl":"https:\/\/www.intoscana.it\/wp-content\/uploads\/drone.jpg","datePublished":"2025-12-02T13:18:22+00:00","dateModified":"2025-12-12T16:13:17+00:00","author":{"@id":"https:\/\/www.intoscana.it\/it\/#\/schema\/person\/9223810753230f20bd670fdd322661f8"},"breadcrumb":{"@id":"https:\/\/www.intoscana.it\/it\/prato-droni-in-volo-di-notte-contro-labbandono-illecito-di-rifiuti\/#breadcrumb"},"inLanguage":"it-IT","potentialAction":[{"@type":"ReadAction","target":["https:\/\/www.intoscana.it\/it\/prato-droni-in-volo-di-notte-contro-labbandono-illecito-di-rifiuti\/"]}]},{"@type":"ImageObject","inLanguage":"it-IT","@id":"https:\/\/www.intoscana.it\/it\/prato-droni-in-volo-di-notte-contro-labbandono-illecito-di-rifiuti\/#primaryimage","url":"https:\/\/www.intoscana.it\/wp-content\/uploads\/drone.jpg","contentUrl":"https:\/\/www.intoscana.it\/wp-content\/uploads\/drone.jpg","width":1000,"height":750},{"@type":"BreadcrumbList","@id":"https:\/\/www.intoscana.it\/it\/prato-droni-in-volo-di-notte-contro-labbandono-illecito-di-rifiuti\/#breadcrumb","itemListElement":[{"@type":"ListItem","position":1,"name":"Home","item":"https:\/\/www.intoscana.it\/it\/"},{"@type":"ListItem","position":2,"name":"Prato, droni in volo di notte contro l&#8217;abbandono illecito di rifiuti"}]},{"@type":"WebSite","@id":"https:\/\/www.intoscana.it\/it\/#website","url":"https:\/\/www.intoscana.it\/it\/","name":"intoscana","description":"","potentialAction":[{"@type":"SearchAction","target":{"@type":"EntryPoint","urlTemplate":"https:\/\/www.intoscana.it\/it\/?s={search_term_string}"},"query-input":{"@type":"PropertyValueSpecification","valueRequired":true,"valueName":"search_term_string"}}],"inLanguage":"it-IT"},{"@type":"Person","@id":"https:\/\/www.intoscana.it\/it\/#\/schema\/person\/9223810753230f20bd670fdd322661f8","name":"Redazione","url":"https:\/\/www.intoscana.it\/it\/author\/redazione\/"}]}},"_links":{"self":[{"href":"https:\/\/www.intoscana.it\/it\/wp-json\/wp\/v2\/posts\/409135","targetHints":{"allow":["GET"]}}],"collection":[{"href":"https:\/\/www.intoscana.it\/it\/wp-json\/wp\/v2\/posts"}],"about":[{"href":"https:\/\/www.intoscana.it\/it\/wp-json\/wp\/v2\/types\/post"}],"author":[{"embeddable":true,"href":"https:\/\/www.intoscana.it\/it\/wp-json\/wp\/v2\/users\/525"}],"replies":[{"embeddable":true,"href":"https:\/\/www.intoscana.it\/it\/wp-json\/wp\/v2\/comments?post=409135"}],"version-history":[{"count":5,"href":"https:\/\/www.intoscana.it\/it\/wp-json\/wp\/v2\/posts\/409135\/revisions"}],"predecessor-version":[{"id":409250,"href":"https:\/\/www.intoscana.it\/it\/wp-json\/wp\/v2\/posts\/409135\/revisions\/409250"}],"wp:featuredmedia":[{"embeddable":true,"href":"https:\/\/www.intoscana.it\/it\/wp-json\/wp\/v2\/media\/75418"}],"wp:attachment":[{"href":"https:\/\/www.intoscana.it\/it\/wp-json\/wp\/v2\/media?parent=409135"}],"wp:term":[{"taxonomy":"category","embeddable":true,"href":"https:\/\/www.intoscana.it\/it\/wp-json\/wp\/v2\/categories?post=409135"},{"taxonomy":"post_tag","embeddable":true,"href":"https:\/\/www.intoscana.it\/it\/wp-json\/wp\/v2\/tags?post=409135"}],"curies":[{"name":"wp","href":"https:\/\/api.w.org\/{rel}","templated":true}]}}