{"id":409174,"date":"2025-12-02T16:10:29","date_gmt":"2025-12-02T15:10:29","guid":{"rendered":"https:\/\/www.intoscana.it\/it\/?p=409174"},"modified":"2025-12-23T16:49:53","modified_gmt":"2025-12-23T15:49:53","slug":"natale-a-firenze-la-citta-si-riempie-di-addobbi-e-alberi-giochi-di-luce-sui-monumenti-mercatini-e-iniziative-culturali","status":"publish","type":"post","link":"https:\/\/www.intoscana.it\/it\/natale-a-firenze-la-citta-si-riempie-di-addobbi-e-alberi-giochi-di-luce-sui-monumenti-mercatini-e-iniziative-culturali\/","title":{"rendered":"Natale a Firenze, la citt\u00e0 si riempie di addobbi e alberi: giochi di luce sui monumenti, mercatini e iniziative culturali"},"content":{"rendered":"<p>Luminarie e addobbi per il Natale a <strong>Firenze<\/strong>, con spettacoli di luci ispirati ai maestri del Rinascimento. <mark>Pi\u00f9 di 70 tra strade, piazze e mercati saranno illuminate a festa mentre sono oltre 50 gli alberi di Natale dislocati nei cinque quartieri.<\/mark> Torna anche il <strong>trenino<\/strong> per i bambini\u00a0 nel parco delle Cascine.<\/p>\n<h3><em>Giochi di luce sui monumenti<\/em><\/h3>\n<p data-start=\"1451\" data-end=\"1632\">Giochi di luce per <strong data-start=\"1511\" data-end=\"1533\">Florence Lights Up<\/strong>, il progetto di videomapping curato da MUS.E che illuminer\u00e0 i monumenti simbolo della citt\u00e0. Ponte Vecchio, Palazzo Vecchio e la chiesa di San Paolino diventeranno superfici tridimensionali animate da immagini ispirate al Rinascimento e al saper fare artigiano fiorentino. Illuminazioni speciali sono previste anche in piazza Santa Maria Novella, piazza San Lorenzo, sulla facciata della Camera di Commercio e negli spazi monumentali di Palazzo Medici Riccardi.<\/p>\n<p data-start=\"2012\" data-end=\"2348\">Il progetto si estender\u00e0 anche nei quartieri: <mark>dalle Cure al Galluzzo, da Gavinana all\u2019Isolotto fino a Novoli e Piazza Dalmazia, dove comparir\u00e0 una grande stella luminosa.<\/mark> Firenze Smart ha predisposto inoltre 65 alberi e oltre 400 luminarie sui lampioni cittadini, oltre a una scenografia di luci dinamiche per porte storiche e loggiati.<\/p>\n<h3 data-start=\"2350\" data-end=\"2404\"><em>Musei civici, visite speciali e laboratori\u00a0<\/em><\/h3>\n<p data-start=\"2405\" data-end=\"2521\">Le festivit\u00e0 natalizie porteranno nei Musei Civici Fiorentini un programma articolato di attivit\u00e0 curate da MUS.E. Tra le pi\u00f9 attese, il ritorno delle <strong data-start=\"2559\" data-end=\"2593\">visite agli scavi archeologici<\/strong> sotto Palazzo Vecchio, ogni sabato e domenica, che permettono al pubblico di scendere alla scoperta del teatro romano di Florentia e delle architetture altomedievali.<\/p>\n<p data-start=\"2764\" data-end=\"3006\">A Palazzo Vecchio sono previste attivit\u00e0 dedicate alle tradizioni natalizie della corte medicea \u2014 dai percorsi segreti ai laboratori per famiglie \u2014 e appuntamenti speciali come <strong data-start=\"2941\" data-end=\"2965\">danze rinascimentali<\/strong>, narrazioni teatrali e visite animate.<\/p>\n<p data-start=\"3008\" data-end=\"3313\">Nel complesso di Santa Maria Novella torneranno i <strong data-start=\"3058\" data-end=\"3081\">Capolavori natalizi<\/strong>, un itinerario tra le opere del convento per raccontare la Nativit\u00e0 attraverso gli occhi degli artisti medievali e rinascimentali. Per i pi\u00f9 piccoli \u00e8 in programma \u201cColori di luce\u201d, laboratorio ispirato alle vetrate della basilica.<\/p>\n<p data-start=\"3315\" data-end=\"3489\">Anche gli altri musei cittadini \u2014 Cappella Brancacci, Bardini, Museo Novecento e MAD \u2014 proporranno visite guidate, laboratori e approfondimenti dedicati alle mostre in corso.<\/p>\n<p data-start=\"3838\" data-end=\"3938\">Per i bambini \u00e8 previsto anche un <strong data-start=\"3872\" data-end=\"3887\">Winter Camp<\/strong> a Palazzo Vecchio nei giorni 29, 30 e 31 dicembre.<\/p>\n<p data-start=\"4084\" data-end=\"4440\">Alla Fortezza da Basso torna il <strong data-start=\"4116\" data-end=\"4140\">Florence Ice Village<\/strong> con la ruota panoramica alta 55 metri, la pista di pattinaggio su ghiaccio e il Villaggio di Natale. Piazza dei Ciompi ospiter\u00e0 \u201cArtefacendo\u201d, mentre piazza Strozzi accoglier\u00e0 ARTour e ARTour del Gusto, dedicati rispettivamente all\u2019artigianato artistico e alle specialit\u00e0 enogastronomiche toscane.<\/p>\n<p data-start=\"5073\" data-end=\"5244\">\n","protected":false},"excerpt":{"rendered":"<p>Il capoluogo entra nel pieno delle festivit\u00e0 con un programma ricco di eventi. Torna anche il trenino alle Cascine per i pi\u00f9 piccoli<\/p>\n","protected":false},"author":525,"featured_media":83350,"comment_status":"open","ping_status":"open","sticky":false,"template":"","format":"standard","meta":{"_acf_changed":false,"footnotes":""},"categories":[6],"tags":[202,409],"class_list":["post-409174","post","type-post","status-publish","format-standard","has-post-thumbnail","hentry","category-viaggi","tag-firenze","tag-natale"],"acf":[],"yoast_head":"<!-- This site is optimized with the Yoast SEO Premium plugin v24.2 (Yoast SEO v25.6) - https:\/\/yoast.com\/wordpress\/plugins\/seo\/ -->\n<title>Natale a Firenze, la citt\u00e0 si riempie di addobbi e alberi: giochi di luce sui monumenti, mercatini e iniziative culturali - intoscana<\/title>\n<meta name=\"description\" content=\"Dal 6 dicembre il capoluogo entra nel pieno delle festivit\u00e0 con un programma ricco di eventi. Torna anche il trenino alle Cascine per i pi\u00f9 piccoli\" \/>\n<meta name=\"robots\" content=\"index, follow, max-snippet:-1, max-image-preview:large, max-video-preview:-1\" \/>\n<link rel=\"canonical\" href=\"https:\/\/www.intoscana.it\/it\/natale-a-firenze-la-citta-si-riempie-di-addobbi-e-alberi-giochi-di-luce-sui-monumenti-mercatini-e-iniziative-culturali\/\" \/>\n<meta property=\"og:locale\" content=\"it_IT\" \/>\n<meta property=\"og:type\" content=\"article\" \/>\n<meta property=\"og:title\" content=\"Natale a Firenze, la citt\u00e0 si riempie di addobbi e alberi: giochi di luce sui monumenti, mercatini e iniziative culturali\" \/>\n<meta property=\"og:description\" content=\"Dal 6 dicembre il capoluogo entra nel pieno delle festivit\u00e0 con un programma ricco di eventi. Torna anche il trenino alle Cascine per i pi\u00f9 piccoli\" \/>\n<meta property=\"og:url\" content=\"https:\/\/www.intoscana.it\/it\/natale-a-firenze-la-citta-si-riempie-di-addobbi-e-alberi-giochi-di-luce-sui-monumenti-mercatini-e-iniziative-culturali\/\" \/>\n<meta property=\"og:site_name\" content=\"intoscana\" \/>\n<meta property=\"article:publisher\" content=\"https:\/\/www.facebook.com\/intoscana.it\" \/>\n<meta property=\"article:published_time\" content=\"2025-12-02T15:10:29+00:00\" \/>\n<meta property=\"article:modified_time\" content=\"2025-12-23T15:49:53+00:00\" \/>\n<meta property=\"og:image\" content=\"https:\/\/www.intoscana.it\/wp-content\/uploads\/5256e922-f263-4b2d-96a6-0962b9aa3a19-2.jpg\" \/>\n\t<meta property=\"og:image:width\" content=\"1000\" \/>\n\t<meta property=\"og:image:height\" content=\"667\" \/>\n\t<meta property=\"og:image:type\" content=\"image\/jpeg\" \/>\n<meta name=\"author\" content=\"Redazione\" \/>\n<meta name=\"twitter:card\" content=\"summary_large_image\" \/>\n<meta name=\"twitter:creator\" content=\"@intoscana\" \/>\n<meta name=\"twitter:site\" content=\"@intoscana\" \/>\n<meta name=\"twitter:label1\" content=\"Written by\" \/>\n\t<meta name=\"twitter:data1\" content=\"Redazione\" \/>\n\t<meta name=\"twitter:label2\" content=\"Est. reading time\" \/>\n\t<meta name=\"twitter:data2\" content=\"4 minuti\" \/>\n<script type=\"application\/ld+json\" class=\"yoast-schema-graph\">{\"@context\":\"https:\/\/schema.org\",\"@graph\":[{\"@type\":\"WebPage\",\"@id\":\"https:\/\/www.intoscana.it\/it\/natale-a-firenze-la-citta-si-riempie-di-addobbi-e-alberi-giochi-di-luce-sui-monumenti-mercatini-e-iniziative-culturali\/\",\"url\":\"https:\/\/www.intoscana.it\/it\/natale-a-firenze-la-citta-si-riempie-di-addobbi-e-alberi-giochi-di-luce-sui-monumenti-mercatini-e-iniziative-culturali\/\",\"name\":\"Natale a Firenze, la citt\u00e0 si riempie di addobbi e alberi: giochi di luce sui monumenti, mercatini e iniziative culturali - intoscana\",\"isPartOf\":{\"@id\":\"https:\/\/www.intoscana.it\/it\/#website\"},\"primaryImageOfPage\":{\"@id\":\"https:\/\/www.intoscana.it\/it\/natale-a-firenze-la-citta-si-riempie-di-addobbi-e-alberi-giochi-di-luce-sui-monumenti-mercatini-e-iniziative-culturali\/#primaryimage\"},\"image\":{\"@id\":\"https:\/\/www.intoscana.it\/it\/natale-a-firenze-la-citta-si-riempie-di-addobbi-e-alberi-giochi-di-luce-sui-monumenti-mercatini-e-iniziative-culturali\/#primaryimage\"},\"thumbnailUrl\":\"https:\/\/www.intoscana.it\/wp-content\/uploads\/5256e922-f263-4b2d-96a6-0962b9aa3a19-2.jpg\",\"datePublished\":\"2025-12-02T15:10:29+00:00\",\"dateModified\":\"2025-12-23T15:49:53+00:00\",\"author\":{\"@id\":\"https:\/\/www.intoscana.it\/it\/#\/schema\/person\/9223810753230f20bd670fdd322661f8\"},\"description\":\"Dal 6 dicembre il capoluogo entra nel pieno delle festivit\u00e0 con un programma ricco di eventi. Torna anche il trenino alle Cascine per i pi\u00f9 piccoli\",\"breadcrumb\":{\"@id\":\"https:\/\/www.intoscana.it\/it\/natale-a-firenze-la-citta-si-riempie-di-addobbi-e-alberi-giochi-di-luce-sui-monumenti-mercatini-e-iniziative-culturali\/#breadcrumb\"},\"inLanguage\":\"it-IT\",\"potentialAction\":[{\"@type\":\"ReadAction\",\"target\":[\"https:\/\/www.intoscana.it\/it\/natale-a-firenze-la-citta-si-riempie-di-addobbi-e-alberi-giochi-di-luce-sui-monumenti-mercatini-e-iniziative-culturali\/\"]}]},{\"@type\":\"ImageObject\",\"inLanguage\":\"it-IT\",\"@id\":\"https:\/\/www.intoscana.it\/it\/natale-a-firenze-la-citta-si-riempie-di-addobbi-e-alberi-giochi-di-luce-sui-monumenti-mercatini-e-iniziative-culturali\/#primaryimage\",\"url\":\"https:\/\/www.intoscana.it\/wp-content\/uploads\/5256e922-f263-4b2d-96a6-0962b9aa3a19-2.jpg\",\"contentUrl\":\"https:\/\/www.intoscana.it\/wp-content\/uploads\/5256e922-f263-4b2d-96a6-0962b9aa3a19-2.jpg\",\"width\":1000,\"height\":667},{\"@type\":\"BreadcrumbList\",\"@id\":\"https:\/\/www.intoscana.it\/it\/natale-a-firenze-la-citta-si-riempie-di-addobbi-e-alberi-giochi-di-luce-sui-monumenti-mercatini-e-iniziative-culturali\/#breadcrumb\",\"itemListElement\":[{\"@type\":\"ListItem\",\"position\":1,\"name\":\"Home\",\"item\":\"https:\/\/www.intoscana.it\/it\/\"},{\"@type\":\"ListItem\",\"position\":2,\"name\":\"Natale a Firenze, la citt\u00e0 si riempie di addobbi e alberi: giochi di luce sui monumenti, mercatini e iniziative culturali\"}]},{\"@type\":\"WebSite\",\"@id\":\"https:\/\/www.intoscana.it\/it\/#website\",\"url\":\"https:\/\/www.intoscana.it\/it\/\",\"name\":\"intoscana\",\"description\":\"\",\"potentialAction\":[{\"@type\":\"SearchAction\",\"target\":{\"@type\":\"EntryPoint\",\"urlTemplate\":\"https:\/\/www.intoscana.it\/it\/?s={search_term_string}\"},\"query-input\":{\"@type\":\"PropertyValueSpecification\",\"valueRequired\":true,\"valueName\":\"search_term_string\"}}],\"inLanguage\":\"it-IT\"},{\"@type\":\"Person\",\"@id\":\"https:\/\/www.intoscana.it\/it\/#\/schema\/person\/9223810753230f20bd670fdd322661f8\",\"name\":\"Redazione\",\"url\":\"https:\/\/www.intoscana.it\/it\/author\/redazione\/\"}]}<\/script>\n<!-- \/ Yoast SEO Premium plugin. -->","yoast_head_json":{"title":"Natale a Firenze, la citt\u00e0 si riempie di addobbi e alberi: giochi di luce sui monumenti, mercatini e iniziative culturali - intoscana","description":"Dal 6 dicembre il capoluogo entra nel pieno delle festivit\u00e0 con un programma ricco di eventi. Torna anche il trenino alle Cascine per i pi\u00f9 piccoli","robots":{"index":"index","follow":"follow","max-snippet":"max-snippet:-1","max-image-preview":"max-image-preview:large","max-video-preview":"max-video-preview:-1"},"canonical":"https:\/\/www.intoscana.it\/it\/natale-a-firenze-la-citta-si-riempie-di-addobbi-e-alberi-giochi-di-luce-sui-monumenti-mercatini-e-iniziative-culturali\/","og_locale":"it_IT","og_type":"article","og_title":"Natale a Firenze, la citt\u00e0 si riempie di addobbi e alberi: giochi di luce sui monumenti, mercatini e iniziative culturali","og_description":"Dal 6 dicembre il capoluogo entra nel pieno delle festivit\u00e0 con un programma ricco di eventi. Torna anche il trenino alle Cascine per i pi\u00f9 piccoli","og_url":"https:\/\/www.intoscana.it\/it\/natale-a-firenze-la-citta-si-riempie-di-addobbi-e-alberi-giochi-di-luce-sui-monumenti-mercatini-e-iniziative-culturali\/","og_site_name":"intoscana","article_publisher":"https:\/\/www.facebook.com\/intoscana.it","article_published_time":"2025-12-02T15:10:29+00:00","article_modified_time":"2025-12-23T15:49:53+00:00","og_image":[{"width":1000,"height":667,"url":"https:\/\/www.intoscana.it\/wp-content\/uploads\/5256e922-f263-4b2d-96a6-0962b9aa3a19-2.jpg","type":"image\/jpeg"}],"author":"Redazione","twitter_card":"summary_large_image","twitter_creator":"@intoscana","twitter_site":"@intoscana","twitter_misc":{"Written by":"Redazione","Est. reading time":"4 minuti"},"schema":{"@context":"https:\/\/schema.org","@graph":[{"@type":"WebPage","@id":"https:\/\/www.intoscana.it\/it\/natale-a-firenze-la-citta-si-riempie-di-addobbi-e-alberi-giochi-di-luce-sui-monumenti-mercatini-e-iniziative-culturali\/","url":"https:\/\/www.intoscana.it\/it\/natale-a-firenze-la-citta-si-riempie-di-addobbi-e-alberi-giochi-di-luce-sui-monumenti-mercatini-e-iniziative-culturali\/","name":"Natale a Firenze, la citt\u00e0 si riempie di addobbi e alberi: giochi di luce sui monumenti, mercatini e iniziative culturali - intoscana","isPartOf":{"@id":"https:\/\/www.intoscana.it\/it\/#website"},"primaryImageOfPage":{"@id":"https:\/\/www.intoscana.it\/it\/natale-a-firenze-la-citta-si-riempie-di-addobbi-e-alberi-giochi-di-luce-sui-monumenti-mercatini-e-iniziative-culturali\/#primaryimage"},"image":{"@id":"https:\/\/www.intoscana.it\/it\/natale-a-firenze-la-citta-si-riempie-di-addobbi-e-alberi-giochi-di-luce-sui-monumenti-mercatini-e-iniziative-culturali\/#primaryimage"},"thumbnailUrl":"https:\/\/www.intoscana.it\/wp-content\/uploads\/5256e922-f263-4b2d-96a6-0962b9aa3a19-2.jpg","datePublished":"2025-12-02T15:10:29+00:00","dateModified":"2025-12-23T15:49:53+00:00","author":{"@id":"https:\/\/www.intoscana.it\/it\/#\/schema\/person\/9223810753230f20bd670fdd322661f8"},"description":"Dal 6 dicembre il capoluogo entra nel pieno delle festivit\u00e0 con un programma ricco di eventi. Torna anche il trenino alle Cascine per i pi\u00f9 piccoli","breadcrumb":{"@id":"https:\/\/www.intoscana.it\/it\/natale-a-firenze-la-citta-si-riempie-di-addobbi-e-alberi-giochi-di-luce-sui-monumenti-mercatini-e-iniziative-culturali\/#breadcrumb"},"inLanguage":"it-IT","potentialAction":[{"@type":"ReadAction","target":["https:\/\/www.intoscana.it\/it\/natale-a-firenze-la-citta-si-riempie-di-addobbi-e-alberi-giochi-di-luce-sui-monumenti-mercatini-e-iniziative-culturali\/"]}]},{"@type":"ImageObject","inLanguage":"it-IT","@id":"https:\/\/www.intoscana.it\/it\/natale-a-firenze-la-citta-si-riempie-di-addobbi-e-alberi-giochi-di-luce-sui-monumenti-mercatini-e-iniziative-culturali\/#primaryimage","url":"https:\/\/www.intoscana.it\/wp-content\/uploads\/5256e922-f263-4b2d-96a6-0962b9aa3a19-2.jpg","contentUrl":"https:\/\/www.intoscana.it\/wp-content\/uploads\/5256e922-f263-4b2d-96a6-0962b9aa3a19-2.jpg","width":1000,"height":667},{"@type":"BreadcrumbList","@id":"https:\/\/www.intoscana.it\/it\/natale-a-firenze-la-citta-si-riempie-di-addobbi-e-alberi-giochi-di-luce-sui-monumenti-mercatini-e-iniziative-culturali\/#breadcrumb","itemListElement":[{"@type":"ListItem","position":1,"name":"Home","item":"https:\/\/www.intoscana.it\/it\/"},{"@type":"ListItem","position":2,"name":"Natale a Firenze, la citt\u00e0 si riempie di addobbi e alberi: giochi di luce sui monumenti, mercatini e iniziative culturali"}]},{"@type":"WebSite","@id":"https:\/\/www.intoscana.it\/it\/#website","url":"https:\/\/www.intoscana.it\/it\/","name":"intoscana","description":"","potentialAction":[{"@type":"SearchAction","target":{"@type":"EntryPoint","urlTemplate":"https:\/\/www.intoscana.it\/it\/?s={search_term_string}"},"query-input":{"@type":"PropertyValueSpecification","valueRequired":true,"valueName":"search_term_string"}}],"inLanguage":"it-IT"},{"@type":"Person","@id":"https:\/\/www.intoscana.it\/it\/#\/schema\/person\/9223810753230f20bd670fdd322661f8","name":"Redazione","url":"https:\/\/www.intoscana.it\/it\/author\/redazione\/"}]}},"_links":{"self":[{"href":"https:\/\/www.intoscana.it\/it\/wp-json\/wp\/v2\/posts\/409174","targetHints":{"allow":["GET"]}}],"collection":[{"href":"https:\/\/www.intoscana.it\/it\/wp-json\/wp\/v2\/posts"}],"about":[{"href":"https:\/\/www.intoscana.it\/it\/wp-json\/wp\/v2\/types\/post"}],"author":[{"embeddable":true,"href":"https:\/\/www.intoscana.it\/it\/wp-json\/wp\/v2\/users\/525"}],"replies":[{"embeddable":true,"href":"https:\/\/www.intoscana.it\/it\/wp-json\/wp\/v2\/comments?post=409174"}],"version-history":[{"count":5,"href":"https:\/\/www.intoscana.it\/it\/wp-json\/wp\/v2\/posts\/409174\/revisions"}],"predecessor-version":[{"id":411480,"href":"https:\/\/www.intoscana.it\/it\/wp-json\/wp\/v2\/posts\/409174\/revisions\/411480"}],"wp:featuredmedia":[{"embeddable":true,"href":"https:\/\/www.intoscana.it\/it\/wp-json\/wp\/v2\/media\/83350"}],"wp:attachment":[{"href":"https:\/\/www.intoscana.it\/it\/wp-json\/wp\/v2\/media?parent=409174"}],"wp:term":[{"taxonomy":"category","embeddable":true,"href":"https:\/\/www.intoscana.it\/it\/wp-json\/wp\/v2\/categories?post=409174"},{"taxonomy":"post_tag","embeddable":true,"href":"https:\/\/www.intoscana.it\/it\/wp-json\/wp\/v2\/tags?post=409174"}],"curies":[{"name":"wp","href":"https:\/\/api.w.org\/{rel}","templated":true}]}}