{"id":409206,"date":"2025-12-03T10:43:28","date_gmt":"2025-12-03T09:43:28","guid":{"rendered":"https:\/\/www.intoscana.it\/it\/?p=409206"},"modified":"2025-12-04T10:45:42","modified_gmt":"2025-12-04T09:45:42","slug":"disabilita-limpegno-della-regione-per-garantire-autonomia-inclusione-e-dignita","status":"publish","type":"post","link":"https:\/\/www.intoscana.it\/it\/disabilita-limpegno-della-regione-per-garantire-autonomia-inclusione-e-dignita\/","title":{"rendered":"Disabilit\u00e0: l&#8217;impegno della Regione per garantire autonomia, inclusione e dignit\u00e0"},"content":{"rendered":"<p>\u201c<em>In Toscana la persona \u00e8 al centro delle politiche sanitarie e sociali: non \u00e8 uno slogan, \u00e8 il principio che guida ogni nostra scelta<\/em>\u201d cos\u00ec l\u2019assessora al diritto alla salute e alle politiche sociali <strong>Monia Monni<\/strong> in occasione della <strong>Giornata internazionale delle persone con disabilit\u00e0<\/strong>, che si celebra il 3 dicembre dal 1992.<\/p>\n<p>\u201c<em>In Toscana vivono circa 200 mila persone con disabilit\u00e0. Dietro questi numeri ci sono storie, famiglie, bisogni e soprattutto diritti. Il compito delle istituzioni<\/em> \u2013 sottolinea Monni \u2013 <em>\u00e8 costruire risposte concrete che garantiscano autonomia, inclusione e dignit\u00e0. La strada da fare \u00e8 ancora lunga, ma l\u2019impegno della Regione \u00e8 e rester\u00e0 massimo\u201d<\/em>.<\/p>\n<p>Tra le eccellenze del territorio l\u2019assessora ricorda la <strong><a href=\"https:\/\/www.intoscana.it\/it\/open-day-a-scandicci-per-la-scuola-cani-guida-per-ciechi-della-regione-toscana\/\" target=\"_blank\" rel=\"noopener\">Scuola nazionale cani guida per ciechi<\/a><\/strong>, unica struttura pubblica del genere in Italia, con sede a Scandicci, che da quasi un secolo lavora per dare maggiore autonomia alle persone non vedenti. Altro fiore all&#8217;occhiello \u00e8 la storica <a href=\"https:\/\/www.intoscana.it\/it\/la-stamperia-braille-della-regione-presenta-i-nuovi-libri-tattili-per-linfanzia\/\" target=\"_blank\" rel=\"noopener\"><strong>stamperia Braille<\/strong><\/a> attiva dal 1926 e punto di riferimento nazionale per l\u2019accessibilit\u00e0 alla conoscenza. Tutte e due le strutture fanno capo alla Regione.<\/p>\n<p>Alla <strong>scuola cani guida<\/strong> si addestrano, con la collaborazione pure di cittadini volontari, amici a quattro zampe in grado di regalare autonomia a persone che non vedono oltre a tanti altri progetti.<\/p>\n<p>Ma un ruolo centrale nelle <strong>politiche per le persone con disabilit\u00e0<\/strong> \u00e8 svolto anche dal programma \u201c<em>Vita indipendente&#8221;<\/em>, che garantisce <strong>percorsi di autonomia<\/strong> ed appartamenti con <strong>servizi di accompagnamento<\/strong> e sostegno per le attivit\u00e0 quotidiane: sono gi\u00e0 <strong>oltre 1800 i beneficiari<\/strong> in tutta la Toscana.<\/p>\n<p>\u201c<em>Il 3 dicembre<\/em> \u00a0&#8211; conclude l\u2019assessora Monni &#8211; <em>non pu\u00f2 e non deve essere solo una giornata simbolica, bens\u00ec un richiamo concreto alla responsabilit\u00e0 di costruire, ogni giorno, una societ\u00e0 che non lasci indietro nessuno\u201d<\/em>.<\/p>\n<p>&nbsp;<\/p>\n","protected":false},"excerpt":{"rendered":"<p>L&#8217;assessora Monia Monni: \u201cIn Toscana i diritti delle persone vengono prima di tutto e sono al centro delle politiche sanitarie e sociali\u201d<\/p>\n","protected":false},"author":525,"featured_media":102441,"comment_status":"open","ping_status":"open","sticky":false,"template":"","format":"standard","meta":{"_acf_changed":false,"footnotes":""},"categories":[494],"tags":[406,5232],"class_list":["post-409206","post","type-post","status-publish","format-standard","has-post-thumbnail","hentry","category-attualita","tag-disabilita","tag-monia-monni"],"acf":[],"yoast_head":"<!-- This site is optimized with the Yoast SEO Premium plugin v24.2 (Yoast SEO v25.6) - https:\/\/yoast.com\/wordpress\/plugins\/seo\/ -->\n<title>Disabilit\u00e0: l&#039;impegno della Regione per garantire autonomia, inclusione e dignit\u00e0 - intoscana<\/title>\n<meta name=\"description\" content=\"L&#039;assessora Monia Monni: \u201cIn Toscana i diritti delle persone vengono prima di tutto e sono al centro delle politiche sanitarie e sociali\u201d\" \/>\n<meta name=\"robots\" content=\"index, follow, max-snippet:-1, max-image-preview:large, max-video-preview:-1\" \/>\n<link rel=\"canonical\" href=\"https:\/\/www.intoscana.it\/it\/disabilita-limpegno-della-regione-per-garantire-autonomia-inclusione-e-dignita\/\" \/>\n<meta property=\"og:locale\" content=\"it_IT\" \/>\n<meta property=\"og:type\" content=\"article\" \/>\n<meta property=\"og:title\" content=\"Disabilit\u00e0: l&#039;impegno della Regione per garantire autonomia, inclusione e dignit\u00e0\" \/>\n<meta property=\"og:description\" content=\"L&#039;assessora Monia Monni: \u201cIn Toscana i diritti delle persone vengono prima di tutto e sono al centro delle politiche sanitarie e sociali\u201d\" \/>\n<meta property=\"og:url\" content=\"https:\/\/www.intoscana.it\/it\/disabilita-limpegno-della-regione-per-garantire-autonomia-inclusione-e-dignita\/\" \/>\n<meta property=\"og:site_name\" content=\"intoscana\" \/>\n<meta property=\"article:publisher\" content=\"https:\/\/www.facebook.com\/intoscana.it\" \/>\n<meta property=\"article:published_time\" content=\"2025-12-03T09:43:28+00:00\" \/>\n<meta property=\"article:modified_time\" content=\"2025-12-04T09:45:42+00:00\" \/>\n<meta property=\"og:image\" content=\"https:\/\/www.intoscana.it\/wp-content\/uploads\/iStock_000015628993_Medium-4.jpg\" \/>\n\t<meta property=\"og:image:width\" content=\"1000\" \/>\n\t<meta property=\"og:image:height\" content=\"666\" \/>\n\t<meta property=\"og:image:type\" content=\"image\/jpeg\" \/>\n<meta name=\"author\" content=\"Redazione\" \/>\n<meta name=\"twitter:card\" content=\"summary_large_image\" \/>\n<meta name=\"twitter:creator\" content=\"@intoscana\" \/>\n<meta name=\"twitter:site\" content=\"@intoscana\" \/>\n<meta name=\"twitter:label1\" content=\"Written by\" \/>\n\t<meta name=\"twitter:data1\" content=\"Redazione\" \/>\n\t<meta name=\"twitter:label2\" content=\"Est. reading time\" \/>\n\t<meta name=\"twitter:data2\" content=\"2 minuti\" \/>\n<script type=\"application\/ld+json\" class=\"yoast-schema-graph\">{\"@context\":\"https:\/\/schema.org\",\"@graph\":[{\"@type\":\"WebPage\",\"@id\":\"https:\/\/www.intoscana.it\/it\/disabilita-limpegno-della-regione-per-garantire-autonomia-inclusione-e-dignita\/\",\"url\":\"https:\/\/www.intoscana.it\/it\/disabilita-limpegno-della-regione-per-garantire-autonomia-inclusione-e-dignita\/\",\"name\":\"Disabilit\u00e0: l'impegno della Regione per garantire autonomia, inclusione e dignit\u00e0 - intoscana\",\"isPartOf\":{\"@id\":\"https:\/\/www.intoscana.it\/it\/#website\"},\"primaryImageOfPage\":{\"@id\":\"https:\/\/www.intoscana.it\/it\/disabilita-limpegno-della-regione-per-garantire-autonomia-inclusione-e-dignita\/#primaryimage\"},\"image\":{\"@id\":\"https:\/\/www.intoscana.it\/it\/disabilita-limpegno-della-regione-per-garantire-autonomia-inclusione-e-dignita\/#primaryimage\"},\"thumbnailUrl\":\"https:\/\/www.intoscana.it\/wp-content\/uploads\/iStock_000015628993_Medium-4.jpg\",\"datePublished\":\"2025-12-03T09:43:28+00:00\",\"dateModified\":\"2025-12-04T09:45:42+00:00\",\"author\":{\"@id\":\"https:\/\/www.intoscana.it\/it\/#\/schema\/person\/9223810753230f20bd670fdd322661f8\"},\"description\":\"L'assessora Monia Monni: \u201cIn Toscana i diritti delle persone vengono prima di tutto e sono al centro delle politiche sanitarie e sociali\u201d\",\"breadcrumb\":{\"@id\":\"https:\/\/www.intoscana.it\/it\/disabilita-limpegno-della-regione-per-garantire-autonomia-inclusione-e-dignita\/#breadcrumb\"},\"inLanguage\":\"it-IT\",\"potentialAction\":[{\"@type\":\"ReadAction\",\"target\":[\"https:\/\/www.intoscana.it\/it\/disabilita-limpegno-della-regione-per-garantire-autonomia-inclusione-e-dignita\/\"]}]},{\"@type\":\"ImageObject\",\"inLanguage\":\"it-IT\",\"@id\":\"https:\/\/www.intoscana.it\/it\/disabilita-limpegno-della-regione-per-garantire-autonomia-inclusione-e-dignita\/#primaryimage\",\"url\":\"https:\/\/www.intoscana.it\/wp-content\/uploads\/iStock_000015628993_Medium-4.jpg\",\"contentUrl\":\"https:\/\/www.intoscana.it\/wp-content\/uploads\/iStock_000015628993_Medium-4.jpg\",\"width\":1000,\"height\":666,\"caption\":\"Disabilit\u00e0\"},{\"@type\":\"BreadcrumbList\",\"@id\":\"https:\/\/www.intoscana.it\/it\/disabilita-limpegno-della-regione-per-garantire-autonomia-inclusione-e-dignita\/#breadcrumb\",\"itemListElement\":[{\"@type\":\"ListItem\",\"position\":1,\"name\":\"Home\",\"item\":\"https:\/\/www.intoscana.it\/it\/\"},{\"@type\":\"ListItem\",\"position\":2,\"name\":\"Disabilit\u00e0: l&#8217;impegno della Regione per garantire autonomia, inclusione e dignit\u00e0\"}]},{\"@type\":\"WebSite\",\"@id\":\"https:\/\/www.intoscana.it\/it\/#website\",\"url\":\"https:\/\/www.intoscana.it\/it\/\",\"name\":\"intoscana\",\"description\":\"\",\"potentialAction\":[{\"@type\":\"SearchAction\",\"target\":{\"@type\":\"EntryPoint\",\"urlTemplate\":\"https:\/\/www.intoscana.it\/it\/?s={search_term_string}\"},\"query-input\":{\"@type\":\"PropertyValueSpecification\",\"valueRequired\":true,\"valueName\":\"search_term_string\"}}],\"inLanguage\":\"it-IT\"},{\"@type\":\"Person\",\"@id\":\"https:\/\/www.intoscana.it\/it\/#\/schema\/person\/9223810753230f20bd670fdd322661f8\",\"name\":\"Redazione\",\"url\":\"https:\/\/www.intoscana.it\/it\/author\/redazione\/\"}]}<\/script>\n<!-- \/ Yoast SEO Premium plugin. -->","yoast_head_json":{"title":"Disabilit\u00e0: l'impegno della Regione per garantire autonomia, inclusione e dignit\u00e0 - intoscana","description":"L'assessora Monia Monni: \u201cIn Toscana i diritti delle persone vengono prima di tutto e sono al centro delle politiche sanitarie e sociali\u201d","robots":{"index":"index","follow":"follow","max-snippet":"max-snippet:-1","max-image-preview":"max-image-preview:large","max-video-preview":"max-video-preview:-1"},"canonical":"https:\/\/www.intoscana.it\/it\/disabilita-limpegno-della-regione-per-garantire-autonomia-inclusione-e-dignita\/","og_locale":"it_IT","og_type":"article","og_title":"Disabilit\u00e0: l'impegno della Regione per garantire autonomia, inclusione e dignit\u00e0","og_description":"L'assessora Monia Monni: \u201cIn Toscana i diritti delle persone vengono prima di tutto e sono al centro delle politiche sanitarie e sociali\u201d","og_url":"https:\/\/www.intoscana.it\/it\/disabilita-limpegno-della-regione-per-garantire-autonomia-inclusione-e-dignita\/","og_site_name":"intoscana","article_publisher":"https:\/\/www.facebook.com\/intoscana.it","article_published_time":"2025-12-03T09:43:28+00:00","article_modified_time":"2025-12-04T09:45:42+00:00","og_image":[{"width":1000,"height":666,"url":"https:\/\/www.intoscana.it\/wp-content\/uploads\/iStock_000015628993_Medium-4.jpg","type":"image\/jpeg"}],"author":"Redazione","twitter_card":"summary_large_image","twitter_creator":"@intoscana","twitter_site":"@intoscana","twitter_misc":{"Written by":"Redazione","Est. reading time":"2 minuti"},"schema":{"@context":"https:\/\/schema.org","@graph":[{"@type":"WebPage","@id":"https:\/\/www.intoscana.it\/it\/disabilita-limpegno-della-regione-per-garantire-autonomia-inclusione-e-dignita\/","url":"https:\/\/www.intoscana.it\/it\/disabilita-limpegno-della-regione-per-garantire-autonomia-inclusione-e-dignita\/","name":"Disabilit\u00e0: l'impegno della Regione per garantire autonomia, inclusione e dignit\u00e0 - intoscana","isPartOf":{"@id":"https:\/\/www.intoscana.it\/it\/#website"},"primaryImageOfPage":{"@id":"https:\/\/www.intoscana.it\/it\/disabilita-limpegno-della-regione-per-garantire-autonomia-inclusione-e-dignita\/#primaryimage"},"image":{"@id":"https:\/\/www.intoscana.it\/it\/disabilita-limpegno-della-regione-per-garantire-autonomia-inclusione-e-dignita\/#primaryimage"},"thumbnailUrl":"https:\/\/www.intoscana.it\/wp-content\/uploads\/iStock_000015628993_Medium-4.jpg","datePublished":"2025-12-03T09:43:28+00:00","dateModified":"2025-12-04T09:45:42+00:00","author":{"@id":"https:\/\/www.intoscana.it\/it\/#\/schema\/person\/9223810753230f20bd670fdd322661f8"},"description":"L'assessora Monia Monni: \u201cIn Toscana i diritti delle persone vengono prima di tutto e sono al centro delle politiche sanitarie e sociali\u201d","breadcrumb":{"@id":"https:\/\/www.intoscana.it\/it\/disabilita-limpegno-della-regione-per-garantire-autonomia-inclusione-e-dignita\/#breadcrumb"},"inLanguage":"it-IT","potentialAction":[{"@type":"ReadAction","target":["https:\/\/www.intoscana.it\/it\/disabilita-limpegno-della-regione-per-garantire-autonomia-inclusione-e-dignita\/"]}]},{"@type":"ImageObject","inLanguage":"it-IT","@id":"https:\/\/www.intoscana.it\/it\/disabilita-limpegno-della-regione-per-garantire-autonomia-inclusione-e-dignita\/#primaryimage","url":"https:\/\/www.intoscana.it\/wp-content\/uploads\/iStock_000015628993_Medium-4.jpg","contentUrl":"https:\/\/www.intoscana.it\/wp-content\/uploads\/iStock_000015628993_Medium-4.jpg","width":1000,"height":666,"caption":"Disabilit\u00e0"},{"@type":"BreadcrumbList","@id":"https:\/\/www.intoscana.it\/it\/disabilita-limpegno-della-regione-per-garantire-autonomia-inclusione-e-dignita\/#breadcrumb","itemListElement":[{"@type":"ListItem","position":1,"name":"Home","item":"https:\/\/www.intoscana.it\/it\/"},{"@type":"ListItem","position":2,"name":"Disabilit\u00e0: l&#8217;impegno della Regione per garantire autonomia, inclusione e dignit\u00e0"}]},{"@type":"WebSite","@id":"https:\/\/www.intoscana.it\/it\/#website","url":"https:\/\/www.intoscana.it\/it\/","name":"intoscana","description":"","potentialAction":[{"@type":"SearchAction","target":{"@type":"EntryPoint","urlTemplate":"https:\/\/www.intoscana.it\/it\/?s={search_term_string}"},"query-input":{"@type":"PropertyValueSpecification","valueRequired":true,"valueName":"search_term_string"}}],"inLanguage":"it-IT"},{"@type":"Person","@id":"https:\/\/www.intoscana.it\/it\/#\/schema\/person\/9223810753230f20bd670fdd322661f8","name":"Redazione","url":"https:\/\/www.intoscana.it\/it\/author\/redazione\/"}]}},"_links":{"self":[{"href":"https:\/\/www.intoscana.it\/it\/wp-json\/wp\/v2\/posts\/409206","targetHints":{"allow":["GET"]}}],"collection":[{"href":"https:\/\/www.intoscana.it\/it\/wp-json\/wp\/v2\/posts"}],"about":[{"href":"https:\/\/www.intoscana.it\/it\/wp-json\/wp\/v2\/types\/post"}],"author":[{"embeddable":true,"href":"https:\/\/www.intoscana.it\/it\/wp-json\/wp\/v2\/users\/525"}],"replies":[{"embeddable":true,"href":"https:\/\/www.intoscana.it\/it\/wp-json\/wp\/v2\/comments?post=409206"}],"version-history":[{"count":5,"href":"https:\/\/www.intoscana.it\/it\/wp-json\/wp\/v2\/posts\/409206\/revisions"}],"predecessor-version":[{"id":409409,"href":"https:\/\/www.intoscana.it\/it\/wp-json\/wp\/v2\/posts\/409206\/revisions\/409409"}],"wp:featuredmedia":[{"embeddable":true,"href":"https:\/\/www.intoscana.it\/it\/wp-json\/wp\/v2\/media\/102441"}],"wp:attachment":[{"href":"https:\/\/www.intoscana.it\/it\/wp-json\/wp\/v2\/media?parent=409206"}],"wp:term":[{"taxonomy":"category","embeddable":true,"href":"https:\/\/www.intoscana.it\/it\/wp-json\/wp\/v2\/categories?post=409206"},{"taxonomy":"post_tag","embeddable":true,"href":"https:\/\/www.intoscana.it\/it\/wp-json\/wp\/v2\/tags?post=409206"}],"curies":[{"name":"wp","href":"https:\/\/api.w.org\/{rel}","templated":true}]}}