{"id":409365,"date":"2025-12-04T12:00:07","date_gmt":"2025-12-04T11:00:07","guid":{"rendered":"https:\/\/www.intoscana.it\/it\/?p=409365"},"modified":"2025-12-04T12:00:27","modified_gmt":"2025-12-04T11:00:27","slug":"atlas-of-the-new-world-la-fotografia-che-racconta-il-futuro-al-mad-murate-art-district","status":"publish","type":"post","link":"https:\/\/www.intoscana.it\/it\/atlas-of-the-new-world-la-fotografia-che-racconta-il-futuro-al-mad-murate-art-district\/","title":{"rendered":"&#8220;Atlas of the new world&#8221;: la fotografia racconta il futuro al MAD Murate Art District"},"content":{"rendered":"<p>Fino all\u20198 febbraio 2026,<strong> MAD Murate Art District<\/strong> ospita<strong><em> &#8220;Atlas of the New World&#8221;<\/em><\/strong> il progetto fotografico di <strong>Edoardo Delille e Giulia Piermartiri<\/strong>, a cura di Valentina Gensini e prodotto da MAD \u2013 Fondazione MUS.E, con il sostegno di <strong>Regione Toscana<\/strong> e Fondazione CR Firenze.<\/p>\n<p><strong>La mostra propone un \u201catlante del futuro\u201d,<\/strong> dove immagini di <strong>territori colpiti dal cambiamento climatico<\/strong> dialogano con proiezioni che evocano scenari futuri, trasformando la fotografia in uno strumento di consapevolezza.<\/p>\n<p>L&#8217;esposizione si inserisce nel dibattito sulla <strong><em>\u201ccrisi dell\u2019immaginazione\u201d<\/em> <\/strong>legata al cambiamento climatico e propone percorsi didattici settimanali rivolti alle scuole.<\/p>\n<p>Il progetto \u00e8 accompagnato dal libro<strong><em> Atlas of the New World<\/em><\/strong> (L\u2019Artiere), che integra <strong>testi scientifici e narrativi di studiosi e ricercatori<\/strong> per tradurre dati e analisi in <strong>visioni concrete.<\/strong><\/p>\n<p><em>\u201cAtlas of the New World \u00e8 un progetto che parla direttamente al presente, mostrando con forza ci\u00f2 che spesso non riusciamo a immaginare del nostro futuro. Firenze ha il dovere di sostenere ricerche artistiche capaci di unire linguaggio visivo e rigore scientifico, perch\u00e9 la cultura \u00e8 uno strumento fondamentale per accrescere consapevolezza e responsabilit\u00e0 collettiva&#8221; &#8211; <\/em><strong>ha detto l\u2019assessore alla Cultura Giovanni Bettarini &#8211; <\/strong><em>&#8220;Delille e Piermartiri ci offrono un lavoro potente, che mette in dialogo arte e clima, emozione e conoscenza. Portare questa mostra alle Murate significa valorizzare un luogo che negli anni \u00e8 diventato un laboratorio di visioni contemporanee, aperto alla citt\u00e0 e alle nuove generazioni. L\u2019impegno educativo che accompagna l\u2019esposizione, con attivit\u00e0 rivolte agli studenti e ai giovani, \u00e8 poi un valore aggiunto essenziale\u201d<\/em><\/p>\n<p><em>\u201cLa mostra prodotta da MAD espone per la prima volta i sei capitoli riuniti, testimoniando un imponente e lungo lavoro portato avanti dai fotografi, qui tradotto in installazione video con l\u2019inserimento di un elemento sonoro legato al soundscape \u2013<\/em><strong> ha spiegato Valentina Gensini, direttrice artista di MAD e curatrice della mostra<\/strong><em> &#8211; L\u2019aspetto concettuale che anima quest\u2019opera la rende una delle indagini pi\u00f9 originali e forti sul cambiamento climatico, trattato in modo non retorico, non semplicemente documentario, ma visionario e coinvolgente. MAD ha seguito con attenzione e sostenuto questa impresa negli anni, con il programma di residenza artistica China Project, che per il Progetto RIVA, in collaborazione con ZAI, ha ospitato Delille e Piermartiri per un mese in Sichuan sostenendo la realizzazione del capitolo sulla Cina; quindi con lo sviluppo del volume edito da Artiere, infine con questa mostra e con i numerosi laboratori che la animeranno alla presenza di giovani studenti ma anche del pubblico adulto, per valorizzare al massimo questo straordinario lavoro.\u201d<\/em><\/p>\n<figure id=\"post-409363 media-409363\" class=\"align-none\"><img decoding=\"async\" src=\"https:\/\/www.intoscana.it\/wp-content\/uploads\/Screenshot-2025-12-04-alle-09.47.22.jpeg\" alt=\"\" \/><\/figure>\n<div class=\"titleimg\">Atlas of the new world &#8211; \u00a9 Edoardo Delille e Giulia Piermartiri<\/div>\n<h3>Una videoinstallazione multicanale con 6 monitor e 72 scatti<\/h3>\n<p>La sala Wanda Pasquini accoglie <strong>una videoinstallazione multicanale:<\/strong> 6 monitor con 72 scatti totali, accompagnati da un<strong> soundscape,<\/strong> che raccontano le trasformazioni di Paesi come le Maldive, la California, il Mozambico, la Cina, il Monte Bianco e la Russia artica.<p><span class=\"citazione\">Per ogni luogo abbiamo selezionato immagini che potessero rappresentare il probabile futuro. Queste sono state poi integrate in delle diapositive a sua volta inserite in un flash sincronizzato con la fotocamera<\/span><\/p><\/p>\n<p><strong>La tecnica della doppia esposizione analogica<\/strong> fonde il <strong>presente con possibili futuri,<\/strong> creando un linguaggio visivo capace di rendere tangibile ci\u00f2 che spesso sfugge all\u2019immaginazione.<\/p>\n<p><em>\u201cAtlas of the New World \u2013 <\/em><strong>spiegano Edoardo Delille e Giulia Piermartiri<\/strong><em> &#8211; \u00e8 un progetto fotografico che pone una domanda fondamentale: come sar\u00e0 l\u2019atlante che le future generazioni consulteranno? Utilizzando i dati climatici delle Nazioni Unite abbiamo viaggiato in Paesi del mondo destinati a subire significative trasformazioni morfologiche entro la fine del secolo. L\u2019idea \u00e8 quella di rendere visibili oggi questi imminenti cambiamenti e dare forma tangibile ai possibili futuri dei nostri paesaggi. La fotografia \u00e8 solitamente un mezzo che rappresenta il presente o il passato; in questo caso rappresenta il futuro. La tecnica utilizzata \u00e8 analogica. Per ogni luogo abbiamo selezionato immagini che potessero rappresentare il probabile futuro. Queste sono state poi integrate in delle diapositive a sua volta inserite in un flash sincronizzato con la fotocamera. Nel momento dello scatto la fotocamera registra cos\u00ec simultaneamente la scena reale e la sua proiezione futura, rivelata in un lampo. Chi \u00e8 nella foto non percepisce la scena che gli viene proiettata addosso proprio perch\u00e9 \u00e8 un flash, cos\u00ec come noi tutti non ci rendiamo conto del futuro che stiamo costruendo. Il risultato sono immagini complesse, quasi oniriche, in cui presente e futuro si sovrappongono, trasmettendo immediatamente la portata del cambiamento climatico\u201d.<\/em><\/p>\n<figure id=\"post-409339 media-409339\" class=\"align-none\"><img decoding=\"async\" src=\"https:\/\/www.intoscana.it\/wp-content\/uploads\/1.-Atlas-of-the-new-world_Val-Ferret-Monte-Bianco_Edoardo-Delille-e-Giulia-Piermartiri_MAD-Murate-Art-District_-scaled.jpeg\" alt=\"\" \/><\/figure>\n<div class=\"titleimg\"><em>Atlas of the new world_Val Ferret, Monte Bianco_Edoardo Delille e Giulia Piermartiri_MAD Murate Art District &#8211; \u00a9 Edoardo Delille e Giulia Piermartiri<\/em><\/div>\n","protected":false},"excerpt":{"rendered":"<p>Fino all&#8217;8 febbraio 2026 una videoinstallazione multicanale con 6 monitor con 72 scatti totali e un soundscape racconta le trasformazioni di paesi come le Maldive, la California, il Mozambico, la Cina, il Monte Bianco e la Russia artica utilizzando la tecnica della doppia esposizione analogica<\/p>\n","protected":false},"author":518,"featured_media":409364,"comment_status":"open","ping_status":"open","sticky":false,"template":"","format":"standard","meta":{"_acf_changed":false,"footnotes":""},"categories":[493],"tags":[227,202,242,222,151],"class_list":["post-409365","post","type-post","status-publish","format-standard","has-post-thumbnail","hentry","category-cultura","tag-arte-contemporanea","tag-firenze","tag-fotografia","tag-mostre","tag-regione-toscana"],"acf":[],"yoast_head":"<!-- This site is optimized with the Yoast SEO Premium plugin v24.2 (Yoast SEO v25.6) - https:\/\/yoast.com\/wordpress\/plugins\/seo\/ -->\n<title>&quot;Atlas of the new world&quot;: la fotografia racconta il futuro al MAD Murate Art District - intoscana<\/title>\n<meta name=\"description\" content=\"Al MAD Murate Art District fino all&#039;8 febbraio 2026 una videoinstallazione multicanale con 6 monitor con 72 scatti totali, con un soundscape\" \/>\n<meta name=\"robots\" content=\"index, follow, max-snippet:-1, max-image-preview:large, max-video-preview:-1\" \/>\n<link rel=\"canonical\" href=\"https:\/\/www.intoscana.it\/it\/atlas-of-the-new-world-la-fotografia-che-racconta-il-futuro-al-mad-murate-art-district\/\" \/>\n<meta property=\"og:locale\" content=\"it_IT\" \/>\n<meta property=\"og:type\" content=\"article\" \/>\n<meta property=\"og:title\" content=\"&quot;Atlas of the new world&quot;: la fotografia racconta il futuro al MAD Murate Art District\" \/>\n<meta property=\"og:description\" content=\"Al MAD Murate Art District fino all&#039;8 febbraio 2026 una videoinstallazione multicanale con 6 monitor con 72 scatti totali, con un soundscape\" \/>\n<meta property=\"og:url\" content=\"https:\/\/www.intoscana.it\/it\/atlas-of-the-new-world-la-fotografia-che-racconta-il-futuro-al-mad-murate-art-district\/\" \/>\n<meta property=\"og:site_name\" content=\"intoscana\" \/>\n<meta property=\"article:publisher\" content=\"https:\/\/www.facebook.com\/intoscana.it\" \/>\n<meta property=\"article:published_time\" content=\"2025-12-04T11:00:07+00:00\" \/>\n<meta property=\"article:modified_time\" content=\"2025-12-04T11:00:27+00:00\" \/>\n<meta property=\"og:image\" content=\"https:\/\/www.intoscana.it\/wp-content\/uploads\/Screenshot-2025-12-04-alle-09.47.11.jpeg\" \/>\n\t<meta property=\"og:image:width\" content=\"1011\" \/>\n\t<meta property=\"og:image:height\" content=\"668\" \/>\n\t<meta property=\"og:image:type\" content=\"image\/jpeg\" \/>\n<meta name=\"author\" content=\"Costanza Baldini\" \/>\n<meta name=\"twitter:card\" content=\"summary_large_image\" \/>\n<meta name=\"twitter:creator\" content=\"@intoscana\" \/>\n<meta name=\"twitter:site\" content=\"@intoscana\" \/>\n<meta name=\"twitter:label1\" content=\"Written by\" \/>\n\t<meta name=\"twitter:data1\" content=\"Costanza Baldini\" \/>\n\t<meta name=\"twitter:label2\" content=\"Est. reading time\" \/>\n\t<meta name=\"twitter:data2\" content=\"5 minuti\" \/>\n<script type=\"application\/ld+json\" class=\"yoast-schema-graph\">{\"@context\":\"https:\/\/schema.org\",\"@graph\":[{\"@type\":\"WebPage\",\"@id\":\"https:\/\/www.intoscana.it\/it\/atlas-of-the-new-world-la-fotografia-che-racconta-il-futuro-al-mad-murate-art-district\/\",\"url\":\"https:\/\/www.intoscana.it\/it\/atlas-of-the-new-world-la-fotografia-che-racconta-il-futuro-al-mad-murate-art-district\/\",\"name\":\"\\\"Atlas of the new world\\\": la fotografia racconta il futuro al MAD Murate Art District - intoscana\",\"isPartOf\":{\"@id\":\"https:\/\/www.intoscana.it\/it\/#website\"},\"primaryImageOfPage\":{\"@id\":\"https:\/\/www.intoscana.it\/it\/atlas-of-the-new-world-la-fotografia-che-racconta-il-futuro-al-mad-murate-art-district\/#primaryimage\"},\"image\":{\"@id\":\"https:\/\/www.intoscana.it\/it\/atlas-of-the-new-world-la-fotografia-che-racconta-il-futuro-al-mad-murate-art-district\/#primaryimage\"},\"thumbnailUrl\":\"https:\/\/www.intoscana.it\/wp-content\/uploads\/Screenshot-2025-12-04-alle-09.47.11.jpeg\",\"datePublished\":\"2025-12-04T11:00:07+00:00\",\"dateModified\":\"2025-12-04T11:00:27+00:00\",\"author\":{\"@id\":\"https:\/\/www.intoscana.it\/it\/#\/schema\/person\/d469f35f09739bdf00bf5dd3f0647a82\"},\"description\":\"Al MAD Murate Art District fino all'8 febbraio 2026 una videoinstallazione multicanale con 6 monitor con 72 scatti totali, con un soundscape\",\"breadcrumb\":{\"@id\":\"https:\/\/www.intoscana.it\/it\/atlas-of-the-new-world-la-fotografia-che-racconta-il-futuro-al-mad-murate-art-district\/#breadcrumb\"},\"inLanguage\":\"it-IT\",\"potentialAction\":[{\"@type\":\"ReadAction\",\"target\":[\"https:\/\/www.intoscana.it\/it\/atlas-of-the-new-world-la-fotografia-che-racconta-il-futuro-al-mad-murate-art-district\/\"]}]},{\"@type\":\"ImageObject\",\"inLanguage\":\"it-IT\",\"@id\":\"https:\/\/www.intoscana.it\/it\/atlas-of-the-new-world-la-fotografia-che-racconta-il-futuro-al-mad-murate-art-district\/#primaryimage\",\"url\":\"https:\/\/www.intoscana.it\/wp-content\/uploads\/Screenshot-2025-12-04-alle-09.47.11.jpeg\",\"contentUrl\":\"https:\/\/www.intoscana.it\/wp-content\/uploads\/Screenshot-2025-12-04-alle-09.47.11.jpeg\",\"width\":1011,\"height\":668,\"caption\":\"Atlas of the new world\"},{\"@type\":\"BreadcrumbList\",\"@id\":\"https:\/\/www.intoscana.it\/it\/atlas-of-the-new-world-la-fotografia-che-racconta-il-futuro-al-mad-murate-art-district\/#breadcrumb\",\"itemListElement\":[{\"@type\":\"ListItem\",\"position\":1,\"name\":\"Home\",\"item\":\"https:\/\/www.intoscana.it\/it\/\"},{\"@type\":\"ListItem\",\"position\":2,\"name\":\"&#8220;Atlas of the new world&#8221;: la fotografia racconta il futuro al MAD Murate Art District\"}]},{\"@type\":\"WebSite\",\"@id\":\"https:\/\/www.intoscana.it\/it\/#website\",\"url\":\"https:\/\/www.intoscana.it\/it\/\",\"name\":\"intoscana\",\"description\":\"\",\"potentialAction\":[{\"@type\":\"SearchAction\",\"target\":{\"@type\":\"EntryPoint\",\"urlTemplate\":\"https:\/\/www.intoscana.it\/it\/?s={search_term_string}\"},\"query-input\":{\"@type\":\"PropertyValueSpecification\",\"valueRequired\":true,\"valueName\":\"search_term_string\"}}],\"inLanguage\":\"it-IT\"},{\"@type\":\"Person\",\"@id\":\"https:\/\/www.intoscana.it\/it\/#\/schema\/person\/d469f35f09739bdf00bf5dd3f0647a82\",\"name\":\"Costanza Baldini\",\"url\":\"https:\/\/www.intoscana.it\/it\/author\/costanza-baldini\/\"}]}<\/script>\n<!-- \/ Yoast SEO Premium plugin. -->","yoast_head_json":{"title":"\"Atlas of the new world\": la fotografia racconta il futuro al MAD Murate Art District - intoscana","description":"Al MAD Murate Art District fino all'8 febbraio 2026 una videoinstallazione multicanale con 6 monitor con 72 scatti totali, con un soundscape","robots":{"index":"index","follow":"follow","max-snippet":"max-snippet:-1","max-image-preview":"max-image-preview:large","max-video-preview":"max-video-preview:-1"},"canonical":"https:\/\/www.intoscana.it\/it\/atlas-of-the-new-world-la-fotografia-che-racconta-il-futuro-al-mad-murate-art-district\/","og_locale":"it_IT","og_type":"article","og_title":"\"Atlas of the new world\": la fotografia racconta il futuro al MAD Murate Art District","og_description":"Al MAD Murate Art District fino all'8 febbraio 2026 una videoinstallazione multicanale con 6 monitor con 72 scatti totali, con un soundscape","og_url":"https:\/\/www.intoscana.it\/it\/atlas-of-the-new-world-la-fotografia-che-racconta-il-futuro-al-mad-murate-art-district\/","og_site_name":"intoscana","article_publisher":"https:\/\/www.facebook.com\/intoscana.it","article_published_time":"2025-12-04T11:00:07+00:00","article_modified_time":"2025-12-04T11:00:27+00:00","og_image":[{"width":1011,"height":668,"url":"https:\/\/www.intoscana.it\/wp-content\/uploads\/Screenshot-2025-12-04-alle-09.47.11.jpeg","type":"image\/jpeg"}],"author":"Costanza Baldini","twitter_card":"summary_large_image","twitter_creator":"@intoscana","twitter_site":"@intoscana","twitter_misc":{"Written by":"Costanza Baldini","Est. reading time":"5 minuti"},"schema":{"@context":"https:\/\/schema.org","@graph":[{"@type":"WebPage","@id":"https:\/\/www.intoscana.it\/it\/atlas-of-the-new-world-la-fotografia-che-racconta-il-futuro-al-mad-murate-art-district\/","url":"https:\/\/www.intoscana.it\/it\/atlas-of-the-new-world-la-fotografia-che-racconta-il-futuro-al-mad-murate-art-district\/","name":"\"Atlas of the new world\": la fotografia racconta il futuro al MAD Murate Art District - intoscana","isPartOf":{"@id":"https:\/\/www.intoscana.it\/it\/#website"},"primaryImageOfPage":{"@id":"https:\/\/www.intoscana.it\/it\/atlas-of-the-new-world-la-fotografia-che-racconta-il-futuro-al-mad-murate-art-district\/#primaryimage"},"image":{"@id":"https:\/\/www.intoscana.it\/it\/atlas-of-the-new-world-la-fotografia-che-racconta-il-futuro-al-mad-murate-art-district\/#primaryimage"},"thumbnailUrl":"https:\/\/www.intoscana.it\/wp-content\/uploads\/Screenshot-2025-12-04-alle-09.47.11.jpeg","datePublished":"2025-12-04T11:00:07+00:00","dateModified":"2025-12-04T11:00:27+00:00","author":{"@id":"https:\/\/www.intoscana.it\/it\/#\/schema\/person\/d469f35f09739bdf00bf5dd3f0647a82"},"description":"Al MAD Murate Art District fino all'8 febbraio 2026 una videoinstallazione multicanale con 6 monitor con 72 scatti totali, con un soundscape","breadcrumb":{"@id":"https:\/\/www.intoscana.it\/it\/atlas-of-the-new-world-la-fotografia-che-racconta-il-futuro-al-mad-murate-art-district\/#breadcrumb"},"inLanguage":"it-IT","potentialAction":[{"@type":"ReadAction","target":["https:\/\/www.intoscana.it\/it\/atlas-of-the-new-world-la-fotografia-che-racconta-il-futuro-al-mad-murate-art-district\/"]}]},{"@type":"ImageObject","inLanguage":"it-IT","@id":"https:\/\/www.intoscana.it\/it\/atlas-of-the-new-world-la-fotografia-che-racconta-il-futuro-al-mad-murate-art-district\/#primaryimage","url":"https:\/\/www.intoscana.it\/wp-content\/uploads\/Screenshot-2025-12-04-alle-09.47.11.jpeg","contentUrl":"https:\/\/www.intoscana.it\/wp-content\/uploads\/Screenshot-2025-12-04-alle-09.47.11.jpeg","width":1011,"height":668,"caption":"Atlas of the new world"},{"@type":"BreadcrumbList","@id":"https:\/\/www.intoscana.it\/it\/atlas-of-the-new-world-la-fotografia-che-racconta-il-futuro-al-mad-murate-art-district\/#breadcrumb","itemListElement":[{"@type":"ListItem","position":1,"name":"Home","item":"https:\/\/www.intoscana.it\/it\/"},{"@type":"ListItem","position":2,"name":"&#8220;Atlas of the new world&#8221;: la fotografia racconta il futuro al MAD Murate Art District"}]},{"@type":"WebSite","@id":"https:\/\/www.intoscana.it\/it\/#website","url":"https:\/\/www.intoscana.it\/it\/","name":"intoscana","description":"","potentialAction":[{"@type":"SearchAction","target":{"@type":"EntryPoint","urlTemplate":"https:\/\/www.intoscana.it\/it\/?s={search_term_string}"},"query-input":{"@type":"PropertyValueSpecification","valueRequired":true,"valueName":"search_term_string"}}],"inLanguage":"it-IT"},{"@type":"Person","@id":"https:\/\/www.intoscana.it\/it\/#\/schema\/person\/d469f35f09739bdf00bf5dd3f0647a82","name":"Costanza Baldini","url":"https:\/\/www.intoscana.it\/it\/author\/costanza-baldini\/"}]}},"_links":{"self":[{"href":"https:\/\/www.intoscana.it\/it\/wp-json\/wp\/v2\/posts\/409365","targetHints":{"allow":["GET"]}}],"collection":[{"href":"https:\/\/www.intoscana.it\/it\/wp-json\/wp\/v2\/posts"}],"about":[{"href":"https:\/\/www.intoscana.it\/it\/wp-json\/wp\/v2\/types\/post"}],"author":[{"embeddable":true,"href":"https:\/\/www.intoscana.it\/it\/wp-json\/wp\/v2\/users\/518"}],"replies":[{"embeddable":true,"href":"https:\/\/www.intoscana.it\/it\/wp-json\/wp\/v2\/comments?post=409365"}],"version-history":[{"count":5,"href":"https:\/\/www.intoscana.it\/it\/wp-json\/wp\/v2\/posts\/409365\/revisions"}],"predecessor-version":[{"id":409434,"href":"https:\/\/www.intoscana.it\/it\/wp-json\/wp\/v2\/posts\/409365\/revisions\/409434"}],"wp:featuredmedia":[{"embeddable":true,"href":"https:\/\/www.intoscana.it\/it\/wp-json\/wp\/v2\/media\/409364"}],"wp:attachment":[{"href":"https:\/\/www.intoscana.it\/it\/wp-json\/wp\/v2\/media?parent=409365"}],"wp:term":[{"taxonomy":"category","embeddable":true,"href":"https:\/\/www.intoscana.it\/it\/wp-json\/wp\/v2\/categories?post=409365"},{"taxonomy":"post_tag","embeddable":true,"href":"https:\/\/www.intoscana.it\/it\/wp-json\/wp\/v2\/tags?post=409365"}],"curies":[{"name":"wp","href":"https:\/\/api.w.org\/{rel}","templated":true}]}}