{"id":409490,"date":"2025-12-04T14:12:35","date_gmt":"2025-12-04T13:12:35","guid":{"rendered":"https:\/\/www.intoscana.it\/it\/?p=409490"},"modified":"2025-12-04T14:12:35","modified_gmt":"2025-12-04T13:12:35","slug":"codice-giallo-venerdi-4-dicembre-pioggia-e-temporali-su-arcipelago-e-costa-centro-sud","status":"publish","type":"post","link":"https:\/\/www.intoscana.it\/it\/codice-giallo-venerdi-4-dicembre-pioggia-e-temporali-su-arcipelago-e-costa-centro-sud\/","title":{"rendered":"Codice giallo venerd\u00ec 4 dicembre: pioggia e temporali su arcipelago e costa centro-sud"},"content":{"rendered":"<p>Continua il <strong>maltempo su arcipelago e costa centro-sud della Toscana,<\/strong> con pioggia e temporali che insisteranno <strong>fino alla mattina di venerd\u00ec 5 dicembre.<\/strong><\/p>\n<p>La Sala operativa della Protezione civile regionale ha quindi prorogato il bollettino di criticit\u00e0 con codice giallo per temporali forti e rischio idrogeologico e idraulico del reticolo minore che sar\u00e0 in vigore<strong> fino alle ore 8 di venerd\u00ec 5 dicembre.<\/strong><\/p>\n<p>Ulteriori dettagli e consigli sui comportamenti da adottare, a seconda del rischio, si trovano all&#8217;interno della sezione <strong>Allerta meteo del sito della Regione Toscana,<\/strong> accessibile all&#8217;indirizzo <a href=\"http:\/\/www.regione.toscana.it\/allertameteo\" target=\"_blank\" rel=\"noopener\"><strong>http:\/\/www.regione.toscana.it\/allertameteo<\/strong><\/a>.<\/p>\n","protected":false},"excerpt":{"rendered":"<p>Prorogato il bollettino di criticit\u00e0 con codice giallo per temporali forti e rischio idrogeologico e idraulico del reticolo minore che sar\u00e0 in vigore fino alle ore 8 di venerd\u00ec 5 dicembre<\/p>\n","protected":false},"author":525,"featured_media":235957,"comment_status":"open","ping_status":"open","sticky":false,"template":"","format":"standard","meta":{"_acf_changed":false,"footnotes":""},"categories":[494],"tags":[4387,151],"class_list":["post-409490","post","type-post","status-publish","format-standard","has-post-thumbnail","hentry","category-attualita","tag-allerta-meteo","tag-regione-toscana"],"acf":[],"yoast_head":"<!-- This site is optimized with the Yoast SEO Premium plugin v24.2 (Yoast SEO v25.6) - https:\/\/yoast.com\/wordpress\/plugins\/seo\/ -->\n<title>Codice giallo venerd\u00ec 4 dicembre: pioggia e temporali su arcipelago e costa centro-sud - intoscana<\/title>\n<meta name=\"description\" content=\"Prorogato il bollettino di criticit\u00e0 con codice giallo per temporali forti e rischio idrogeologico e idraulico del reticolo minore\" \/>\n<meta name=\"robots\" content=\"index, follow, max-snippet:-1, max-image-preview:large, max-video-preview:-1\" \/>\n<link rel=\"canonical\" href=\"https:\/\/www.intoscana.it\/it\/codice-giallo-venerdi-4-dicembre-pioggia-e-temporali-su-arcipelago-e-costa-centro-sud\/\" \/>\n<meta property=\"og:locale\" content=\"it_IT\" \/>\n<meta property=\"og:type\" content=\"article\" \/>\n<meta property=\"og:title\" content=\"Codice giallo venerd\u00ec 4 dicembre: pioggia e temporali su arcipelago e costa centro-sud\" \/>\n<meta property=\"og:description\" content=\"Prorogato il bollettino di criticit\u00e0 con codice giallo per temporali forti e rischio idrogeologico e idraulico del reticolo minore\" \/>\n<meta property=\"og:url\" content=\"https:\/\/www.intoscana.it\/it\/codice-giallo-venerdi-4-dicembre-pioggia-e-temporali-su-arcipelago-e-costa-centro-sud\/\" \/>\n<meta property=\"og:site_name\" content=\"intoscana\" \/>\n<meta property=\"article:publisher\" content=\"https:\/\/www.facebook.com\/intoscana.it\" \/>\n<meta property=\"article:published_time\" content=\"2025-12-04T13:12:35+00:00\" \/>\n<meta property=\"og:image\" content=\"https:\/\/www.intoscana.it\/wp-content\/uploads\/PIoggia-10-scaled.jpg\" \/>\n\t<meta property=\"og:image:width\" content=\"2048\" \/>\n\t<meta property=\"og:image:height\" content=\"1357\" \/>\n\t<meta property=\"og:image:type\" content=\"image\/jpeg\" \/>\n<meta name=\"author\" content=\"Redazione\" \/>\n<meta name=\"twitter:card\" content=\"summary_large_image\" \/>\n<meta name=\"twitter:creator\" content=\"@intoscana\" \/>\n<meta name=\"twitter:site\" content=\"@intoscana\" \/>\n<meta name=\"twitter:label1\" content=\"Written by\" \/>\n\t<meta name=\"twitter:data1\" content=\"Redazione\" \/>\n\t<meta name=\"twitter:label2\" content=\"Est. reading time\" \/>\n\t<meta name=\"twitter:data2\" content=\"1 minuto\" \/>\n<script type=\"application\/ld+json\" class=\"yoast-schema-graph\">{\"@context\":\"https:\/\/schema.org\",\"@graph\":[{\"@type\":\"WebPage\",\"@id\":\"https:\/\/www.intoscana.it\/it\/codice-giallo-venerdi-4-dicembre-pioggia-e-temporali-su-arcipelago-e-costa-centro-sud\/\",\"url\":\"https:\/\/www.intoscana.it\/it\/codice-giallo-venerdi-4-dicembre-pioggia-e-temporali-su-arcipelago-e-costa-centro-sud\/\",\"name\":\"Codice giallo venerd\u00ec 4 dicembre: pioggia e temporali su arcipelago e costa centro-sud - intoscana\",\"isPartOf\":{\"@id\":\"https:\/\/www.intoscana.it\/it\/#website\"},\"primaryImageOfPage\":{\"@id\":\"https:\/\/www.intoscana.it\/it\/codice-giallo-venerdi-4-dicembre-pioggia-e-temporali-su-arcipelago-e-costa-centro-sud\/#primaryimage\"},\"image\":{\"@id\":\"https:\/\/www.intoscana.it\/it\/codice-giallo-venerdi-4-dicembre-pioggia-e-temporali-su-arcipelago-e-costa-centro-sud\/#primaryimage\"},\"thumbnailUrl\":\"https:\/\/www.intoscana.it\/wp-content\/uploads\/PIoggia-10-scaled.jpg\",\"datePublished\":\"2025-12-04T13:12:35+00:00\",\"author\":{\"@id\":\"https:\/\/www.intoscana.it\/it\/#\/schema\/person\/9223810753230f20bd670fdd322661f8\"},\"description\":\"Prorogato il bollettino di criticit\u00e0 con codice giallo per temporali forti e rischio idrogeologico e idraulico del reticolo minore\",\"breadcrumb\":{\"@id\":\"https:\/\/www.intoscana.it\/it\/codice-giallo-venerdi-4-dicembre-pioggia-e-temporali-su-arcipelago-e-costa-centro-sud\/#breadcrumb\"},\"inLanguage\":\"it-IT\",\"potentialAction\":[{\"@type\":\"ReadAction\",\"target\":[\"https:\/\/www.intoscana.it\/it\/codice-giallo-venerdi-4-dicembre-pioggia-e-temporali-su-arcipelago-e-costa-centro-sud\/\"]}]},{\"@type\":\"ImageObject\",\"inLanguage\":\"it-IT\",\"@id\":\"https:\/\/www.intoscana.it\/it\/codice-giallo-venerdi-4-dicembre-pioggia-e-temporali-su-arcipelago-e-costa-centro-sud\/#primaryimage\",\"url\":\"https:\/\/www.intoscana.it\/wp-content\/uploads\/PIoggia-10-scaled.jpg\",\"contentUrl\":\"https:\/\/www.intoscana.it\/wp-content\/uploads\/PIoggia-10-scaled.jpg\",\"width\":2048,\"height\":1357,\"caption\":\"Maltempo\"},{\"@type\":\"BreadcrumbList\",\"@id\":\"https:\/\/www.intoscana.it\/it\/codice-giallo-venerdi-4-dicembre-pioggia-e-temporali-su-arcipelago-e-costa-centro-sud\/#breadcrumb\",\"itemListElement\":[{\"@type\":\"ListItem\",\"position\":1,\"name\":\"Home\",\"item\":\"https:\/\/www.intoscana.it\/it\/\"},{\"@type\":\"ListItem\",\"position\":2,\"name\":\"Codice giallo venerd\u00ec 4 dicembre: pioggia e temporali su arcipelago e costa centro-sud\"}]},{\"@type\":\"WebSite\",\"@id\":\"https:\/\/www.intoscana.it\/it\/#website\",\"url\":\"https:\/\/www.intoscana.it\/it\/\",\"name\":\"intoscana\",\"description\":\"\",\"potentialAction\":[{\"@type\":\"SearchAction\",\"target\":{\"@type\":\"EntryPoint\",\"urlTemplate\":\"https:\/\/www.intoscana.it\/it\/?s={search_term_string}\"},\"query-input\":{\"@type\":\"PropertyValueSpecification\",\"valueRequired\":true,\"valueName\":\"search_term_string\"}}],\"inLanguage\":\"it-IT\"},{\"@type\":\"Person\",\"@id\":\"https:\/\/www.intoscana.it\/it\/#\/schema\/person\/9223810753230f20bd670fdd322661f8\",\"name\":\"Redazione\",\"url\":\"https:\/\/www.intoscana.it\/it\/author\/redazione\/\"}]}<\/script>\n<!-- \/ Yoast SEO Premium plugin. -->","yoast_head_json":{"title":"Codice giallo venerd\u00ec 4 dicembre: pioggia e temporali su arcipelago e costa centro-sud - intoscana","description":"Prorogato il bollettino di criticit\u00e0 con codice giallo per temporali forti e rischio idrogeologico e idraulico del reticolo minore","robots":{"index":"index","follow":"follow","max-snippet":"max-snippet:-1","max-image-preview":"max-image-preview:large","max-video-preview":"max-video-preview:-1"},"canonical":"https:\/\/www.intoscana.it\/it\/codice-giallo-venerdi-4-dicembre-pioggia-e-temporali-su-arcipelago-e-costa-centro-sud\/","og_locale":"it_IT","og_type":"article","og_title":"Codice giallo venerd\u00ec 4 dicembre: pioggia e temporali su arcipelago e costa centro-sud","og_description":"Prorogato il bollettino di criticit\u00e0 con codice giallo per temporali forti e rischio idrogeologico e idraulico del reticolo minore","og_url":"https:\/\/www.intoscana.it\/it\/codice-giallo-venerdi-4-dicembre-pioggia-e-temporali-su-arcipelago-e-costa-centro-sud\/","og_site_name":"intoscana","article_publisher":"https:\/\/www.facebook.com\/intoscana.it","article_published_time":"2025-12-04T13:12:35+00:00","og_image":[{"width":2048,"height":1357,"url":"https:\/\/www.intoscana.it\/wp-content\/uploads\/PIoggia-10-scaled.jpg","type":"image\/jpeg"}],"author":"Redazione","twitter_card":"summary_large_image","twitter_creator":"@intoscana","twitter_site":"@intoscana","twitter_misc":{"Written by":"Redazione","Est. reading time":"1 minuto"},"schema":{"@context":"https:\/\/schema.org","@graph":[{"@type":"WebPage","@id":"https:\/\/www.intoscana.it\/it\/codice-giallo-venerdi-4-dicembre-pioggia-e-temporali-su-arcipelago-e-costa-centro-sud\/","url":"https:\/\/www.intoscana.it\/it\/codice-giallo-venerdi-4-dicembre-pioggia-e-temporali-su-arcipelago-e-costa-centro-sud\/","name":"Codice giallo venerd\u00ec 4 dicembre: pioggia e temporali su arcipelago e costa centro-sud - intoscana","isPartOf":{"@id":"https:\/\/www.intoscana.it\/it\/#website"},"primaryImageOfPage":{"@id":"https:\/\/www.intoscana.it\/it\/codice-giallo-venerdi-4-dicembre-pioggia-e-temporali-su-arcipelago-e-costa-centro-sud\/#primaryimage"},"image":{"@id":"https:\/\/www.intoscana.it\/it\/codice-giallo-venerdi-4-dicembre-pioggia-e-temporali-su-arcipelago-e-costa-centro-sud\/#primaryimage"},"thumbnailUrl":"https:\/\/www.intoscana.it\/wp-content\/uploads\/PIoggia-10-scaled.jpg","datePublished":"2025-12-04T13:12:35+00:00","author":{"@id":"https:\/\/www.intoscana.it\/it\/#\/schema\/person\/9223810753230f20bd670fdd322661f8"},"description":"Prorogato il bollettino di criticit\u00e0 con codice giallo per temporali forti e rischio idrogeologico e idraulico del reticolo minore","breadcrumb":{"@id":"https:\/\/www.intoscana.it\/it\/codice-giallo-venerdi-4-dicembre-pioggia-e-temporali-su-arcipelago-e-costa-centro-sud\/#breadcrumb"},"inLanguage":"it-IT","potentialAction":[{"@type":"ReadAction","target":["https:\/\/www.intoscana.it\/it\/codice-giallo-venerdi-4-dicembre-pioggia-e-temporali-su-arcipelago-e-costa-centro-sud\/"]}]},{"@type":"ImageObject","inLanguage":"it-IT","@id":"https:\/\/www.intoscana.it\/it\/codice-giallo-venerdi-4-dicembre-pioggia-e-temporali-su-arcipelago-e-costa-centro-sud\/#primaryimage","url":"https:\/\/www.intoscana.it\/wp-content\/uploads\/PIoggia-10-scaled.jpg","contentUrl":"https:\/\/www.intoscana.it\/wp-content\/uploads\/PIoggia-10-scaled.jpg","width":2048,"height":1357,"caption":"Maltempo"},{"@type":"BreadcrumbList","@id":"https:\/\/www.intoscana.it\/it\/codice-giallo-venerdi-4-dicembre-pioggia-e-temporali-su-arcipelago-e-costa-centro-sud\/#breadcrumb","itemListElement":[{"@type":"ListItem","position":1,"name":"Home","item":"https:\/\/www.intoscana.it\/it\/"},{"@type":"ListItem","position":2,"name":"Codice giallo venerd\u00ec 4 dicembre: pioggia e temporali su arcipelago e costa centro-sud"}]},{"@type":"WebSite","@id":"https:\/\/www.intoscana.it\/it\/#website","url":"https:\/\/www.intoscana.it\/it\/","name":"intoscana","description":"","potentialAction":[{"@type":"SearchAction","target":{"@type":"EntryPoint","urlTemplate":"https:\/\/www.intoscana.it\/it\/?s={search_term_string}"},"query-input":{"@type":"PropertyValueSpecification","valueRequired":true,"valueName":"search_term_string"}}],"inLanguage":"it-IT"},{"@type":"Person","@id":"https:\/\/www.intoscana.it\/it\/#\/schema\/person\/9223810753230f20bd670fdd322661f8","name":"Redazione","url":"https:\/\/www.intoscana.it\/it\/author\/redazione\/"}]}},"_links":{"self":[{"href":"https:\/\/www.intoscana.it\/it\/wp-json\/wp\/v2\/posts\/409490","targetHints":{"allow":["GET"]}}],"collection":[{"href":"https:\/\/www.intoscana.it\/it\/wp-json\/wp\/v2\/posts"}],"about":[{"href":"https:\/\/www.intoscana.it\/it\/wp-json\/wp\/v2\/types\/post"}],"author":[{"embeddable":true,"href":"https:\/\/www.intoscana.it\/it\/wp-json\/wp\/v2\/users\/525"}],"replies":[{"embeddable":true,"href":"https:\/\/www.intoscana.it\/it\/wp-json\/wp\/v2\/comments?post=409490"}],"version-history":[{"count":1,"href":"https:\/\/www.intoscana.it\/it\/wp-json\/wp\/v2\/posts\/409490\/revisions"}],"predecessor-version":[{"id":409491,"href":"https:\/\/www.intoscana.it\/it\/wp-json\/wp\/v2\/posts\/409490\/revisions\/409491"}],"wp:featuredmedia":[{"embeddable":true,"href":"https:\/\/www.intoscana.it\/it\/wp-json\/wp\/v2\/media\/235957"}],"wp:attachment":[{"href":"https:\/\/www.intoscana.it\/it\/wp-json\/wp\/v2\/media?parent=409490"}],"wp:term":[{"taxonomy":"category","embeddable":true,"href":"https:\/\/www.intoscana.it\/it\/wp-json\/wp\/v2\/categories?post=409490"},{"taxonomy":"post_tag","embeddable":true,"href":"https:\/\/www.intoscana.it\/it\/wp-json\/wp\/v2\/tags?post=409490"}],"curies":[{"name":"wp","href":"https:\/\/api.w.org\/{rel}","templated":true}]}}