{"id":409512,"date":"2025-12-04T16:36:49","date_gmt":"2025-12-04T15:36:49","guid":{"rendered":"https:\/\/www.intoscana.it\/it\/?p=409512"},"modified":"2025-12-04T17:00:55","modified_gmt":"2025-12-04T16:00:55","slug":"valdarno-primo-incontro-di-boni-con-i-pendolari-subito-un-tavolo-con-territori-rfi-e-trenitalia","status":"publish","type":"post","link":"https:\/\/www.intoscana.it\/it\/valdarno-primo-incontro-di-boni-con-i-pendolari-subito-un-tavolo-con-territori-rfi-e-trenitalia\/","title":{"rendered":"Valdarno, primo incontro di Boni con i pendolari: \u201cSubito un tavolo con territori, Rfi e Trenitalia\u201d"},"content":{"rendered":"<p>Primo faccia a faccia tra il nuovo assessore alle infrastrutture e ai trasporti della Regione Toscana, <strong>Filippo Boni<\/strong>, e i pendolari del Valdarno fiorentino. L\u2019incontro si \u00e8 svolto ieri sera a <strong>San Giovanni Valdarno<\/strong>, organizzato dalla sindaca <strong>Valentina Vadi<\/strong> e dalla <strong>Conferenza dei sindaci del Valdarno<\/strong>.<\/p>\n<p>Boni ha scelto l\u2019appuntamento \u2013 molto partecipato \u2013 come occasione per ribadire l\u2019obiettivo di costruire un rapporto costante con chi utilizza quotidianamente il trasporto ferroviario.<br \/>\n\u201c<em>In qualit\u00e0 di assessore alle infrastrutture e ai trasporti della Regione Toscana<\/em> \u2013 ha detto Boni \u2013<em> mi impegno ad avviare fin dalle prossime settimane un tavolo permanente di confronto con le istituzioni, i pendolari della provincia di Arezzo e del Valdarno fiorentino, coinvolgendo anche Trenitalia e Rfi, i cui vertici nei giorni scorsi ho gi\u00e0 avuto modo di conoscere personalmente in un primo collaborativo incontro<\/em>\u201d.<\/p>\n<p>All\u2019incontro erano presenti numerosi <strong>sindaci<\/strong>, <strong>amministratori locali<\/strong> e i consiglieri regionali <strong>Serena Spinelli<\/strong>, <strong>Roberta Casini<\/strong>, <strong>Gabriele Veneri<\/strong> e <strong>Matteo Zoppini<\/strong>.<br \/>\nCittadini e pendolari hanno evidenziato diverse criticit\u00e0, chiedendo alla Regione un ruolo pi\u00f9 incisivo nel confronto con Trenitalia e Rfi per individuare soluzioni concrete ai disagi degli ultimi mesi.<\/p>\n<p>Boni ha raccolto osservazioni e richieste, annunciando la volont\u00e0 di istituire una <strong>cabina di regia periodica<\/strong> per monitorare puntualmente problemi e necessit\u00e0 dei viaggiatori.<br \/>\n\u201c<em>Continueremo a monitorare con attenzione l\u2019attivit\u00e0 ferroviaria<\/em> \u2013 ha aggiunto \u2013 s<em>ia dal punto di vista infrastrutturale, sia sotto il profilo della qualit\u00e0 del servizio. Nei prossimi mesi entreranno in funzione sei nuovi treni per i pendolari e, entro il 2026, si concluderanno molti degli interventi infrastrutturali previsti dal PNRR sulla linea Valdarno\u2013Firenze. Contestualmente saranno avviate ulteriori attivit\u00e0 di manutenzione straordinaria necessarie a garantire la sicurezza della rete. Regione Toscana far\u00e0 la sua parte affinch\u00e9 possa essere garantito il miglior servizio possibile all\u2019utenza del trasporto ferroviario<\/em>\u201d.<\/p>\n<p>La cabina di regia seguir\u00e0 da vicino anche l\u2019avanzamento dei lavori previsti sulla linea e potr\u00e0 diventare uno strumento stabile per valutare la qualit\u00e0 del servizio offerto ai cittadini.<\/p>\n","protected":false},"excerpt":{"rendered":"<p>Il nuovo assessore regionale ai trasporti avvia il dialogo con i cittadini: confronto molto partecipato a San Giovanni Valdarno<\/p>\n","protected":false},"author":525,"featured_media":409513,"comment_status":"open","ping_status":"open","sticky":false,"template":"","format":"standard","meta":{"_acf_changed":false,"footnotes":""},"categories":[494],"tags":[6903,1577,183,237,3660],"class_list":["post-409512","post","type-post","status-publish","format-standard","has-post-thumbnail","hentry","category-attualita","tag-filippo-boni","tag-muoversi-in-toscana","tag-treni","tag-trenitalia","tag-valdarno"],"acf":[],"yoast_head":"<!-- This site is optimized with the Yoast SEO Premium plugin v24.2 (Yoast SEO v25.6) - https:\/\/yoast.com\/wordpress\/plugins\/seo\/ -->\n<title>Valdarno, primo incontro di Boni con i pendolari: \u201cSubito un tavolo con territori, Rfi e Trenitalia\u201d - intoscana<\/title>\n<meta name=\"robots\" content=\"index, follow, max-snippet:-1, max-image-preview:large, max-video-preview:-1\" \/>\n<link rel=\"canonical\" href=\"https:\/\/www.intoscana.it\/it\/valdarno-primo-incontro-di-boni-con-i-pendolari-subito-un-tavolo-con-territori-rfi-e-trenitalia\/\" \/>\n<meta property=\"og:locale\" content=\"it_IT\" \/>\n<meta property=\"og:type\" content=\"article\" \/>\n<meta property=\"og:title\" content=\"Valdarno, primo incontro di Boni con i pendolari: \u201cSubito un tavolo con territori, Rfi e Trenitalia\u201d\" \/>\n<meta property=\"og:description\" content=\"Il nuovo assessore regionale ai trasporti avvia il dialogo con i cittadini: confronto molto partecipato a San Giovanni Valdarno\" \/>\n<meta property=\"og:url\" content=\"https:\/\/www.intoscana.it\/it\/valdarno-primo-incontro-di-boni-con-i-pendolari-subito-un-tavolo-con-territori-rfi-e-trenitalia\/\" \/>\n<meta property=\"og:site_name\" content=\"intoscana\" \/>\n<meta property=\"article:publisher\" content=\"https:\/\/www.facebook.com\/intoscana.it\" \/>\n<meta property=\"article:published_time\" content=\"2025-12-04T15:36:49+00:00\" \/>\n<meta property=\"article:modified_time\" content=\"2025-12-04T16:00:55+00:00\" \/>\n<meta property=\"og:image\" content=\"https:\/\/www.intoscana.it\/wp-content\/uploads\/boni-a-incontro-pendolari.jpg\" \/>\n\t<meta property=\"og:image:width\" content=\"1600\" \/>\n\t<meta property=\"og:image:height\" content=\"1200\" \/>\n\t<meta property=\"og:image:type\" content=\"image\/jpeg\" \/>\n<meta name=\"author\" content=\"Redazione\" \/>\n<meta name=\"twitter:card\" content=\"summary_large_image\" \/>\n<meta name=\"twitter:creator\" content=\"@intoscana\" \/>\n<meta name=\"twitter:site\" content=\"@intoscana\" \/>\n<meta name=\"twitter:label1\" content=\"Written by\" \/>\n\t<meta name=\"twitter:data1\" content=\"Redazione\" \/>\n\t<meta name=\"twitter:label2\" content=\"Est. reading time\" \/>\n\t<meta name=\"twitter:data2\" content=\"2 minuti\" \/>\n<script type=\"application\/ld+json\" class=\"yoast-schema-graph\">{\"@context\":\"https:\/\/schema.org\",\"@graph\":[{\"@type\":\"WebPage\",\"@id\":\"https:\/\/www.intoscana.it\/it\/valdarno-primo-incontro-di-boni-con-i-pendolari-subito-un-tavolo-con-territori-rfi-e-trenitalia\/\",\"url\":\"https:\/\/www.intoscana.it\/it\/valdarno-primo-incontro-di-boni-con-i-pendolari-subito-un-tavolo-con-territori-rfi-e-trenitalia\/\",\"name\":\"Valdarno, primo incontro di Boni con i pendolari: \u201cSubito un tavolo con territori, Rfi e Trenitalia\u201d - intoscana\",\"isPartOf\":{\"@id\":\"https:\/\/www.intoscana.it\/it\/#website\"},\"primaryImageOfPage\":{\"@id\":\"https:\/\/www.intoscana.it\/it\/valdarno-primo-incontro-di-boni-con-i-pendolari-subito-un-tavolo-con-territori-rfi-e-trenitalia\/#primaryimage\"},\"image\":{\"@id\":\"https:\/\/www.intoscana.it\/it\/valdarno-primo-incontro-di-boni-con-i-pendolari-subito-un-tavolo-con-territori-rfi-e-trenitalia\/#primaryimage\"},\"thumbnailUrl\":\"https:\/\/www.intoscana.it\/wp-content\/uploads\/boni-a-incontro-pendolari.jpg\",\"datePublished\":\"2025-12-04T15:36:49+00:00\",\"dateModified\":\"2025-12-04T16:00:55+00:00\",\"author\":{\"@id\":\"https:\/\/www.intoscana.it\/it\/#\/schema\/person\/9223810753230f20bd670fdd322661f8\"},\"breadcrumb\":{\"@id\":\"https:\/\/www.intoscana.it\/it\/valdarno-primo-incontro-di-boni-con-i-pendolari-subito-un-tavolo-con-territori-rfi-e-trenitalia\/#breadcrumb\"},\"inLanguage\":\"it-IT\",\"potentialAction\":[{\"@type\":\"ReadAction\",\"target\":[\"https:\/\/www.intoscana.it\/it\/valdarno-primo-incontro-di-boni-con-i-pendolari-subito-un-tavolo-con-territori-rfi-e-trenitalia\/\"]}]},{\"@type\":\"ImageObject\",\"inLanguage\":\"it-IT\",\"@id\":\"https:\/\/www.intoscana.it\/it\/valdarno-primo-incontro-di-boni-con-i-pendolari-subito-un-tavolo-con-territori-rfi-e-trenitalia\/#primaryimage\",\"url\":\"https:\/\/www.intoscana.it\/wp-content\/uploads\/boni-a-incontro-pendolari.jpg\",\"contentUrl\":\"https:\/\/www.intoscana.it\/wp-content\/uploads\/boni-a-incontro-pendolari.jpg\",\"width\":1600,\"height\":1200},{\"@type\":\"BreadcrumbList\",\"@id\":\"https:\/\/www.intoscana.it\/it\/valdarno-primo-incontro-di-boni-con-i-pendolari-subito-un-tavolo-con-territori-rfi-e-trenitalia\/#breadcrumb\",\"itemListElement\":[{\"@type\":\"ListItem\",\"position\":1,\"name\":\"Home\",\"item\":\"https:\/\/www.intoscana.it\/it\/\"},{\"@type\":\"ListItem\",\"position\":2,\"name\":\"Valdarno, primo incontro di Boni con i pendolari: \u201cSubito un tavolo con territori, Rfi e Trenitalia\u201d\"}]},{\"@type\":\"WebSite\",\"@id\":\"https:\/\/www.intoscana.it\/it\/#website\",\"url\":\"https:\/\/www.intoscana.it\/it\/\",\"name\":\"intoscana\",\"description\":\"\",\"potentialAction\":[{\"@type\":\"SearchAction\",\"target\":{\"@type\":\"EntryPoint\",\"urlTemplate\":\"https:\/\/www.intoscana.it\/it\/?s={search_term_string}\"},\"query-input\":{\"@type\":\"PropertyValueSpecification\",\"valueRequired\":true,\"valueName\":\"search_term_string\"}}],\"inLanguage\":\"it-IT\"},{\"@type\":\"Person\",\"@id\":\"https:\/\/www.intoscana.it\/it\/#\/schema\/person\/9223810753230f20bd670fdd322661f8\",\"name\":\"Redazione\",\"url\":\"https:\/\/www.intoscana.it\/it\/author\/redazione\/\"}]}<\/script>\n<!-- \/ Yoast SEO Premium plugin. -->","yoast_head_json":{"title":"Valdarno, primo incontro di Boni con i pendolari: \u201cSubito un tavolo con territori, Rfi e Trenitalia\u201d - intoscana","robots":{"index":"index","follow":"follow","max-snippet":"max-snippet:-1","max-image-preview":"max-image-preview:large","max-video-preview":"max-video-preview:-1"},"canonical":"https:\/\/www.intoscana.it\/it\/valdarno-primo-incontro-di-boni-con-i-pendolari-subito-un-tavolo-con-territori-rfi-e-trenitalia\/","og_locale":"it_IT","og_type":"article","og_title":"Valdarno, primo incontro di Boni con i pendolari: \u201cSubito un tavolo con territori, Rfi e Trenitalia\u201d","og_description":"Il nuovo assessore regionale ai trasporti avvia il dialogo con i cittadini: confronto molto partecipato a San Giovanni Valdarno","og_url":"https:\/\/www.intoscana.it\/it\/valdarno-primo-incontro-di-boni-con-i-pendolari-subito-un-tavolo-con-territori-rfi-e-trenitalia\/","og_site_name":"intoscana","article_publisher":"https:\/\/www.facebook.com\/intoscana.it","article_published_time":"2025-12-04T15:36:49+00:00","article_modified_time":"2025-12-04T16:00:55+00:00","og_image":[{"width":1600,"height":1200,"url":"https:\/\/www.intoscana.it\/wp-content\/uploads\/boni-a-incontro-pendolari.jpg","type":"image\/jpeg"}],"author":"Redazione","twitter_card":"summary_large_image","twitter_creator":"@intoscana","twitter_site":"@intoscana","twitter_misc":{"Written by":"Redazione","Est. reading time":"2 minuti"},"schema":{"@context":"https:\/\/schema.org","@graph":[{"@type":"WebPage","@id":"https:\/\/www.intoscana.it\/it\/valdarno-primo-incontro-di-boni-con-i-pendolari-subito-un-tavolo-con-territori-rfi-e-trenitalia\/","url":"https:\/\/www.intoscana.it\/it\/valdarno-primo-incontro-di-boni-con-i-pendolari-subito-un-tavolo-con-territori-rfi-e-trenitalia\/","name":"Valdarno, primo incontro di Boni con i pendolari: \u201cSubito un tavolo con territori, Rfi e Trenitalia\u201d - intoscana","isPartOf":{"@id":"https:\/\/www.intoscana.it\/it\/#website"},"primaryImageOfPage":{"@id":"https:\/\/www.intoscana.it\/it\/valdarno-primo-incontro-di-boni-con-i-pendolari-subito-un-tavolo-con-territori-rfi-e-trenitalia\/#primaryimage"},"image":{"@id":"https:\/\/www.intoscana.it\/it\/valdarno-primo-incontro-di-boni-con-i-pendolari-subito-un-tavolo-con-territori-rfi-e-trenitalia\/#primaryimage"},"thumbnailUrl":"https:\/\/www.intoscana.it\/wp-content\/uploads\/boni-a-incontro-pendolari.jpg","datePublished":"2025-12-04T15:36:49+00:00","dateModified":"2025-12-04T16:00:55+00:00","author":{"@id":"https:\/\/www.intoscana.it\/it\/#\/schema\/person\/9223810753230f20bd670fdd322661f8"},"breadcrumb":{"@id":"https:\/\/www.intoscana.it\/it\/valdarno-primo-incontro-di-boni-con-i-pendolari-subito-un-tavolo-con-territori-rfi-e-trenitalia\/#breadcrumb"},"inLanguage":"it-IT","potentialAction":[{"@type":"ReadAction","target":["https:\/\/www.intoscana.it\/it\/valdarno-primo-incontro-di-boni-con-i-pendolari-subito-un-tavolo-con-territori-rfi-e-trenitalia\/"]}]},{"@type":"ImageObject","inLanguage":"it-IT","@id":"https:\/\/www.intoscana.it\/it\/valdarno-primo-incontro-di-boni-con-i-pendolari-subito-un-tavolo-con-territori-rfi-e-trenitalia\/#primaryimage","url":"https:\/\/www.intoscana.it\/wp-content\/uploads\/boni-a-incontro-pendolari.jpg","contentUrl":"https:\/\/www.intoscana.it\/wp-content\/uploads\/boni-a-incontro-pendolari.jpg","width":1600,"height":1200},{"@type":"BreadcrumbList","@id":"https:\/\/www.intoscana.it\/it\/valdarno-primo-incontro-di-boni-con-i-pendolari-subito-un-tavolo-con-territori-rfi-e-trenitalia\/#breadcrumb","itemListElement":[{"@type":"ListItem","position":1,"name":"Home","item":"https:\/\/www.intoscana.it\/it\/"},{"@type":"ListItem","position":2,"name":"Valdarno, primo incontro di Boni con i pendolari: \u201cSubito un tavolo con territori, Rfi e Trenitalia\u201d"}]},{"@type":"WebSite","@id":"https:\/\/www.intoscana.it\/it\/#website","url":"https:\/\/www.intoscana.it\/it\/","name":"intoscana","description":"","potentialAction":[{"@type":"SearchAction","target":{"@type":"EntryPoint","urlTemplate":"https:\/\/www.intoscana.it\/it\/?s={search_term_string}"},"query-input":{"@type":"PropertyValueSpecification","valueRequired":true,"valueName":"search_term_string"}}],"inLanguage":"it-IT"},{"@type":"Person","@id":"https:\/\/www.intoscana.it\/it\/#\/schema\/person\/9223810753230f20bd670fdd322661f8","name":"Redazione","url":"https:\/\/www.intoscana.it\/it\/author\/redazione\/"}]}},"_links":{"self":[{"href":"https:\/\/www.intoscana.it\/it\/wp-json\/wp\/v2\/posts\/409512","targetHints":{"allow":["GET"]}}],"collection":[{"href":"https:\/\/www.intoscana.it\/it\/wp-json\/wp\/v2\/posts"}],"about":[{"href":"https:\/\/www.intoscana.it\/it\/wp-json\/wp\/v2\/types\/post"}],"author":[{"embeddable":true,"href":"https:\/\/www.intoscana.it\/it\/wp-json\/wp\/v2\/users\/525"}],"replies":[{"embeddable":true,"href":"https:\/\/www.intoscana.it\/it\/wp-json\/wp\/v2\/comments?post=409512"}],"version-history":[{"count":3,"href":"https:\/\/www.intoscana.it\/it\/wp-json\/wp\/v2\/posts\/409512\/revisions"}],"predecessor-version":[{"id":409522,"href":"https:\/\/www.intoscana.it\/it\/wp-json\/wp\/v2\/posts\/409512\/revisions\/409522"}],"wp:featuredmedia":[{"embeddable":true,"href":"https:\/\/www.intoscana.it\/it\/wp-json\/wp\/v2\/media\/409513"}],"wp:attachment":[{"href":"https:\/\/www.intoscana.it\/it\/wp-json\/wp\/v2\/media?parent=409512"}],"wp:term":[{"taxonomy":"category","embeddable":true,"href":"https:\/\/www.intoscana.it\/it\/wp-json\/wp\/v2\/categories?post=409512"},{"taxonomy":"post_tag","embeddable":true,"href":"https:\/\/www.intoscana.it\/it\/wp-json\/wp\/v2\/tags?post=409512"}],"curies":[{"name":"wp","href":"https:\/\/api.w.org\/{rel}","templated":true}]}}