{"id":409542,"date":"2025-12-05T08:59:53","date_gmt":"2025-12-05T07:59:53","guid":{"rendered":"https:\/\/www.intoscana.it\/it\/?p=409542"},"modified":"2025-12-05T09:26:19","modified_gmt":"2025-12-05T08:26:19","slug":"la-fiamma-olimpica-arriva-in-italia-jasmine-paolini-tedofora-deccezione","status":"publish","type":"post","link":"https:\/\/www.intoscana.it\/it\/la-fiamma-olimpica-arriva-in-italia-jasmine-paolini-tedofora-deccezione\/","title":{"rendered":"La fiamma olimpica arriva in Italia: Jasmine Paolini tedofora d\u2019eccezione"},"content":{"rendered":"<p>Una tedofora speciale. Il viaggio della fiaccola olimpica verso <strong>Milano Cortina 2026<\/strong> \u00e8 ufficialmente cominciato con l\u2019arrivo in Italia di uno dei simboli pi\u00f9 iconici dell\u2019olimpismo. A portarla sul suolo italiano \u00e8 stata una delle sportive pi\u00f9 amate del Paese: la toscana <strong>Jasmine Paolini<\/strong>, protagonista di un momento che ha unito emozione personale, spirito olimpico e orgoglio nazionale.<\/p>\n<p>La tennista, oro nel doppio alle Olimpiadi Estive di Parigi 2024 insieme a Sara Errani, ha prelevato la torcia in Grecia per poi accompagnarla fino al Quirinale. \u201c<strong>Portare la torcia \u00e8 stato un onore, un privilegio. Quando \u00e8 finita la corsa \u00e8 arrivata tanta emozione. \u00c8 stata una giornata incredibile che mi porter\u00f2 sempre dietro<\/strong>\u201d, ha raccontato alla stampa.<\/p>\n<p>Quella di Paolini \u00e8 stata una giornata doppiamente speciale, coincisa con l\u2019incontro con il <strong>Presidente della Repubblica, Sergio Mattarella<\/strong>, che ha accolto la fiamma olimpica nel Cortile d\u2019Onore del Quirinale, alla presenza del presidente del CONI Luciano Buonfiglio e del segretario generale Carlo Mornati. \u201c<strong>Portare la torcia \u00e8 un sogno per ogni atleta. Il presidente mi ha fatto l\u2019in bocca al lupo, ha chiesto dei miei programmi e ci rivedremo per la Coppa Davis e la Billie Jean King Cup<\/strong>\u201d, ha aggiunto la campionessa.<\/p>\n<p>Impossibile, per lei, non tornare con la memoria alla sua prima volta davanti ai Giochi: \u201c<strong>La prima Olimpiade che ho visto con mio pap\u00e0 era Atene 2004\u2026 essere qui oggi \u00e8 incredibile<\/strong>\u201d.<\/p>\n<figure id=\"post-409544 media-409544\" class=\"align-none\"><img decoding=\"async\" src=\"https:\/\/www.intoscana.it\/wp-content\/uploads\/paolini-mattarella.jpg\" alt=\"\" \/><\/figure>\n<div class=\"titleimg\">\u00a9 Simone Ferraro CONI<\/div>\n<h3>Giani: \u201cGrazie Jasmine, illumini l\u2019Italia\u201d<\/h3>\n<p>Tra i messaggi pi\u00f9 sentiti quello del <strong>presidente della Regione Toscana, Eugenio Giani<\/strong>, che ha celebrato cos\u00ec il ruolo della tennista:<\/p>\n<p><em>\u201cChe emozione vedere la nostra Jasmine Paolini consegnare la Fiamma Olimpica al Presidente Mattarella. Un gesto che accende l\u2019orgoglio di tutti noi e ci accompagna verso Milano-Cortina 2026. Grazie Jasmine: con la tua forza e il tuo sorriso illumini l\u2019Italia.\u201d<\/em><\/p>\n<h3>Dalla Grecia all\u2019Italia: un simbolo che torna dopo 20 anni<\/h3>\n<p>La giornata ha segnato un momento storico: <strong>la fiamma olimpica torna in Italia vent\u2019anni dopo Torino 2006<\/strong>. La cerimonia di consegna ad Atene si \u00e8 svolta al maestoso stadio Panathinaiko, dove Giovanni Malag\u00f2, presidente della Fondazione Milano Cortina 2026, ha ricevuto la torcia dal presidente del Comitato Olimpico Ellenico, Isidoros Kouvelos.<\/p>\n<p>La delegazione italiana \u2013 arricchita proprio dalla presenza di Jasmine Paolini \u2013 ha accompagnato la fiamma durante il viaggio verso Roma, custodita in una lanterna a bordo del volo Ita Airways. Presenti anche i sindaci di Milano e Cortina, Giuseppe Sala e Gianluca Lorenzi, insieme ai vertici della Fondazione MiCo 2026.<\/p>\n<div class=\"focuson\"><a href=\"https:\/\/www.intoscana.it\/it\/la-fiamma-olimpica-illumina-la-toscana-il-viaggio-verso-i-giochi-invernali-passa-da-siena-firenze-e-livorno\/\"><img decoding=\"async\" class=\"lazy\" src=\"https:\/\/www.intoscana.it\/wp-content\/uploads\/Fiamma-Olimpica-scaled.jpg\" style=\"\">\n                <div class=\"cat\">La fiamma olimpica in Toscana<\/div>\n                <h4>Tutte le tappe<\/h4><\/a>\n              <\/div>\n<h3>Ora inizia il viaggio della torcia attraverso il Paese<\/h3>\n<p>Domani mattina, sempre al Quirinale, si terr\u00e0 la cerimonia che inaugurer\u00e0 ufficialmente il percorso della fiamma. Sabato, dallo Stadio dei Marmi, partir\u00e0 la staffetta che attraverser\u00e0 l\u2019Italia: <strong>63 giorni<\/strong>, <strong>60 tappe<\/strong>, <strong>12.000 chilometri<\/strong>, <strong>110 province<\/strong> e oltre <strong>300 comuni<\/strong>, fino ad arrivare il <strong>6 febbraio 2026<\/strong>, quando allo stadio San Siro si apriranno i Giochi Olimpici Invernali di Milano Cortina.<\/p>\n<p>&nbsp;<\/p>\n","protected":false},"excerpt":{"rendered":"<p>La tennista toscana ha portato la fiaccola da Atene al Quirinale, consegnandola al Presidente Mattarella. Giani: \u201cAccende l\u2019orgoglio di tutta la Toscana\u201d.<\/p>\n","protected":false},"author":507,"featured_media":409543,"comment_status":"open","ping_status":"open","sticky":false,"template":"","format":"standard","meta":{"_acf_changed":false,"footnotes":""},"categories":[494],"tags":[6193,5401,159],"class_list":["post-409542","post","type-post","status-publish","format-standard","has-post-thumbnail","hentry","category-attualita","tag-jasmine-paolini","tag-olimpiadi","tag-sport"],"acf":[],"yoast_head":"<!-- This site is optimized with the Yoast SEO Premium plugin v24.2 (Yoast SEO v25.6) - https:\/\/yoast.com\/wordpress\/plugins\/seo\/ -->\n<title>La fiamma olimpica arriva in Italia: Jasmine Paolini tedofora d\u2019eccezione - intoscana<\/title>\n<meta name=\"robots\" content=\"index, follow, max-snippet:-1, max-image-preview:large, max-video-preview:-1\" \/>\n<link rel=\"canonical\" href=\"https:\/\/www.intoscana.it\/it\/la-fiamma-olimpica-arriva-in-italia-jasmine-paolini-tedofora-deccezione\/\" \/>\n<meta property=\"og:locale\" content=\"it_IT\" \/>\n<meta property=\"og:type\" content=\"article\" \/>\n<meta property=\"og:title\" content=\"La fiamma olimpica arriva in Italia: Jasmine Paolini tedofora d\u2019eccezione\" \/>\n<meta property=\"og:description\" content=\"La tennista toscana ha portato la fiaccola da Atene al Quirinale, consegnandola al Presidente Mattarella. Giani: \u201cAccende l\u2019orgoglio di tutta la Toscana\u201d.\" \/>\n<meta property=\"og:url\" content=\"https:\/\/www.intoscana.it\/it\/la-fiamma-olimpica-arriva-in-italia-jasmine-paolini-tedofora-deccezione\/\" \/>\n<meta property=\"og:site_name\" content=\"intoscana\" \/>\n<meta property=\"article:publisher\" content=\"https:\/\/www.facebook.com\/intoscana.it\" \/>\n<meta property=\"article:published_time\" content=\"2025-12-05T07:59:53+00:00\" \/>\n<meta property=\"article:modified_time\" content=\"2025-12-05T08:26:19+00:00\" \/>\n<meta property=\"og:image\" content=\"https:\/\/www.intoscana.it\/wp-content\/uploads\/jasmine-paolini-fiamma-olimpica-e1764923168463.jpg\" \/>\n\t<meta property=\"og:image:width\" content=\"1062\" \/>\n\t<meta property=\"og:image:height\" content=\"733\" \/>\n\t<meta property=\"og:image:type\" content=\"image\/jpeg\" \/>\n<meta name=\"author\" content=\"Chiara Bianchini\" \/>\n<meta name=\"twitter:card\" content=\"summary_large_image\" \/>\n<meta name=\"twitter:creator\" content=\"@intoscana\" \/>\n<meta name=\"twitter:site\" content=\"@intoscana\" \/>\n<meta name=\"twitter:label1\" content=\"Written by\" \/>\n\t<meta name=\"twitter:data1\" content=\"Chiara Bianchini\" \/>\n\t<meta name=\"twitter:label2\" content=\"Est. reading time\" \/>\n\t<meta name=\"twitter:data2\" content=\"3 minuti\" \/>\n<script type=\"application\/ld+json\" class=\"yoast-schema-graph\">{\"@context\":\"https:\/\/schema.org\",\"@graph\":[{\"@type\":\"WebPage\",\"@id\":\"https:\/\/www.intoscana.it\/it\/la-fiamma-olimpica-arriva-in-italia-jasmine-paolini-tedofora-deccezione\/\",\"url\":\"https:\/\/www.intoscana.it\/it\/la-fiamma-olimpica-arriva-in-italia-jasmine-paolini-tedofora-deccezione\/\",\"name\":\"La fiamma olimpica arriva in Italia: Jasmine Paolini tedofora d\u2019eccezione - intoscana\",\"isPartOf\":{\"@id\":\"https:\/\/www.intoscana.it\/it\/#website\"},\"primaryImageOfPage\":{\"@id\":\"https:\/\/www.intoscana.it\/it\/la-fiamma-olimpica-arriva-in-italia-jasmine-paolini-tedofora-deccezione\/#primaryimage\"},\"image\":{\"@id\":\"https:\/\/www.intoscana.it\/it\/la-fiamma-olimpica-arriva-in-italia-jasmine-paolini-tedofora-deccezione\/#primaryimage\"},\"thumbnailUrl\":\"https:\/\/www.intoscana.it\/wp-content\/uploads\/jasmine-paolini-fiamma-olimpica-e1764923168463.jpg\",\"datePublished\":\"2025-12-05T07:59:53+00:00\",\"dateModified\":\"2025-12-05T08:26:19+00:00\",\"author\":{\"@id\":\"https:\/\/www.intoscana.it\/it\/#\/schema\/person\/010af92117f50561886339ad5b873a41\"},\"breadcrumb\":{\"@id\":\"https:\/\/www.intoscana.it\/it\/la-fiamma-olimpica-arriva-in-italia-jasmine-paolini-tedofora-deccezione\/#breadcrumb\"},\"inLanguage\":\"it-IT\",\"potentialAction\":[{\"@type\":\"ReadAction\",\"target\":[\"https:\/\/www.intoscana.it\/it\/la-fiamma-olimpica-arriva-in-italia-jasmine-paolini-tedofora-deccezione\/\"]}]},{\"@type\":\"ImageObject\",\"inLanguage\":\"it-IT\",\"@id\":\"https:\/\/www.intoscana.it\/it\/la-fiamma-olimpica-arriva-in-italia-jasmine-paolini-tedofora-deccezione\/#primaryimage\",\"url\":\"https:\/\/www.intoscana.it\/wp-content\/uploads\/jasmine-paolini-fiamma-olimpica-e1764923168463.jpg\",\"contentUrl\":\"https:\/\/www.intoscana.it\/wp-content\/uploads\/jasmine-paolini-fiamma-olimpica-e1764923168463.jpg\",\"width\":1062,\"height\":733},{\"@type\":\"BreadcrumbList\",\"@id\":\"https:\/\/www.intoscana.it\/it\/la-fiamma-olimpica-arriva-in-italia-jasmine-paolini-tedofora-deccezione\/#breadcrumb\",\"itemListElement\":[{\"@type\":\"ListItem\",\"position\":1,\"name\":\"Home\",\"item\":\"https:\/\/www.intoscana.it\/it\/\"},{\"@type\":\"ListItem\",\"position\":2,\"name\":\"La fiamma olimpica arriva in Italia: Jasmine Paolini tedofora d\u2019eccezione\"}]},{\"@type\":\"WebSite\",\"@id\":\"https:\/\/www.intoscana.it\/it\/#website\",\"url\":\"https:\/\/www.intoscana.it\/it\/\",\"name\":\"intoscana\",\"description\":\"\",\"potentialAction\":[{\"@type\":\"SearchAction\",\"target\":{\"@type\":\"EntryPoint\",\"urlTemplate\":\"https:\/\/www.intoscana.it\/it\/?s={search_term_string}\"},\"query-input\":{\"@type\":\"PropertyValueSpecification\",\"valueRequired\":true,\"valueName\":\"search_term_string\"}}],\"inLanguage\":\"it-IT\"},{\"@type\":\"Person\",\"@id\":\"https:\/\/www.intoscana.it\/it\/#\/schema\/person\/010af92117f50561886339ad5b873a41\",\"name\":\"Chiara Bianchini\",\"sameAs\":[\"c.bianchini@fst.it\"],\"url\":\"https:\/\/www.intoscana.it\/it\/author\/chiara-bianchini\/\"}]}<\/script>\n<!-- \/ Yoast SEO Premium plugin. -->","yoast_head_json":{"title":"La fiamma olimpica arriva in Italia: Jasmine Paolini tedofora d\u2019eccezione - intoscana","robots":{"index":"index","follow":"follow","max-snippet":"max-snippet:-1","max-image-preview":"max-image-preview:large","max-video-preview":"max-video-preview:-1"},"canonical":"https:\/\/www.intoscana.it\/it\/la-fiamma-olimpica-arriva-in-italia-jasmine-paolini-tedofora-deccezione\/","og_locale":"it_IT","og_type":"article","og_title":"La fiamma olimpica arriva in Italia: Jasmine Paolini tedofora d\u2019eccezione","og_description":"La tennista toscana ha portato la fiaccola da Atene al Quirinale, consegnandola al Presidente Mattarella. Giani: \u201cAccende l\u2019orgoglio di tutta la Toscana\u201d.","og_url":"https:\/\/www.intoscana.it\/it\/la-fiamma-olimpica-arriva-in-italia-jasmine-paolini-tedofora-deccezione\/","og_site_name":"intoscana","article_publisher":"https:\/\/www.facebook.com\/intoscana.it","article_published_time":"2025-12-05T07:59:53+00:00","article_modified_time":"2025-12-05T08:26:19+00:00","og_image":[{"width":1062,"height":733,"url":"https:\/\/www.intoscana.it\/wp-content\/uploads\/jasmine-paolini-fiamma-olimpica-e1764923168463.jpg","type":"image\/jpeg"}],"author":"Chiara Bianchini","twitter_card":"summary_large_image","twitter_creator":"@intoscana","twitter_site":"@intoscana","twitter_misc":{"Written by":"Chiara Bianchini","Est. reading time":"3 minuti"},"schema":{"@context":"https:\/\/schema.org","@graph":[{"@type":"WebPage","@id":"https:\/\/www.intoscana.it\/it\/la-fiamma-olimpica-arriva-in-italia-jasmine-paolini-tedofora-deccezione\/","url":"https:\/\/www.intoscana.it\/it\/la-fiamma-olimpica-arriva-in-italia-jasmine-paolini-tedofora-deccezione\/","name":"La fiamma olimpica arriva in Italia: Jasmine Paolini tedofora d\u2019eccezione - intoscana","isPartOf":{"@id":"https:\/\/www.intoscana.it\/it\/#website"},"primaryImageOfPage":{"@id":"https:\/\/www.intoscana.it\/it\/la-fiamma-olimpica-arriva-in-italia-jasmine-paolini-tedofora-deccezione\/#primaryimage"},"image":{"@id":"https:\/\/www.intoscana.it\/it\/la-fiamma-olimpica-arriva-in-italia-jasmine-paolini-tedofora-deccezione\/#primaryimage"},"thumbnailUrl":"https:\/\/www.intoscana.it\/wp-content\/uploads\/jasmine-paolini-fiamma-olimpica-e1764923168463.jpg","datePublished":"2025-12-05T07:59:53+00:00","dateModified":"2025-12-05T08:26:19+00:00","author":{"@id":"https:\/\/www.intoscana.it\/it\/#\/schema\/person\/010af92117f50561886339ad5b873a41"},"breadcrumb":{"@id":"https:\/\/www.intoscana.it\/it\/la-fiamma-olimpica-arriva-in-italia-jasmine-paolini-tedofora-deccezione\/#breadcrumb"},"inLanguage":"it-IT","potentialAction":[{"@type":"ReadAction","target":["https:\/\/www.intoscana.it\/it\/la-fiamma-olimpica-arriva-in-italia-jasmine-paolini-tedofora-deccezione\/"]}]},{"@type":"ImageObject","inLanguage":"it-IT","@id":"https:\/\/www.intoscana.it\/it\/la-fiamma-olimpica-arriva-in-italia-jasmine-paolini-tedofora-deccezione\/#primaryimage","url":"https:\/\/www.intoscana.it\/wp-content\/uploads\/jasmine-paolini-fiamma-olimpica-e1764923168463.jpg","contentUrl":"https:\/\/www.intoscana.it\/wp-content\/uploads\/jasmine-paolini-fiamma-olimpica-e1764923168463.jpg","width":1062,"height":733},{"@type":"BreadcrumbList","@id":"https:\/\/www.intoscana.it\/it\/la-fiamma-olimpica-arriva-in-italia-jasmine-paolini-tedofora-deccezione\/#breadcrumb","itemListElement":[{"@type":"ListItem","position":1,"name":"Home","item":"https:\/\/www.intoscana.it\/it\/"},{"@type":"ListItem","position":2,"name":"La fiamma olimpica arriva in Italia: Jasmine Paolini tedofora d\u2019eccezione"}]},{"@type":"WebSite","@id":"https:\/\/www.intoscana.it\/it\/#website","url":"https:\/\/www.intoscana.it\/it\/","name":"intoscana","description":"","potentialAction":[{"@type":"SearchAction","target":{"@type":"EntryPoint","urlTemplate":"https:\/\/www.intoscana.it\/it\/?s={search_term_string}"},"query-input":{"@type":"PropertyValueSpecification","valueRequired":true,"valueName":"search_term_string"}}],"inLanguage":"it-IT"},{"@type":"Person","@id":"https:\/\/www.intoscana.it\/it\/#\/schema\/person\/010af92117f50561886339ad5b873a41","name":"Chiara Bianchini","sameAs":["c.bianchini@fst.it"],"url":"https:\/\/www.intoscana.it\/it\/author\/chiara-bianchini\/"}]}},"_links":{"self":[{"href":"https:\/\/www.intoscana.it\/it\/wp-json\/wp\/v2\/posts\/409542","targetHints":{"allow":["GET"]}}],"collection":[{"href":"https:\/\/www.intoscana.it\/it\/wp-json\/wp\/v2\/posts"}],"about":[{"href":"https:\/\/www.intoscana.it\/it\/wp-json\/wp\/v2\/types\/post"}],"author":[{"embeddable":true,"href":"https:\/\/www.intoscana.it\/it\/wp-json\/wp\/v2\/users\/507"}],"replies":[{"embeddable":true,"href":"https:\/\/www.intoscana.it\/it\/wp-json\/wp\/v2\/comments?post=409542"}],"version-history":[{"count":2,"href":"https:\/\/www.intoscana.it\/it\/wp-json\/wp\/v2\/posts\/409542\/revisions"}],"predecessor-version":[{"id":409552,"href":"https:\/\/www.intoscana.it\/it\/wp-json\/wp\/v2\/posts\/409542\/revisions\/409552"}],"wp:featuredmedia":[{"embeddable":true,"href":"https:\/\/www.intoscana.it\/it\/wp-json\/wp\/v2\/media\/409543"}],"wp:attachment":[{"href":"https:\/\/www.intoscana.it\/it\/wp-json\/wp\/v2\/media?parent=409542"}],"wp:term":[{"taxonomy":"category","embeddable":true,"href":"https:\/\/www.intoscana.it\/it\/wp-json\/wp\/v2\/categories?post=409542"},{"taxonomy":"post_tag","embeddable":true,"href":"https:\/\/www.intoscana.it\/it\/wp-json\/wp\/v2\/tags?post=409542"}],"curies":[{"name":"wp","href":"https:\/\/api.w.org\/{rel}","templated":true}]}}