{"id":409613,"date":"2025-12-05T12:57:38","date_gmt":"2025-12-05T11:57:38","guid":{"rendered":"https:\/\/www.intoscana.it\/it\/?p=409613"},"modified":"2025-12-05T12:57:38","modified_gmt":"2025-12-05T11:57:38","slug":"agricoltura-toscana-regione-virtuosa-nella-gestione-dei-fondi-europei-per-lo-sviluppo-rurale","status":"publish","type":"post","link":"https:\/\/www.intoscana.it\/it\/agricoltura-toscana-regione-virtuosa-nella-gestione-dei-fondi-europei-per-lo-sviluppo-rurale\/","title":{"rendered":"Agricoltura, Toscana regione virtuosa nella gestione dei fondi europei per lo sviluppo rurale"},"content":{"rendered":"<p>La Toscana si conferma tra le regioni italiane pi\u00f9 virtuose nella gestione dei <strong>fondi europei<\/strong> destinati allo <strong>sviluppo rurale<\/strong>. E\u2019 quanto emerge dal <strong>report Agea<\/strong> &#8211; Agenzia per le erogazioni in agricoltura del Ministero &#8211; sull&#8217;avanzamento della spesa dei Programmi di sviluppo rurale PSR 14-22 regionali.<\/p>\n<p>Con il <strong>99,85% delle risorse pagate<\/strong> sul totale della dotazione finanziaria Psr, la Toscana si classifica <strong>al primo posto<\/strong> delle regioni italiane <strong>per capacit\u00e0 di spesa<\/strong> relativamente sia alle <strong>risorse aggiuntive Euri<\/strong> (European Recovery Instrument, risorse attribuite a seguito della pandemia) che con riferimento alle <strong>risorse ordinarie<\/strong> per gli investimenti strutturali. Buonissima perfomance anche sulla <strong>capacit\u00e0 di spesa complessiva<\/strong>, ambito in cui la Toscana \u00e8 terza, dopo Piemonte e Veneto, con il 98,64% delle risorse spese in rapporto alla dotazione finanziaria totale del PSR.<\/p>\n<p>Si parla di <strong>oltre 1 miliardo e 291 milioni<\/strong> di euro investiti attraverso il <strong>Psr 2014-2022<\/strong>, che la Toscana ha saputo programmare e gestire in modo efficace, sostenendo <strong>migliaia di imprese<\/strong> agricole, agroalimentari e forestali in un percorso di <strong>crescita, innovazione e sostenibilit\u00e0<\/strong>.\u00a0Un risultato che un mese fa ha portato anche ai complimenti dei rappresentanti della Commissione europea, per la qualit\u00e0 della programmazione e la capacit\u00e0 di spesa dimostrate.<\/p>\n<h3>Il modello toscano di gestione<\/h3>\n<p><em>\u201cIl risultato raggiunto<\/em> \u2013 ha detto il presidente <strong>Eugenio Giani<\/strong> &#8211; <em>conferma, ancora una volta, la solidit\u00e0 e l\u2019efficacia del modello toscano di gestione dei fondi europei. La Toscana si dimostra una regione capace non solo di programmare, ma anche di trasformare le risorse del PSR in opportunit\u00e0 concrete per le imprese agricole, per le comunit\u00e0 rurali e per il nostro territorio. Raggiungere quasi il 99% della capacit\u00e0 di spesa, essere ai vertici nazionali negli investimenti strutturali e ricevere il riconoscimento della Commissione europea sono traguardi che testimoniano un lavoro serio, coordinato e lungimirante\u201d.<\/em><\/p>\n<h3>La Toscana regione virtuosa<\/h3>\n<p>\u201c<em>Questo risultato<\/em> &#8211; ha detto l&#8217;assessore allo sviluppo economico e all&#8217;agricoltura <strong>Leonardo Marras<\/strong> &#8211; <em>conferma la seriet\u00e0 del lavoro portato avanti in questi anni e la capacit\u00e0 della Toscana di trasformare ogni euro disponibile in interventi utili per imprese, territori e comunit\u00e0 rurali&#8221;. <\/em><\/p>\n<p>Il <strong>report Agea<\/strong> dimostra che &#8220;<em>abbiamo saputo mantenere un ritmo costante, accompagnando gli investimenti e sostenendo la crescita di un settore che oggi \u00e8 pi\u00f9 innovativo, pi\u00f9 attento alla sostenibilit\u00e0 e pi\u00f9 competitivo &#8211; <\/em>ha aggiunto Marras<em>-. Il percorso non \u00e8 concluso, ma i numeri ci dicono che siamo sulla strada giusta per completare in modo efficace la spesa e consolidare un modello di sviluppo rurale riconosciuto anche a livello europeo. Ringraziamo tutto il mondo agricolo che ha mostrato dinamismo e capacit\u00e0 progettuale e le strutture tecniche regionali che hanno corrisposto con grande impegno per raggiungere questo risultato\u201d.<\/em><\/p>\n","protected":false},"excerpt":{"rendered":"<p>Si classifica al primo posto per capacit\u00e0 di spesa delle risorse aggiuntive Euri e di quelle ordinarie per gli investimenti strutturali. La soddisfazione di Giani e Marras<\/p>\n","protected":false},"author":525,"featured_media":349032,"comment_status":"open","ping_status":"open","sticky":false,"template":"","format":"standard","meta":{"_acf_changed":false,"footnotes":""},"categories":[494],"tags":[363,158,5008],"class_list":["post-409613","post","type-post","status-publish","format-standard","has-post-thumbnail","hentry","category-attualita","tag-agricoltura","tag-eugenio-giani","tag-leonardo-marras"],"acf":[],"yoast_head":"<!-- This site is optimized with the Yoast SEO Premium plugin v24.2 (Yoast SEO v25.6) - https:\/\/yoast.com\/wordpress\/plugins\/seo\/ -->\n<title>Agricoltura, Toscana regione virtuosa nella gestione dei fondi europei per lo sviluppo rurale - intoscana<\/title>\n<meta name=\"description\" content=\"Si classifica al primo posto per capacit\u00e0 di spesa delle risorse aggiuntive Euri e di quelle ordinarie per gli investimenti strutturali\" \/>\n<meta name=\"robots\" content=\"index, follow, max-snippet:-1, max-image-preview:large, max-video-preview:-1\" \/>\n<link rel=\"canonical\" href=\"https:\/\/www.intoscana.it\/it\/agricoltura-toscana-regione-virtuosa-nella-gestione-dei-fondi-europei-per-lo-sviluppo-rurale\/\" \/>\n<meta property=\"og:locale\" content=\"it_IT\" \/>\n<meta property=\"og:type\" content=\"article\" \/>\n<meta property=\"og:title\" content=\"Agricoltura, Toscana regione virtuosa nella gestione dei fondi europei per lo sviluppo rurale\" \/>\n<meta property=\"og:description\" content=\"Si classifica al primo posto per capacit\u00e0 di spesa delle risorse aggiuntive Euri e di quelle ordinarie per gli investimenti strutturali\" \/>\n<meta property=\"og:url\" content=\"https:\/\/www.intoscana.it\/it\/agricoltura-toscana-regione-virtuosa-nella-gestione-dei-fondi-europei-per-lo-sviluppo-rurale\/\" \/>\n<meta property=\"og:site_name\" content=\"intoscana\" \/>\n<meta property=\"article:publisher\" content=\"https:\/\/www.facebook.com\/intoscana.it\" \/>\n<meta property=\"article:published_time\" content=\"2025-12-05T11:57:38+00:00\" \/>\n<meta property=\"og:image\" content=\"https:\/\/www.intoscana.it\/wp-content\/uploads\/caldo-agricoltura-campi.jpeg\" \/>\n\t<meta property=\"og:image:width\" content=\"1217\" \/>\n\t<meta property=\"og:image:height\" content=\"655\" \/>\n\t<meta property=\"og:image:type\" content=\"image\/jpeg\" \/>\n<meta name=\"author\" content=\"Redazione\" \/>\n<meta name=\"twitter:card\" content=\"summary_large_image\" \/>\n<meta name=\"twitter:creator\" content=\"@intoscana\" \/>\n<meta name=\"twitter:site\" content=\"@intoscana\" \/>\n<meta name=\"twitter:label1\" content=\"Written by\" \/>\n\t<meta name=\"twitter:data1\" content=\"Redazione\" \/>\n\t<meta name=\"twitter:label2\" content=\"Est. reading time\" \/>\n\t<meta name=\"twitter:data2\" content=\"3 minuti\" \/>\n<script type=\"application\/ld+json\" class=\"yoast-schema-graph\">{\"@context\":\"https:\/\/schema.org\",\"@graph\":[{\"@type\":\"WebPage\",\"@id\":\"https:\/\/www.intoscana.it\/it\/agricoltura-toscana-regione-virtuosa-nella-gestione-dei-fondi-europei-per-lo-sviluppo-rurale\/\",\"url\":\"https:\/\/www.intoscana.it\/it\/agricoltura-toscana-regione-virtuosa-nella-gestione-dei-fondi-europei-per-lo-sviluppo-rurale\/\",\"name\":\"Agricoltura, Toscana regione virtuosa nella gestione dei fondi europei per lo sviluppo rurale - intoscana\",\"isPartOf\":{\"@id\":\"https:\/\/www.intoscana.it\/it\/#website\"},\"primaryImageOfPage\":{\"@id\":\"https:\/\/www.intoscana.it\/it\/agricoltura-toscana-regione-virtuosa-nella-gestione-dei-fondi-europei-per-lo-sviluppo-rurale\/#primaryimage\"},\"image\":{\"@id\":\"https:\/\/www.intoscana.it\/it\/agricoltura-toscana-regione-virtuosa-nella-gestione-dei-fondi-europei-per-lo-sviluppo-rurale\/#primaryimage\"},\"thumbnailUrl\":\"https:\/\/www.intoscana.it\/wp-content\/uploads\/caldo-agricoltura-campi.jpeg\",\"datePublished\":\"2025-12-05T11:57:38+00:00\",\"author\":{\"@id\":\"https:\/\/www.intoscana.it\/it\/#\/schema\/person\/9223810753230f20bd670fdd322661f8\"},\"description\":\"Si classifica al primo posto per capacit\u00e0 di spesa delle risorse aggiuntive Euri e di quelle ordinarie per gli investimenti strutturali\",\"breadcrumb\":{\"@id\":\"https:\/\/www.intoscana.it\/it\/agricoltura-toscana-regione-virtuosa-nella-gestione-dei-fondi-europei-per-lo-sviluppo-rurale\/#breadcrumb\"},\"inLanguage\":\"it-IT\",\"potentialAction\":[{\"@type\":\"ReadAction\",\"target\":[\"https:\/\/www.intoscana.it\/it\/agricoltura-toscana-regione-virtuosa-nella-gestione-dei-fondi-europei-per-lo-sviluppo-rurale\/\"]}]},{\"@type\":\"ImageObject\",\"inLanguage\":\"it-IT\",\"@id\":\"https:\/\/www.intoscana.it\/it\/agricoltura-toscana-regione-virtuosa-nella-gestione-dei-fondi-europei-per-lo-sviluppo-rurale\/#primaryimage\",\"url\":\"https:\/\/www.intoscana.it\/wp-content\/uploads\/caldo-agricoltura-campi.jpeg\",\"contentUrl\":\"https:\/\/www.intoscana.it\/wp-content\/uploads\/caldo-agricoltura-campi.jpeg\",\"width\":1217,\"height\":655,\"caption\":\"Agricoltura\"},{\"@type\":\"BreadcrumbList\",\"@id\":\"https:\/\/www.intoscana.it\/it\/agricoltura-toscana-regione-virtuosa-nella-gestione-dei-fondi-europei-per-lo-sviluppo-rurale\/#breadcrumb\",\"itemListElement\":[{\"@type\":\"ListItem\",\"position\":1,\"name\":\"Home\",\"item\":\"https:\/\/www.intoscana.it\/it\/\"},{\"@type\":\"ListItem\",\"position\":2,\"name\":\"Agricoltura, Toscana regione virtuosa nella gestione dei fondi europei per lo sviluppo rurale\"}]},{\"@type\":\"WebSite\",\"@id\":\"https:\/\/www.intoscana.it\/it\/#website\",\"url\":\"https:\/\/www.intoscana.it\/it\/\",\"name\":\"intoscana\",\"description\":\"\",\"potentialAction\":[{\"@type\":\"SearchAction\",\"target\":{\"@type\":\"EntryPoint\",\"urlTemplate\":\"https:\/\/www.intoscana.it\/it\/?s={search_term_string}\"},\"query-input\":{\"@type\":\"PropertyValueSpecification\",\"valueRequired\":true,\"valueName\":\"search_term_string\"}}],\"inLanguage\":\"it-IT\"},{\"@type\":\"Person\",\"@id\":\"https:\/\/www.intoscana.it\/it\/#\/schema\/person\/9223810753230f20bd670fdd322661f8\",\"name\":\"Redazione\",\"url\":\"https:\/\/www.intoscana.it\/it\/author\/redazione\/\"}]}<\/script>\n<!-- \/ Yoast SEO Premium plugin. -->","yoast_head_json":{"title":"Agricoltura, Toscana regione virtuosa nella gestione dei fondi europei per lo sviluppo rurale - intoscana","description":"Si classifica al primo posto per capacit\u00e0 di spesa delle risorse aggiuntive Euri e di quelle ordinarie per gli investimenti strutturali","robots":{"index":"index","follow":"follow","max-snippet":"max-snippet:-1","max-image-preview":"max-image-preview:large","max-video-preview":"max-video-preview:-1"},"canonical":"https:\/\/www.intoscana.it\/it\/agricoltura-toscana-regione-virtuosa-nella-gestione-dei-fondi-europei-per-lo-sviluppo-rurale\/","og_locale":"it_IT","og_type":"article","og_title":"Agricoltura, Toscana regione virtuosa nella gestione dei fondi europei per lo sviluppo rurale","og_description":"Si classifica al primo posto per capacit\u00e0 di spesa delle risorse aggiuntive Euri e di quelle ordinarie per gli investimenti strutturali","og_url":"https:\/\/www.intoscana.it\/it\/agricoltura-toscana-regione-virtuosa-nella-gestione-dei-fondi-europei-per-lo-sviluppo-rurale\/","og_site_name":"intoscana","article_publisher":"https:\/\/www.facebook.com\/intoscana.it","article_published_time":"2025-12-05T11:57:38+00:00","og_image":[{"width":1217,"height":655,"url":"https:\/\/www.intoscana.it\/wp-content\/uploads\/caldo-agricoltura-campi.jpeg","type":"image\/jpeg"}],"author":"Redazione","twitter_card":"summary_large_image","twitter_creator":"@intoscana","twitter_site":"@intoscana","twitter_misc":{"Written by":"Redazione","Est. reading time":"3 minuti"},"schema":{"@context":"https:\/\/schema.org","@graph":[{"@type":"WebPage","@id":"https:\/\/www.intoscana.it\/it\/agricoltura-toscana-regione-virtuosa-nella-gestione-dei-fondi-europei-per-lo-sviluppo-rurale\/","url":"https:\/\/www.intoscana.it\/it\/agricoltura-toscana-regione-virtuosa-nella-gestione-dei-fondi-europei-per-lo-sviluppo-rurale\/","name":"Agricoltura, Toscana regione virtuosa nella gestione dei fondi europei per lo sviluppo rurale - intoscana","isPartOf":{"@id":"https:\/\/www.intoscana.it\/it\/#website"},"primaryImageOfPage":{"@id":"https:\/\/www.intoscana.it\/it\/agricoltura-toscana-regione-virtuosa-nella-gestione-dei-fondi-europei-per-lo-sviluppo-rurale\/#primaryimage"},"image":{"@id":"https:\/\/www.intoscana.it\/it\/agricoltura-toscana-regione-virtuosa-nella-gestione-dei-fondi-europei-per-lo-sviluppo-rurale\/#primaryimage"},"thumbnailUrl":"https:\/\/www.intoscana.it\/wp-content\/uploads\/caldo-agricoltura-campi.jpeg","datePublished":"2025-12-05T11:57:38+00:00","author":{"@id":"https:\/\/www.intoscana.it\/it\/#\/schema\/person\/9223810753230f20bd670fdd322661f8"},"description":"Si classifica al primo posto per capacit\u00e0 di spesa delle risorse aggiuntive Euri e di quelle ordinarie per gli investimenti strutturali","breadcrumb":{"@id":"https:\/\/www.intoscana.it\/it\/agricoltura-toscana-regione-virtuosa-nella-gestione-dei-fondi-europei-per-lo-sviluppo-rurale\/#breadcrumb"},"inLanguage":"it-IT","potentialAction":[{"@type":"ReadAction","target":["https:\/\/www.intoscana.it\/it\/agricoltura-toscana-regione-virtuosa-nella-gestione-dei-fondi-europei-per-lo-sviluppo-rurale\/"]}]},{"@type":"ImageObject","inLanguage":"it-IT","@id":"https:\/\/www.intoscana.it\/it\/agricoltura-toscana-regione-virtuosa-nella-gestione-dei-fondi-europei-per-lo-sviluppo-rurale\/#primaryimage","url":"https:\/\/www.intoscana.it\/wp-content\/uploads\/caldo-agricoltura-campi.jpeg","contentUrl":"https:\/\/www.intoscana.it\/wp-content\/uploads\/caldo-agricoltura-campi.jpeg","width":1217,"height":655,"caption":"Agricoltura"},{"@type":"BreadcrumbList","@id":"https:\/\/www.intoscana.it\/it\/agricoltura-toscana-regione-virtuosa-nella-gestione-dei-fondi-europei-per-lo-sviluppo-rurale\/#breadcrumb","itemListElement":[{"@type":"ListItem","position":1,"name":"Home","item":"https:\/\/www.intoscana.it\/it\/"},{"@type":"ListItem","position":2,"name":"Agricoltura, Toscana regione virtuosa nella gestione dei fondi europei per lo sviluppo rurale"}]},{"@type":"WebSite","@id":"https:\/\/www.intoscana.it\/it\/#website","url":"https:\/\/www.intoscana.it\/it\/","name":"intoscana","description":"","potentialAction":[{"@type":"SearchAction","target":{"@type":"EntryPoint","urlTemplate":"https:\/\/www.intoscana.it\/it\/?s={search_term_string}"},"query-input":{"@type":"PropertyValueSpecification","valueRequired":true,"valueName":"search_term_string"}}],"inLanguage":"it-IT"},{"@type":"Person","@id":"https:\/\/www.intoscana.it\/it\/#\/schema\/person\/9223810753230f20bd670fdd322661f8","name":"Redazione","url":"https:\/\/www.intoscana.it\/it\/author\/redazione\/"}]}},"_links":{"self":[{"href":"https:\/\/www.intoscana.it\/it\/wp-json\/wp\/v2\/posts\/409613","targetHints":{"allow":["GET"]}}],"collection":[{"href":"https:\/\/www.intoscana.it\/it\/wp-json\/wp\/v2\/posts"}],"about":[{"href":"https:\/\/www.intoscana.it\/it\/wp-json\/wp\/v2\/types\/post"}],"author":[{"embeddable":true,"href":"https:\/\/www.intoscana.it\/it\/wp-json\/wp\/v2\/users\/525"}],"replies":[{"embeddable":true,"href":"https:\/\/www.intoscana.it\/it\/wp-json\/wp\/v2\/comments?post=409613"}],"version-history":[{"count":4,"href":"https:\/\/www.intoscana.it\/it\/wp-json\/wp\/v2\/posts\/409613\/revisions"}],"predecessor-version":[{"id":409617,"href":"https:\/\/www.intoscana.it\/it\/wp-json\/wp\/v2\/posts\/409613\/revisions\/409617"}],"wp:featuredmedia":[{"embeddable":true,"href":"https:\/\/www.intoscana.it\/it\/wp-json\/wp\/v2\/media\/349032"}],"wp:attachment":[{"href":"https:\/\/www.intoscana.it\/it\/wp-json\/wp\/v2\/media?parent=409613"}],"wp:term":[{"taxonomy":"category","embeddable":true,"href":"https:\/\/www.intoscana.it\/it\/wp-json\/wp\/v2\/categories?post=409613"},{"taxonomy":"post_tag","embeddable":true,"href":"https:\/\/www.intoscana.it\/it\/wp-json\/wp\/v2\/tags?post=409613"}],"curies":[{"name":"wp","href":"https:\/\/api.w.org\/{rel}","templated":true}]}}