{"id":409655,"date":"2025-12-05T17:12:44","date_gmt":"2025-12-05T16:12:44","guid":{"rendered":"https:\/\/www.intoscana.it\/it\/?p=409655"},"modified":"2025-12-05T17:13:00","modified_gmt":"2025-12-05T16:13:00","slug":"in-viaggio-tra-le-asl-con-lassessora-monni-la-sanita-del-futuro-nel-segno-della-partecipazione","status":"publish","type":"post","link":"https:\/\/www.intoscana.it\/it\/in-viaggio-tra-le-asl-con-lassessora-monni-la-sanita-del-futuro-nel-segno-della-partecipazione\/","title":{"rendered":"In viaggio tra le Asl con l&#8217;assessora Monni, la sanit\u00e0 del futuro nel segno della partecipazione"},"content":{"rendered":"<p>In <strong>viaggio tra le Asl<\/strong> della Toscana: la nuova assessora al diritto alla salute e alle politiche sociali <strong>Monia Monni<\/strong> parte dalla visita dei territori per impostare il lavoro del suo mandato. L&#8217;obiettivo \u00e8 una <strong>sanit\u00e0 pubblica diffusa<\/strong> e allo stesso tempo <strong>all\u2019avanguardia<\/strong> ma soprattutto <strong>nel segno della partecipazione<\/strong>.<\/p>\n<p><em>\u201cHo intenzione di impostare il lavoro dei prossimi cinque anni in maniera molto partecipata, facendo sentire tutti i dipendenti come parte di una squadra<\/em> \u2013 illustra ai cronisti la neo assessora <strong>Monia Monni<\/strong> -. \u00a0<em>Il viaggio nelle aziende sanitarie toscane avviato e il confronto che ne scaturir\u00e0 servir\u00e0 anche a questo. Sono qui per ascoltare. Sar\u00e0 l\u2019occasione per conoscere e valorizzare le eccellenze, che certo non mancano nel nostro servizio sanitario regionale, ma anche per individuare gli elementi di criticit\u00e0 e concentrare il nostro lavoro sulla loro soluzione\u201d.<\/em><\/p>\n<h3>Viaggio nell\u2019Asl Toscana Nord Ovest<\/h3>\n<p>La prima tappa di questo tour ha preso il via dall\u2019<strong>Asl Toscana Nord Ovest<\/strong>. Una visita partita da<strong>\u00a0Lucca<\/strong> e poi proseguita <strong>a Pisa<\/strong>, nella futura casa di comunit\u00e0 di via Garibaldi, nella Rsa Umberto Viale e \u00a0in un hospice. L\u2019ospedale <strong>San Luca di Lucca<\/strong> \u00e8 stato inaugurato solo dieci anni fa. Gli investimenti non si sono mai fermati e la struttura ha continuato a crescere.<\/p>\n<p>\u201c<em>Si \u00e8 investito soprattutto in tecnologia<\/em> \u2013 annota l\u2019assessora &#8211;<em>, riuscendo cos\u00ec ad offrire ai pazienti, per i loro bisogni di salute, interventi sempre meno invasivi e con tempi di recupero sempre pi\u00f9 rapidi\u201d. <\/em>Ma non sono mancati anche investimenti sugli spazi. \u201c<em>E\u2019 stato fatto ad esempio sul pronto soccorso<\/em> \u2013 prosegue ancora l\u2019assessora -, <em>con un primo ampliamento di oltre 130 metri quadri e una riorganizzazione interna. E\u2019 un prima risposta al sovraffollamento di questo reparto, la cui soluzione passa anche dal potenziamento dell\u2019assistenza sul territorio\u201d. \u00a0<\/em><\/p>\n<h3>Le cinque case di comunit\u00e0 a Lucca<\/h3>\n<p><em>\u201cQui a Lucca stiamo lavorando all\u2019apertura infatti di cinque case di comunit\u00e0, su cui abbiamo investito 14 milioni di euro<\/em> \u2013 spiega -. <em>Ci crediamo moltissimo, perch\u00e9 le Case di comunit\u00e0 saranno il luogo dell&#8217;integrazione tra sociale e sanitario e saranno il luogo della presa in carico complessiva dei pazienti. Queste strutture eviteranno che la porta d&#8217;accesso del pronto soccorso diventi l&#8217;unico modo per risolvere i propri problemi di salute e di non trovarsi soli dopo aver varcato in uscita la porta dell\u2019ospedale\u201d.<\/em><\/p>\n<h3>La banca delle cornee a Lucca<\/h3>\n<p>Il viaggio nei reparti dell\u2019ospedale lucchese \u00e8 proseguito per oltre due ore. \u00a0La prima tappa \u00e8 stata la <strong>banca delle cornee<\/strong>, attiva dal 1999 e riferimento nazionale per la \u00a0distribuzione di <strong>tessuti corneali<\/strong> e della membrana amniotica. L\u2019attivit\u00e0 del laboratorio ha reso possibile <strong>ventimila trapianti<\/strong> in tutta Italia: <strong>pi\u00f9 di settecento<\/strong> sono stati <strong>i donatori<\/strong> nell\u2019ultimo anno. Il reparto produce anche uno speciale preparato &#8211; l\u2019OmogM, ovvero la <strong>membrana amniotica omogenizzata<\/strong> \u2013 che si usa come una sorta di collirio per talune patologie e la cui richiesta \u00e8 in forte crescita.<\/p>\n<h3>Gli investimenti tecnologici in sanit\u00e0<\/h3>\n<p>Innovativa anche la <strong>nuova Pet\/Ct digitale<\/strong> da poco messa in funzione nel reparto di <strong>Medicina nucleare<\/strong>, grazie ad un investimento di <strong>quattro milioni di euro<\/strong>. L\u2019apparecchiatura affianca la S<strong>pect\/Ct<\/strong> acquistato con fondi Pnrr (900 mila euro) e garantir\u00e0 alla <strong>diagnostica oncologica e neurologica<\/strong> maggiore accuratezza ed una riduzione delle dosi di radiazioni emesse con un deciso passo in avanti.<\/p>\n<p>Trattamenti pi\u00f9 precisi e con minori effetti collaterali permetter\u00e0 anche il nuovo <strong>acceleratore lineare di radioterapia<\/strong>, non appena a breve entrer\u00e0 in funzione e sostituir\u00e0 la precedente <strong>tomoterapia<\/strong>. Sono stati spesi due milioni (per la sola macchina e formazione) ed altri 5-600 mila per allestire la <strong>stanza bunker<\/strong>.<\/p>\n<h3>L&#8217;ampliamento del pronto soccorso<\/h3>\n<p>L\u2019<strong>ampliamento del pronto soccorso<\/strong> \u00e8 stato finanziato con <strong>fondi Arcuri<\/strong>. Si compone di struttura modulare costituita da prefabbricati per una superficie complessiva di 132 metri quadri e permetter\u00e0 di avere disposizione maggiori spazi: per le <strong>emergenze epidemiche<\/strong>, ma anche per l\u2019attivit\u00e0 ordinaria.<\/p>\n<h3>Dieci anni nel segno degli investimenti<\/h3>\n<p>La direttrice dell\u2019Asl Toscana Nord Ovest <strong>Maria Letizia Catani<\/strong> ha ricordato che &#8220;<em>il fatto che a distanza di dieci anni dall\u2019inaugurazione si continui ad investire \u00e8 la dimostrazione che Regione e azienda ritengono che l\u2019ospedale di Lucca sia una delle strutture di punta della Asl\u201d.<\/em><\/p>\n<p><em>\u201cSicuramente<\/em> \u2013 aggiunge \u2013 <em>tra i punti di forza dell\u2019ospedale c\u2019\u00e8 anche la qualit\u00e0 dei professionisti\u201d.<\/em> In aggiunta alla tecnologia. \u201c<em>Sui punti di debolezza, come spazi e liste di attesa<\/em> \u2013 prosegue &#8211; <em>stiamo lavorando, senza dimenticare la sanit\u00e0 territoriale perch\u00e9 l\u2019ospedale e il territorio fanno parte dello stesso percorso. Gli investimenti sono cospicui \u00a0e \u00a0porteranno per l\u2019appunto ad aprire nella zona ben cinque case di comunit\u00e0\u201d.<\/em><\/p>\n","protected":false},"excerpt":{"rendered":"<p>Prima tappa in mattinata all\u2019ospedale San Luca di Lucca: le eccellenze, come la banca delle cornee, e gli investimenti in tecnologia<\/p>\n","protected":false},"author":525,"featured_media":409657,"comment_status":"open","ping_status":"open","sticky":false,"template":"","format":"standard","meta":{"_acf_changed":false,"footnotes":""},"categories":[494],"tags":[170,5232,203,349],"class_list":["post-409655","post","type-post","status-publish","format-standard","has-post-thumbnail","hentry","category-attualita","tag-lucca","tag-monia-monni","tag-pisa","tag-sanita"],"acf":[],"yoast_head":"<!-- This site is optimized with the Yoast SEO Premium plugin v24.2 (Yoast SEO v25.6) - https:\/\/yoast.com\/wordpress\/plugins\/seo\/ -->\n<title>In viaggio tra le Asl con l&#039;assessora Monni, la sanit\u00e0 del futuro nel segno della partecipazione - intoscana<\/title>\n<meta name=\"description\" content=\"Prima tappa in mattinata all\u2019ospedale San Luca di Lucca: le eccellenze, come la banca delle cornee, e gli investimenti in tecnologia\" \/>\n<meta name=\"robots\" content=\"index, follow, max-snippet:-1, max-image-preview:large, max-video-preview:-1\" \/>\n<link rel=\"canonical\" href=\"https:\/\/www.intoscana.it\/it\/in-viaggio-tra-le-asl-con-lassessora-monni-la-sanita-del-futuro-nel-segno-della-partecipazione\/\" \/>\n<meta property=\"og:locale\" content=\"it_IT\" \/>\n<meta property=\"og:type\" content=\"article\" \/>\n<meta property=\"og:title\" content=\"In viaggio tra le Asl con l&#039;assessora Monni, la sanit\u00e0 del futuro nel segno della partecipazione\" \/>\n<meta property=\"og:description\" content=\"Prima tappa in mattinata all\u2019ospedale San Luca di Lucca: le eccellenze, come la banca delle cornee, e gli investimenti in tecnologia\" \/>\n<meta property=\"og:url\" content=\"https:\/\/www.intoscana.it\/it\/in-viaggio-tra-le-asl-con-lassessora-monni-la-sanita-del-futuro-nel-segno-della-partecipazione\/\" \/>\n<meta property=\"og:site_name\" content=\"intoscana\" \/>\n<meta property=\"article:publisher\" content=\"https:\/\/www.facebook.com\/intoscana.it\" \/>\n<meta property=\"article:published_time\" content=\"2025-12-05T16:12:44+00:00\" \/>\n<meta property=\"article:modified_time\" content=\"2025-12-05T16:13:00+00:00\" \/>\n<meta property=\"og:image\" content=\"https:\/\/www.intoscana.it\/wp-content\/uploads\/Lassessora-Monni-in-visita-allospedale-San-Luca-di-Lucca.jpeg\" \/>\n\t<meta property=\"og:image:width\" content=\"1212\" \/>\n\t<meta property=\"og:image:height\" content=\"809\" \/>\n\t<meta property=\"og:image:type\" content=\"image\/jpeg\" \/>\n<meta name=\"author\" content=\"Redazione\" \/>\n<meta name=\"twitter:card\" content=\"summary_large_image\" \/>\n<meta name=\"twitter:creator\" content=\"@intoscana\" \/>\n<meta name=\"twitter:site\" content=\"@intoscana\" \/>\n<meta name=\"twitter:label1\" content=\"Written by\" \/>\n\t<meta name=\"twitter:data1\" content=\"Redazione\" \/>\n\t<meta name=\"twitter:label2\" content=\"Est. reading time\" \/>\n\t<meta name=\"twitter:data2\" content=\"5 minuti\" \/>\n<script type=\"application\/ld+json\" class=\"yoast-schema-graph\">{\"@context\":\"https:\/\/schema.org\",\"@graph\":[{\"@type\":\"WebPage\",\"@id\":\"https:\/\/www.intoscana.it\/it\/in-viaggio-tra-le-asl-con-lassessora-monni-la-sanita-del-futuro-nel-segno-della-partecipazione\/\",\"url\":\"https:\/\/www.intoscana.it\/it\/in-viaggio-tra-le-asl-con-lassessora-monni-la-sanita-del-futuro-nel-segno-della-partecipazione\/\",\"name\":\"In viaggio tra le Asl con l'assessora Monni, la sanit\u00e0 del futuro nel segno della partecipazione - intoscana\",\"isPartOf\":{\"@id\":\"https:\/\/www.intoscana.it\/it\/#website\"},\"primaryImageOfPage\":{\"@id\":\"https:\/\/www.intoscana.it\/it\/in-viaggio-tra-le-asl-con-lassessora-monni-la-sanita-del-futuro-nel-segno-della-partecipazione\/#primaryimage\"},\"image\":{\"@id\":\"https:\/\/www.intoscana.it\/it\/in-viaggio-tra-le-asl-con-lassessora-monni-la-sanita-del-futuro-nel-segno-della-partecipazione\/#primaryimage\"},\"thumbnailUrl\":\"https:\/\/www.intoscana.it\/wp-content\/uploads\/Lassessora-Monni-in-visita-allospedale-San-Luca-di-Lucca.jpeg\",\"datePublished\":\"2025-12-05T16:12:44+00:00\",\"dateModified\":\"2025-12-05T16:13:00+00:00\",\"author\":{\"@id\":\"https:\/\/www.intoscana.it\/it\/#\/schema\/person\/9223810753230f20bd670fdd322661f8\"},\"description\":\"Prima tappa in mattinata all\u2019ospedale San Luca di Lucca: le eccellenze, come la banca delle cornee, e gli investimenti in tecnologia\",\"breadcrumb\":{\"@id\":\"https:\/\/www.intoscana.it\/it\/in-viaggio-tra-le-asl-con-lassessora-monni-la-sanita-del-futuro-nel-segno-della-partecipazione\/#breadcrumb\"},\"inLanguage\":\"it-IT\",\"potentialAction\":[{\"@type\":\"ReadAction\",\"target\":[\"https:\/\/www.intoscana.it\/it\/in-viaggio-tra-le-asl-con-lassessora-monni-la-sanita-del-futuro-nel-segno-della-partecipazione\/\"]}]},{\"@type\":\"ImageObject\",\"inLanguage\":\"it-IT\",\"@id\":\"https:\/\/www.intoscana.it\/it\/in-viaggio-tra-le-asl-con-lassessora-monni-la-sanita-del-futuro-nel-segno-della-partecipazione\/#primaryimage\",\"url\":\"https:\/\/www.intoscana.it\/wp-content\/uploads\/Lassessora-Monni-in-visita-allospedale-San-Luca-di-Lucca.jpeg\",\"contentUrl\":\"https:\/\/www.intoscana.it\/wp-content\/uploads\/Lassessora-Monni-in-visita-allospedale-San-Luca-di-Lucca.jpeg\",\"width\":1212,\"height\":809,\"caption\":\"L'assessora Monni in visita all'ospedale San Luca di Lucca\"},{\"@type\":\"BreadcrumbList\",\"@id\":\"https:\/\/www.intoscana.it\/it\/in-viaggio-tra-le-asl-con-lassessora-monni-la-sanita-del-futuro-nel-segno-della-partecipazione\/#breadcrumb\",\"itemListElement\":[{\"@type\":\"ListItem\",\"position\":1,\"name\":\"Home\",\"item\":\"https:\/\/www.intoscana.it\/it\/\"},{\"@type\":\"ListItem\",\"position\":2,\"name\":\"In viaggio tra le Asl con l&#8217;assessora Monni, la sanit\u00e0 del futuro nel segno della partecipazione\"}]},{\"@type\":\"WebSite\",\"@id\":\"https:\/\/www.intoscana.it\/it\/#website\",\"url\":\"https:\/\/www.intoscana.it\/it\/\",\"name\":\"intoscana\",\"description\":\"\",\"potentialAction\":[{\"@type\":\"SearchAction\",\"target\":{\"@type\":\"EntryPoint\",\"urlTemplate\":\"https:\/\/www.intoscana.it\/it\/?s={search_term_string}\"},\"query-input\":{\"@type\":\"PropertyValueSpecification\",\"valueRequired\":true,\"valueName\":\"search_term_string\"}}],\"inLanguage\":\"it-IT\"},{\"@type\":\"Person\",\"@id\":\"https:\/\/www.intoscana.it\/it\/#\/schema\/person\/9223810753230f20bd670fdd322661f8\",\"name\":\"Redazione\",\"url\":\"https:\/\/www.intoscana.it\/it\/author\/redazione\/\"}]}<\/script>\n<!-- \/ Yoast SEO Premium plugin. -->","yoast_head_json":{"title":"In viaggio tra le Asl con l'assessora Monni, la sanit\u00e0 del futuro nel segno della partecipazione - intoscana","description":"Prima tappa in mattinata all\u2019ospedale San Luca di Lucca: le eccellenze, come la banca delle cornee, e gli investimenti in tecnologia","robots":{"index":"index","follow":"follow","max-snippet":"max-snippet:-1","max-image-preview":"max-image-preview:large","max-video-preview":"max-video-preview:-1"},"canonical":"https:\/\/www.intoscana.it\/it\/in-viaggio-tra-le-asl-con-lassessora-monni-la-sanita-del-futuro-nel-segno-della-partecipazione\/","og_locale":"it_IT","og_type":"article","og_title":"In viaggio tra le Asl con l'assessora Monni, la sanit\u00e0 del futuro nel segno della partecipazione","og_description":"Prima tappa in mattinata all\u2019ospedale San Luca di Lucca: le eccellenze, come la banca delle cornee, e gli investimenti in tecnologia","og_url":"https:\/\/www.intoscana.it\/it\/in-viaggio-tra-le-asl-con-lassessora-monni-la-sanita-del-futuro-nel-segno-della-partecipazione\/","og_site_name":"intoscana","article_publisher":"https:\/\/www.facebook.com\/intoscana.it","article_published_time":"2025-12-05T16:12:44+00:00","article_modified_time":"2025-12-05T16:13:00+00:00","og_image":[{"width":1212,"height":809,"url":"https:\/\/www.intoscana.it\/wp-content\/uploads\/Lassessora-Monni-in-visita-allospedale-San-Luca-di-Lucca.jpeg","type":"image\/jpeg"}],"author":"Redazione","twitter_card":"summary_large_image","twitter_creator":"@intoscana","twitter_site":"@intoscana","twitter_misc":{"Written by":"Redazione","Est. reading time":"5 minuti"},"schema":{"@context":"https:\/\/schema.org","@graph":[{"@type":"WebPage","@id":"https:\/\/www.intoscana.it\/it\/in-viaggio-tra-le-asl-con-lassessora-monni-la-sanita-del-futuro-nel-segno-della-partecipazione\/","url":"https:\/\/www.intoscana.it\/it\/in-viaggio-tra-le-asl-con-lassessora-monni-la-sanita-del-futuro-nel-segno-della-partecipazione\/","name":"In viaggio tra le Asl con l'assessora Monni, la sanit\u00e0 del futuro nel segno della partecipazione - intoscana","isPartOf":{"@id":"https:\/\/www.intoscana.it\/it\/#website"},"primaryImageOfPage":{"@id":"https:\/\/www.intoscana.it\/it\/in-viaggio-tra-le-asl-con-lassessora-monni-la-sanita-del-futuro-nel-segno-della-partecipazione\/#primaryimage"},"image":{"@id":"https:\/\/www.intoscana.it\/it\/in-viaggio-tra-le-asl-con-lassessora-monni-la-sanita-del-futuro-nel-segno-della-partecipazione\/#primaryimage"},"thumbnailUrl":"https:\/\/www.intoscana.it\/wp-content\/uploads\/Lassessora-Monni-in-visita-allospedale-San-Luca-di-Lucca.jpeg","datePublished":"2025-12-05T16:12:44+00:00","dateModified":"2025-12-05T16:13:00+00:00","author":{"@id":"https:\/\/www.intoscana.it\/it\/#\/schema\/person\/9223810753230f20bd670fdd322661f8"},"description":"Prima tappa in mattinata all\u2019ospedale San Luca di Lucca: le eccellenze, come la banca delle cornee, e gli investimenti in tecnologia","breadcrumb":{"@id":"https:\/\/www.intoscana.it\/it\/in-viaggio-tra-le-asl-con-lassessora-monni-la-sanita-del-futuro-nel-segno-della-partecipazione\/#breadcrumb"},"inLanguage":"it-IT","potentialAction":[{"@type":"ReadAction","target":["https:\/\/www.intoscana.it\/it\/in-viaggio-tra-le-asl-con-lassessora-monni-la-sanita-del-futuro-nel-segno-della-partecipazione\/"]}]},{"@type":"ImageObject","inLanguage":"it-IT","@id":"https:\/\/www.intoscana.it\/it\/in-viaggio-tra-le-asl-con-lassessora-monni-la-sanita-del-futuro-nel-segno-della-partecipazione\/#primaryimage","url":"https:\/\/www.intoscana.it\/wp-content\/uploads\/Lassessora-Monni-in-visita-allospedale-San-Luca-di-Lucca.jpeg","contentUrl":"https:\/\/www.intoscana.it\/wp-content\/uploads\/Lassessora-Monni-in-visita-allospedale-San-Luca-di-Lucca.jpeg","width":1212,"height":809,"caption":"L'assessora Monni in visita all'ospedale San Luca di Lucca"},{"@type":"BreadcrumbList","@id":"https:\/\/www.intoscana.it\/it\/in-viaggio-tra-le-asl-con-lassessora-monni-la-sanita-del-futuro-nel-segno-della-partecipazione\/#breadcrumb","itemListElement":[{"@type":"ListItem","position":1,"name":"Home","item":"https:\/\/www.intoscana.it\/it\/"},{"@type":"ListItem","position":2,"name":"In viaggio tra le Asl con l&#8217;assessora Monni, la sanit\u00e0 del futuro nel segno della partecipazione"}]},{"@type":"WebSite","@id":"https:\/\/www.intoscana.it\/it\/#website","url":"https:\/\/www.intoscana.it\/it\/","name":"intoscana","description":"","potentialAction":[{"@type":"SearchAction","target":{"@type":"EntryPoint","urlTemplate":"https:\/\/www.intoscana.it\/it\/?s={search_term_string}"},"query-input":{"@type":"PropertyValueSpecification","valueRequired":true,"valueName":"search_term_string"}}],"inLanguage":"it-IT"},{"@type":"Person","@id":"https:\/\/www.intoscana.it\/it\/#\/schema\/person\/9223810753230f20bd670fdd322661f8","name":"Redazione","url":"https:\/\/www.intoscana.it\/it\/author\/redazione\/"}]}},"_links":{"self":[{"href":"https:\/\/www.intoscana.it\/it\/wp-json\/wp\/v2\/posts\/409655","targetHints":{"allow":["GET"]}}],"collection":[{"href":"https:\/\/www.intoscana.it\/it\/wp-json\/wp\/v2\/posts"}],"about":[{"href":"https:\/\/www.intoscana.it\/it\/wp-json\/wp\/v2\/types\/post"}],"author":[{"embeddable":true,"href":"https:\/\/www.intoscana.it\/it\/wp-json\/wp\/v2\/users\/525"}],"replies":[{"embeddable":true,"href":"https:\/\/www.intoscana.it\/it\/wp-json\/wp\/v2\/comments?post=409655"}],"version-history":[{"count":5,"href":"https:\/\/www.intoscana.it\/it\/wp-json\/wp\/v2\/posts\/409655\/revisions"}],"predecessor-version":[{"id":409681,"href":"https:\/\/www.intoscana.it\/it\/wp-json\/wp\/v2\/posts\/409655\/revisions\/409681"}],"wp:featuredmedia":[{"embeddable":true,"href":"https:\/\/www.intoscana.it\/it\/wp-json\/wp\/v2\/media\/409657"}],"wp:attachment":[{"href":"https:\/\/www.intoscana.it\/it\/wp-json\/wp\/v2\/media?parent=409655"}],"wp:term":[{"taxonomy":"category","embeddable":true,"href":"https:\/\/www.intoscana.it\/it\/wp-json\/wp\/v2\/categories?post=409655"},{"taxonomy":"post_tag","embeddable":true,"href":"https:\/\/www.intoscana.it\/it\/wp-json\/wp\/v2\/tags?post=409655"}],"curies":[{"name":"wp","href":"https:\/\/api.w.org\/{rel}","templated":true}]}}