{"id":409688,"date":"2025-12-06T08:45:42","date_gmt":"2025-12-06T07:45:42","guid":{"rendered":"https:\/\/www.intoscana.it\/it\/?p=409688"},"modified":"2025-12-06T08:45:42","modified_gmt":"2025-12-06T07:45:42","slug":"seconda-tappa-per-il-programma-di-governo-giani-rilancia-il-ruolo-di-pistoia","status":"publish","type":"post","link":"https:\/\/www.intoscana.it\/it\/seconda-tappa-per-il-programma-di-governo-giani-rilancia-il-ruolo-di-pistoia\/","title":{"rendered":"Seconda tappa per il programma di governo, Giani rilancia il ruolo di Pistoia"},"content":{"rendered":"<p>Il <strong>programma di governo<\/strong> della Regione Toscana ha fatto tappa ieri a <strong>Pistoia<\/strong> per il secondo dei dieci appuntamenti che segnano il metodo all&#8217;insegna della presenza della Regione sui temi e le questioni che riguardano i territori.\u00a0Un appuntamento molto partecipato presso la sala del Consiglio provinciale a palazzo Bal\u00ec, introdotto dal presidente della Provincia <strong>Luca Marmo<\/strong>.<\/p>\n<p>Ad illustrare i temi del programma il <strong>presidente Giani<\/strong>\u00a0con il sottosegretario <strong>Bernard Dika<\/strong> e gli assessori <strong>Alessandra Nardini, Alberto Lenzi e Davide Barontini<\/strong>. Presenti anche i consiglieri regionali eletti e molti sindaci del territorio.<\/p>\n<h3>Giani: &#8220;Provincia centrale per la Toscana&#8221;<\/h3>\n<p>\u201c<em>Una provincia quella di Pistoia molto ampia e con caratteristiche varie, assolutamente centrale per la Toscana<\/em> &#8211; ha sottolineato il <strong>presidente Giani <\/strong>&#8211; <em>l&#8217;asse Firenze-Prato-Pistoia \u00e8 il pi\u00f9 urbanizzato della regione, con il 40 per cento circa della popolazione toscana e una forte concentrazione di attivit\u00e0 produttive. Si capisce come i collegamenti e i trasporti siano strategici: da questo punto di vista <a href=\"https:\/\/www.intoscana.it\/it\/inaugurato-il-raddoppio-ferroviario-tra-pistoia-e-montecatini-da-lunedi-via-al-nuovo-servizio\/\" target=\"_blank\" rel=\"noopener\">abbiamo di recente inaugurato il raddoppio ferroviario fino a Montecatini<\/a> con la galleria di Serravalle, dobbiamo ora proseguire per il collegamento con Lucca e la costa. E poi lo sviluppo della terza corsia da parte di Autostrade per l&#8217;Italia che \u00e8 cruciale e che sollecitiamo con forza\u201d<\/em>.<\/p>\n<p><em>\u201cAltro grande capitolo<\/em> &#8211; ha continuato il presidente della Regione &#8211; <em>\u00e8 <strong>la difesa dal rischio idrogeologico e l&#8217;attenzione particolare alla montagna.<\/strong> Vogliamo arrivare a una legge regionale che consenta la valorizzazione del sistema sciistico della montagna pistoiese con adeguato sostegno. Ancora, per la montagna \u00e8 cruciale \u00a0lo sviluppo dei collegamenti, penso ad esempio al bypass di San Marcello Piteglio come a una priorit\u00e0&#8221;.<\/em><\/p>\n<p><em>\u201cUn altro tema importantissimo<\/em> &#8211; ha concluso Giani &#8211;<em> \u00e8 quello che riguarda le <strong>Terme di Montecatini<\/strong> su cui la Regione ha investito oltre 16 milioni per l&#8217;acquisto del Tettuccio. Il lavoro di squadra tra tutti gli enti ci deve portare a vedere finalmente il rilancio del sistema termale.\u00a0Nel programma \u00e8 centrale anche il tema del diritto alla salute, in particolare questa sar\u00e0 la legislatura della sanit\u00e0 territoriale con la realizzazione di Case e Ospedali di Comunit\u00e0 e la valorizzazione degli ospedali esistenti\u201d.<\/em><\/p>\n<p>Secondo il sottosegretario <strong>Bernard Dika<\/strong> \u201c<em>per Pistoia le priorit\u00e0 sono chiare: sanit\u00e0 di prossimit\u00e0, difesa del suolo e infrastrutture adeguate a un territorio che vuole crescere. Rafforzeremo gli ospedali, continueremo a investire sulla sicurezza idrogeologica e accompagneremo passo dopo passo il percorso per migliorare i collegamenti della montagna<\/em>\u201d.<\/p>\n","protected":false},"excerpt":{"rendered":"<p>Per il presidente della Regione e il sottosegretario Dika le priorit\u00e0 sono sanit\u00e0 di prossimit\u00e0, difesa del suolo e infrastrutture<\/p>\n","protected":false},"author":525,"featured_media":409690,"comment_status":"open","ping_status":"open","sticky":false,"template":"","format":"standard","meta":{"_acf_changed":false,"footnotes":""},"categories":[494],"tags":[6905,6226,5146,6904,158,215,151],"class_list":["post-409688","post","type-post","status-publish","format-standard","has-post-thumbnail","hentry","category-attualita","tag-alberto-lenzi","tag-alessandra-nardini","tag-bernard-dika","tag-david-barontini","tag-eugenio-giani","tag-pistoia","tag-regione-toscana"],"acf":[],"yoast_head":"<!-- This site is optimized with the Yoast SEO Premium plugin v24.2 (Yoast SEO v25.6) - https:\/\/yoast.com\/wordpress\/plugins\/seo\/ -->\n<title>Seconda tappa per il programma di governo, Giani rilancia il ruolo di Pistoia - intoscana<\/title>\n<meta name=\"description\" content=\"Per il presidente della Regione e il sottosegretario Dika le priorit\u00e0 sono sanit\u00e0 di prossimit\u00e0, difesa del suolo e infrastrutture\" \/>\n<meta name=\"robots\" content=\"index, follow, max-snippet:-1, max-image-preview:large, max-video-preview:-1\" \/>\n<link rel=\"canonical\" href=\"https:\/\/www.intoscana.it\/it\/seconda-tappa-per-il-programma-di-governo-giani-rilancia-il-ruolo-di-pistoia\/\" \/>\n<meta property=\"og:locale\" content=\"it_IT\" \/>\n<meta property=\"og:type\" content=\"article\" \/>\n<meta property=\"og:title\" content=\"Seconda tappa per il programma di governo, Giani rilancia il ruolo di Pistoia\" \/>\n<meta property=\"og:description\" content=\"Per il presidente della Regione e il sottosegretario Dika le priorit\u00e0 sono sanit\u00e0 di prossimit\u00e0, difesa del suolo e infrastrutture\" \/>\n<meta property=\"og:url\" content=\"https:\/\/www.intoscana.it\/it\/seconda-tappa-per-il-programma-di-governo-giani-rilancia-il-ruolo-di-pistoia\/\" \/>\n<meta property=\"og:site_name\" content=\"intoscana\" \/>\n<meta property=\"article:publisher\" content=\"https:\/\/www.facebook.com\/intoscana.it\" \/>\n<meta property=\"article:published_time\" content=\"2025-12-06T07:45:42+00:00\" \/>\n<meta property=\"og:image\" content=\"https:\/\/www.intoscana.it\/wp-content\/uploads\/La-presentazione-del-programma-di-governo-a-Pistoia.jpeg\" \/>\n\t<meta property=\"og:image:width\" content=\"1496\" \/>\n\t<meta property=\"og:image:height\" content=\"725\" \/>\n\t<meta property=\"og:image:type\" content=\"image\/jpeg\" \/>\n<meta name=\"author\" content=\"Redazione\" \/>\n<meta name=\"twitter:card\" content=\"summary_large_image\" \/>\n<meta name=\"twitter:creator\" content=\"@intoscana\" \/>\n<meta name=\"twitter:site\" content=\"@intoscana\" \/>\n<meta name=\"twitter:label1\" content=\"Written by\" \/>\n\t<meta name=\"twitter:data1\" content=\"Redazione\" \/>\n\t<meta name=\"twitter:label2\" content=\"Est. reading time\" \/>\n\t<meta name=\"twitter:data2\" content=\"3 minuti\" \/>\n<script type=\"application\/ld+json\" class=\"yoast-schema-graph\">{\"@context\":\"https:\/\/schema.org\",\"@graph\":[{\"@type\":\"WebPage\",\"@id\":\"https:\/\/www.intoscana.it\/it\/seconda-tappa-per-il-programma-di-governo-giani-rilancia-il-ruolo-di-pistoia\/\",\"url\":\"https:\/\/www.intoscana.it\/it\/seconda-tappa-per-il-programma-di-governo-giani-rilancia-il-ruolo-di-pistoia\/\",\"name\":\"Seconda tappa per il programma di governo, Giani rilancia il ruolo di Pistoia - intoscana\",\"isPartOf\":{\"@id\":\"https:\/\/www.intoscana.it\/it\/#website\"},\"primaryImageOfPage\":{\"@id\":\"https:\/\/www.intoscana.it\/it\/seconda-tappa-per-il-programma-di-governo-giani-rilancia-il-ruolo-di-pistoia\/#primaryimage\"},\"image\":{\"@id\":\"https:\/\/www.intoscana.it\/it\/seconda-tappa-per-il-programma-di-governo-giani-rilancia-il-ruolo-di-pistoia\/#primaryimage\"},\"thumbnailUrl\":\"https:\/\/www.intoscana.it\/wp-content\/uploads\/La-presentazione-del-programma-di-governo-a-Pistoia.jpeg\",\"datePublished\":\"2025-12-06T07:45:42+00:00\",\"author\":{\"@id\":\"https:\/\/www.intoscana.it\/it\/#\/schema\/person\/9223810753230f20bd670fdd322661f8\"},\"description\":\"Per il presidente della Regione e il sottosegretario Dika le priorit\u00e0 sono sanit\u00e0 di prossimit\u00e0, difesa del suolo e infrastrutture\",\"breadcrumb\":{\"@id\":\"https:\/\/www.intoscana.it\/it\/seconda-tappa-per-il-programma-di-governo-giani-rilancia-il-ruolo-di-pistoia\/#breadcrumb\"},\"inLanguage\":\"it-IT\",\"potentialAction\":[{\"@type\":\"ReadAction\",\"target\":[\"https:\/\/www.intoscana.it\/it\/seconda-tappa-per-il-programma-di-governo-giani-rilancia-il-ruolo-di-pistoia\/\"]}]},{\"@type\":\"ImageObject\",\"inLanguage\":\"it-IT\",\"@id\":\"https:\/\/www.intoscana.it\/it\/seconda-tappa-per-il-programma-di-governo-giani-rilancia-il-ruolo-di-pistoia\/#primaryimage\",\"url\":\"https:\/\/www.intoscana.it\/wp-content\/uploads\/La-presentazione-del-programma-di-governo-a-Pistoia.jpeg\",\"contentUrl\":\"https:\/\/www.intoscana.it\/wp-content\/uploads\/La-presentazione-del-programma-di-governo-a-Pistoia.jpeg\",\"width\":1496,\"height\":725},{\"@type\":\"BreadcrumbList\",\"@id\":\"https:\/\/www.intoscana.it\/it\/seconda-tappa-per-il-programma-di-governo-giani-rilancia-il-ruolo-di-pistoia\/#breadcrumb\",\"itemListElement\":[{\"@type\":\"ListItem\",\"position\":1,\"name\":\"Home\",\"item\":\"https:\/\/www.intoscana.it\/it\/\"},{\"@type\":\"ListItem\",\"position\":2,\"name\":\"Seconda tappa per il programma di governo, Giani rilancia il ruolo di Pistoia\"}]},{\"@type\":\"WebSite\",\"@id\":\"https:\/\/www.intoscana.it\/it\/#website\",\"url\":\"https:\/\/www.intoscana.it\/it\/\",\"name\":\"intoscana\",\"description\":\"\",\"potentialAction\":[{\"@type\":\"SearchAction\",\"target\":{\"@type\":\"EntryPoint\",\"urlTemplate\":\"https:\/\/www.intoscana.it\/it\/?s={search_term_string}\"},\"query-input\":{\"@type\":\"PropertyValueSpecification\",\"valueRequired\":true,\"valueName\":\"search_term_string\"}}],\"inLanguage\":\"it-IT\"},{\"@type\":\"Person\",\"@id\":\"https:\/\/www.intoscana.it\/it\/#\/schema\/person\/9223810753230f20bd670fdd322661f8\",\"name\":\"Redazione\",\"url\":\"https:\/\/www.intoscana.it\/it\/author\/redazione\/\"}]}<\/script>\n<!-- \/ Yoast SEO Premium plugin. -->","yoast_head_json":{"title":"Seconda tappa per il programma di governo, Giani rilancia il ruolo di Pistoia - intoscana","description":"Per il presidente della Regione e il sottosegretario Dika le priorit\u00e0 sono sanit\u00e0 di prossimit\u00e0, difesa del suolo e infrastrutture","robots":{"index":"index","follow":"follow","max-snippet":"max-snippet:-1","max-image-preview":"max-image-preview:large","max-video-preview":"max-video-preview:-1"},"canonical":"https:\/\/www.intoscana.it\/it\/seconda-tappa-per-il-programma-di-governo-giani-rilancia-il-ruolo-di-pistoia\/","og_locale":"it_IT","og_type":"article","og_title":"Seconda tappa per il programma di governo, Giani rilancia il ruolo di Pistoia","og_description":"Per il presidente della Regione e il sottosegretario Dika le priorit\u00e0 sono sanit\u00e0 di prossimit\u00e0, difesa del suolo e infrastrutture","og_url":"https:\/\/www.intoscana.it\/it\/seconda-tappa-per-il-programma-di-governo-giani-rilancia-il-ruolo-di-pistoia\/","og_site_name":"intoscana","article_publisher":"https:\/\/www.facebook.com\/intoscana.it","article_published_time":"2025-12-06T07:45:42+00:00","og_image":[{"width":1496,"height":725,"url":"https:\/\/www.intoscana.it\/wp-content\/uploads\/La-presentazione-del-programma-di-governo-a-Pistoia.jpeg","type":"image\/jpeg"}],"author":"Redazione","twitter_card":"summary_large_image","twitter_creator":"@intoscana","twitter_site":"@intoscana","twitter_misc":{"Written by":"Redazione","Est. reading time":"3 minuti"},"schema":{"@context":"https:\/\/schema.org","@graph":[{"@type":"WebPage","@id":"https:\/\/www.intoscana.it\/it\/seconda-tappa-per-il-programma-di-governo-giani-rilancia-il-ruolo-di-pistoia\/","url":"https:\/\/www.intoscana.it\/it\/seconda-tappa-per-il-programma-di-governo-giani-rilancia-il-ruolo-di-pistoia\/","name":"Seconda tappa per il programma di governo, Giani rilancia il ruolo di Pistoia - intoscana","isPartOf":{"@id":"https:\/\/www.intoscana.it\/it\/#website"},"primaryImageOfPage":{"@id":"https:\/\/www.intoscana.it\/it\/seconda-tappa-per-il-programma-di-governo-giani-rilancia-il-ruolo-di-pistoia\/#primaryimage"},"image":{"@id":"https:\/\/www.intoscana.it\/it\/seconda-tappa-per-il-programma-di-governo-giani-rilancia-il-ruolo-di-pistoia\/#primaryimage"},"thumbnailUrl":"https:\/\/www.intoscana.it\/wp-content\/uploads\/La-presentazione-del-programma-di-governo-a-Pistoia.jpeg","datePublished":"2025-12-06T07:45:42+00:00","author":{"@id":"https:\/\/www.intoscana.it\/it\/#\/schema\/person\/9223810753230f20bd670fdd322661f8"},"description":"Per il presidente della Regione e il sottosegretario Dika le priorit\u00e0 sono sanit\u00e0 di prossimit\u00e0, difesa del suolo e infrastrutture","breadcrumb":{"@id":"https:\/\/www.intoscana.it\/it\/seconda-tappa-per-il-programma-di-governo-giani-rilancia-il-ruolo-di-pistoia\/#breadcrumb"},"inLanguage":"it-IT","potentialAction":[{"@type":"ReadAction","target":["https:\/\/www.intoscana.it\/it\/seconda-tappa-per-il-programma-di-governo-giani-rilancia-il-ruolo-di-pistoia\/"]}]},{"@type":"ImageObject","inLanguage":"it-IT","@id":"https:\/\/www.intoscana.it\/it\/seconda-tappa-per-il-programma-di-governo-giani-rilancia-il-ruolo-di-pistoia\/#primaryimage","url":"https:\/\/www.intoscana.it\/wp-content\/uploads\/La-presentazione-del-programma-di-governo-a-Pistoia.jpeg","contentUrl":"https:\/\/www.intoscana.it\/wp-content\/uploads\/La-presentazione-del-programma-di-governo-a-Pistoia.jpeg","width":1496,"height":725},{"@type":"BreadcrumbList","@id":"https:\/\/www.intoscana.it\/it\/seconda-tappa-per-il-programma-di-governo-giani-rilancia-il-ruolo-di-pistoia\/#breadcrumb","itemListElement":[{"@type":"ListItem","position":1,"name":"Home","item":"https:\/\/www.intoscana.it\/it\/"},{"@type":"ListItem","position":2,"name":"Seconda tappa per il programma di governo, Giani rilancia il ruolo di Pistoia"}]},{"@type":"WebSite","@id":"https:\/\/www.intoscana.it\/it\/#website","url":"https:\/\/www.intoscana.it\/it\/","name":"intoscana","description":"","potentialAction":[{"@type":"SearchAction","target":{"@type":"EntryPoint","urlTemplate":"https:\/\/www.intoscana.it\/it\/?s={search_term_string}"},"query-input":{"@type":"PropertyValueSpecification","valueRequired":true,"valueName":"search_term_string"}}],"inLanguage":"it-IT"},{"@type":"Person","@id":"https:\/\/www.intoscana.it\/it\/#\/schema\/person\/9223810753230f20bd670fdd322661f8","name":"Redazione","url":"https:\/\/www.intoscana.it\/it\/author\/redazione\/"}]}},"_links":{"self":[{"href":"https:\/\/www.intoscana.it\/it\/wp-json\/wp\/v2\/posts\/409688","targetHints":{"allow":["GET"]}}],"collection":[{"href":"https:\/\/www.intoscana.it\/it\/wp-json\/wp\/v2\/posts"}],"about":[{"href":"https:\/\/www.intoscana.it\/it\/wp-json\/wp\/v2\/types\/post"}],"author":[{"embeddable":true,"href":"https:\/\/www.intoscana.it\/it\/wp-json\/wp\/v2\/users\/525"}],"replies":[{"embeddable":true,"href":"https:\/\/www.intoscana.it\/it\/wp-json\/wp\/v2\/comments?post=409688"}],"version-history":[{"count":5,"href":"https:\/\/www.intoscana.it\/it\/wp-json\/wp\/v2\/posts\/409688\/revisions"}],"predecessor-version":[{"id":409704,"href":"https:\/\/www.intoscana.it\/it\/wp-json\/wp\/v2\/posts\/409688\/revisions\/409704"}],"wp:featuredmedia":[{"embeddable":true,"href":"https:\/\/www.intoscana.it\/it\/wp-json\/wp\/v2\/media\/409690"}],"wp:attachment":[{"href":"https:\/\/www.intoscana.it\/it\/wp-json\/wp\/v2\/media?parent=409688"}],"wp:term":[{"taxonomy":"category","embeddable":true,"href":"https:\/\/www.intoscana.it\/it\/wp-json\/wp\/v2\/categories?post=409688"},{"taxonomy":"post_tag","embeddable":true,"href":"https:\/\/www.intoscana.it\/it\/wp-json\/wp\/v2\/tags?post=409688"}],"curies":[{"name":"wp","href":"https:\/\/api.w.org\/{rel}","templated":true}]}}