{"id":409714,"date":"2025-12-06T09:43:32","date_gmt":"2025-12-06T08:43:32","guid":{"rendered":"https:\/\/www.intoscana.it\/it\/?p=409714"},"modified":"2025-12-06T09:44:33","modified_gmt":"2025-12-06T08:44:33","slug":"turismo-nel-2025-a-firenze-aumentano-arrivi-e-presenze","status":"publish","type":"post","link":"https:\/\/www.intoscana.it\/it\/turismo-nel-2025-a-firenze-aumentano-arrivi-e-presenze\/","title":{"rendered":"Turismo: nel 2025 a Firenze aumentano arrivi e presenze"},"content":{"rendered":"<p>Numeri in rialzo per il <strong>turismo a Firenze<\/strong> anche nel 2025. Nei primi dieci mesi dell&#8217;anno nel capoluogo toscano si sono registrati <strong>oltre 4 milioni di arrivi e 9,7 milioni di presenze,<\/strong> rispettivamente +7,1% e +8,5% su base annua, secondo le stime elaborate da Cst Firenze sui dati dell&#8217;Osservatorio turistico regionale e della Metrocitt\u00e0.<\/p>\n<h3>Una crescita trainati dagli stranieri<\/h3>\n<p><mark>Una crescita che ha interessato il mercato nazionale (+96.000 presenze) ma soprattutto quello straniero (+666.000 presenze). <\/mark>I mesi con incrementi maggiori sono stati aprile (+132 mila presenze) e maggio (+228 mila), luglio (-1,6%) l&#8217;unico in calo.<\/p>\n<p>I dati sono stati presentati dal direttore del Cst Alessandro Tortelli nella ex Chiesa di San Carlo dei Barnabiti durante il convegno <strong>&#8216;Destinazione Firenze 2026 &#8211; Per la valorizzazione sostenibile della citt\u00e0&#8217;.<\/strong><\/p>\n<p><em>&#8220;La crescita del turismo nel 2025 non \u00e8 solo quantitativa<\/em> &#8211; ha detto <strong>l&#8217;assessore allo sviluppo economico e al turismo del Comune ci Firenze, Jacopo Vicini<\/strong> &#8211; <em>stiamo costruendo un modello pi\u00f9 equilibrato e sostenibile. L&#8217;aumento degli arrivi e delle presenze, cos\u00ec come quello dei visitatori giornalieri, ci conferma che Firenze \u00e8 una destinazione di enorme attrattivit\u00e0, ma allo stesso tempo rafforza la necessit\u00e0 di governare i flussi e migliorare la distribuzione dei benefici sul territorio. Nel 2026 vogliamo proseguire su questa strada, lavorando su innovazione, rispetto delle regole, valorizzazione dei quartieri e servizi per residenti e visitatori. Firenze pu\u00f2 e deve essere un esempio europeo di turismo sostenibile&#8221;.\u00a0<\/em><\/p>\n<h3>Aumentano i visitatori giornalieri e l&#8217;extralberghiero<\/h3>\n<p>Tra i numeri in crescita, <strong>anche i visitatori giornalieri.<\/strong> I permessi rilasciati da gennaio ad ottobre per l&#8217;accesso dei bus turistici in citt\u00e0 sono stati 50.333, 15.692 in pi\u00f9 rispetto allo stesso periodo 2024 (+45,3%). Circa 42mila invece i &#8220;permessi giornalieri&#8221; pari all&#8217;83,5% del totale (+56,1%), pi\u00f9 di 8 mila quelli &#8220;con pernottamento&#8221; (+7,6%).<\/p>\n<p>Per quanto riguarda l&#8217;offerta ricettiva boom per le locazioni turistiche (+463 mila), ma<strong> numeri positivi anche per extralberghiero<\/strong> (+274 mila) e in misura pi\u00f9 lieve per il comparto alberghiero (+25mila). Lombardia, Lazio e Campania si confermano i primi mercati regionali per domanda interna mentre gli <strong>Usa con il 29% del totale delle presenze straniere<\/strong>, hanno rappresentato il principale mercato turistico della citt\u00e0.<\/p>\n","protected":false},"excerpt":{"rendered":"<p>Secondo i dati di Cst Firenze nei primi dieci mesi dell&#8217;anno nel capoluogo toscano sono stati registrati oltre 4 milioni di arrivi e 9,7 milioni di presenze, rispettivamente in aumento del 7,1% e dell&#8217;8,5%<\/p>\n","protected":false},"author":525,"featured_media":392113,"comment_status":"open","ping_status":"open","sticky":false,"template":"","format":"standard","meta":{"_acf_changed":false,"footnotes":""},"categories":[494],"tags":[202,143],"class_list":["post-409714","post","type-post","status-publish","format-standard","has-post-thumbnail","hentry","category-attualita","tag-firenze","tag-turismo"],"acf":[],"yoast_head":"<!-- This site is optimized with the Yoast SEO Premium plugin v24.2 (Yoast SEO v25.6) - https:\/\/yoast.com\/wordpress\/plugins\/seo\/ -->\n<title>Turismo: nel 2025 a Firenze aumentano arrivi e presenze - intoscana<\/title>\n<meta name=\"robots\" content=\"index, follow, max-snippet:-1, max-image-preview:large, max-video-preview:-1\" \/>\n<link rel=\"canonical\" href=\"https:\/\/www.intoscana.it\/it\/turismo-nel-2025-a-firenze-aumentano-arrivi-e-presenze\/\" \/>\n<meta property=\"og:locale\" content=\"it_IT\" \/>\n<meta property=\"og:type\" content=\"article\" \/>\n<meta property=\"og:title\" content=\"Turismo: nel 2025 a Firenze aumentano arrivi e presenze\" \/>\n<meta property=\"og:description\" content=\"Secondo i dati di Cst Firenze nei primi dieci mesi dell&#039;anno nel capoluogo toscano sono stati registrati oltre 4 milioni di arrivi e 9,7 milioni di presenze, rispettivamente in aumento del 7,1% e dell&#039;8,5%\" \/>\n<meta property=\"og:url\" content=\"https:\/\/www.intoscana.it\/it\/turismo-nel-2025-a-firenze-aumentano-arrivi-e-presenze\/\" \/>\n<meta property=\"og:site_name\" content=\"intoscana\" \/>\n<meta property=\"article:publisher\" content=\"https:\/\/www.facebook.com\/intoscana.it\" \/>\n<meta property=\"article:published_time\" content=\"2025-12-06T08:43:32+00:00\" \/>\n<meta property=\"article:modified_time\" content=\"2025-12-06T08:44:33+00:00\" \/>\n<meta property=\"og:image\" content=\"https:\/\/www.intoscana.it\/wp-content\/uploads\/taylor-smith-turismo-turisti-toscana-firenze-scaled.jpg\" \/>\n\t<meta property=\"og:image:width\" content=\"2048\" \/>\n\t<meta property=\"og:image:height\" content=\"1365\" \/>\n\t<meta property=\"og:image:type\" content=\"image\/jpeg\" \/>\n<meta name=\"author\" content=\"Redazione\" \/>\n<meta name=\"twitter:card\" content=\"summary_large_image\" \/>\n<meta name=\"twitter:creator\" content=\"@intoscana\" \/>\n<meta name=\"twitter:site\" content=\"@intoscana\" \/>\n<meta name=\"twitter:label1\" content=\"Written by\" \/>\n\t<meta name=\"twitter:data1\" content=\"Redazione\" \/>\n\t<meta name=\"twitter:label2\" content=\"Est. reading time\" \/>\n\t<meta name=\"twitter:data2\" content=\"3 minuti\" \/>\n<script type=\"application\/ld+json\" class=\"yoast-schema-graph\">{\"@context\":\"https:\/\/schema.org\",\"@graph\":[{\"@type\":\"WebPage\",\"@id\":\"https:\/\/www.intoscana.it\/it\/turismo-nel-2025-a-firenze-aumentano-arrivi-e-presenze\/\",\"url\":\"https:\/\/www.intoscana.it\/it\/turismo-nel-2025-a-firenze-aumentano-arrivi-e-presenze\/\",\"name\":\"Turismo: nel 2025 a Firenze aumentano arrivi e presenze - intoscana\",\"isPartOf\":{\"@id\":\"https:\/\/www.intoscana.it\/it\/#website\"},\"primaryImageOfPage\":{\"@id\":\"https:\/\/www.intoscana.it\/it\/turismo-nel-2025-a-firenze-aumentano-arrivi-e-presenze\/#primaryimage\"},\"image\":{\"@id\":\"https:\/\/www.intoscana.it\/it\/turismo-nel-2025-a-firenze-aumentano-arrivi-e-presenze\/#primaryimage\"},\"thumbnailUrl\":\"https:\/\/www.intoscana.it\/wp-content\/uploads\/taylor-smith-turismo-turisti-toscana-firenze-scaled.jpg\",\"datePublished\":\"2025-12-06T08:43:32+00:00\",\"dateModified\":\"2025-12-06T08:44:33+00:00\",\"author\":{\"@id\":\"https:\/\/www.intoscana.it\/it\/#\/schema\/person\/9223810753230f20bd670fdd322661f8\"},\"breadcrumb\":{\"@id\":\"https:\/\/www.intoscana.it\/it\/turismo-nel-2025-a-firenze-aumentano-arrivi-e-presenze\/#breadcrumb\"},\"inLanguage\":\"it-IT\",\"potentialAction\":[{\"@type\":\"ReadAction\",\"target\":[\"https:\/\/www.intoscana.it\/it\/turismo-nel-2025-a-firenze-aumentano-arrivi-e-presenze\/\"]}]},{\"@type\":\"ImageObject\",\"inLanguage\":\"it-IT\",\"@id\":\"https:\/\/www.intoscana.it\/it\/turismo-nel-2025-a-firenze-aumentano-arrivi-e-presenze\/#primaryimage\",\"url\":\"https:\/\/www.intoscana.it\/wp-content\/uploads\/taylor-smith-turismo-turisti-toscana-firenze-scaled.jpg\",\"contentUrl\":\"https:\/\/www.intoscana.it\/wp-content\/uploads\/taylor-smith-turismo-turisti-toscana-firenze-scaled.jpg\",\"width\":2048,\"height\":1365,\"caption\":\"Flussi turistici in Toscana\"},{\"@type\":\"BreadcrumbList\",\"@id\":\"https:\/\/www.intoscana.it\/it\/turismo-nel-2025-a-firenze-aumentano-arrivi-e-presenze\/#breadcrumb\",\"itemListElement\":[{\"@type\":\"ListItem\",\"position\":1,\"name\":\"Home\",\"item\":\"https:\/\/www.intoscana.it\/it\/\"},{\"@type\":\"ListItem\",\"position\":2,\"name\":\"Turismo: nel 2025 a Firenze aumentano arrivi e presenze\"}]},{\"@type\":\"WebSite\",\"@id\":\"https:\/\/www.intoscana.it\/it\/#website\",\"url\":\"https:\/\/www.intoscana.it\/it\/\",\"name\":\"intoscana\",\"description\":\"\",\"potentialAction\":[{\"@type\":\"SearchAction\",\"target\":{\"@type\":\"EntryPoint\",\"urlTemplate\":\"https:\/\/www.intoscana.it\/it\/?s={search_term_string}\"},\"query-input\":{\"@type\":\"PropertyValueSpecification\",\"valueRequired\":true,\"valueName\":\"search_term_string\"}}],\"inLanguage\":\"it-IT\"},{\"@type\":\"Person\",\"@id\":\"https:\/\/www.intoscana.it\/it\/#\/schema\/person\/9223810753230f20bd670fdd322661f8\",\"name\":\"Redazione\",\"url\":\"https:\/\/www.intoscana.it\/it\/author\/redazione\/\"}]}<\/script>\n<!-- \/ Yoast SEO Premium plugin. -->","yoast_head_json":{"title":"Turismo: nel 2025 a Firenze aumentano arrivi e presenze - intoscana","robots":{"index":"index","follow":"follow","max-snippet":"max-snippet:-1","max-image-preview":"max-image-preview:large","max-video-preview":"max-video-preview:-1"},"canonical":"https:\/\/www.intoscana.it\/it\/turismo-nel-2025-a-firenze-aumentano-arrivi-e-presenze\/","og_locale":"it_IT","og_type":"article","og_title":"Turismo: nel 2025 a Firenze aumentano arrivi e presenze","og_description":"Secondo i dati di Cst Firenze nei primi dieci mesi dell'anno nel capoluogo toscano sono stati registrati oltre 4 milioni di arrivi e 9,7 milioni di presenze, rispettivamente in aumento del 7,1% e dell'8,5%","og_url":"https:\/\/www.intoscana.it\/it\/turismo-nel-2025-a-firenze-aumentano-arrivi-e-presenze\/","og_site_name":"intoscana","article_publisher":"https:\/\/www.facebook.com\/intoscana.it","article_published_time":"2025-12-06T08:43:32+00:00","article_modified_time":"2025-12-06T08:44:33+00:00","og_image":[{"width":2048,"height":1365,"url":"https:\/\/www.intoscana.it\/wp-content\/uploads\/taylor-smith-turismo-turisti-toscana-firenze-scaled.jpg","type":"image\/jpeg"}],"author":"Redazione","twitter_card":"summary_large_image","twitter_creator":"@intoscana","twitter_site":"@intoscana","twitter_misc":{"Written by":"Redazione","Est. reading time":"3 minuti"},"schema":{"@context":"https:\/\/schema.org","@graph":[{"@type":"WebPage","@id":"https:\/\/www.intoscana.it\/it\/turismo-nel-2025-a-firenze-aumentano-arrivi-e-presenze\/","url":"https:\/\/www.intoscana.it\/it\/turismo-nel-2025-a-firenze-aumentano-arrivi-e-presenze\/","name":"Turismo: nel 2025 a Firenze aumentano arrivi e presenze - intoscana","isPartOf":{"@id":"https:\/\/www.intoscana.it\/it\/#website"},"primaryImageOfPage":{"@id":"https:\/\/www.intoscana.it\/it\/turismo-nel-2025-a-firenze-aumentano-arrivi-e-presenze\/#primaryimage"},"image":{"@id":"https:\/\/www.intoscana.it\/it\/turismo-nel-2025-a-firenze-aumentano-arrivi-e-presenze\/#primaryimage"},"thumbnailUrl":"https:\/\/www.intoscana.it\/wp-content\/uploads\/taylor-smith-turismo-turisti-toscana-firenze-scaled.jpg","datePublished":"2025-12-06T08:43:32+00:00","dateModified":"2025-12-06T08:44:33+00:00","author":{"@id":"https:\/\/www.intoscana.it\/it\/#\/schema\/person\/9223810753230f20bd670fdd322661f8"},"breadcrumb":{"@id":"https:\/\/www.intoscana.it\/it\/turismo-nel-2025-a-firenze-aumentano-arrivi-e-presenze\/#breadcrumb"},"inLanguage":"it-IT","potentialAction":[{"@type":"ReadAction","target":["https:\/\/www.intoscana.it\/it\/turismo-nel-2025-a-firenze-aumentano-arrivi-e-presenze\/"]}]},{"@type":"ImageObject","inLanguage":"it-IT","@id":"https:\/\/www.intoscana.it\/it\/turismo-nel-2025-a-firenze-aumentano-arrivi-e-presenze\/#primaryimage","url":"https:\/\/www.intoscana.it\/wp-content\/uploads\/taylor-smith-turismo-turisti-toscana-firenze-scaled.jpg","contentUrl":"https:\/\/www.intoscana.it\/wp-content\/uploads\/taylor-smith-turismo-turisti-toscana-firenze-scaled.jpg","width":2048,"height":1365,"caption":"Flussi turistici in Toscana"},{"@type":"BreadcrumbList","@id":"https:\/\/www.intoscana.it\/it\/turismo-nel-2025-a-firenze-aumentano-arrivi-e-presenze\/#breadcrumb","itemListElement":[{"@type":"ListItem","position":1,"name":"Home","item":"https:\/\/www.intoscana.it\/it\/"},{"@type":"ListItem","position":2,"name":"Turismo: nel 2025 a Firenze aumentano arrivi e presenze"}]},{"@type":"WebSite","@id":"https:\/\/www.intoscana.it\/it\/#website","url":"https:\/\/www.intoscana.it\/it\/","name":"intoscana","description":"","potentialAction":[{"@type":"SearchAction","target":{"@type":"EntryPoint","urlTemplate":"https:\/\/www.intoscana.it\/it\/?s={search_term_string}"},"query-input":{"@type":"PropertyValueSpecification","valueRequired":true,"valueName":"search_term_string"}}],"inLanguage":"it-IT"},{"@type":"Person","@id":"https:\/\/www.intoscana.it\/it\/#\/schema\/person\/9223810753230f20bd670fdd322661f8","name":"Redazione","url":"https:\/\/www.intoscana.it\/it\/author\/redazione\/"}]}},"_links":{"self":[{"href":"https:\/\/www.intoscana.it\/it\/wp-json\/wp\/v2\/posts\/409714","targetHints":{"allow":["GET"]}}],"collection":[{"href":"https:\/\/www.intoscana.it\/it\/wp-json\/wp\/v2\/posts"}],"about":[{"href":"https:\/\/www.intoscana.it\/it\/wp-json\/wp\/v2\/types\/post"}],"author":[{"embeddable":true,"href":"https:\/\/www.intoscana.it\/it\/wp-json\/wp\/v2\/users\/525"}],"replies":[{"embeddable":true,"href":"https:\/\/www.intoscana.it\/it\/wp-json\/wp\/v2\/comments?post=409714"}],"version-history":[{"count":5,"href":"https:\/\/www.intoscana.it\/it\/wp-json\/wp\/v2\/posts\/409714\/revisions"}],"predecessor-version":[{"id":409720,"href":"https:\/\/www.intoscana.it\/it\/wp-json\/wp\/v2\/posts\/409714\/revisions\/409720"}],"wp:featuredmedia":[{"embeddable":true,"href":"https:\/\/www.intoscana.it\/it\/wp-json\/wp\/v2\/media\/392113"}],"wp:attachment":[{"href":"https:\/\/www.intoscana.it\/it\/wp-json\/wp\/v2\/media?parent=409714"}],"wp:term":[{"taxonomy":"category","embeddable":true,"href":"https:\/\/www.intoscana.it\/it\/wp-json\/wp\/v2\/categories?post=409714"},{"taxonomy":"post_tag","embeddable":true,"href":"https:\/\/www.intoscana.it\/it\/wp-json\/wp\/v2\/tags?post=409714"}],"curies":[{"name":"wp","href":"https:\/\/api.w.org\/{rel}","templated":true}]}}