{"id":409785,"date":"2025-12-11T07:38:49","date_gmt":"2025-12-11T06:38:49","guid":{"rendered":"https:\/\/www.intoscana.it\/it\/?p=409785"},"modified":"2025-12-12T13:36:25","modified_gmt":"2025-12-12T12:36:25","slug":"fabio-capanni-blue-disco-intervista","status":"publish","type":"post","link":"https:\/\/www.intoscana.it\/it\/fabio-capanni-blue-disco-intervista\/","title":{"rendered":"Fabio Capanni tocca il cielo con &#8220;BLUE&#8221;: un viaggio musicale oltre l&#8217;ultimo confine"},"content":{"rendered":"<p>C\u2019\u00e8 un punto, al confine del <strong>mondo antico,<\/strong> in cui la terra finisce e tutto si dissolve nell\u2019infinito. <strong>Gli antichi lo chiamavano<em> &#8220;Finis Terrae&#8221;<\/em><\/strong><em>:<\/em> un approdo e insieme un trampolino verso l\u2019ignoto, dove<strong> cielo e oceano si sfiorano<\/strong> lungo una linea sottile.<\/p>\n<p>\u00c8 da l\u00ec che prende slancio <strong><em>BLUE,<\/em><\/strong> il nuovo album di <strong>Fabio Capanni<\/strong> uscito per l&#8217;etichetta <a href=\"https:\/\/www.curiousmusic.us\" target=\"_blank\" rel=\"noopener\"><strong>Curious Music,<\/strong> <\/a>terzo e ultimo capitolo di <strong>un viaggio iniziato nel 2021 con <a href=\"https:\/\/www.intoscana.it\/it\/musica-ambient-per-evadere-dalla-vita-quotidiana-in-home-i-paesaggi-sonori-di-fabio-capanni\/\" target=\"_blank\" rel=\"noopener\"><em>HOME<\/em><\/a><\/strong> e proseguito <strong>nel 2023 con <a href=\"https:\/\/www.intoscana.it\/it\/podcast\/le-architetture-musicali-di-fabio-capanni-in-outside\/\" target=\"_blank\" rel=\"noopener\"><em>OUTSIDE<\/em><\/a>:<\/strong> un cammino che dall\u2019introspezione \u00e8 passato all\u2019apertura verso il mondo, fino a <strong>sollevare lo sguardo verso l\u2019alto<\/strong>, fino a dissolversi in un\u2019unica, immensa tonalit\u00e0 di blu.<\/p>\n<p>In queste nuove composizioni, <strong>Capanni compie un volo solitario e consapevole:<\/strong> un\u2019ascesa rarefatta, tra paesaggi sospesi e cieli insondabili, che distilla e completa le atmosfere dei suoi precedenti lavori.<\/p>\n<p>Da <strong>pioniere della musica sperimentale<\/strong> e collaboratore di figure del calibro di <strong>Peter Principle, Luc van Lieshout dei Tuxedomoon, Harold Budd, David Torn, Steve Jansen, Richard Barbieri, Tim Story <\/strong>e il padre della musica ambient <strong><a href=\"https:\/\/it.wikipedia.org\/wiki\/Hans-Joachim_Roedelius\" target=\"_blank\" rel=\"noopener\">Hans-Joachim Roedelius<\/a>,<\/strong> Capanni torna oggi con un album che \u00e8 insieme <strong>approdo e ripartenza,<\/strong>\u00a0la conclusione di una trilogia e l\u2019inizio di <strong>un nuovo, possibile viaggio da intraprendere.<\/strong><\/p>\n<p><strong>\u00c8 un disco che va ascoltato con gli occhi chiusi,<\/strong> per godere pienamente di tutte le sfumature del <strong>viaggio (fuori e dentro di noi)<\/strong> che la musica di Capanni ci consente di fare, immaginando quello che ognuno preferisce.<\/p>\n<h3>Ecco la nostra intervista a Fabio Capanni<\/h3>\n<p><strong>Ciao Fabio! Oltre che musicista sei anche un architetto, io vedo un collegamento tra le <a href=\"https:\/\/www.fabiocapanni.com\" target=\"_blank\" rel=\"noopener\">opere che hai realizzato <\/a>\u00a0e la tua musica. In questo tuo ultimo disco sono molto importanti le pause, i momenti di vuoto<\/strong><\/p>\n<p>Bravissima<strong>, l&#8217;architettura \u00e8 il centro della mia vita<\/strong>, \u00e8 vero che ci sono collegamenti. <strong>Nel mio lavoro mi occupo molto del rapporto tra spazio e luce<\/strong>. Le mie opere sono monomateriche, molto semplici. <strong>Proprio la ricerca dell&#8217;essenzialit\u00e0 \u00e8 quello che lega le mie opere alla mia musica,<\/strong> cercare di fare molto facendo il meno possibile. Ai miei studenti, sono anche docente universitario, dico sempre che<strong> un architetto bravo \u00e8 quello <\/strong>che arriva alla soluzione con <strong>un gesto semplice, chiaro, essenziale.<\/strong> Questa per me \u00e8 la chiave della <strong>poesia nell&#8217;architettura come nella musica.<\/strong> <p><span class=\"citazione\">Per me la musica \u00e8 la ricerca della bellezza. Nell&#8217;arte ognuno di noi porta qualcosa di bello e di luminoso che deve essere messo a disposizione di tutti perch\u00e9 \u00e8 qualcosa che ti lega a tutti gli altri anche se \u00e8 solo tuo<\/span><\/p><\/p>\n<p><strong>\u00c8\u00a0una semplicit\u00e0 paradossalmente difficilissima da raggiungere sia in musica che in architettura<\/strong><\/p>\n<p>Esatto, sono cose dietro alle quali sta tantissima fatica.<strong> Per arrivare alla semplicit\u00e0 estrema c&#8217;\u00e8 tutto un lavoro per togliere, per levare.<\/strong><\/p>\n<p><strong><em>BLUE<\/em> \u00e8 la conclusione di un trittico, mi ha fatto pensare ai film di fantascienza, ai viaggi nello spazio, hai creato un paesaggio sonoro molto accogliente, ma anche a tratti pericoloso, questo \u00e8 quello che ho percepito. Ti sei staccato dalla terra con questo disco<\/strong><\/p>\n<p>\u00c8\u00a0proprio cos\u00ec,<strong> la trilogia attraversa la mia interiorit\u00e0<\/strong>. Dopo essere stato per molto tempo in silenzio <strong><em>HOME<\/em><\/strong>\u00a0<strong>\u00e8 nato per guardarmi dentro<\/strong> e ritrovare un mio modo per esprimermi attraverso la musica. <em><b>OUTSIDE <\/b><\/em><strong>rispecchia la mia interiorit\u00e0 che si rivolge all&#8217;esterno, <\/strong>per confrontarmi con il reale. <strong><em>BLUE<\/em>\u00a0\u00e8 la sublimazione della condizione terrena,<\/strong> cercare di staccarsi da tutti i condizionamenti e <strong>lasciare l&#8217;espressivit\u00e0 nella sua libert\u00e0 pi\u00f9 assoluta<\/strong>. Per me <strong>\u00e8 un volo che parte dal primo brano <em>&#8220;Finis Terrae&#8221;,<\/em><\/strong> il luogo dove finiva la terra e iniziava l&#8217;incognito.<strong> Quel pezzo \u00e8 un decollo, staccarsi da terra e iniziare un viaggio <\/strong>che incontra paesaggi sempre pi\u00f9 rarefatti, immaginari, per <strong>alleggerirsi e poi dissolversi nel blu dell&#8217;ultimo brano.\u00a0<\/strong><\/p>\n<p><strong>Hai deciso di realizzare questo disco da solo, senza l&#8217;aiuto di nessuno, \u00e8 un tuo viaggio solitario<\/strong><\/p>\n<p><strong>\u00c8 stata una mia scelta,<\/strong> ci ho pensato molto. Nei primi due dischi mi sono fatto accompagnare per ritrovarmi nel mondo musicale da carissimi amici del passato che mi hanno aiutato. Sicuramente interventi esterni avrebbero arricchito BLUE, ma ho scelto di dire no,<strong> questa volta sono solo, libero, senza rete e senza salvagente.<\/strong><\/p>\n<figure id=\"post-409809 media-409809\" class=\"align-none\"><img decoding=\"async\" src=\"https:\/\/www.intoscana.it\/wp-content\/uploads\/VISTA-INTERNA-col.jpg.avif\" alt=\"\" \/><\/figure>\n<div class=\"titleimg\"><em>The Door of Mediterraneo Lampedusa (Agrigento) 2019 \u200b project Fabio Capanni, collaborators Simone Barbi, Iacopo Farolfi, Alessandro Sordi, Daniele Vanni<\/em><\/div>\n<p><strong>L&#8217;idea di staccarsi dal suolo e affrontare una nuova dimensione \u00e8 un tema affrontato da tanti artisti, da Dante nella Divina Commedia che parla della musica delle alte sfere, ma anche da <a href=\"https:\/\/it.wikipedia.org\/wiki\/Lucio_Fontana\" target=\"_blank\" rel=\"noopener\">Lucio Fontana<\/a> che con i suoi tagli and\u00f2 oltre la tela, superando l&#8217;orizzonte per lanciarsi nell&#8217;ignoto<\/strong><\/p>\n<p>Con Fontana hai centrato il punto,<strong> l&#8217;astrazione nell&#8217;arte \u00e8 proprio il tentativo di lasciare la figurazione<\/strong> per poter fare in modo che il pensiero si possa esprimere senza un medium, trasmettendo in maniera pi\u00f9 pura possibile quella che \u00e8 una sensazione interiore, un&#8217;idea. <strong>In BLUE ci sono molti brani in cui la struttura \u00e8 pi\u00f9 labile, pi\u00f9 libera<\/strong>, volevo staccarmi dalle strutture pi\u00f9 convenzionali. Il paragone con l&#8217;astrazione di Fontana \u00e8 assolutamente giusto.<p><span class=\"citazione\">Nel mio piccolo cerco la luce, BLUE \u00e8 proprio questo, la ricerca di una frequenza che ci tenga tutti uniti.\u00a0Il mondo che ci circonda oggi \u00e8 piuttosto terribile<strong>, <\/strong>la musica \u00e8 qualcosa in cui trovare quello che ancora ci pu\u00f2 salvare<\/span><\/p><\/p>\n<p><strong>BLUE mi ha fatto pensare anche alla dissoluzione dell&#8217;ego che \u00e8 l&#8217;obiettivo di tante religioni e filosofie orientali. Nel momento in cui lasci l&#8217;individualit\u00e0 puoi raggiungere l&#8217;illuminazione<\/strong><\/p>\n<p>Credo che la musica possa essere affrontata in moltissimi modi, per qualcuno \u00e8 una critica della realt\u00e0,<strong> c&#8217;\u00e8 chi vede le parti pi\u00f9 buie, chi quelle pi\u00f9 luminose<\/strong>. Per me<strong> la musica \u00e8 la ricerca della bellezza, nell&#8217;arte ognuno di noi porta qualcosa di bello e di luminoso<\/strong> che deve essere messo a disposizione di tutti perch\u00e9 \u00e8 qualcosa che ti lega a tutti gli altri anche se \u00e8 solo tuo. <strong>Nel mio piccolo cerco la luce<\/strong>, un qualcosa che sta sopra di noi, <strong>BLUE<\/strong> \u00e8 proprio questo. Vado verso la spersonalizzazione,<strong> la ricerca di una frequenza che ci tenga tutti uniti<\/strong>.\u00a0Il mondo che ci circonda oggi \u00e8 piuttosto terribile<strong>, la musica \u00e8 qualcosa in cui trovare la parte pi\u00f9 bella dell&#8217;essere umano<\/strong>, per trovare quello che ancora ci pu\u00f2 salvare.<\/p>\n<p><strong>BLUE mi ha ricordato anche la colonna sonora di Hans Zimmer per<em> &#8220;Dune&#8221;<\/em>, paesaggi sonori alieni. Il cinema \u00e8 un qualcosa a cui hai mai pensato o aspirato?<\/strong><\/p>\n<p>Sarebbe una mia ambizione, mi sono sempre alimentato di colonne sonore, <strong>Ennio Morricone \u00e8 per me un riferimento assoluto.<\/strong> In passato ho eseguito le sue musiche con un quartetto. L&#8217;ho conosciuto, era una persona straordinaria.<\/p>\n<p><strong>Dopo un viaggio cos\u00ec&#8230; cosa ci pu\u00f2 essere dopo?<\/strong><\/p>\n<p>Ci sono cose a cui sto pensando, ma <strong>sono ancora pi\u00f9 destrutturate, libere e spersonalizzate.\u00a0<\/strong>Qualcosa di ancora pi\u00f9 distante dalla condizione terrena. <strong>Voglio allontanarmi da un modo convenzionale di fare\u00a0musica.<\/strong> BLUE \u00e8 la chiusura di una trilogia abbastanza omogenea, che rappresenta lo sviluppo di un percorso chiaro. <strong>Si chiude una parte importante della mia vita<\/strong>, poi ci sar\u00e0 una ricerca diversa sui suoni e sugli strumenti.<\/p>\n<p><strong>Sarebbe bellissimo ascoltare un tuo concerto dentro una delle tue architetture<\/strong><\/p>\n<p>\u00c8 una cosa alla quale penso da tanto tempo, fare concerti in un luogo dove lo spazio e la luce sono importanti. Ultimamente ho fatto una sonorizzazione per una mostra in <strong>un luogo magnifico a Piacenza che si chiama <a href=\"https:\/\/volumnia.space\/it\/\" target=\"_blank\" rel=\"noopener\" class=\"broken_link\">Volumnia,<\/a><\/strong> una basilica del &#8216;600 grandissima, sconsacrata, ora diventata una <strong>galleria d&#8217;arte contemporanea.<\/strong> <strong>Confrontarmi con l&#8217;architettura e la scultura abbandonandomi a un flusso continuo di suoni<\/strong> \u00e8 un&#8217;esperienza che mi \u00e8 piaciuta tantissimo, <strong>forse un giorno vedr\u00e0 la luce.<\/strong><\/p>\n<figure id=\"post-407301 media-407301\" class=\"align-none\"><img decoding=\"async\" src=\"https:\/\/www.intoscana.it\/wp-content\/uploads\/BLUE-Cover-Vinyl-Promo-HighRes-scaled.jpg\" alt=\"\" \/><\/figure>\n<div class=\"titleimg\">Fabio Capanni, Blue<\/div>\n","protected":false},"excerpt":{"rendered":"<p>Il 12 dicembre \u00e8 uscito per l&#8217;etichetta Curious Music il nuovo album di Fabio Capanni &#8220;BLUE&#8221; conclusione della trilogia iniziata con &#8220;HOME&#8221; e proseguita con &#8220;OUTSIDE&#8221;, un viaggio musicale e spirituale fuori e dentro di noi<\/p>\n","protected":false},"author":518,"featured_media":410075,"comment_status":"open","ping_status":"open","sticky":false,"template":"","format":"standard","meta":{"_acf_changed":false,"footnotes":""},"categories":[14],"tags":[216,3138],"class_list":["post-409785","post","type-post","status-publish","format-standard","has-post-thumbnail","hentry","category-musica","tag-concerti","tag-interviste-agli-artisti"],"acf":[],"yoast_head":"<!-- This site is optimized with the Yoast SEO Premium plugin v24.2 (Yoast SEO v25.6) - https:\/\/yoast.com\/wordpress\/plugins\/seo\/ -->\n<title>Fabio Capanni tocca il cielo con &quot;BLUE&quot;: un viaggio musicale oltre l&#039;ultimo confine - intoscana<\/title>\n<meta name=\"description\" content=\"Il 12 dicembre esce per Curious Music il nuovo album di Fabio Capanni &quot;BLUE&quot; conclusione della trilogia iniziata con &quot;HOME&quot;\" \/>\n<meta name=\"robots\" content=\"index, follow, max-snippet:-1, max-image-preview:large, max-video-preview:-1\" \/>\n<link rel=\"canonical\" href=\"https:\/\/www.intoscana.it\/it\/fabio-capanni-blue-disco-intervista\/\" \/>\n<meta property=\"og:locale\" content=\"it_IT\" \/>\n<meta property=\"og:type\" content=\"article\" \/>\n<meta property=\"og:title\" content=\"Fabio Capanni tocca il cielo con &quot;BLUE&quot;: un viaggio musicale oltre l&#039;ultimo confine\" \/>\n<meta property=\"og:description\" content=\"Il 12 dicembre esce per Curious Music il nuovo album di Fabio Capanni &quot;BLUE&quot; conclusione della trilogia iniziata con &quot;HOME&quot;\" \/>\n<meta property=\"og:url\" content=\"https:\/\/www.intoscana.it\/it\/fabio-capanni-blue-disco-intervista\/\" \/>\n<meta property=\"og:site_name\" content=\"intoscana\" \/>\n<meta property=\"article:publisher\" content=\"https:\/\/www.facebook.com\/intoscana.it\" \/>\n<meta property=\"article:published_time\" content=\"2025-12-11T06:38:49+00:00\" \/>\n<meta property=\"article:modified_time\" content=\"2025-12-12T12:36:25+00:00\" \/>\n<meta property=\"og:image\" content=\"https:\/\/www.intoscana.it\/wp-content\/uploads\/FABIO_CAPANNI_PROMO_2025_0168-scaled.jpeg\" \/>\n\t<meta property=\"og:image:width\" content=\"2048\" \/>\n\t<meta property=\"og:image:height\" content=\"1365\" \/>\n\t<meta property=\"og:image:type\" content=\"image\/jpeg\" \/>\n<meta name=\"author\" content=\"Costanza Baldini\" \/>\n<meta name=\"twitter:card\" content=\"summary_large_image\" \/>\n<meta name=\"twitter:creator\" content=\"@intoscana\" \/>\n<meta name=\"twitter:site\" content=\"@intoscana\" \/>\n<meta name=\"twitter:label1\" content=\"Written by\" \/>\n\t<meta name=\"twitter:data1\" content=\"Costanza Baldini\" \/>\n\t<meta name=\"twitter:label2\" content=\"Est. reading time\" \/>\n\t<meta name=\"twitter:data2\" content=\"8 minuti\" \/>\n<script type=\"application\/ld+json\" class=\"yoast-schema-graph\">{\"@context\":\"https:\/\/schema.org\",\"@graph\":[{\"@type\":\"WebPage\",\"@id\":\"https:\/\/www.intoscana.it\/it\/fabio-capanni-blue-disco-intervista\/\",\"url\":\"https:\/\/www.intoscana.it\/it\/fabio-capanni-blue-disco-intervista\/\",\"name\":\"Fabio Capanni tocca il cielo con \\\"BLUE\\\": un viaggio musicale oltre l'ultimo confine - intoscana\",\"isPartOf\":{\"@id\":\"https:\/\/www.intoscana.it\/it\/#website\"},\"primaryImageOfPage\":{\"@id\":\"https:\/\/www.intoscana.it\/it\/fabio-capanni-blue-disco-intervista\/#primaryimage\"},\"image\":{\"@id\":\"https:\/\/www.intoscana.it\/it\/fabio-capanni-blue-disco-intervista\/#primaryimage\"},\"thumbnailUrl\":\"https:\/\/www.intoscana.it\/wp-content\/uploads\/FABIO_CAPANNI_PROMO_2025_0168-scaled.jpeg\",\"datePublished\":\"2025-12-11T06:38:49+00:00\",\"dateModified\":\"2025-12-12T12:36:25+00:00\",\"author\":{\"@id\":\"https:\/\/www.intoscana.it\/it\/#\/schema\/person\/d469f35f09739bdf00bf5dd3f0647a82\"},\"description\":\"Il 12 dicembre esce per Curious Music il nuovo album di Fabio Capanni \\\"BLUE\\\" conclusione della trilogia iniziata con \\\"HOME\\\"\",\"breadcrumb\":{\"@id\":\"https:\/\/www.intoscana.it\/it\/fabio-capanni-blue-disco-intervista\/#breadcrumb\"},\"inLanguage\":\"it-IT\",\"potentialAction\":[{\"@type\":\"ReadAction\",\"target\":[\"https:\/\/www.intoscana.it\/it\/fabio-capanni-blue-disco-intervista\/\"]}]},{\"@type\":\"ImageObject\",\"inLanguage\":\"it-IT\",\"@id\":\"https:\/\/www.intoscana.it\/it\/fabio-capanni-blue-disco-intervista\/#primaryimage\",\"url\":\"https:\/\/www.intoscana.it\/wp-content\/uploads\/FABIO_CAPANNI_PROMO_2025_0168-scaled.jpeg\",\"contentUrl\":\"https:\/\/www.intoscana.it\/wp-content\/uploads\/FABIO_CAPANNI_PROMO_2025_0168-scaled.jpeg\",\"width\":2048,\"height\":1365,\"caption\":\"Fabio Capanni\"},{\"@type\":\"BreadcrumbList\",\"@id\":\"https:\/\/www.intoscana.it\/it\/fabio-capanni-blue-disco-intervista\/#breadcrumb\",\"itemListElement\":[{\"@type\":\"ListItem\",\"position\":1,\"name\":\"Home\",\"item\":\"https:\/\/www.intoscana.it\/it\/\"},{\"@type\":\"ListItem\",\"position\":2,\"name\":\"Fabio Capanni tocca il cielo con &#8220;BLUE&#8221;: un viaggio musicale oltre l&#8217;ultimo confine\"}]},{\"@type\":\"WebSite\",\"@id\":\"https:\/\/www.intoscana.it\/it\/#website\",\"url\":\"https:\/\/www.intoscana.it\/it\/\",\"name\":\"intoscana\",\"description\":\"\",\"potentialAction\":[{\"@type\":\"SearchAction\",\"target\":{\"@type\":\"EntryPoint\",\"urlTemplate\":\"https:\/\/www.intoscana.it\/it\/?s={search_term_string}\"},\"query-input\":{\"@type\":\"PropertyValueSpecification\",\"valueRequired\":true,\"valueName\":\"search_term_string\"}}],\"inLanguage\":\"it-IT\"},{\"@type\":\"Person\",\"@id\":\"https:\/\/www.intoscana.it\/it\/#\/schema\/person\/d469f35f09739bdf00bf5dd3f0647a82\",\"name\":\"Costanza Baldini\",\"url\":\"https:\/\/www.intoscana.it\/it\/author\/costanza-baldini\/\"}]}<\/script>\n<!-- \/ Yoast SEO Premium plugin. -->","yoast_head_json":{"title":"Fabio Capanni tocca il cielo con \"BLUE\": un viaggio musicale oltre l'ultimo confine - intoscana","description":"Il 12 dicembre esce per Curious Music il nuovo album di Fabio Capanni \"BLUE\" conclusione della trilogia iniziata con \"HOME\"","robots":{"index":"index","follow":"follow","max-snippet":"max-snippet:-1","max-image-preview":"max-image-preview:large","max-video-preview":"max-video-preview:-1"},"canonical":"https:\/\/www.intoscana.it\/it\/fabio-capanni-blue-disco-intervista\/","og_locale":"it_IT","og_type":"article","og_title":"Fabio Capanni tocca il cielo con \"BLUE\": un viaggio musicale oltre l'ultimo confine","og_description":"Il 12 dicembre esce per Curious Music il nuovo album di Fabio Capanni \"BLUE\" conclusione della trilogia iniziata con \"HOME\"","og_url":"https:\/\/www.intoscana.it\/it\/fabio-capanni-blue-disco-intervista\/","og_site_name":"intoscana","article_publisher":"https:\/\/www.facebook.com\/intoscana.it","article_published_time":"2025-12-11T06:38:49+00:00","article_modified_time":"2025-12-12T12:36:25+00:00","og_image":[{"width":2048,"height":1365,"url":"https:\/\/www.intoscana.it\/wp-content\/uploads\/FABIO_CAPANNI_PROMO_2025_0168-scaled.jpeg","type":"image\/jpeg"}],"author":"Costanza Baldini","twitter_card":"summary_large_image","twitter_creator":"@intoscana","twitter_site":"@intoscana","twitter_misc":{"Written by":"Costanza Baldini","Est. reading time":"8 minuti"},"schema":{"@context":"https:\/\/schema.org","@graph":[{"@type":"WebPage","@id":"https:\/\/www.intoscana.it\/it\/fabio-capanni-blue-disco-intervista\/","url":"https:\/\/www.intoscana.it\/it\/fabio-capanni-blue-disco-intervista\/","name":"Fabio Capanni tocca il cielo con \"BLUE\": un viaggio musicale oltre l'ultimo confine - intoscana","isPartOf":{"@id":"https:\/\/www.intoscana.it\/it\/#website"},"primaryImageOfPage":{"@id":"https:\/\/www.intoscana.it\/it\/fabio-capanni-blue-disco-intervista\/#primaryimage"},"image":{"@id":"https:\/\/www.intoscana.it\/it\/fabio-capanni-blue-disco-intervista\/#primaryimage"},"thumbnailUrl":"https:\/\/www.intoscana.it\/wp-content\/uploads\/FABIO_CAPANNI_PROMO_2025_0168-scaled.jpeg","datePublished":"2025-12-11T06:38:49+00:00","dateModified":"2025-12-12T12:36:25+00:00","author":{"@id":"https:\/\/www.intoscana.it\/it\/#\/schema\/person\/d469f35f09739bdf00bf5dd3f0647a82"},"description":"Il 12 dicembre esce per Curious Music il nuovo album di Fabio Capanni \"BLUE\" conclusione della trilogia iniziata con \"HOME\"","breadcrumb":{"@id":"https:\/\/www.intoscana.it\/it\/fabio-capanni-blue-disco-intervista\/#breadcrumb"},"inLanguage":"it-IT","potentialAction":[{"@type":"ReadAction","target":["https:\/\/www.intoscana.it\/it\/fabio-capanni-blue-disco-intervista\/"]}]},{"@type":"ImageObject","inLanguage":"it-IT","@id":"https:\/\/www.intoscana.it\/it\/fabio-capanni-blue-disco-intervista\/#primaryimage","url":"https:\/\/www.intoscana.it\/wp-content\/uploads\/FABIO_CAPANNI_PROMO_2025_0168-scaled.jpeg","contentUrl":"https:\/\/www.intoscana.it\/wp-content\/uploads\/FABIO_CAPANNI_PROMO_2025_0168-scaled.jpeg","width":2048,"height":1365,"caption":"Fabio Capanni"},{"@type":"BreadcrumbList","@id":"https:\/\/www.intoscana.it\/it\/fabio-capanni-blue-disco-intervista\/#breadcrumb","itemListElement":[{"@type":"ListItem","position":1,"name":"Home","item":"https:\/\/www.intoscana.it\/it\/"},{"@type":"ListItem","position":2,"name":"Fabio Capanni tocca il cielo con &#8220;BLUE&#8221;: un viaggio musicale oltre l&#8217;ultimo confine"}]},{"@type":"WebSite","@id":"https:\/\/www.intoscana.it\/it\/#website","url":"https:\/\/www.intoscana.it\/it\/","name":"intoscana","description":"","potentialAction":[{"@type":"SearchAction","target":{"@type":"EntryPoint","urlTemplate":"https:\/\/www.intoscana.it\/it\/?s={search_term_string}"},"query-input":{"@type":"PropertyValueSpecification","valueRequired":true,"valueName":"search_term_string"}}],"inLanguage":"it-IT"},{"@type":"Person","@id":"https:\/\/www.intoscana.it\/it\/#\/schema\/person\/d469f35f09739bdf00bf5dd3f0647a82","name":"Costanza Baldini","url":"https:\/\/www.intoscana.it\/it\/author\/costanza-baldini\/"}]}},"_links":{"self":[{"href":"https:\/\/www.intoscana.it\/it\/wp-json\/wp\/v2\/posts\/409785","targetHints":{"allow":["GET"]}}],"collection":[{"href":"https:\/\/www.intoscana.it\/it\/wp-json\/wp\/v2\/posts"}],"about":[{"href":"https:\/\/www.intoscana.it\/it\/wp-json\/wp\/v2\/types\/post"}],"author":[{"embeddable":true,"href":"https:\/\/www.intoscana.it\/it\/wp-json\/wp\/v2\/users\/518"}],"replies":[{"embeddable":true,"href":"https:\/\/www.intoscana.it\/it\/wp-json\/wp\/v2\/comments?post=409785"}],"version-history":[{"count":5,"href":"https:\/\/www.intoscana.it\/it\/wp-json\/wp\/v2\/posts\/409785\/revisions"}],"predecessor-version":[{"id":410290,"href":"https:\/\/www.intoscana.it\/it\/wp-json\/wp\/v2\/posts\/409785\/revisions\/410290"}],"wp:featuredmedia":[{"embeddable":true,"href":"https:\/\/www.intoscana.it\/it\/wp-json\/wp\/v2\/media\/410075"}],"wp:attachment":[{"href":"https:\/\/www.intoscana.it\/it\/wp-json\/wp\/v2\/media?parent=409785"}],"wp:term":[{"taxonomy":"category","embeddable":true,"href":"https:\/\/www.intoscana.it\/it\/wp-json\/wp\/v2\/categories?post=409785"},{"taxonomy":"post_tag","embeddable":true,"href":"https:\/\/www.intoscana.it\/it\/wp-json\/wp\/v2\/tags?post=409785"}],"curies":[{"name":"wp","href":"https:\/\/api.w.org\/{rel}","templated":true}]}}