{"id":409837,"date":"2025-12-09T12:15:25","date_gmt":"2025-12-09T11:15:25","guid":{"rendered":"https:\/\/www.intoscana.it\/it\/?p=409837"},"modified":"2025-12-09T12:15:25","modified_gmt":"2025-12-09T11:15:25","slug":"ferragamo-e-meyer-insieme-per-due-progetti-dedicati-alla-psichiatria-e-alla-psicologia-ospedaliera","status":"publish","type":"post","link":"https:\/\/www.intoscana.it\/it\/ferragamo-e-meyer-insieme-per-due-progetti-dedicati-alla-psichiatria-e-alla-psicologia-ospedaliera\/","title":{"rendered":"Ferragamo e Meyer insieme per due progetti dedicati alla psichiatria e alla psicologia ospedaliera"},"content":{"rendered":"<p>Anche per il 2025 <strong>Salvatore Ferragamo<\/strong> sostiene due importanti iniziative dell&#8217;<strong>Aou Meyer Irccs<\/strong>: l&#8217;acquisizione di <strong>un avanzato sistema di monitoraggio dei parametri vitali<\/strong> per i pazienti della psichiatria dell&#8217;infanzia e dell&#8217;adolescenza, e il <strong>supporto al servizio di psicologia ospedaliera pediatrica.<\/strong><\/p>\n<p><em>&#8220;Ferragamo crede profondamente nell&#8217;importanza di dedicare il proprio impegno a sostegno delle realt\u00e0 che ha particolarmente a cuore &#8211;<\/em><strong> afferma in una nota Leonardo Ferragamo, presidente di Ferragamo<\/strong><em> -. Siamo felici che questo contributo possa tradursi in un aiuto concreto per chi si trova in situazioni di difficolt\u00e0 e auspichiamo che possa incoraggiare altri a sostenere la Fondazione Meyer e altre meritevoli istituzioni&#8221;.<\/em><\/p>\n<p>Il primo progetto prevede l&#8217;acquisto di <strong>un sistema avanzato di monitoraggio dei parametri vitali<\/strong> dedicato ai pazienti tra i 10 e i 18 anni, che nel 2024 &#8211; e secondo un trend tuttora in corso &#8211; sono prevalentemente di sesso femminile (circa il 75%).<\/p>\n<p>Nello stesso anno, il reparto ha accolto circa <strong>300 bambini e adolescenti in regime di ricovero e trattato 625 casi in day hospital,<\/strong> con 579 visite specialistiche. La nuova apparecchiatura, essenziale per garantire un&#8217;assistenza sempre pi\u00f9 sicura, consentir\u00e0 un controllo costante e tempestivo delle condizioni cliniche dei pazienti.<\/p>\n<p><em>&#8220;Questa tecnologia ci permetter\u00e0 di monitorare con maggiore attenzione i nostri giovani pazienti, rilevando subito eventuali criticit\u00e0 e offrendo cure sempre pi\u00f9 sicure ed efficaci&#8221;<\/em>, spiega la <strong>professoressa Tiziana Pisano, responsabile della psichiatria dell&#8217;infanzia<\/strong> e dell&#8217;adolescenza del Meyer.<\/p>\n<p>Il secondo progetto riguarda il <strong>supporto al servizio di psicologia ospedaliera pediatrica,<\/strong> attivo grazie all&#8217;impegno quotidiano di otto psicoterapeute. Offre assistenza specializzata a bambini, adolescenti e alle loro famiglie durante il percorso di cura, fornendo<strong> oltre 8.700 prestazioni annuali tra colloqui clinici<\/strong> in regime di ricovero e ambulatoriali.<\/p>\n<p>L&#8217;obiettivo \u00e8 <strong>prevenire o ridurre le conseguenze psicologiche legate alla malattia<\/strong> e all&#8217;ospedalizzazione, offrendo un accompagnamento anche ai genitori.<\/p>\n","protected":false},"excerpt":{"rendered":"<p>Grazie a Ferragamo sar\u00e0 possibile l&#8217;acquisizione di un avanzato sistema di monitoraggio dei parametri vitali per i pazienti della psichiatria dell&#8217;infanzia e dell&#8217;adolescenza, e il supporto al servizio di psicologia ospedaliera pediatrica<\/p>\n","protected":false},"author":525,"featured_media":406236,"comment_status":"open","ping_status":"open","sticky":false,"template":"","format":"standard","meta":{"_acf_changed":false,"footnotes":""},"categories":[494],"tags":[408,5785],"class_list":["post-409837","post","type-post","status-publish","format-standard","has-post-thumbnail","hentry","category-attualita","tag-meyer","tag-ospedale-meyer"],"acf":[],"yoast_head":"<!-- This site is optimized with the Yoast SEO Premium plugin v24.2 (Yoast SEO v25.6) - https:\/\/yoast.com\/wordpress\/plugins\/seo\/ -->\n<title>Ferragamo e Meyer insieme per due progetti dedicati alla psichiatria e alla psicologia ospedaliera - intoscana<\/title>\n<meta name=\"description\" content=\"Anche per il 2025 Salvatore Ferragamo sostiene due importanti iniziative dell&#039;Aou Meyer Irccs legate alla psichiatria\" \/>\n<meta name=\"robots\" content=\"index, follow, max-snippet:-1, max-image-preview:large, max-video-preview:-1\" \/>\n<link rel=\"canonical\" href=\"https:\/\/www.intoscana.it\/it\/ferragamo-e-meyer-insieme-per-due-progetti-dedicati-alla-psichiatria-e-alla-psicologia-ospedaliera\/\" \/>\n<meta property=\"og:locale\" content=\"it_IT\" \/>\n<meta property=\"og:type\" content=\"article\" \/>\n<meta property=\"og:title\" content=\"Ferragamo e Meyer insieme per due progetti dedicati alla psichiatria e alla psicologia ospedaliera\" \/>\n<meta property=\"og:description\" content=\"Anche per il 2025 Salvatore Ferragamo sostiene due importanti iniziative dell&#039;Aou Meyer Irccs legate alla psichiatria\" \/>\n<meta property=\"og:url\" content=\"https:\/\/www.intoscana.it\/it\/ferragamo-e-meyer-insieme-per-due-progetti-dedicati-alla-psichiatria-e-alla-psicologia-ospedaliera\/\" \/>\n<meta property=\"og:site_name\" content=\"intoscana\" \/>\n<meta property=\"article:publisher\" content=\"https:\/\/www.facebook.com\/intoscana.it\" \/>\n<meta property=\"article:published_time\" content=\"2025-12-09T11:15:25+00:00\" \/>\n<meta property=\"og:image\" content=\"https:\/\/www.intoscana.it\/wp-content\/uploads\/meyer-green2.jpg\" \/>\n\t<meta property=\"og:image:width\" content=\"2048\" \/>\n\t<meta property=\"og:image:height\" content=\"1536\" \/>\n\t<meta property=\"og:image:type\" content=\"image\/jpeg\" \/>\n<meta name=\"author\" content=\"Redazione\" \/>\n<meta name=\"twitter:card\" content=\"summary_large_image\" \/>\n<meta name=\"twitter:creator\" content=\"@intoscana\" \/>\n<meta name=\"twitter:site\" content=\"@intoscana\" \/>\n<meta name=\"twitter:label1\" content=\"Written by\" \/>\n\t<meta name=\"twitter:data1\" content=\"Redazione\" \/>\n\t<meta name=\"twitter:label2\" content=\"Est. reading time\" \/>\n\t<meta name=\"twitter:data2\" content=\"2 minuti\" \/>\n<script type=\"application\/ld+json\" class=\"yoast-schema-graph\">{\"@context\":\"https:\/\/schema.org\",\"@graph\":[{\"@type\":\"WebPage\",\"@id\":\"https:\/\/www.intoscana.it\/it\/ferragamo-e-meyer-insieme-per-due-progetti-dedicati-alla-psichiatria-e-alla-psicologia-ospedaliera\/\",\"url\":\"https:\/\/www.intoscana.it\/it\/ferragamo-e-meyer-insieme-per-due-progetti-dedicati-alla-psichiatria-e-alla-psicologia-ospedaliera\/\",\"name\":\"Ferragamo e Meyer insieme per due progetti dedicati alla psichiatria e alla psicologia ospedaliera - intoscana\",\"isPartOf\":{\"@id\":\"https:\/\/www.intoscana.it\/it\/#website\"},\"primaryImageOfPage\":{\"@id\":\"https:\/\/www.intoscana.it\/it\/ferragamo-e-meyer-insieme-per-due-progetti-dedicati-alla-psichiatria-e-alla-psicologia-ospedaliera\/#primaryimage\"},\"image\":{\"@id\":\"https:\/\/www.intoscana.it\/it\/ferragamo-e-meyer-insieme-per-due-progetti-dedicati-alla-psichiatria-e-alla-psicologia-ospedaliera\/#primaryimage\"},\"thumbnailUrl\":\"https:\/\/www.intoscana.it\/wp-content\/uploads\/meyer-green2.jpg\",\"datePublished\":\"2025-12-09T11:15:25+00:00\",\"author\":{\"@id\":\"https:\/\/www.intoscana.it\/it\/#\/schema\/person\/9223810753230f20bd670fdd322661f8\"},\"description\":\"Anche per il 2025 Salvatore Ferragamo sostiene due importanti iniziative dell'Aou Meyer Irccs legate alla psichiatria\",\"breadcrumb\":{\"@id\":\"https:\/\/www.intoscana.it\/it\/ferragamo-e-meyer-insieme-per-due-progetti-dedicati-alla-psichiatria-e-alla-psicologia-ospedaliera\/#breadcrumb\"},\"inLanguage\":\"it-IT\",\"potentialAction\":[{\"@type\":\"ReadAction\",\"target\":[\"https:\/\/www.intoscana.it\/it\/ferragamo-e-meyer-insieme-per-due-progetti-dedicati-alla-psichiatria-e-alla-psicologia-ospedaliera\/\"]}]},{\"@type\":\"ImageObject\",\"inLanguage\":\"it-IT\",\"@id\":\"https:\/\/www.intoscana.it\/it\/ferragamo-e-meyer-insieme-per-due-progetti-dedicati-alla-psichiatria-e-alla-psicologia-ospedaliera\/#primaryimage\",\"url\":\"https:\/\/www.intoscana.it\/wp-content\/uploads\/meyer-green2.jpg\",\"contentUrl\":\"https:\/\/www.intoscana.it\/wp-content\/uploads\/meyer-green2.jpg\",\"width\":2048,\"height\":1536,\"caption\":\"Il nuovo giardino del Meyer\"},{\"@type\":\"BreadcrumbList\",\"@id\":\"https:\/\/www.intoscana.it\/it\/ferragamo-e-meyer-insieme-per-due-progetti-dedicati-alla-psichiatria-e-alla-psicologia-ospedaliera\/#breadcrumb\",\"itemListElement\":[{\"@type\":\"ListItem\",\"position\":1,\"name\":\"Home\",\"item\":\"https:\/\/www.intoscana.it\/it\/\"},{\"@type\":\"ListItem\",\"position\":2,\"name\":\"Ferragamo e Meyer insieme per due progetti dedicati alla psichiatria e alla psicologia ospedaliera\"}]},{\"@type\":\"WebSite\",\"@id\":\"https:\/\/www.intoscana.it\/it\/#website\",\"url\":\"https:\/\/www.intoscana.it\/it\/\",\"name\":\"intoscana\",\"description\":\"\",\"potentialAction\":[{\"@type\":\"SearchAction\",\"target\":{\"@type\":\"EntryPoint\",\"urlTemplate\":\"https:\/\/www.intoscana.it\/it\/?s={search_term_string}\"},\"query-input\":{\"@type\":\"PropertyValueSpecification\",\"valueRequired\":true,\"valueName\":\"search_term_string\"}}],\"inLanguage\":\"it-IT\"},{\"@type\":\"Person\",\"@id\":\"https:\/\/www.intoscana.it\/it\/#\/schema\/person\/9223810753230f20bd670fdd322661f8\",\"name\":\"Redazione\",\"url\":\"https:\/\/www.intoscana.it\/it\/author\/redazione\/\"}]}<\/script>\n<!-- \/ Yoast SEO Premium plugin. -->","yoast_head_json":{"title":"Ferragamo e Meyer insieme per due progetti dedicati alla psichiatria e alla psicologia ospedaliera - intoscana","description":"Anche per il 2025 Salvatore Ferragamo sostiene due importanti iniziative dell'Aou Meyer Irccs legate alla psichiatria","robots":{"index":"index","follow":"follow","max-snippet":"max-snippet:-1","max-image-preview":"max-image-preview:large","max-video-preview":"max-video-preview:-1"},"canonical":"https:\/\/www.intoscana.it\/it\/ferragamo-e-meyer-insieme-per-due-progetti-dedicati-alla-psichiatria-e-alla-psicologia-ospedaliera\/","og_locale":"it_IT","og_type":"article","og_title":"Ferragamo e Meyer insieme per due progetti dedicati alla psichiatria e alla psicologia ospedaliera","og_description":"Anche per il 2025 Salvatore Ferragamo sostiene due importanti iniziative dell'Aou Meyer Irccs legate alla psichiatria","og_url":"https:\/\/www.intoscana.it\/it\/ferragamo-e-meyer-insieme-per-due-progetti-dedicati-alla-psichiatria-e-alla-psicologia-ospedaliera\/","og_site_name":"intoscana","article_publisher":"https:\/\/www.facebook.com\/intoscana.it","article_published_time":"2025-12-09T11:15:25+00:00","og_image":[{"width":2048,"height":1536,"url":"https:\/\/www.intoscana.it\/wp-content\/uploads\/meyer-green2.jpg","type":"image\/jpeg"}],"author":"Redazione","twitter_card":"summary_large_image","twitter_creator":"@intoscana","twitter_site":"@intoscana","twitter_misc":{"Written by":"Redazione","Est. reading time":"2 minuti"},"schema":{"@context":"https:\/\/schema.org","@graph":[{"@type":"WebPage","@id":"https:\/\/www.intoscana.it\/it\/ferragamo-e-meyer-insieme-per-due-progetti-dedicati-alla-psichiatria-e-alla-psicologia-ospedaliera\/","url":"https:\/\/www.intoscana.it\/it\/ferragamo-e-meyer-insieme-per-due-progetti-dedicati-alla-psichiatria-e-alla-psicologia-ospedaliera\/","name":"Ferragamo e Meyer insieme per due progetti dedicati alla psichiatria e alla psicologia ospedaliera - intoscana","isPartOf":{"@id":"https:\/\/www.intoscana.it\/it\/#website"},"primaryImageOfPage":{"@id":"https:\/\/www.intoscana.it\/it\/ferragamo-e-meyer-insieme-per-due-progetti-dedicati-alla-psichiatria-e-alla-psicologia-ospedaliera\/#primaryimage"},"image":{"@id":"https:\/\/www.intoscana.it\/it\/ferragamo-e-meyer-insieme-per-due-progetti-dedicati-alla-psichiatria-e-alla-psicologia-ospedaliera\/#primaryimage"},"thumbnailUrl":"https:\/\/www.intoscana.it\/wp-content\/uploads\/meyer-green2.jpg","datePublished":"2025-12-09T11:15:25+00:00","author":{"@id":"https:\/\/www.intoscana.it\/it\/#\/schema\/person\/9223810753230f20bd670fdd322661f8"},"description":"Anche per il 2025 Salvatore Ferragamo sostiene due importanti iniziative dell'Aou Meyer Irccs legate alla psichiatria","breadcrumb":{"@id":"https:\/\/www.intoscana.it\/it\/ferragamo-e-meyer-insieme-per-due-progetti-dedicati-alla-psichiatria-e-alla-psicologia-ospedaliera\/#breadcrumb"},"inLanguage":"it-IT","potentialAction":[{"@type":"ReadAction","target":["https:\/\/www.intoscana.it\/it\/ferragamo-e-meyer-insieme-per-due-progetti-dedicati-alla-psichiatria-e-alla-psicologia-ospedaliera\/"]}]},{"@type":"ImageObject","inLanguage":"it-IT","@id":"https:\/\/www.intoscana.it\/it\/ferragamo-e-meyer-insieme-per-due-progetti-dedicati-alla-psichiatria-e-alla-psicologia-ospedaliera\/#primaryimage","url":"https:\/\/www.intoscana.it\/wp-content\/uploads\/meyer-green2.jpg","contentUrl":"https:\/\/www.intoscana.it\/wp-content\/uploads\/meyer-green2.jpg","width":2048,"height":1536,"caption":"Il nuovo giardino del Meyer"},{"@type":"BreadcrumbList","@id":"https:\/\/www.intoscana.it\/it\/ferragamo-e-meyer-insieme-per-due-progetti-dedicati-alla-psichiatria-e-alla-psicologia-ospedaliera\/#breadcrumb","itemListElement":[{"@type":"ListItem","position":1,"name":"Home","item":"https:\/\/www.intoscana.it\/it\/"},{"@type":"ListItem","position":2,"name":"Ferragamo e Meyer insieme per due progetti dedicati alla psichiatria e alla psicologia ospedaliera"}]},{"@type":"WebSite","@id":"https:\/\/www.intoscana.it\/it\/#website","url":"https:\/\/www.intoscana.it\/it\/","name":"intoscana","description":"","potentialAction":[{"@type":"SearchAction","target":{"@type":"EntryPoint","urlTemplate":"https:\/\/www.intoscana.it\/it\/?s={search_term_string}"},"query-input":{"@type":"PropertyValueSpecification","valueRequired":true,"valueName":"search_term_string"}}],"inLanguage":"it-IT"},{"@type":"Person","@id":"https:\/\/www.intoscana.it\/it\/#\/schema\/person\/9223810753230f20bd670fdd322661f8","name":"Redazione","url":"https:\/\/www.intoscana.it\/it\/author\/redazione\/"}]}},"_links":{"self":[{"href":"https:\/\/www.intoscana.it\/it\/wp-json\/wp\/v2\/posts\/409837","targetHints":{"allow":["GET"]}}],"collection":[{"href":"https:\/\/www.intoscana.it\/it\/wp-json\/wp\/v2\/posts"}],"about":[{"href":"https:\/\/www.intoscana.it\/it\/wp-json\/wp\/v2\/types\/post"}],"author":[{"embeddable":true,"href":"https:\/\/www.intoscana.it\/it\/wp-json\/wp\/v2\/users\/525"}],"replies":[{"embeddable":true,"href":"https:\/\/www.intoscana.it\/it\/wp-json\/wp\/v2\/comments?post=409837"}],"version-history":[{"count":3,"href":"https:\/\/www.intoscana.it\/it\/wp-json\/wp\/v2\/posts\/409837\/revisions"}],"predecessor-version":[{"id":409843,"href":"https:\/\/www.intoscana.it\/it\/wp-json\/wp\/v2\/posts\/409837\/revisions\/409843"}],"wp:featuredmedia":[{"embeddable":true,"href":"https:\/\/www.intoscana.it\/it\/wp-json\/wp\/v2\/media\/406236"}],"wp:attachment":[{"href":"https:\/\/www.intoscana.it\/it\/wp-json\/wp\/v2\/media?parent=409837"}],"wp:term":[{"taxonomy":"category","embeddable":true,"href":"https:\/\/www.intoscana.it\/it\/wp-json\/wp\/v2\/categories?post=409837"},{"taxonomy":"post_tag","embeddable":true,"href":"https:\/\/www.intoscana.it\/it\/wp-json\/wp\/v2\/tags?post=409837"}],"curies":[{"name":"wp","href":"https:\/\/api.w.org\/{rel}","templated":true}]}}