{"id":409873,"date":"2025-12-09T15:16:16","date_gmt":"2025-12-09T14:16:16","guid":{"rendered":"https:\/\/www.intoscana.it\/it\/?p=409873"},"modified":"2025-12-09T15:16:16","modified_gmt":"2025-12-09T14:16:16","slug":"in-toscana-dal-2026-il-reddito-di-reinserimento-500-euro-al-mese-per-chi-ha-perso-il-lavoro","status":"publish","type":"post","link":"https:\/\/www.intoscana.it\/it\/in-toscana-dal-2026-il-reddito-di-reinserimento-500-euro-al-mese-per-chi-ha-perso-il-lavoro\/","title":{"rendered":"In Toscana dal 2026 il Reddito di Reinserimento: 500 euro al mese per chi ha perso il lavoro"},"content":{"rendered":"<p>La <strong>Regione Toscana<\/strong> lancia il <strong>Reddito regionale di reinserimento lavorativo,<\/strong> una misura sperimentale che sar\u00e0 operativa da gennaio 2026 e che punta a sostenere i disoccupati nella fase di transizione verso una nuova occupazione.<\/p>\n<p><strong>Il presidente Eugenio Giani e il neo assessore al lavoro Alberto Lenzi<\/strong> l\u2019hanno presentata a Palazzo Strozzi Sacrati definendola \u201cuna misura di politica attiva e inclusione sociale che sostiene il reddito dei lavoratori disoccupati favorendo il passaggio da un posto di lavoro che non c\u2019\u00e8 pi\u00f9 a una nuova e buona occupazione\u201d.<\/p>\n<p><strong>Il provvedimento \u00e8 destinato ai residenti in Toscana con Isee inferiore a 15.000 euro,<\/strong> che hanno gi\u00e0 avuto esperienze lavorative ma non percepiscono pi\u00f9 sussidi come Naspi o Dis-Coll, oppure che pur avendo versato contributi non hanno maturato i requisiti per ottenere l\u2019indennit\u00e0 di disoccupazione.<\/p>\n<p><strong>Il Reddito prevede un assegno mensile di 500 euro per un massimo di nove mesi,<\/strong> subordinato a un meccanismo stringente di condizionalit\u00e0: i beneficiari dovranno impegnarsi nella ricerca attiva di lavoro, partecipare ai percorsi di politica attiva predisposti dai Centri per l\u2019impiego e sottoscrivere un <strong>Patto di servizio personalizzato che definisce obiettivi, risultati attesi e tempi di realizzazione.<\/strong><\/p>\n<p>La misura \u00e8 finanziata con<strong> circa 23 milioni di euro stanziati nell\u2019annualit\u00e0 2026 del bilancio regionale 2025-2027<\/strong>. La gestione operativa \u00e8 affidata ad Arti, l\u2019Agenzia regionale Toscana per l\u2019impiego, incaricata di garantire l\u2019omogeneit\u00e0 applicativa, curare l\u2019istruttoria delle domande, erogare gli assegni, coordinarsi con i servizi sociali territoriali e rendicontare l\u2019utilizzo delle risorse. Secondo le stime di Irpet,<strong> il Reddito potrebbe raggiungere una platea di oltre 11.000 persone.<\/strong><\/p>\n<p>Nel corso della presentazione, <strong>il presidente Giani ha sottolineato come il nuovo strumento rappresenti un tassello importante<\/strong> nella costruzione di \u201c<strong>un moderno welfare italiano<\/strong>\u201d, precisando: \u201c<em>Stiamo parlando non solo di un sostegno economico minimo per il periodo di ricerca di una nuova occupazione, che non ha nulla a che fare con l\u2019assistenzialismo, ma di uno strumento che favorisce percorsi personalizzati di accompagnamento al lavoro per reinserire persone in condizioni di particolare vulnerabilit\u00e0 sociale ed economica\u201d. Il presidente ha inoltre assicurato un monitoraggio costante: \u201cGrazie ai report periodici del Settore Lavoro, ogni tre mesi osserveremo l\u2019andamento della misura e valuteremo eventuali cambiamenti o aggiustamenti\u201d.<\/em><\/p>\n<p>L\u2019assessore <strong>Lenzi ha posto l\u2019accento sulle trasformazioni del mercato del lavoro:<\/strong> \u201c<em>Dentro un quadro che mescola crisi e cambiamenti, proviamo a dare una risposta alla sfida di un mercato in cui le persone possono ritrovarsi a dover attraversare diverse posizioni lavorative durante la propria carriera\u201d. Da qui la necessit\u00e0, ribadisce, di \u201coffrire a chi perde il lavoro una protezione e, allo stesso tempo, la possibilit\u00e0 di aggiornare ed evolvere le proprie competenze per rafforzare la propria occupabilit\u00e0\u201d. Lenzi definisce il Reddito \u201cun sussidio di secondo livello, in linea con le migliori pratiche europee gi\u00e0 adottate in Francia, Austria, Svezia, Finlandia, Grecia e Portogallo\u201d<\/em>, ringraziando infine la Direzione Lavoro per \u201cl\u2019impegno profuso nella costruzione del nuovo strumento\u201d.<\/p>\n<p><strong>Il Reddito regionale di reinserimento non sar\u00e0 cumulabile con altre misure nazionali,<\/strong> come l\u2019assegno di inclusione.<\/p>\n","protected":false},"excerpt":{"rendered":"<p>Il provvedimento \u00e8 destinato ai residenti in Toscana con Isee inferiore a 15.000 euro, che hanno gi\u00e0 avuto esperienze lavorative ma non percepiscono pi\u00f9 sussidi come Naspi o Dis-Coll, oppure che pur avendo versato contributi non hanno maturato i requisiti per ottenere l\u2019indennit\u00e0 di disoccupazione<\/p>\n","protected":false},"author":525,"featured_media":409874,"comment_status":"open","ping_status":"open","sticky":false,"template":"","format":"standard","meta":{"_acf_changed":false,"footnotes":""},"categories":[494],"tags":[158,260,151],"class_list":["post-409873","post","type-post","status-publish","format-standard","has-post-thumbnail","hentry","category-attualita","tag-eugenio-giani","tag-lavoro","tag-regione-toscana"],"acf":[],"yoast_head":"<!-- This site is optimized with the Yoast SEO Premium plugin v24.2 (Yoast SEO v25.6) - https:\/\/yoast.com\/wordpress\/plugins\/seo\/ -->\n<title>In Toscana dal 2026 il Reddito di Reinserimento: 500 euro al mese per chi ha perso il lavoro - intoscana<\/title>\n<meta name=\"description\" content=\"Il reddito \u00e8 destinato ai residenti in Toscana con Isee inferiore a 15.000 euro, che non percepiscono sussidi come Naspi o Dis-Coll\" \/>\n<meta name=\"robots\" content=\"index, follow, max-snippet:-1, max-image-preview:large, max-video-preview:-1\" \/>\n<link rel=\"canonical\" href=\"https:\/\/www.intoscana.it\/it\/in-toscana-dal-2026-il-reddito-di-reinserimento-500-euro-al-mese-per-chi-ha-perso-il-lavoro\/\" \/>\n<meta property=\"og:locale\" content=\"it_IT\" \/>\n<meta property=\"og:type\" content=\"article\" \/>\n<meta property=\"og:title\" content=\"In Toscana dal 2026 il Reddito di Reinserimento: 500 euro al mese per chi ha perso il lavoro\" \/>\n<meta property=\"og:description\" content=\"Il reddito \u00e8 destinato ai residenti in Toscana con Isee inferiore a 15.000 euro, che non percepiscono sussidi come Naspi o Dis-Coll\" \/>\n<meta property=\"og:url\" content=\"https:\/\/www.intoscana.it\/it\/in-toscana-dal-2026-il-reddito-di-reinserimento-500-euro-al-mese-per-chi-ha-perso-il-lavoro\/\" \/>\n<meta property=\"og:site_name\" content=\"intoscana\" \/>\n<meta property=\"article:publisher\" content=\"https:\/\/www.facebook.com\/intoscana.it\" \/>\n<meta property=\"article:published_time\" content=\"2025-12-09T14:16:16+00:00\" \/>\n<meta property=\"og:image\" content=\"https:\/\/www.intoscana.it\/wp-content\/uploads\/Giani-Lenzi.jpeg\" \/>\n\t<meta property=\"og:image:width\" content=\"1644\" \/>\n\t<meta property=\"og:image:height\" content=\"884\" \/>\n\t<meta property=\"og:image:type\" content=\"image\/jpeg\" \/>\n<meta name=\"author\" content=\"Redazione\" \/>\n<meta name=\"twitter:card\" content=\"summary_large_image\" \/>\n<meta name=\"twitter:creator\" content=\"@intoscana\" \/>\n<meta name=\"twitter:site\" content=\"@intoscana\" \/>\n<meta name=\"twitter:label1\" content=\"Written by\" \/>\n\t<meta name=\"twitter:data1\" content=\"Redazione\" \/>\n\t<meta name=\"twitter:label2\" content=\"Est. reading time\" \/>\n\t<meta name=\"twitter:data2\" content=\"3 minuti\" \/>\n<script type=\"application\/ld+json\" class=\"yoast-schema-graph\">{\"@context\":\"https:\/\/schema.org\",\"@graph\":[{\"@type\":\"WebPage\",\"@id\":\"https:\/\/www.intoscana.it\/it\/in-toscana-dal-2026-il-reddito-di-reinserimento-500-euro-al-mese-per-chi-ha-perso-il-lavoro\/\",\"url\":\"https:\/\/www.intoscana.it\/it\/in-toscana-dal-2026-il-reddito-di-reinserimento-500-euro-al-mese-per-chi-ha-perso-il-lavoro\/\",\"name\":\"In Toscana dal 2026 il Reddito di Reinserimento: 500 euro al mese per chi ha perso il lavoro - intoscana\",\"isPartOf\":{\"@id\":\"https:\/\/www.intoscana.it\/it\/#website\"},\"primaryImageOfPage\":{\"@id\":\"https:\/\/www.intoscana.it\/it\/in-toscana-dal-2026-il-reddito-di-reinserimento-500-euro-al-mese-per-chi-ha-perso-il-lavoro\/#primaryimage\"},\"image\":{\"@id\":\"https:\/\/www.intoscana.it\/it\/in-toscana-dal-2026-il-reddito-di-reinserimento-500-euro-al-mese-per-chi-ha-perso-il-lavoro\/#primaryimage\"},\"thumbnailUrl\":\"https:\/\/www.intoscana.it\/wp-content\/uploads\/Giani-Lenzi.jpeg\",\"datePublished\":\"2025-12-09T14:16:16+00:00\",\"author\":{\"@id\":\"https:\/\/www.intoscana.it\/it\/#\/schema\/person\/9223810753230f20bd670fdd322661f8\"},\"description\":\"Il reddito \u00e8 destinato ai residenti in Toscana con Isee inferiore a 15.000 euro, che non percepiscono sussidi come Naspi o Dis-Coll\",\"breadcrumb\":{\"@id\":\"https:\/\/www.intoscana.it\/it\/in-toscana-dal-2026-il-reddito-di-reinserimento-500-euro-al-mese-per-chi-ha-perso-il-lavoro\/#breadcrumb\"},\"inLanguage\":\"it-IT\",\"potentialAction\":[{\"@type\":\"ReadAction\",\"target\":[\"https:\/\/www.intoscana.it\/it\/in-toscana-dal-2026-il-reddito-di-reinserimento-500-euro-al-mese-per-chi-ha-perso-il-lavoro\/\"]}]},{\"@type\":\"ImageObject\",\"inLanguage\":\"it-IT\",\"@id\":\"https:\/\/www.intoscana.it\/it\/in-toscana-dal-2026-il-reddito-di-reinserimento-500-euro-al-mese-per-chi-ha-perso-il-lavoro\/#primaryimage\",\"url\":\"https:\/\/www.intoscana.it\/wp-content\/uploads\/Giani-Lenzi.jpeg\",\"contentUrl\":\"https:\/\/www.intoscana.it\/wp-content\/uploads\/Giani-Lenzi.jpeg\",\"width\":1644,\"height\":884},{\"@type\":\"BreadcrumbList\",\"@id\":\"https:\/\/www.intoscana.it\/it\/in-toscana-dal-2026-il-reddito-di-reinserimento-500-euro-al-mese-per-chi-ha-perso-il-lavoro\/#breadcrumb\",\"itemListElement\":[{\"@type\":\"ListItem\",\"position\":1,\"name\":\"Home\",\"item\":\"https:\/\/www.intoscana.it\/it\/\"},{\"@type\":\"ListItem\",\"position\":2,\"name\":\"In Toscana dal 2026 il Reddito di Reinserimento: 500 euro al mese per chi ha perso il lavoro\"}]},{\"@type\":\"WebSite\",\"@id\":\"https:\/\/www.intoscana.it\/it\/#website\",\"url\":\"https:\/\/www.intoscana.it\/it\/\",\"name\":\"intoscana\",\"description\":\"\",\"potentialAction\":[{\"@type\":\"SearchAction\",\"target\":{\"@type\":\"EntryPoint\",\"urlTemplate\":\"https:\/\/www.intoscana.it\/it\/?s={search_term_string}\"},\"query-input\":{\"@type\":\"PropertyValueSpecification\",\"valueRequired\":true,\"valueName\":\"search_term_string\"}}],\"inLanguage\":\"it-IT\"},{\"@type\":\"Person\",\"@id\":\"https:\/\/www.intoscana.it\/it\/#\/schema\/person\/9223810753230f20bd670fdd322661f8\",\"name\":\"Redazione\",\"url\":\"https:\/\/www.intoscana.it\/it\/author\/redazione\/\"}]}<\/script>\n<!-- \/ Yoast SEO Premium plugin. -->","yoast_head_json":{"title":"In Toscana dal 2026 il Reddito di Reinserimento: 500 euro al mese per chi ha perso il lavoro - intoscana","description":"Il reddito \u00e8 destinato ai residenti in Toscana con Isee inferiore a 15.000 euro, che non percepiscono sussidi come Naspi o Dis-Coll","robots":{"index":"index","follow":"follow","max-snippet":"max-snippet:-1","max-image-preview":"max-image-preview:large","max-video-preview":"max-video-preview:-1"},"canonical":"https:\/\/www.intoscana.it\/it\/in-toscana-dal-2026-il-reddito-di-reinserimento-500-euro-al-mese-per-chi-ha-perso-il-lavoro\/","og_locale":"it_IT","og_type":"article","og_title":"In Toscana dal 2026 il Reddito di Reinserimento: 500 euro al mese per chi ha perso il lavoro","og_description":"Il reddito \u00e8 destinato ai residenti in Toscana con Isee inferiore a 15.000 euro, che non percepiscono sussidi come Naspi o Dis-Coll","og_url":"https:\/\/www.intoscana.it\/it\/in-toscana-dal-2026-il-reddito-di-reinserimento-500-euro-al-mese-per-chi-ha-perso-il-lavoro\/","og_site_name":"intoscana","article_publisher":"https:\/\/www.facebook.com\/intoscana.it","article_published_time":"2025-12-09T14:16:16+00:00","og_image":[{"width":1644,"height":884,"url":"https:\/\/www.intoscana.it\/wp-content\/uploads\/Giani-Lenzi.jpeg","type":"image\/jpeg"}],"author":"Redazione","twitter_card":"summary_large_image","twitter_creator":"@intoscana","twitter_site":"@intoscana","twitter_misc":{"Written by":"Redazione","Est. reading time":"3 minuti"},"schema":{"@context":"https:\/\/schema.org","@graph":[{"@type":"WebPage","@id":"https:\/\/www.intoscana.it\/it\/in-toscana-dal-2026-il-reddito-di-reinserimento-500-euro-al-mese-per-chi-ha-perso-il-lavoro\/","url":"https:\/\/www.intoscana.it\/it\/in-toscana-dal-2026-il-reddito-di-reinserimento-500-euro-al-mese-per-chi-ha-perso-il-lavoro\/","name":"In Toscana dal 2026 il Reddito di Reinserimento: 500 euro al mese per chi ha perso il lavoro - intoscana","isPartOf":{"@id":"https:\/\/www.intoscana.it\/it\/#website"},"primaryImageOfPage":{"@id":"https:\/\/www.intoscana.it\/it\/in-toscana-dal-2026-il-reddito-di-reinserimento-500-euro-al-mese-per-chi-ha-perso-il-lavoro\/#primaryimage"},"image":{"@id":"https:\/\/www.intoscana.it\/it\/in-toscana-dal-2026-il-reddito-di-reinserimento-500-euro-al-mese-per-chi-ha-perso-il-lavoro\/#primaryimage"},"thumbnailUrl":"https:\/\/www.intoscana.it\/wp-content\/uploads\/Giani-Lenzi.jpeg","datePublished":"2025-12-09T14:16:16+00:00","author":{"@id":"https:\/\/www.intoscana.it\/it\/#\/schema\/person\/9223810753230f20bd670fdd322661f8"},"description":"Il reddito \u00e8 destinato ai residenti in Toscana con Isee inferiore a 15.000 euro, che non percepiscono sussidi come Naspi o Dis-Coll","breadcrumb":{"@id":"https:\/\/www.intoscana.it\/it\/in-toscana-dal-2026-il-reddito-di-reinserimento-500-euro-al-mese-per-chi-ha-perso-il-lavoro\/#breadcrumb"},"inLanguage":"it-IT","potentialAction":[{"@type":"ReadAction","target":["https:\/\/www.intoscana.it\/it\/in-toscana-dal-2026-il-reddito-di-reinserimento-500-euro-al-mese-per-chi-ha-perso-il-lavoro\/"]}]},{"@type":"ImageObject","inLanguage":"it-IT","@id":"https:\/\/www.intoscana.it\/it\/in-toscana-dal-2026-il-reddito-di-reinserimento-500-euro-al-mese-per-chi-ha-perso-il-lavoro\/#primaryimage","url":"https:\/\/www.intoscana.it\/wp-content\/uploads\/Giani-Lenzi.jpeg","contentUrl":"https:\/\/www.intoscana.it\/wp-content\/uploads\/Giani-Lenzi.jpeg","width":1644,"height":884},{"@type":"BreadcrumbList","@id":"https:\/\/www.intoscana.it\/it\/in-toscana-dal-2026-il-reddito-di-reinserimento-500-euro-al-mese-per-chi-ha-perso-il-lavoro\/#breadcrumb","itemListElement":[{"@type":"ListItem","position":1,"name":"Home","item":"https:\/\/www.intoscana.it\/it\/"},{"@type":"ListItem","position":2,"name":"In Toscana dal 2026 il Reddito di Reinserimento: 500 euro al mese per chi ha perso il lavoro"}]},{"@type":"WebSite","@id":"https:\/\/www.intoscana.it\/it\/#website","url":"https:\/\/www.intoscana.it\/it\/","name":"intoscana","description":"","potentialAction":[{"@type":"SearchAction","target":{"@type":"EntryPoint","urlTemplate":"https:\/\/www.intoscana.it\/it\/?s={search_term_string}"},"query-input":{"@type":"PropertyValueSpecification","valueRequired":true,"valueName":"search_term_string"}}],"inLanguage":"it-IT"},{"@type":"Person","@id":"https:\/\/www.intoscana.it\/it\/#\/schema\/person\/9223810753230f20bd670fdd322661f8","name":"Redazione","url":"https:\/\/www.intoscana.it\/it\/author\/redazione\/"}]}},"_links":{"self":[{"href":"https:\/\/www.intoscana.it\/it\/wp-json\/wp\/v2\/posts\/409873","targetHints":{"allow":["GET"]}}],"collection":[{"href":"https:\/\/www.intoscana.it\/it\/wp-json\/wp\/v2\/posts"}],"about":[{"href":"https:\/\/www.intoscana.it\/it\/wp-json\/wp\/v2\/types\/post"}],"author":[{"embeddable":true,"href":"https:\/\/www.intoscana.it\/it\/wp-json\/wp\/v2\/users\/525"}],"replies":[{"embeddable":true,"href":"https:\/\/www.intoscana.it\/it\/wp-json\/wp\/v2\/comments?post=409873"}],"version-history":[{"count":4,"href":"https:\/\/www.intoscana.it\/it\/wp-json\/wp\/v2\/posts\/409873\/revisions"}],"predecessor-version":[{"id":409878,"href":"https:\/\/www.intoscana.it\/it\/wp-json\/wp\/v2\/posts\/409873\/revisions\/409878"}],"wp:featuredmedia":[{"embeddable":true,"href":"https:\/\/www.intoscana.it\/it\/wp-json\/wp\/v2\/media\/409874"}],"wp:attachment":[{"href":"https:\/\/www.intoscana.it\/it\/wp-json\/wp\/v2\/media?parent=409873"}],"wp:term":[{"taxonomy":"category","embeddable":true,"href":"https:\/\/www.intoscana.it\/it\/wp-json\/wp\/v2\/categories?post=409873"},{"taxonomy":"post_tag","embeddable":true,"href":"https:\/\/www.intoscana.it\/it\/wp-json\/wp\/v2\/tags?post=409873"}],"curies":[{"name":"wp","href":"https:\/\/api.w.org\/{rel}","templated":true}]}}