{"id":409993,"date":"2025-12-10T11:56:56","date_gmt":"2025-12-10T10:56:56","guid":{"rendered":"https:\/\/www.intoscana.it\/it\/?p=409993"},"modified":"2025-12-10T12:05:59","modified_gmt":"2025-12-10T11:05:59","slug":"empoli-jazz-winter-paolo-fresu-porta-a-empoli-citta-del-natale-le-sue-christmas-songs","status":"publish","type":"post","link":"https:\/\/www.intoscana.it\/it\/empoli-jazz-winter-paolo-fresu-porta-a-empoli-citta-del-natale-le-sue-christmas-songs\/","title":{"rendered":"Empoli Jazz Winter, Paolo Fresu porta a Empoli Citt\u00e0 del Natale le sue &#8220;Christmas Songs&#8221;"},"content":{"rendered":"<p>Mercoled\u00ec 17 dicembre il <strong>Palazzo delle Esposizioni di Empoli<\/strong> ospita <strong>Paolo Fresu, il celebre trombettista<\/strong>\u00a0porter\u00e0 il suo spettacolo <strong><em>Christmas Songs<\/em><\/strong>, dedicato alle <strong>canzoni del Natale.<\/strong><\/p>\n<p>Fresu sar\u00e0 accompagnato da<strong> Daniele di Bonaventura<\/strong> al bandoneon e al suono angelico del violoncello di <strong>Leila Shirvani,<\/strong> vincitrice assoluta per oltre 30 volte in concorsi nazionali ed internazionali, collaboratrice storica di Giovanni Sollima e Enrico Melozzi.<\/p>\n<p><em>&#8220;Il Natale di ognuno di noi \u00e8 differente, ma \u00e8 invece uguale il senso della felicit\u00e0 e di condivisione che appartiene ai popoli di tutti i continenti. Christmas Songs \u00e8, in breve, il nostro modo di mettere insieme, in musica, sensazioni e ricordi indimenticabili&#8221;,<\/em> <strong>commenta il pluripremiato musicista italiano<\/strong>, che ritorna in citt\u00e0 a 10 anni di distanza dallo storico concerto in duetto con il pianista Uri Caine.<\/p>\n<p>La storia del concerto \u00e8 da raccontare: <strong>nel 2012 Fresu venne incaricato di tenere un concerto sotto il periodo natalizio<\/strong> a Sassari. Invece del classico repertorio natalizio, Fresu accompagn\u00f2 le melodie pi\u00f9 famose ad altre pi\u00f9 nascoste ma certamente interessanti.<\/p>\n<p>Alcune melodie sarde delle &#8216;<strong><em>Cantones de Nadale&#8217;<\/em> <\/strong>di <strong>Pietro Casu<\/strong> si affiancano alle note di <strong>Frank Sinatra e Bing Crosby.<\/strong> Musiche popolari, di et\u00e0 diverse, che scalderanno i cuori degli ascoltatori.<\/p>\n<figure id=\"post-410003 media-410003\" class=\"align-none\"><img decoding=\"async\" src=\"https:\/\/www.intoscana.it\/wp-content\/uploads\/Christmas-Songs-Fondazione-Musica-per-Roma-.-foto-Musacchio-Ianniello-Pasqualini-1-scaled.jpg\" alt=\"\" \/><\/figure>\n<div class=\"titleimg\"><em>Christmas Songs \u00a9 Fondazione Musica per Roma &#8211; \u00a9 Musacchio, Ianniello &amp; Pasqualini<\/em><\/div>\n<p>Il concerto, che rientra nel cartellone <a href=\"https:\/\/www.instagram.com\/empolijazzfestival\/\" target=\"_blank\" rel=\"noopener\"><strong>Empoli Jazz Winter<\/strong><\/a>, \u00e8 organizzato da Empoli Jazz con la direzione artistica di Filippo d\u2019Urzo, il patrocinio e sostegno del Comune di Empoli dell&#8217;assessorato alla Cultura nell\u2019ambito del iniziativa <a href=\"https:\/\/www.intoscana.it\/it\/mercatini-natale-toscana-2025\/\" target=\"_blank\" rel=\"noopener\"><strong>Empoli Citt\u00e0 del Natale<\/strong>.\u00a0<\/a><\/p>\n<p>Cos\u00ec commenta <strong>il sindaco Alessio Mantellassi:<\/strong> &#8220;<em>Quest&#8217;anno abbiamo rivisto gli appuntamenti di Empoli Jazz Festival con una rassegna annuale coerente e competitiva, visto che da 17 anni la nostra citt\u00e0 ospita i grandi nomi della musica internazionale. Non poteva mancare un evento straordinario in occasione del Natale empolese e anche stavolta accogliamo il meglio del jazz italiano con Paolo Fresu, un grandissimo interprete che ha varcato palcoscenici di rilievo e che porter\u00e0 la voce della sua tromba anche nella nostra citt\u00e0. Un appuntamento veramente da non perdere&#8221;<\/em><\/p>\n<p><em>&#8220;Siamo orgogliosi di ospitare questo grande progetto musicale Christmas Song con Paolo Fresu, Daniele Di Bonaventura e Leila Shirvani in occasione di Empoli Citta del Natale, siete tutti invitati a questo grande concerto&#8221;, <\/em><strong>dichiara Filippo d&#8217;Urzo Direttore artistico di Empoli Jazz.<\/strong><\/p>\n<h3>Biglietti<\/h3>\n<p>Posto unico NON numerato \u20ac 25,00 + d.p.<br \/>\n(la sera del concerto alla biglietteria \u20ac 30,00)<br \/>\nPer acquistare i biglietti: <a href=\"https:\/\/www.boxol.it\/next\/it\/boxol\/select-ticket\/598729\" target=\"_blank\" rel=\"noopener\"><strong>https:\/\/www.boxol.it\/next\/it\/boxol\/select-ticket\/598729<\/strong><\/a><\/p>\n<figure id=\"post-409996 media-409996\" class=\"align-none\"><img decoding=\"async\" src=\"https:\/\/www.intoscana.it\/wp-content\/uploads\/Paolo-Fresu-Daniele-Di-Bonaventura-foto-Felipe-Fuenzalida01-1-scaled.jpg\" alt=\"\" \/><\/figure>\n<div class=\"titleimg\">Paolo Fresu &amp; Daniele Di Bonaventura &#8211; \u00a9 Felipe Fuenzalida<\/div>\n","protected":false},"excerpt":{"rendered":"<p>Mercoled\u00ec 17 dicembre alle 21 al Palazzo delle Esposizioni il concerto del famoso trombettista tra arie celebri e musiche popolari del Natale<\/p>\n","protected":false},"author":525,"featured_media":410024,"comment_status":"open","ping_status":"open","sticky":false,"template":"","format":"standard","meta":{"_acf_changed":false,"footnotes":""},"categories":[14],"tags":[216,4904,4495,409],"class_list":["post-409993","post","type-post","status-publish","format-standard","has-post-thumbnail","hentry","category-musica","tag-concerti","tag-empoli","tag-jazz","tag-natale"],"acf":[],"yoast_head":"<!-- This site is optimized with the Yoast SEO Premium plugin v24.2 (Yoast SEO v25.6) - https:\/\/yoast.com\/wordpress\/plugins\/seo\/ -->\n<title>Empoli Jazz Winter, Paolo Fresu porta a Empoli Citt\u00e0 del Natale le sue &quot;Christmas Songs&quot; - intoscana<\/title>\n<meta name=\"robots\" content=\"index, follow, max-snippet:-1, max-image-preview:large, max-video-preview:-1\" \/>\n<link rel=\"canonical\" href=\"https:\/\/www.intoscana.it\/it\/empoli-jazz-winter-paolo-fresu-porta-a-empoli-citta-del-natale-le-sue-christmas-songs\/\" \/>\n<meta property=\"og:locale\" content=\"it_IT\" \/>\n<meta property=\"og:type\" content=\"article\" \/>\n<meta property=\"og:title\" content=\"Empoli Jazz Winter, Paolo Fresu porta a Empoli Citt\u00e0 del Natale le sue &quot;Christmas Songs&quot;\" \/>\n<meta property=\"og:description\" content=\"Mercoled\u00ec 17 dicembre alle 21 al Palazzo delle Esposizioni il concerto del famoso trombettista tra arie celebri e musiche popolari del Natale\" \/>\n<meta property=\"og:url\" content=\"https:\/\/www.intoscana.it\/it\/empoli-jazz-winter-paolo-fresu-porta-a-empoli-citta-del-natale-le-sue-christmas-songs\/\" \/>\n<meta property=\"og:site_name\" content=\"intoscana\" \/>\n<meta property=\"article:publisher\" content=\"https:\/\/www.facebook.com\/intoscana.it\" \/>\n<meta property=\"article:published_time\" content=\"2025-12-10T10:56:56+00:00\" \/>\n<meta property=\"article:modified_time\" content=\"2025-12-10T11:05:59+00:00\" \/>\n<meta property=\"og:image\" content=\"https:\/\/www.intoscana.it\/wp-content\/uploads\/Screenshot-2025-12-10-alle-12.04.32.jpeg\" \/>\n\t<meta property=\"og:image:width\" content=\"1252\" \/>\n\t<meta property=\"og:image:height\" content=\"666\" \/>\n\t<meta property=\"og:image:type\" content=\"image\/jpeg\" \/>\n<meta name=\"author\" content=\"Redazione\" \/>\n<meta name=\"twitter:card\" content=\"summary_large_image\" \/>\n<meta name=\"twitter:creator\" content=\"@intoscana\" \/>\n<meta name=\"twitter:site\" content=\"@intoscana\" \/>\n<meta name=\"twitter:label1\" content=\"Written by\" \/>\n\t<meta name=\"twitter:data1\" content=\"Redazione\" \/>\n\t<meta name=\"twitter:label2\" content=\"Est. reading time\" \/>\n\t<meta name=\"twitter:data2\" content=\"3 minuti\" \/>\n<script type=\"application\/ld+json\" class=\"yoast-schema-graph\">{\"@context\":\"https:\/\/schema.org\",\"@graph\":[{\"@type\":\"WebPage\",\"@id\":\"https:\/\/www.intoscana.it\/it\/empoli-jazz-winter-paolo-fresu-porta-a-empoli-citta-del-natale-le-sue-christmas-songs\/\",\"url\":\"https:\/\/www.intoscana.it\/it\/empoli-jazz-winter-paolo-fresu-porta-a-empoli-citta-del-natale-le-sue-christmas-songs\/\",\"name\":\"Empoli Jazz Winter, Paolo Fresu porta a Empoli Citt\u00e0 del Natale le sue \\\"Christmas Songs\\\" - intoscana\",\"isPartOf\":{\"@id\":\"https:\/\/www.intoscana.it\/it\/#website\"},\"primaryImageOfPage\":{\"@id\":\"https:\/\/www.intoscana.it\/it\/empoli-jazz-winter-paolo-fresu-porta-a-empoli-citta-del-natale-le-sue-christmas-songs\/#primaryimage\"},\"image\":{\"@id\":\"https:\/\/www.intoscana.it\/it\/empoli-jazz-winter-paolo-fresu-porta-a-empoli-citta-del-natale-le-sue-christmas-songs\/#primaryimage\"},\"thumbnailUrl\":\"https:\/\/www.intoscana.it\/wp-content\/uploads\/Screenshot-2025-12-10-alle-12.04.32.jpeg\",\"datePublished\":\"2025-12-10T10:56:56+00:00\",\"dateModified\":\"2025-12-10T11:05:59+00:00\",\"author\":{\"@id\":\"https:\/\/www.intoscana.it\/it\/#\/schema\/person\/9223810753230f20bd670fdd322661f8\"},\"breadcrumb\":{\"@id\":\"https:\/\/www.intoscana.it\/it\/empoli-jazz-winter-paolo-fresu-porta-a-empoli-citta-del-natale-le-sue-christmas-songs\/#breadcrumb\"},\"inLanguage\":\"it-IT\",\"potentialAction\":[{\"@type\":\"ReadAction\",\"target\":[\"https:\/\/www.intoscana.it\/it\/empoli-jazz-winter-paolo-fresu-porta-a-empoli-citta-del-natale-le-sue-christmas-songs\/\"]}]},{\"@type\":\"ImageObject\",\"inLanguage\":\"it-IT\",\"@id\":\"https:\/\/www.intoscana.it\/it\/empoli-jazz-winter-paolo-fresu-porta-a-empoli-citta-del-natale-le-sue-christmas-songs\/#primaryimage\",\"url\":\"https:\/\/www.intoscana.it\/wp-content\/uploads\/Screenshot-2025-12-10-alle-12.04.32.jpeg\",\"contentUrl\":\"https:\/\/www.intoscana.it\/wp-content\/uploads\/Screenshot-2025-12-10-alle-12.04.32.jpeg\",\"width\":1252,\"height\":666,\"caption\":\"Paolo Fresu, Christmas Song\"},{\"@type\":\"BreadcrumbList\",\"@id\":\"https:\/\/www.intoscana.it\/it\/empoli-jazz-winter-paolo-fresu-porta-a-empoli-citta-del-natale-le-sue-christmas-songs\/#breadcrumb\",\"itemListElement\":[{\"@type\":\"ListItem\",\"position\":1,\"name\":\"Home\",\"item\":\"https:\/\/www.intoscana.it\/it\/\"},{\"@type\":\"ListItem\",\"position\":2,\"name\":\"Empoli Jazz Winter, Paolo Fresu porta a Empoli Citt\u00e0 del Natale le sue &#8220;Christmas Songs&#8221;\"}]},{\"@type\":\"WebSite\",\"@id\":\"https:\/\/www.intoscana.it\/it\/#website\",\"url\":\"https:\/\/www.intoscana.it\/it\/\",\"name\":\"intoscana\",\"description\":\"\",\"potentialAction\":[{\"@type\":\"SearchAction\",\"target\":{\"@type\":\"EntryPoint\",\"urlTemplate\":\"https:\/\/www.intoscana.it\/it\/?s={search_term_string}\"},\"query-input\":{\"@type\":\"PropertyValueSpecification\",\"valueRequired\":true,\"valueName\":\"search_term_string\"}}],\"inLanguage\":\"it-IT\"},{\"@type\":\"Person\",\"@id\":\"https:\/\/www.intoscana.it\/it\/#\/schema\/person\/9223810753230f20bd670fdd322661f8\",\"name\":\"Redazione\",\"url\":\"https:\/\/www.intoscana.it\/it\/author\/redazione\/\"}]}<\/script>\n<!-- \/ Yoast SEO Premium plugin. -->","yoast_head_json":{"title":"Empoli Jazz Winter, Paolo Fresu porta a Empoli Citt\u00e0 del Natale le sue \"Christmas Songs\" - intoscana","robots":{"index":"index","follow":"follow","max-snippet":"max-snippet:-1","max-image-preview":"max-image-preview:large","max-video-preview":"max-video-preview:-1"},"canonical":"https:\/\/www.intoscana.it\/it\/empoli-jazz-winter-paolo-fresu-porta-a-empoli-citta-del-natale-le-sue-christmas-songs\/","og_locale":"it_IT","og_type":"article","og_title":"Empoli Jazz Winter, Paolo Fresu porta a Empoli Citt\u00e0 del Natale le sue \"Christmas Songs\"","og_description":"Mercoled\u00ec 17 dicembre alle 21 al Palazzo delle Esposizioni il concerto del famoso trombettista tra arie celebri e musiche popolari del Natale","og_url":"https:\/\/www.intoscana.it\/it\/empoli-jazz-winter-paolo-fresu-porta-a-empoli-citta-del-natale-le-sue-christmas-songs\/","og_site_name":"intoscana","article_publisher":"https:\/\/www.facebook.com\/intoscana.it","article_published_time":"2025-12-10T10:56:56+00:00","article_modified_time":"2025-12-10T11:05:59+00:00","og_image":[{"width":1252,"height":666,"url":"https:\/\/www.intoscana.it\/wp-content\/uploads\/Screenshot-2025-12-10-alle-12.04.32.jpeg","type":"image\/jpeg"}],"author":"Redazione","twitter_card":"summary_large_image","twitter_creator":"@intoscana","twitter_site":"@intoscana","twitter_misc":{"Written by":"Redazione","Est. reading time":"3 minuti"},"schema":{"@context":"https:\/\/schema.org","@graph":[{"@type":"WebPage","@id":"https:\/\/www.intoscana.it\/it\/empoli-jazz-winter-paolo-fresu-porta-a-empoli-citta-del-natale-le-sue-christmas-songs\/","url":"https:\/\/www.intoscana.it\/it\/empoli-jazz-winter-paolo-fresu-porta-a-empoli-citta-del-natale-le-sue-christmas-songs\/","name":"Empoli Jazz Winter, Paolo Fresu porta a Empoli Citt\u00e0 del Natale le sue \"Christmas Songs\" - intoscana","isPartOf":{"@id":"https:\/\/www.intoscana.it\/it\/#website"},"primaryImageOfPage":{"@id":"https:\/\/www.intoscana.it\/it\/empoli-jazz-winter-paolo-fresu-porta-a-empoli-citta-del-natale-le-sue-christmas-songs\/#primaryimage"},"image":{"@id":"https:\/\/www.intoscana.it\/it\/empoli-jazz-winter-paolo-fresu-porta-a-empoli-citta-del-natale-le-sue-christmas-songs\/#primaryimage"},"thumbnailUrl":"https:\/\/www.intoscana.it\/wp-content\/uploads\/Screenshot-2025-12-10-alle-12.04.32.jpeg","datePublished":"2025-12-10T10:56:56+00:00","dateModified":"2025-12-10T11:05:59+00:00","author":{"@id":"https:\/\/www.intoscana.it\/it\/#\/schema\/person\/9223810753230f20bd670fdd322661f8"},"breadcrumb":{"@id":"https:\/\/www.intoscana.it\/it\/empoli-jazz-winter-paolo-fresu-porta-a-empoli-citta-del-natale-le-sue-christmas-songs\/#breadcrumb"},"inLanguage":"it-IT","potentialAction":[{"@type":"ReadAction","target":["https:\/\/www.intoscana.it\/it\/empoli-jazz-winter-paolo-fresu-porta-a-empoli-citta-del-natale-le-sue-christmas-songs\/"]}]},{"@type":"ImageObject","inLanguage":"it-IT","@id":"https:\/\/www.intoscana.it\/it\/empoli-jazz-winter-paolo-fresu-porta-a-empoli-citta-del-natale-le-sue-christmas-songs\/#primaryimage","url":"https:\/\/www.intoscana.it\/wp-content\/uploads\/Screenshot-2025-12-10-alle-12.04.32.jpeg","contentUrl":"https:\/\/www.intoscana.it\/wp-content\/uploads\/Screenshot-2025-12-10-alle-12.04.32.jpeg","width":1252,"height":666,"caption":"Paolo Fresu, Christmas Song"},{"@type":"BreadcrumbList","@id":"https:\/\/www.intoscana.it\/it\/empoli-jazz-winter-paolo-fresu-porta-a-empoli-citta-del-natale-le-sue-christmas-songs\/#breadcrumb","itemListElement":[{"@type":"ListItem","position":1,"name":"Home","item":"https:\/\/www.intoscana.it\/it\/"},{"@type":"ListItem","position":2,"name":"Empoli Jazz Winter, Paolo Fresu porta a Empoli Citt\u00e0 del Natale le sue &#8220;Christmas Songs&#8221;"}]},{"@type":"WebSite","@id":"https:\/\/www.intoscana.it\/it\/#website","url":"https:\/\/www.intoscana.it\/it\/","name":"intoscana","description":"","potentialAction":[{"@type":"SearchAction","target":{"@type":"EntryPoint","urlTemplate":"https:\/\/www.intoscana.it\/it\/?s={search_term_string}"},"query-input":{"@type":"PropertyValueSpecification","valueRequired":true,"valueName":"search_term_string"}}],"inLanguage":"it-IT"},{"@type":"Person","@id":"https:\/\/www.intoscana.it\/it\/#\/schema\/person\/9223810753230f20bd670fdd322661f8","name":"Redazione","url":"https:\/\/www.intoscana.it\/it\/author\/redazione\/"}]}},"_links":{"self":[{"href":"https:\/\/www.intoscana.it\/it\/wp-json\/wp\/v2\/posts\/409993","targetHints":{"allow":["GET"]}}],"collection":[{"href":"https:\/\/www.intoscana.it\/it\/wp-json\/wp\/v2\/posts"}],"about":[{"href":"https:\/\/www.intoscana.it\/it\/wp-json\/wp\/v2\/types\/post"}],"author":[{"embeddable":true,"href":"https:\/\/www.intoscana.it\/it\/wp-json\/wp\/v2\/users\/525"}],"replies":[{"embeddable":true,"href":"https:\/\/www.intoscana.it\/it\/wp-json\/wp\/v2\/comments?post=409993"}],"version-history":[{"count":5,"href":"https:\/\/www.intoscana.it\/it\/wp-json\/wp\/v2\/posts\/409993\/revisions"}],"predecessor-version":[{"id":410025,"href":"https:\/\/www.intoscana.it\/it\/wp-json\/wp\/v2\/posts\/409993\/revisions\/410025"}],"wp:featuredmedia":[{"embeddable":true,"href":"https:\/\/www.intoscana.it\/it\/wp-json\/wp\/v2\/media\/410024"}],"wp:attachment":[{"href":"https:\/\/www.intoscana.it\/it\/wp-json\/wp\/v2\/media?parent=409993"}],"wp:term":[{"taxonomy":"category","embeddable":true,"href":"https:\/\/www.intoscana.it\/it\/wp-json\/wp\/v2\/categories?post=409993"},{"taxonomy":"post_tag","embeddable":true,"href":"https:\/\/www.intoscana.it\/it\/wp-json\/wp\/v2\/tags?post=409993"}],"curies":[{"name":"wp","href":"https:\/\/api.w.org\/{rel}","templated":true}]}}