{"id":410089,"date":"2025-12-10T16:47:29","date_gmt":"2025-12-10T15:47:29","guid":{"rendered":"https:\/\/www.intoscana.it\/it\/?p=410089"},"modified":"2025-12-10T16:47:29","modified_gmt":"2025-12-10T15:47:29","slug":"la-cucina-italiana-incoronata-dallunesco-marras-un-incentivo-in-piu-per-il-progetto-vetrina-toscana","status":"publish","type":"post","link":"https:\/\/www.intoscana.it\/it\/la-cucina-italiana-incoronata-dallunesco-marras-un-incentivo-in-piu-per-il-progetto-vetrina-toscana\/","title":{"rendered":"La cucina italiana incoronata dall&#8217;Unesco, Marras: &#8220;Un incentivo in pi\u00f9 per il progetto Vetrina Toscana&#8221;"},"content":{"rendered":"<p>La <strong>cucina italiana<\/strong> ha ottenuto l&#8217;atteso riconoscimento: \u00e8 stata iscritta nella lista del <strong>patrimonio culturale immateriale dell&#8217;Unesco<\/strong>. Pi\u00f9 di un semplice atto formale, la consacrazione di un patrimonio di <strong>saperi, tradizioni, gestualit\u00e0 e relazioni<\/strong> che da secoli definisce identit\u00e0 e cultura di un Paese. Anche l\u2019assessore a economia, agricoltura e turismo <strong>Leonardo Marras<\/strong> ha commentato quest\u2019iscrizione.<\/p>\n<figure id=\"post-355453 media-355453\" class=\"align-none\"><img decoding=\"async\" src=\"https:\/\/www.intoscana.it\/wp-content\/uploads\/Assessore-Marras-accanto-al-bus-enogastronomico-e1725891685209.jpeg\" alt=\"\" \/><\/figure>\n<div class=\"titleimg\">Assessore Marras accanto al bus enogastronomico<\/div>\n<p><em>\u201cLa cucina come linguaggio universale<\/em> \u2013 ha sottolineato Marras &#8211;<em>, fondato sulla qualit\u00e0 delle materie prime, sul rispetto di territori e stagioni, della sapienza artigiana tramandata per generazioni. Unesco ha voluto in questo modo valorizzare un lavoro complessivo, al quale contribuiscono agricoltori, produttori, cuochi, comunit\u00e0. Per la Toscana \u00e8 un incentivo ulteriore a proseguire nel percorso di promozione delle proprie specificit\u00e0, grazie a Vetrina Toscana, progetto unico in Italia che ormai da anni portiamo avanti insieme ad Unioncamere Toscana, Toscana Promozione Turistica e Fondazione Sistema Toscana. La messa in rete di ristoranti, botteghe e produttori locali come esempio concreto di come si possa raccontare e vivere la cucina come cultura, l\u2019unione del gusto alla conoscenza del territorio, sostenendo l\u2019economia reale delle nostre comunit\u00e0\u201d.<\/em><\/p>\n","protected":false},"excerpt":{"rendered":"<p>Per l&#8217;assessore il progetto che mette in rete ristoranti, botteghe e produttori locali esempio concreto di come si possa raccontare e vivere la cucina come cultura&#8221;<\/p>\n","protected":false},"author":525,"featured_media":141681,"comment_status":"open","ping_status":"open","sticky":false,"template":"","format":"standard","meta":{"_acf_changed":false,"footnotes":""},"categories":[8],"tags":[6476,168,5008,4706,4145,146],"class_list":["post-410089","post","type-post","status-publish","format-standard","has-post-thumbnail","hentry","category-enogastronomia","tag-cucina","tag-fondazione-sistema-toscana","tag-leonardo-marras","tag-toscana-promozione-turistica","tag-unesco","tag-vetrina-toscana"],"acf":[],"yoast_head":"<!-- This site is optimized with the Yoast SEO Premium plugin v24.2 (Yoast SEO v25.6) - https:\/\/yoast.com\/wordpress\/plugins\/seo\/ -->\n<title>La cucina italiana incoronata dall&#039;Unesco, Marras: &quot;Un incentivo in pi\u00f9 per il progetto Vetrina Toscana&quot; - intoscana<\/title>\n<meta name=\"description\" content=\"Per l&#039;assessore il progetto &quot;esempio concreto di come si possa raccontare e vivere la cucina come cultura&quot;\" \/>\n<meta name=\"robots\" content=\"index, follow, max-snippet:-1, max-image-preview:large, max-video-preview:-1\" \/>\n<link rel=\"canonical\" href=\"https:\/\/www.intoscana.it\/it\/la-cucina-italiana-incoronata-dallunesco-marras-un-incentivo-in-piu-per-il-progetto-vetrina-toscana\/\" \/>\n<meta property=\"og:locale\" content=\"it_IT\" \/>\n<meta property=\"og:type\" content=\"article\" \/>\n<meta property=\"og:title\" content=\"La cucina italiana incoronata dall&#039;Unesco, Marras: &quot;Un incentivo in pi\u00f9 per il progetto Vetrina Toscana&quot;\" \/>\n<meta property=\"og:description\" content=\"Per l&#039;assessore il progetto &quot;esempio concreto di come si possa raccontare e vivere la cucina come cultura&quot;\" \/>\n<meta property=\"og:url\" content=\"https:\/\/www.intoscana.it\/it\/la-cucina-italiana-incoronata-dallunesco-marras-un-incentivo-in-piu-per-il-progetto-vetrina-toscana\/\" \/>\n<meta property=\"og:site_name\" content=\"intoscana\" \/>\n<meta property=\"article:publisher\" content=\"https:\/\/www.facebook.com\/intoscana.it\" \/>\n<meta property=\"article:published_time\" content=\"2025-12-10T15:47:29+00:00\" \/>\n<meta property=\"og:image\" content=\"https:\/\/www.intoscana.it\/wp-content\/uploads\/cucina-toscana-enogastronomia-9.jpg\" \/>\n\t<meta property=\"og:image:width\" content=\"740\" \/>\n\t<meta property=\"og:image:height\" content=\"480\" \/>\n\t<meta property=\"og:image:type\" content=\"image\/jpeg\" \/>\n<meta name=\"author\" content=\"Redazione\" \/>\n<meta name=\"twitter:card\" content=\"summary_large_image\" \/>\n<meta name=\"twitter:creator\" content=\"@intoscana\" \/>\n<meta name=\"twitter:site\" content=\"@intoscana\" \/>\n<meta name=\"twitter:label1\" content=\"Written by\" \/>\n\t<meta name=\"twitter:data1\" content=\"Redazione\" \/>\n\t<meta name=\"twitter:label2\" content=\"Est. reading time\" \/>\n\t<meta name=\"twitter:data2\" content=\"2 minuti\" \/>\n<script type=\"application\/ld+json\" class=\"yoast-schema-graph\">{\"@context\":\"https:\/\/schema.org\",\"@graph\":[{\"@type\":\"WebPage\",\"@id\":\"https:\/\/www.intoscana.it\/it\/la-cucina-italiana-incoronata-dallunesco-marras-un-incentivo-in-piu-per-il-progetto-vetrina-toscana\/\",\"url\":\"https:\/\/www.intoscana.it\/it\/la-cucina-italiana-incoronata-dallunesco-marras-un-incentivo-in-piu-per-il-progetto-vetrina-toscana\/\",\"name\":\"La cucina italiana incoronata dall'Unesco, Marras: \\\"Un incentivo in pi\u00f9 per il progetto Vetrina Toscana\\\" - intoscana\",\"isPartOf\":{\"@id\":\"https:\/\/www.intoscana.it\/it\/#website\"},\"primaryImageOfPage\":{\"@id\":\"https:\/\/www.intoscana.it\/it\/la-cucina-italiana-incoronata-dallunesco-marras-un-incentivo-in-piu-per-il-progetto-vetrina-toscana\/#primaryimage\"},\"image\":{\"@id\":\"https:\/\/www.intoscana.it\/it\/la-cucina-italiana-incoronata-dallunesco-marras-un-incentivo-in-piu-per-il-progetto-vetrina-toscana\/#primaryimage\"},\"thumbnailUrl\":\"https:\/\/www.intoscana.it\/wp-content\/uploads\/cucina-toscana-enogastronomia-9.jpg\",\"datePublished\":\"2025-12-10T15:47:29+00:00\",\"author\":{\"@id\":\"https:\/\/www.intoscana.it\/it\/#\/schema\/person\/9223810753230f20bd670fdd322661f8\"},\"description\":\"Per l'assessore il progetto \\\"esempio concreto di come si possa raccontare e vivere la cucina come cultura\\\"\",\"breadcrumb\":{\"@id\":\"https:\/\/www.intoscana.it\/it\/la-cucina-italiana-incoronata-dallunesco-marras-un-incentivo-in-piu-per-il-progetto-vetrina-toscana\/#breadcrumb\"},\"inLanguage\":\"it-IT\",\"potentialAction\":[{\"@type\":\"ReadAction\",\"target\":[\"https:\/\/www.intoscana.it\/it\/la-cucina-italiana-incoronata-dallunesco-marras-un-incentivo-in-piu-per-il-progetto-vetrina-toscana\/\"]}]},{\"@type\":\"ImageObject\",\"inLanguage\":\"it-IT\",\"@id\":\"https:\/\/www.intoscana.it\/it\/la-cucina-italiana-incoronata-dallunesco-marras-un-incentivo-in-piu-per-il-progetto-vetrina-toscana\/#primaryimage\",\"url\":\"https:\/\/www.intoscana.it\/wp-content\/uploads\/cucina-toscana-enogastronomia-9.jpg\",\"contentUrl\":\"https:\/\/www.intoscana.it\/wp-content\/uploads\/cucina-toscana-enogastronomia-9.jpg\",\"width\":740,\"height\":480},{\"@type\":\"BreadcrumbList\",\"@id\":\"https:\/\/www.intoscana.it\/it\/la-cucina-italiana-incoronata-dallunesco-marras-un-incentivo-in-piu-per-il-progetto-vetrina-toscana\/#breadcrumb\",\"itemListElement\":[{\"@type\":\"ListItem\",\"position\":1,\"name\":\"Home\",\"item\":\"https:\/\/www.intoscana.it\/it\/\"},{\"@type\":\"ListItem\",\"position\":2,\"name\":\"La cucina italiana incoronata dall&#8217;Unesco, Marras: &#8220;Un incentivo in pi\u00f9 per il progetto Vetrina Toscana&#8221;\"}]},{\"@type\":\"WebSite\",\"@id\":\"https:\/\/www.intoscana.it\/it\/#website\",\"url\":\"https:\/\/www.intoscana.it\/it\/\",\"name\":\"intoscana\",\"description\":\"\",\"potentialAction\":[{\"@type\":\"SearchAction\",\"target\":{\"@type\":\"EntryPoint\",\"urlTemplate\":\"https:\/\/www.intoscana.it\/it\/?s={search_term_string}\"},\"query-input\":{\"@type\":\"PropertyValueSpecification\",\"valueRequired\":true,\"valueName\":\"search_term_string\"}}],\"inLanguage\":\"it-IT\"},{\"@type\":\"Person\",\"@id\":\"https:\/\/www.intoscana.it\/it\/#\/schema\/person\/9223810753230f20bd670fdd322661f8\",\"name\":\"Redazione\",\"url\":\"https:\/\/www.intoscana.it\/it\/author\/redazione\/\"}]}<\/script>\n<!-- \/ Yoast SEO Premium plugin. -->","yoast_head_json":{"title":"La cucina italiana incoronata dall'Unesco, Marras: \"Un incentivo in pi\u00f9 per il progetto Vetrina Toscana\" - intoscana","description":"Per l'assessore il progetto \"esempio concreto di come si possa raccontare e vivere la cucina come cultura\"","robots":{"index":"index","follow":"follow","max-snippet":"max-snippet:-1","max-image-preview":"max-image-preview:large","max-video-preview":"max-video-preview:-1"},"canonical":"https:\/\/www.intoscana.it\/it\/la-cucina-italiana-incoronata-dallunesco-marras-un-incentivo-in-piu-per-il-progetto-vetrina-toscana\/","og_locale":"it_IT","og_type":"article","og_title":"La cucina italiana incoronata dall'Unesco, Marras: \"Un incentivo in pi\u00f9 per il progetto Vetrina Toscana\"","og_description":"Per l'assessore il progetto \"esempio concreto di come si possa raccontare e vivere la cucina come cultura\"","og_url":"https:\/\/www.intoscana.it\/it\/la-cucina-italiana-incoronata-dallunesco-marras-un-incentivo-in-piu-per-il-progetto-vetrina-toscana\/","og_site_name":"intoscana","article_publisher":"https:\/\/www.facebook.com\/intoscana.it","article_published_time":"2025-12-10T15:47:29+00:00","og_image":[{"width":740,"height":480,"url":"https:\/\/www.intoscana.it\/wp-content\/uploads\/cucina-toscana-enogastronomia-9.jpg","type":"image\/jpeg"}],"author":"Redazione","twitter_card":"summary_large_image","twitter_creator":"@intoscana","twitter_site":"@intoscana","twitter_misc":{"Written by":"Redazione","Est. reading time":"2 minuti"},"schema":{"@context":"https:\/\/schema.org","@graph":[{"@type":"WebPage","@id":"https:\/\/www.intoscana.it\/it\/la-cucina-italiana-incoronata-dallunesco-marras-un-incentivo-in-piu-per-il-progetto-vetrina-toscana\/","url":"https:\/\/www.intoscana.it\/it\/la-cucina-italiana-incoronata-dallunesco-marras-un-incentivo-in-piu-per-il-progetto-vetrina-toscana\/","name":"La cucina italiana incoronata dall'Unesco, Marras: \"Un incentivo in pi\u00f9 per il progetto Vetrina Toscana\" - intoscana","isPartOf":{"@id":"https:\/\/www.intoscana.it\/it\/#website"},"primaryImageOfPage":{"@id":"https:\/\/www.intoscana.it\/it\/la-cucina-italiana-incoronata-dallunesco-marras-un-incentivo-in-piu-per-il-progetto-vetrina-toscana\/#primaryimage"},"image":{"@id":"https:\/\/www.intoscana.it\/it\/la-cucina-italiana-incoronata-dallunesco-marras-un-incentivo-in-piu-per-il-progetto-vetrina-toscana\/#primaryimage"},"thumbnailUrl":"https:\/\/www.intoscana.it\/wp-content\/uploads\/cucina-toscana-enogastronomia-9.jpg","datePublished":"2025-12-10T15:47:29+00:00","author":{"@id":"https:\/\/www.intoscana.it\/it\/#\/schema\/person\/9223810753230f20bd670fdd322661f8"},"description":"Per l'assessore il progetto \"esempio concreto di come si possa raccontare e vivere la cucina come cultura\"","breadcrumb":{"@id":"https:\/\/www.intoscana.it\/it\/la-cucina-italiana-incoronata-dallunesco-marras-un-incentivo-in-piu-per-il-progetto-vetrina-toscana\/#breadcrumb"},"inLanguage":"it-IT","potentialAction":[{"@type":"ReadAction","target":["https:\/\/www.intoscana.it\/it\/la-cucina-italiana-incoronata-dallunesco-marras-un-incentivo-in-piu-per-il-progetto-vetrina-toscana\/"]}]},{"@type":"ImageObject","inLanguage":"it-IT","@id":"https:\/\/www.intoscana.it\/it\/la-cucina-italiana-incoronata-dallunesco-marras-un-incentivo-in-piu-per-il-progetto-vetrina-toscana\/#primaryimage","url":"https:\/\/www.intoscana.it\/wp-content\/uploads\/cucina-toscana-enogastronomia-9.jpg","contentUrl":"https:\/\/www.intoscana.it\/wp-content\/uploads\/cucina-toscana-enogastronomia-9.jpg","width":740,"height":480},{"@type":"BreadcrumbList","@id":"https:\/\/www.intoscana.it\/it\/la-cucina-italiana-incoronata-dallunesco-marras-un-incentivo-in-piu-per-il-progetto-vetrina-toscana\/#breadcrumb","itemListElement":[{"@type":"ListItem","position":1,"name":"Home","item":"https:\/\/www.intoscana.it\/it\/"},{"@type":"ListItem","position":2,"name":"La cucina italiana incoronata dall&#8217;Unesco, Marras: &#8220;Un incentivo in pi\u00f9 per il progetto Vetrina Toscana&#8221;"}]},{"@type":"WebSite","@id":"https:\/\/www.intoscana.it\/it\/#website","url":"https:\/\/www.intoscana.it\/it\/","name":"intoscana","description":"","potentialAction":[{"@type":"SearchAction","target":{"@type":"EntryPoint","urlTemplate":"https:\/\/www.intoscana.it\/it\/?s={search_term_string}"},"query-input":{"@type":"PropertyValueSpecification","valueRequired":true,"valueName":"search_term_string"}}],"inLanguage":"it-IT"},{"@type":"Person","@id":"https:\/\/www.intoscana.it\/it\/#\/schema\/person\/9223810753230f20bd670fdd322661f8","name":"Redazione","url":"https:\/\/www.intoscana.it\/it\/author\/redazione\/"}]}},"_links":{"self":[{"href":"https:\/\/www.intoscana.it\/it\/wp-json\/wp\/v2\/posts\/410089","targetHints":{"allow":["GET"]}}],"collection":[{"href":"https:\/\/www.intoscana.it\/it\/wp-json\/wp\/v2\/posts"}],"about":[{"href":"https:\/\/www.intoscana.it\/it\/wp-json\/wp\/v2\/types\/post"}],"author":[{"embeddable":true,"href":"https:\/\/www.intoscana.it\/it\/wp-json\/wp\/v2\/users\/525"}],"replies":[{"embeddable":true,"href":"https:\/\/www.intoscana.it\/it\/wp-json\/wp\/v2\/comments?post=410089"}],"version-history":[{"count":5,"href":"https:\/\/www.intoscana.it\/it\/wp-json\/wp\/v2\/posts\/410089\/revisions"}],"predecessor-version":[{"id":410094,"href":"https:\/\/www.intoscana.it\/it\/wp-json\/wp\/v2\/posts\/410089\/revisions\/410094"}],"wp:featuredmedia":[{"embeddable":true,"href":"https:\/\/www.intoscana.it\/it\/wp-json\/wp\/v2\/media\/141681"}],"wp:attachment":[{"href":"https:\/\/www.intoscana.it\/it\/wp-json\/wp\/v2\/media?parent=410089"}],"wp:term":[{"taxonomy":"category","embeddable":true,"href":"https:\/\/www.intoscana.it\/it\/wp-json\/wp\/v2\/categories?post=410089"},{"taxonomy":"post_tag","embeddable":true,"href":"https:\/\/www.intoscana.it\/it\/wp-json\/wp\/v2\/tags?post=410089"}],"curies":[{"name":"wp","href":"https:\/\/api.w.org\/{rel}","templated":true}]}}