{"id":411696,"date":"2025-12-29T13:42:49","date_gmt":"2025-12-29T12:42:49","guid":{"rendered":"https:\/\/www.intoscana.it\/it\/?p=411696"},"modified":"2025-12-29T13:42:49","modified_gmt":"2025-12-29T12:42:49","slug":"nasce-aria-di-musica-la-nuova-academy-per-i-giovani-talenti-di-arezzo-wave","status":"publish","type":"post","link":"https:\/\/www.intoscana.it\/it\/nasce-aria-di-musica-la-nuova-academy-per-i-giovani-talenti-di-arezzo-wave\/","title":{"rendered":"Nasce &#8220;Ar\u00eca di musica&#8221; la nuova Academy per i giovani talenti di Arezzo Wave"},"content":{"rendered":"<p><strong>AR\u00ccA DI MUSICA \u2013 Arezzo Rock Italian Academy<\/strong>\u00a0\u00e8 il nuovo progetto di<strong> Fondazione <a href=\"https:\/\/arezzowave.com\" target=\"_blank\" rel=\"noopener\">Arezzo Wave Italia<\/a><\/strong> per sostenere le nuove generazioni della musica ideato in occasione dei 40 anni di Arezzo Wave. L\u2019iniziativa ha ottenuto il finanziamento della<strong> Regione Toscana nell\u2019ambito del bando FSE+<\/strong> dedicato alle <strong>Residenze Artistiche Musicali.<\/strong><\/p>\n<p>Il progetto si configura come <strong>una residenza artistica musicale rivolta a giovani musicisti e musiciste under 36<\/strong>, singoli o riuniti in duo, band e collettivi. Un percorso che prender\u00e0 vita nel corso del 2026 e che trover\u00e0 il suo momento culminante sul palco della <strong>40\u00aa edizione di Arezzo Wave.<\/strong><\/p>\n<p>Attraverso una call pubblica<strong> saranno selezionati fino a 18 artisti, chiamati a lavorare insieme su progetti musicali condivisi<\/strong> per stimolare scambio, contaminazione e collaborazione.<\/p>\n<p>Al centro di AR\u00ccA DI MUSICA ci sar\u00e0 la <strong>reinterpretazione creativa:<\/strong> i partecipanti rileggeranno brani iconici degli artisti che hanno segnato la storia di Arezzo Wave trasformandoli attraverso il proprio linguaggio e la propria visione, in un dialogo continuo tra memoria musicale, contemporaneit\u00e0 e identit\u00e0 artistica.<\/p>\n<p>Accanto alla pratica musicale (composizione, arrangiamento e performance), <strong>Arezzo Rock Italian Academy<\/strong> affronter\u00e0 anche alcuni temi centrali nel panorama musicale odierno: <strong>creativit\u00e0 e identit\u00e0 artistica, tutela dei diritti e sostenibilit\u00e0 del lavoro musicale, intelligenza artificiale<\/strong> applicata alla musica, produzione, comunicazione e nuovi linguaggi.<\/p>\n<p>Il percorso sar\u00e0 arricchito dall\u2019<strong>incontro con artisti e professionisti di rilievo nazionale<\/strong> che condivideranno con i giovani esperienze e visioni.<\/p>\n<p>Il progetto <strong>AR\u00ecA DI MUSICA culminer\u00e0 in una restituzione pubblica finale,<\/strong> pensata come appuntamento speciale che si inserir\u00e0 nel calendario di Arezzo Wave, arricchendo l\u2019offerta culturale complessiva con una serata dedicata ai nuovi talenti e al percorso formativo svolto.<\/p>\n<p>AR\u00ccA DI MUSICA \u00e8 uno dei sei progetti selezionati a livello regionale ed \u00e8 l\u2019unico della provincia di Arezzo ad aver ottenuto il finanziamento: un riconoscimento che rafforza<strong> il ruolo storico di Arezzo Wave come spazio di scoperta, sperimentazione e crescita<\/strong> per le nuove generazioni di artisti.<\/p>\n<p><strong>La call pubblica per partecipare al progetto aprir\u00e0 nel mese di gennaio<\/strong> e sar\u00e0 rivolta a giovani artisti e artiste under 36 con l\u2019obiettivo di accompagnare l\u2019avvio o il consolidamento di una professione nel settore musicale. I requisiti completi e le modalit\u00e0 di candidatura saranno comunicati a breve.<\/p>\n<p>La <strong>Residenza artistica musicale<\/strong> \u00e8 finanziata con le risorse del <strong>PR FSE+ Toscana 2021\/27<\/strong> e rientra nell\u2019ambito di giovanis\u00ec, il progetto della<strong> Regione Toscana<\/strong> per l\u2019autonomia dei giovani.<\/p>\n","protected":false},"excerpt":{"rendered":"<p>La Residenza artistica musicale \u00e8 finanziata con le risorse del PR FSE+ Toscana 2021\/27 e rientra nell\u2019ambito di Giovanis\u00ec, il progetto della Regione Toscana per l\u2019autonomia dei giovani. La call per partecipare aprir\u00e0 nel mese di gennaio e sar\u00e0 rivolta a giovani artisti e artiste under 36 <\/p>\n","protected":false},"author":525,"featured_media":151373,"comment_status":"open","ping_status":"open","sticky":false,"template":"","format":"standard","meta":{"_acf_changed":false,"footnotes":""},"categories":[14],"tags":[196,244,151],"class_list":["post-411696","post","type-post","status-publish","format-standard","has-post-thumbnail","hentry","category-musica","tag-arezzo","tag-giovanisi","tag-regione-toscana"],"acf":[],"yoast_head":"<!-- This site is optimized with the Yoast SEO Premium plugin v24.2 (Yoast SEO v25.6) - https:\/\/yoast.com\/wordpress\/plugins\/seo\/ -->\n<title>Nasce &quot;Ar\u00eca di musica&quot; la nuova Academy per i giovani talenti di Arezzo Wave - intoscana<\/title>\n<meta name=\"description\" content=\"La call per partecipare alla Residenza artistica aprir\u00e0 nel mese di gennaio e sar\u00e0 rivolta a giovani artisti e artiste under 36\" \/>\n<meta name=\"robots\" content=\"index, follow, max-snippet:-1, max-image-preview:large, max-video-preview:-1\" \/>\n<link rel=\"canonical\" href=\"https:\/\/www.intoscana.it\/it\/nasce-aria-di-musica-la-nuova-academy-per-i-giovani-talenti-di-arezzo-wave\/\" \/>\n<meta property=\"og:locale\" content=\"it_IT\" \/>\n<meta property=\"og:type\" content=\"article\" \/>\n<meta property=\"og:title\" content=\"Nasce &quot;Ar\u00eca di musica&quot; la nuova Academy per i giovani talenti di Arezzo Wave\" \/>\n<meta property=\"og:description\" content=\"La call per partecipare alla Residenza artistica aprir\u00e0 nel mese di gennaio e sar\u00e0 rivolta a giovani artisti e artiste under 36\" \/>\n<meta property=\"og:url\" content=\"https:\/\/www.intoscana.it\/it\/nasce-aria-di-musica-la-nuova-academy-per-i-giovani-talenti-di-arezzo-wave\/\" \/>\n<meta property=\"og:site_name\" content=\"intoscana\" \/>\n<meta property=\"article:publisher\" content=\"https:\/\/www.facebook.com\/intoscana.it\" \/>\n<meta property=\"article:published_time\" content=\"2025-12-29T12:42:49+00:00\" \/>\n<meta property=\"og:image\" content=\"https:\/\/www.intoscana.it\/wp-content\/uploads\/concerto-3-scaled.jpg\" \/>\n\t<meta property=\"og:image:width\" content=\"2048\" \/>\n\t<meta property=\"og:image:height\" content=\"1365\" \/>\n\t<meta property=\"og:image:type\" content=\"image\/jpeg\" \/>\n<meta name=\"author\" content=\"Redazione\" \/>\n<meta name=\"twitter:card\" content=\"summary_large_image\" \/>\n<meta name=\"twitter:creator\" content=\"@intoscana\" \/>\n<meta name=\"twitter:site\" content=\"@intoscana\" \/>\n<meta name=\"twitter:label1\" content=\"Written by\" \/>\n\t<meta name=\"twitter:data1\" content=\"Redazione\" \/>\n\t<meta name=\"twitter:label2\" content=\"Est. reading time\" \/>\n\t<meta name=\"twitter:data2\" content=\"3 minuti\" \/>\n<script type=\"application\/ld+json\" class=\"yoast-schema-graph\">{\"@context\":\"https:\/\/schema.org\",\"@graph\":[{\"@type\":\"WebPage\",\"@id\":\"https:\/\/www.intoscana.it\/it\/nasce-aria-di-musica-la-nuova-academy-per-i-giovani-talenti-di-arezzo-wave\/\",\"url\":\"https:\/\/www.intoscana.it\/it\/nasce-aria-di-musica-la-nuova-academy-per-i-giovani-talenti-di-arezzo-wave\/\",\"name\":\"Nasce \\\"Ar\u00eca di musica\\\" la nuova Academy per i giovani talenti di Arezzo Wave - intoscana\",\"isPartOf\":{\"@id\":\"https:\/\/www.intoscana.it\/it\/#website\"},\"primaryImageOfPage\":{\"@id\":\"https:\/\/www.intoscana.it\/it\/nasce-aria-di-musica-la-nuova-academy-per-i-giovani-talenti-di-arezzo-wave\/#primaryimage\"},\"image\":{\"@id\":\"https:\/\/www.intoscana.it\/it\/nasce-aria-di-musica-la-nuova-academy-per-i-giovani-talenti-di-arezzo-wave\/#primaryimage\"},\"thumbnailUrl\":\"https:\/\/www.intoscana.it\/wp-content\/uploads\/concerto-3-scaled.jpg\",\"datePublished\":\"2025-12-29T12:42:49+00:00\",\"author\":{\"@id\":\"https:\/\/www.intoscana.it\/it\/#\/schema\/person\/9223810753230f20bd670fdd322661f8\"},\"description\":\"La call per partecipare alla Residenza artistica aprir\u00e0 nel mese di gennaio e sar\u00e0 rivolta a giovani artisti e artiste under 36\",\"breadcrumb\":{\"@id\":\"https:\/\/www.intoscana.it\/it\/nasce-aria-di-musica-la-nuova-academy-per-i-giovani-talenti-di-arezzo-wave\/#breadcrumb\"},\"inLanguage\":\"it-IT\",\"potentialAction\":[{\"@type\":\"ReadAction\",\"target\":[\"https:\/\/www.intoscana.it\/it\/nasce-aria-di-musica-la-nuova-academy-per-i-giovani-talenti-di-arezzo-wave\/\"]}]},{\"@type\":\"ImageObject\",\"inLanguage\":\"it-IT\",\"@id\":\"https:\/\/www.intoscana.it\/it\/nasce-aria-di-musica-la-nuova-academy-per-i-giovani-talenti-di-arezzo-wave\/#primaryimage\",\"url\":\"https:\/\/www.intoscana.it\/wp-content\/uploads\/concerto-3-scaled.jpg\",\"contentUrl\":\"https:\/\/www.intoscana.it\/wp-content\/uploads\/concerto-3-scaled.jpg\",\"width\":2048,\"height\":1365,\"caption\":\"Concerto\"},{\"@type\":\"BreadcrumbList\",\"@id\":\"https:\/\/www.intoscana.it\/it\/nasce-aria-di-musica-la-nuova-academy-per-i-giovani-talenti-di-arezzo-wave\/#breadcrumb\",\"itemListElement\":[{\"@type\":\"ListItem\",\"position\":1,\"name\":\"Home\",\"item\":\"https:\/\/www.intoscana.it\/it\/\"},{\"@type\":\"ListItem\",\"position\":2,\"name\":\"Nasce &#8220;Ar\u00eca di musica&#8221; la nuova Academy per i giovani talenti di Arezzo Wave\"}]},{\"@type\":\"WebSite\",\"@id\":\"https:\/\/www.intoscana.it\/it\/#website\",\"url\":\"https:\/\/www.intoscana.it\/it\/\",\"name\":\"intoscana\",\"description\":\"\",\"potentialAction\":[{\"@type\":\"SearchAction\",\"target\":{\"@type\":\"EntryPoint\",\"urlTemplate\":\"https:\/\/www.intoscana.it\/it\/?s={search_term_string}\"},\"query-input\":{\"@type\":\"PropertyValueSpecification\",\"valueRequired\":true,\"valueName\":\"search_term_string\"}}],\"inLanguage\":\"it-IT\"},{\"@type\":\"Person\",\"@id\":\"https:\/\/www.intoscana.it\/it\/#\/schema\/person\/9223810753230f20bd670fdd322661f8\",\"name\":\"Redazione\",\"url\":\"https:\/\/www.intoscana.it\/it\/author\/redazione\/\"}]}<\/script>\n<!-- \/ Yoast SEO Premium plugin. -->","yoast_head_json":{"title":"Nasce \"Ar\u00eca di musica\" la nuova Academy per i giovani talenti di Arezzo Wave - intoscana","description":"La call per partecipare alla Residenza artistica aprir\u00e0 nel mese di gennaio e sar\u00e0 rivolta a giovani artisti e artiste under 36","robots":{"index":"index","follow":"follow","max-snippet":"max-snippet:-1","max-image-preview":"max-image-preview:large","max-video-preview":"max-video-preview:-1"},"canonical":"https:\/\/www.intoscana.it\/it\/nasce-aria-di-musica-la-nuova-academy-per-i-giovani-talenti-di-arezzo-wave\/","og_locale":"it_IT","og_type":"article","og_title":"Nasce \"Ar\u00eca di musica\" la nuova Academy per i giovani talenti di Arezzo Wave","og_description":"La call per partecipare alla Residenza artistica aprir\u00e0 nel mese di gennaio e sar\u00e0 rivolta a giovani artisti e artiste under 36","og_url":"https:\/\/www.intoscana.it\/it\/nasce-aria-di-musica-la-nuova-academy-per-i-giovani-talenti-di-arezzo-wave\/","og_site_name":"intoscana","article_publisher":"https:\/\/www.facebook.com\/intoscana.it","article_published_time":"2025-12-29T12:42:49+00:00","og_image":[{"width":2048,"height":1365,"url":"https:\/\/www.intoscana.it\/wp-content\/uploads\/concerto-3-scaled.jpg","type":"image\/jpeg"}],"author":"Redazione","twitter_card":"summary_large_image","twitter_creator":"@intoscana","twitter_site":"@intoscana","twitter_misc":{"Written by":"Redazione","Est. reading time":"3 minuti"},"schema":{"@context":"https:\/\/schema.org","@graph":[{"@type":"WebPage","@id":"https:\/\/www.intoscana.it\/it\/nasce-aria-di-musica-la-nuova-academy-per-i-giovani-talenti-di-arezzo-wave\/","url":"https:\/\/www.intoscana.it\/it\/nasce-aria-di-musica-la-nuova-academy-per-i-giovani-talenti-di-arezzo-wave\/","name":"Nasce \"Ar\u00eca di musica\" la nuova Academy per i giovani talenti di Arezzo Wave - intoscana","isPartOf":{"@id":"https:\/\/www.intoscana.it\/it\/#website"},"primaryImageOfPage":{"@id":"https:\/\/www.intoscana.it\/it\/nasce-aria-di-musica-la-nuova-academy-per-i-giovani-talenti-di-arezzo-wave\/#primaryimage"},"image":{"@id":"https:\/\/www.intoscana.it\/it\/nasce-aria-di-musica-la-nuova-academy-per-i-giovani-talenti-di-arezzo-wave\/#primaryimage"},"thumbnailUrl":"https:\/\/www.intoscana.it\/wp-content\/uploads\/concerto-3-scaled.jpg","datePublished":"2025-12-29T12:42:49+00:00","author":{"@id":"https:\/\/www.intoscana.it\/it\/#\/schema\/person\/9223810753230f20bd670fdd322661f8"},"description":"La call per partecipare alla Residenza artistica aprir\u00e0 nel mese di gennaio e sar\u00e0 rivolta a giovani artisti e artiste under 36","breadcrumb":{"@id":"https:\/\/www.intoscana.it\/it\/nasce-aria-di-musica-la-nuova-academy-per-i-giovani-talenti-di-arezzo-wave\/#breadcrumb"},"inLanguage":"it-IT","potentialAction":[{"@type":"ReadAction","target":["https:\/\/www.intoscana.it\/it\/nasce-aria-di-musica-la-nuova-academy-per-i-giovani-talenti-di-arezzo-wave\/"]}]},{"@type":"ImageObject","inLanguage":"it-IT","@id":"https:\/\/www.intoscana.it\/it\/nasce-aria-di-musica-la-nuova-academy-per-i-giovani-talenti-di-arezzo-wave\/#primaryimage","url":"https:\/\/www.intoscana.it\/wp-content\/uploads\/concerto-3-scaled.jpg","contentUrl":"https:\/\/www.intoscana.it\/wp-content\/uploads\/concerto-3-scaled.jpg","width":2048,"height":1365,"caption":"Concerto"},{"@type":"BreadcrumbList","@id":"https:\/\/www.intoscana.it\/it\/nasce-aria-di-musica-la-nuova-academy-per-i-giovani-talenti-di-arezzo-wave\/#breadcrumb","itemListElement":[{"@type":"ListItem","position":1,"name":"Home","item":"https:\/\/www.intoscana.it\/it\/"},{"@type":"ListItem","position":2,"name":"Nasce &#8220;Ar\u00eca di musica&#8221; la nuova Academy per i giovani talenti di Arezzo Wave"}]},{"@type":"WebSite","@id":"https:\/\/www.intoscana.it\/it\/#website","url":"https:\/\/www.intoscana.it\/it\/","name":"intoscana","description":"","potentialAction":[{"@type":"SearchAction","target":{"@type":"EntryPoint","urlTemplate":"https:\/\/www.intoscana.it\/it\/?s={search_term_string}"},"query-input":{"@type":"PropertyValueSpecification","valueRequired":true,"valueName":"search_term_string"}}],"inLanguage":"it-IT"},{"@type":"Person","@id":"https:\/\/www.intoscana.it\/it\/#\/schema\/person\/9223810753230f20bd670fdd322661f8","name":"Redazione","url":"https:\/\/www.intoscana.it\/it\/author\/redazione\/"}]}},"_links":{"self":[{"href":"https:\/\/www.intoscana.it\/it\/wp-json\/wp\/v2\/posts\/411696","targetHints":{"allow":["GET"]}}],"collection":[{"href":"https:\/\/www.intoscana.it\/it\/wp-json\/wp\/v2\/posts"}],"about":[{"href":"https:\/\/www.intoscana.it\/it\/wp-json\/wp\/v2\/types\/post"}],"author":[{"embeddable":true,"href":"https:\/\/www.intoscana.it\/it\/wp-json\/wp\/v2\/users\/525"}],"replies":[{"embeddable":true,"href":"https:\/\/www.intoscana.it\/it\/wp-json\/wp\/v2\/comments?post=411696"}],"version-history":[{"count":1,"href":"https:\/\/www.intoscana.it\/it\/wp-json\/wp\/v2\/posts\/411696\/revisions"}],"predecessor-version":[{"id":411697,"href":"https:\/\/www.intoscana.it\/it\/wp-json\/wp\/v2\/posts\/411696\/revisions\/411697"}],"wp:featuredmedia":[{"embeddable":true,"href":"https:\/\/www.intoscana.it\/it\/wp-json\/wp\/v2\/media\/151373"}],"wp:attachment":[{"href":"https:\/\/www.intoscana.it\/it\/wp-json\/wp\/v2\/media?parent=411696"}],"wp:term":[{"taxonomy":"category","embeddable":true,"href":"https:\/\/www.intoscana.it\/it\/wp-json\/wp\/v2\/categories?post=411696"},{"taxonomy":"post_tag","embeddable":true,"href":"https:\/\/www.intoscana.it\/it\/wp-json\/wp\/v2\/tags?post=411696"}],"curies":[{"name":"wp","href":"https:\/\/api.w.org\/{rel}","templated":true}]}}