{"id":412629,"date":"2026-01-12T15:35:15","date_gmt":"2026-01-12T14:35:15","guid":{"rendered":"https:\/\/www.intoscana.it\/it\/?p=412629"},"modified":"2026-01-12T15:35:15","modified_gmt":"2026-01-12T14:35:15","slug":"meno-piogge-ma-piu-intense-dalluniversita-di-pisa-la-mappa-delle-precipitazioni-degli-ultimi-200-anni","status":"publish","type":"post","link":"https:\/\/www.intoscana.it\/it\/meno-piogge-ma-piu-intense-dalluniversita-di-pisa-la-mappa-delle-precipitazioni-degli-ultimi-200-anni\/","title":{"rendered":"Meno piogge ma pi\u00f9 intense: dall&#8217;Universit\u00e0 di Pisa la mappa delle precipitazioni degli ultimi 200 anni"},"content":{"rendered":"<p>In Italia negli ultimi due secoli le <strong>precipitazioni sono diventate meno frequenti ma sempre pi\u00f9 intense<\/strong>, violente persino. La scoperta arriva dalla ricerca dell&#8217;<strong>Universit\u00e0 di Pisa<\/strong> che per la prima volta ha mappato oltre<strong> 200 anni di dati pluviometrici italiani<\/strong>, provenienti sia da archivi storici che da reti strumentali moderne, ricostruendo cos\u00ec l\u2019evoluzione delle piogge in sei grandi aree climatiche del nostro Paese.<\/p>\n<h3>Meno pioggia al nord, precipitazioni pi\u00f9 violente anche in Toscana<\/h3>\n<p>Dallo studio, firmato da Marco Luppichini e Monica Bini del Dipartimento di Scienze della Terra e pubblicato sulla rivista internazionale Atmospheric Research, emerge che il cambiamento riguarda anche la <strong>Toscana.<\/strong> Infatti lungo tutto il periodo dal XIX secolo ad oggi c&#8217;\u00e8 stato un aumento marcato dell&#8217;intensit\u00e0 delle pioggie sulle regioni ligure etirreniche, compresa la Toscana: <mark>i dati mostrano un leggero ma costante calo delle precipitazioni e un aumento regolare appunto della loro veemenza.<\/mark><\/p>\n<p>Invece le <strong>minori quantit\u00e0 di pioggia<\/strong> si registrano soprattutto in Pianura Padana e nell\u2019Alto Adriatico, con tre grandi minimi storici attorno al 1820, 1920 e 1980: qui ci sono stati anche gli eventi pi\u00f9 estremi, cio\u00e8 i picchi di maggiore intensit\u00e0 delle precipitazioni, con valori massimi intorno al 1870, 1930 e 2003.<\/p>\n<p>La <strong>Pianura Padana e l\u2019Alto Adriatico<\/strong> sono le aree dove il cambiamento \u00e8 pi\u00f9 evidente, con tre grandi minimi storici delle pioggie, attorno al 1820, 1920 e 1980, e anche gli eventi pi\u00f9 estremi in Italia, cio\u00e8 i picchi di maggiore intensit\u00e0 delle precipitazioni, con valori massimi intorno al 1870, 1930 e 2003.<\/p>\n<p><em>\u201cComprendere queste dinamiche \u00e8 fondamentale per progettare <strong>misure di adattamento efficaci<\/strong><\/em><strong> \u2013<\/strong> spiega Monica Bini\u2013<em> a causa del riscaldamento globale, gli andamenti che abbiamo rilevato nelle serie storiche potrebbero accentuarsi nei prossimi decenni rendendo lo scenario futuro ancora pi\u00f9 instabile, con meno piogge ed episodi pi\u00f9 estremi.\u201d<\/em><\/p>\n<h3>Il riscaldamento globale ha cambiato il clima<\/h3>\n<p>Secondo lo studio pisano infatti la causa principale di questo cambiamento \u00e8 il<strong> riscaldamento globale,<\/strong> che sta modificando il modo in cui circolano le masse d\u2019aria sopra l\u2019Europa e il Mediterraneo. Le perturbazioni atlantiche arrivano meno spesso in Italia perch\u00e9 alcune grandi configurazioni atmosferiche, come l\u2019anticiclone delle Azzorre, sono diventate pi\u00f9 forti e bloccano le piogge. Allo stesso tempo, si \u00e8 indebolito il sistema ciclonico del Golfo di Genova, che normalmente porta molta della pioggia nella penisola. Al quadro si aggiunge <mark>un Mediterraneo sempre pi\u00f9 caldo che genera umidit\u00e0 ed energia a livello atmosferico: questo non fa aumentare la pioggia, ma rende le singole precipitazioni pi\u00f9 intense e violente.<\/mark><\/p>\n<p><em>\u201cQuesta combinazione, meno piogge ma pi\u00f9 intense, delinea scenari futuri complessi<\/em> \u2013 commenta Marco Luppichini \u2013 <em>da un lato, il calo della precipitazione media riduce la capacit\u00e0 di ricarica delle falde, <strong>accentua la siccit\u00e0 estiva e mette sotto pressione i sistemi idrici,<\/strong> soprattutto nelle zone pi\u00f9 popolate e agricole come la pianura Padana, le regioni tirreniche e l\u2019entroterra appenninico. Dall\u2019altro, l\u2019aumento dell\u2019intensit\u00e0 degli eventi meteorici amplifica la possibilit\u00e0 di frane, alluvioni improvvise e sovraccarichi delle infrastrutture urbane, con ricadute gi\u00e0 oggi osservabili in molte aree del Nord-Ovest e del Tirreno centrale\u201d.<\/em><\/p>\n","protected":false},"excerpt":{"rendered":"<p>La ricerca ha analizzato i dati pluviometrici provenienti da archivi storici e reti moderne mostrando che in Italia piove meno ma in modo pi\u00f9 violento<\/p>\n","protected":false},"author":502,"featured_media":358629,"comment_status":"open","ping_status":"open","sticky":false,"template":"","format":"standard","meta":{"_acf_changed":false,"footnotes":""},"categories":[19],"tags":[6548,213,368],"class_list":["post-412629","post","type-post","status-publish","format-standard","has-post-thumbnail","hentry","category-ambiente","tag-cambiamenti-climatici","tag-ricerca","tag-universita-di-pisa"],"acf":[],"yoast_head":"<!-- This site is optimized with the Yoast SEO Premium plugin v24.2 (Yoast SEO v25.6) - https:\/\/yoast.com\/wordpress\/plugins\/seo\/ -->\n<title>Meno piogge ma pi\u00f9 intense: dall&#039;Universit\u00e0 di Pisa la mappa delle precipitazioni degli ultimi 200 anni - intoscana<\/title>\n<meta name=\"robots\" content=\"index, follow, max-snippet:-1, max-image-preview:large, max-video-preview:-1\" \/>\n<link rel=\"canonical\" href=\"https:\/\/www.intoscana.it\/it\/meno-piogge-ma-piu-intense-dalluniversita-di-pisa-la-mappa-delle-precipitazioni-degli-ultimi-200-anni\/\" \/>\n<meta property=\"og:locale\" content=\"it_IT\" \/>\n<meta property=\"og:type\" content=\"article\" \/>\n<meta property=\"og:title\" content=\"Meno piogge ma pi\u00f9 intense: dall&#039;Universit\u00e0 di Pisa la mappa delle precipitazioni degli ultimi 200 anni\" \/>\n<meta property=\"og:description\" content=\"La ricerca ha analizzato i dati pluviometrici provenienti da archivi storici e reti moderne mostrando che in Italia piove meno ma in modo pi\u00f9 violento\" \/>\n<meta property=\"og:url\" content=\"https:\/\/www.intoscana.it\/it\/meno-piogge-ma-piu-intense-dalluniversita-di-pisa-la-mappa-delle-precipitazioni-degli-ultimi-200-anni\/\" \/>\n<meta property=\"og:site_name\" content=\"intoscana\" \/>\n<meta property=\"article:publisher\" content=\"https:\/\/www.facebook.com\/intoscana.it\" \/>\n<meta property=\"article:published_time\" content=\"2026-01-12T14:35:15+00:00\" \/>\n<meta property=\"og:image\" content=\"https:\/\/www.intoscana.it\/wp-content\/uploads\/erik-witsoe-maltempo-pioggia-ombrello-unsplash-scaled.jpg\" \/>\n\t<meta property=\"og:image:width\" content=\"2048\" \/>\n\t<meta property=\"og:image:height\" content=\"1365\" \/>\n\t<meta property=\"og:image:type\" content=\"image\/jpeg\" \/>\n<meta name=\"author\" content=\"Ilaria Giannini\" \/>\n<meta name=\"twitter:card\" content=\"summary_large_image\" \/>\n<meta name=\"twitter:creator\" content=\"@i.giannini@fst.it\" \/>\n<meta name=\"twitter:site\" content=\"@intoscana\" \/>\n<meta name=\"twitter:label1\" content=\"Written by\" \/>\n\t<meta name=\"twitter:data1\" content=\"Ilaria Giannini\" \/>\n\t<meta name=\"twitter:label2\" content=\"Est. reading time\" \/>\n\t<meta name=\"twitter:data2\" content=\"3 minuti\" \/>\n<script type=\"application\/ld+json\" class=\"yoast-schema-graph\">{\"@context\":\"https:\/\/schema.org\",\"@graph\":[{\"@type\":\"WebPage\",\"@id\":\"https:\/\/www.intoscana.it\/it\/meno-piogge-ma-piu-intense-dalluniversita-di-pisa-la-mappa-delle-precipitazioni-degli-ultimi-200-anni\/\",\"url\":\"https:\/\/www.intoscana.it\/it\/meno-piogge-ma-piu-intense-dalluniversita-di-pisa-la-mappa-delle-precipitazioni-degli-ultimi-200-anni\/\",\"name\":\"Meno piogge ma pi\u00f9 intense: dall'Universit\u00e0 di Pisa la mappa delle precipitazioni degli ultimi 200 anni - intoscana\",\"isPartOf\":{\"@id\":\"https:\/\/www.intoscana.it\/it\/#website\"},\"primaryImageOfPage\":{\"@id\":\"https:\/\/www.intoscana.it\/it\/meno-piogge-ma-piu-intense-dalluniversita-di-pisa-la-mappa-delle-precipitazioni-degli-ultimi-200-anni\/#primaryimage\"},\"image\":{\"@id\":\"https:\/\/www.intoscana.it\/it\/meno-piogge-ma-piu-intense-dalluniversita-di-pisa-la-mappa-delle-precipitazioni-degli-ultimi-200-anni\/#primaryimage\"},\"thumbnailUrl\":\"https:\/\/www.intoscana.it\/wp-content\/uploads\/erik-witsoe-maltempo-pioggia-ombrello-unsplash-scaled.jpg\",\"datePublished\":\"2026-01-12T14:35:15+00:00\",\"author\":{\"@id\":\"https:\/\/www.intoscana.it\/it\/#\/schema\/person\/de95e1ed2c1c8c30a6922bbba3a90185\"},\"breadcrumb\":{\"@id\":\"https:\/\/www.intoscana.it\/it\/meno-piogge-ma-piu-intense-dalluniversita-di-pisa-la-mappa-delle-precipitazioni-degli-ultimi-200-anni\/#breadcrumb\"},\"inLanguage\":\"it-IT\",\"potentialAction\":[{\"@type\":\"ReadAction\",\"target\":[\"https:\/\/www.intoscana.it\/it\/meno-piogge-ma-piu-intense-dalluniversita-di-pisa-la-mappa-delle-precipitazioni-degli-ultimi-200-anni\/\"]}]},{\"@type\":\"ImageObject\",\"inLanguage\":\"it-IT\",\"@id\":\"https:\/\/www.intoscana.it\/it\/meno-piogge-ma-piu-intense-dalluniversita-di-pisa-la-mappa-delle-precipitazioni-degli-ultimi-200-anni\/#primaryimage\",\"url\":\"https:\/\/www.intoscana.it\/wp-content\/uploads\/erik-witsoe-maltempo-pioggia-ombrello-unsplash-scaled.jpg\",\"contentUrl\":\"https:\/\/www.intoscana.it\/wp-content\/uploads\/erik-witsoe-maltempo-pioggia-ombrello-unsplash-scaled.jpg\",\"width\":2048,\"height\":1365,\"caption\":\"Pioggia\"},{\"@type\":\"BreadcrumbList\",\"@id\":\"https:\/\/www.intoscana.it\/it\/meno-piogge-ma-piu-intense-dalluniversita-di-pisa-la-mappa-delle-precipitazioni-degli-ultimi-200-anni\/#breadcrumb\",\"itemListElement\":[{\"@type\":\"ListItem\",\"position\":1,\"name\":\"Home\",\"item\":\"https:\/\/www.intoscana.it\/it\/\"},{\"@type\":\"ListItem\",\"position\":2,\"name\":\"Meno piogge ma pi\u00f9 intense: dall&#8217;Universit\u00e0 di Pisa la mappa delle precipitazioni degli ultimi 200 anni\"}]},{\"@type\":\"WebSite\",\"@id\":\"https:\/\/www.intoscana.it\/it\/#website\",\"url\":\"https:\/\/www.intoscana.it\/it\/\",\"name\":\"intoscana\",\"description\":\"\",\"potentialAction\":[{\"@type\":\"SearchAction\",\"target\":{\"@type\":\"EntryPoint\",\"urlTemplate\":\"https:\/\/www.intoscana.it\/it\/?s={search_term_string}\"},\"query-input\":{\"@type\":\"PropertyValueSpecification\",\"valueRequired\":true,\"valueName\":\"search_term_string\"}}],\"inLanguage\":\"it-IT\"},{\"@type\":\"Person\",\"@id\":\"https:\/\/www.intoscana.it\/it\/#\/schema\/person\/de95e1ed2c1c8c30a6922bbba3a90185\",\"name\":\"Ilaria Giannini\",\"sameAs\":[\"https:\/\/x.com\/i.giannini@fst.it\"],\"url\":\"https:\/\/www.intoscana.it\/it\/author\/ilaria-giannini\/\"}]}<\/script>\n<!-- \/ Yoast SEO Premium plugin. -->","yoast_head_json":{"title":"Meno piogge ma pi\u00f9 intense: dall'Universit\u00e0 di Pisa la mappa delle precipitazioni degli ultimi 200 anni - intoscana","robots":{"index":"index","follow":"follow","max-snippet":"max-snippet:-1","max-image-preview":"max-image-preview:large","max-video-preview":"max-video-preview:-1"},"canonical":"https:\/\/www.intoscana.it\/it\/meno-piogge-ma-piu-intense-dalluniversita-di-pisa-la-mappa-delle-precipitazioni-degli-ultimi-200-anni\/","og_locale":"it_IT","og_type":"article","og_title":"Meno piogge ma pi\u00f9 intense: dall'Universit\u00e0 di Pisa la mappa delle precipitazioni degli ultimi 200 anni","og_description":"La ricerca ha analizzato i dati pluviometrici provenienti da archivi storici e reti moderne mostrando che in Italia piove meno ma in modo pi\u00f9 violento","og_url":"https:\/\/www.intoscana.it\/it\/meno-piogge-ma-piu-intense-dalluniversita-di-pisa-la-mappa-delle-precipitazioni-degli-ultimi-200-anni\/","og_site_name":"intoscana","article_publisher":"https:\/\/www.facebook.com\/intoscana.it","article_published_time":"2026-01-12T14:35:15+00:00","og_image":[{"width":2048,"height":1365,"url":"https:\/\/www.intoscana.it\/wp-content\/uploads\/erik-witsoe-maltempo-pioggia-ombrello-unsplash-scaled.jpg","type":"image\/jpeg"}],"author":"Ilaria Giannini","twitter_card":"summary_large_image","twitter_creator":"@i.giannini@fst.it","twitter_site":"@intoscana","twitter_misc":{"Written by":"Ilaria Giannini","Est. reading time":"3 minuti"},"schema":{"@context":"https:\/\/schema.org","@graph":[{"@type":"WebPage","@id":"https:\/\/www.intoscana.it\/it\/meno-piogge-ma-piu-intense-dalluniversita-di-pisa-la-mappa-delle-precipitazioni-degli-ultimi-200-anni\/","url":"https:\/\/www.intoscana.it\/it\/meno-piogge-ma-piu-intense-dalluniversita-di-pisa-la-mappa-delle-precipitazioni-degli-ultimi-200-anni\/","name":"Meno piogge ma pi\u00f9 intense: dall'Universit\u00e0 di Pisa la mappa delle precipitazioni degli ultimi 200 anni - intoscana","isPartOf":{"@id":"https:\/\/www.intoscana.it\/it\/#website"},"primaryImageOfPage":{"@id":"https:\/\/www.intoscana.it\/it\/meno-piogge-ma-piu-intense-dalluniversita-di-pisa-la-mappa-delle-precipitazioni-degli-ultimi-200-anni\/#primaryimage"},"image":{"@id":"https:\/\/www.intoscana.it\/it\/meno-piogge-ma-piu-intense-dalluniversita-di-pisa-la-mappa-delle-precipitazioni-degli-ultimi-200-anni\/#primaryimage"},"thumbnailUrl":"https:\/\/www.intoscana.it\/wp-content\/uploads\/erik-witsoe-maltempo-pioggia-ombrello-unsplash-scaled.jpg","datePublished":"2026-01-12T14:35:15+00:00","author":{"@id":"https:\/\/www.intoscana.it\/it\/#\/schema\/person\/de95e1ed2c1c8c30a6922bbba3a90185"},"breadcrumb":{"@id":"https:\/\/www.intoscana.it\/it\/meno-piogge-ma-piu-intense-dalluniversita-di-pisa-la-mappa-delle-precipitazioni-degli-ultimi-200-anni\/#breadcrumb"},"inLanguage":"it-IT","potentialAction":[{"@type":"ReadAction","target":["https:\/\/www.intoscana.it\/it\/meno-piogge-ma-piu-intense-dalluniversita-di-pisa-la-mappa-delle-precipitazioni-degli-ultimi-200-anni\/"]}]},{"@type":"ImageObject","inLanguage":"it-IT","@id":"https:\/\/www.intoscana.it\/it\/meno-piogge-ma-piu-intense-dalluniversita-di-pisa-la-mappa-delle-precipitazioni-degli-ultimi-200-anni\/#primaryimage","url":"https:\/\/www.intoscana.it\/wp-content\/uploads\/erik-witsoe-maltempo-pioggia-ombrello-unsplash-scaled.jpg","contentUrl":"https:\/\/www.intoscana.it\/wp-content\/uploads\/erik-witsoe-maltempo-pioggia-ombrello-unsplash-scaled.jpg","width":2048,"height":1365,"caption":"Pioggia"},{"@type":"BreadcrumbList","@id":"https:\/\/www.intoscana.it\/it\/meno-piogge-ma-piu-intense-dalluniversita-di-pisa-la-mappa-delle-precipitazioni-degli-ultimi-200-anni\/#breadcrumb","itemListElement":[{"@type":"ListItem","position":1,"name":"Home","item":"https:\/\/www.intoscana.it\/it\/"},{"@type":"ListItem","position":2,"name":"Meno piogge ma pi\u00f9 intense: dall&#8217;Universit\u00e0 di Pisa la mappa delle precipitazioni degli ultimi 200 anni"}]},{"@type":"WebSite","@id":"https:\/\/www.intoscana.it\/it\/#website","url":"https:\/\/www.intoscana.it\/it\/","name":"intoscana","description":"","potentialAction":[{"@type":"SearchAction","target":{"@type":"EntryPoint","urlTemplate":"https:\/\/www.intoscana.it\/it\/?s={search_term_string}"},"query-input":{"@type":"PropertyValueSpecification","valueRequired":true,"valueName":"search_term_string"}}],"inLanguage":"it-IT"},{"@type":"Person","@id":"https:\/\/www.intoscana.it\/it\/#\/schema\/person\/de95e1ed2c1c8c30a6922bbba3a90185","name":"Ilaria Giannini","sameAs":["https:\/\/x.com\/i.giannini@fst.it"],"url":"https:\/\/www.intoscana.it\/it\/author\/ilaria-giannini\/"}]}},"_links":{"self":[{"href":"https:\/\/www.intoscana.it\/it\/wp-json\/wp\/v2\/posts\/412629","targetHints":{"allow":["GET"]}}],"collection":[{"href":"https:\/\/www.intoscana.it\/it\/wp-json\/wp\/v2\/posts"}],"about":[{"href":"https:\/\/www.intoscana.it\/it\/wp-json\/wp\/v2\/types\/post"}],"author":[{"embeddable":true,"href":"https:\/\/www.intoscana.it\/it\/wp-json\/wp\/v2\/users\/502"}],"replies":[{"embeddable":true,"href":"https:\/\/www.intoscana.it\/it\/wp-json\/wp\/v2\/comments?post=412629"}],"version-history":[{"count":5,"href":"https:\/\/www.intoscana.it\/it\/wp-json\/wp\/v2\/posts\/412629\/revisions"}],"predecessor-version":[{"id":412657,"href":"https:\/\/www.intoscana.it\/it\/wp-json\/wp\/v2\/posts\/412629\/revisions\/412657"}],"wp:featuredmedia":[{"embeddable":true,"href":"https:\/\/www.intoscana.it\/it\/wp-json\/wp\/v2\/media\/358629"}],"wp:attachment":[{"href":"https:\/\/www.intoscana.it\/it\/wp-json\/wp\/v2\/media?parent=412629"}],"wp:term":[{"taxonomy":"category","embeddable":true,"href":"https:\/\/www.intoscana.it\/it\/wp-json\/wp\/v2\/categories?post=412629"},{"taxonomy":"post_tag","embeddable":true,"href":"https:\/\/www.intoscana.it\/it\/wp-json\/wp\/v2\/tags?post=412629"}],"curies":[{"name":"wp","href":"https:\/\/api.w.org\/{rel}","templated":true}]}}