{"id":412639,"date":"2026-01-13T10:45:57","date_gmt":"2026-01-13T09:45:57","guid":{"rendered":"https:\/\/www.intoscana.it\/it\/?p=412639"},"modified":"2026-01-13T10:47:32","modified_gmt":"2026-01-13T09:47:32","slug":"il-ritorno-della-fabbrica-del-nulla-con-e-se-londa-e-il-mare-in-concerto-al-teatro-dellantella","status":"publish","type":"post","link":"https:\/\/www.intoscana.it\/it\/il-ritorno-della-fabbrica-del-nulla-con-e-se-londa-e-il-mare-in-concerto-al-teatro-dellantella\/","title":{"rendered":"Il ritorno della Fabbrica del nulla con &#8220;E se l\u2019onda \u00e8 il mare&#8221; in concerto al teatro dell&#8217;Antella"},"content":{"rendered":"<p>Con &#8220;<strong><em>E se l\u2019onda \u00e8 il mare&#8221;,<\/em><\/strong> in uscita <strong>venerd\u00ec 16 gennaio 2026<\/strong> su tutte le piattaforme digitali, la <strong>Fabbrica del nulla<\/strong> torna con un nuovo progetto discografico che unisce musica, pensiero e ricerca interiore.<\/p>\n<p><strong>Guidato dal pianista e compositore Massimo Buffetti,<\/strong> l\u2019ensemble propone un viaggio sonoro che intreccia <strong>musica colta contemporanea, improvvisazione, jazz e suggestioni world,<\/strong> dando forma a un\u2019esperienza che va oltre l\u2019ascolto tradizionale.<\/p>\n<p>L\u2019album si fa cos\u00ec specchio di <strong>un mondo attraversato da una crisi che pu\u00f2 diventare occasione di rinascita e consapevolezza.<\/strong><\/p>\n<p>\u00c8 un viaggio sonoro e concettuale che indaga <strong>le profondit\u00e0 dell\u2019animo umano,<\/strong> le sue ombre e le sue luci, in una prospettiva che fonde fisica quantistica, filosofia orientale e spiritualit\u00e0 occidentale.<\/p>\n<p>Il disco sar\u00e0 presentato per la prima volta nel concerto di <strong>venerd\u00ec 16 gennaio alle ore 21.00 al Teatro Comunale di Antella<\/strong>, <strong><em>&#8220;E se l\u2019onda \u00e8 il mare&#8221;<\/em> <\/strong>si trasformer\u00e0 in un\u2019esperienza immersiva di musica e pensiero.<\/p>\n<p>L\u2019ensemble<strong> Fabbrica del nulla<\/strong> ha scelto di affiancare al suono la forza della parola, affidando per l\u2019occasione al <strong>regista e attore Riccardo Massai<\/strong> l\u2019interpretazione di testi e citazioni che evocheranno voci e immaginari diversi, da<strong> Anatolij Bukreev e Linda Wylie ad Anna Maria Ortese<\/strong>, da <strong>Giorgio Gaber a Vittorio Marchi<\/strong>, fino a<strong> Emily Dickinson e F\u00ebdor Dostoevskij,<\/strong> dando forma a un percorso di ascolto e riflessione condivisa.<\/p>\n<figure id=\"post-412480 media-412480\" class=\"align-none\"><img decoding=\"async\" src=\"https:\/\/www.intoscana.it\/wp-content\/uploads\/FDN_7.jpg\" alt=\"\" \/><\/figure>\n<div class=\"titleimg\">Fabbrica del nulla<\/div>\n<h3>Ecco la nostra intervista a Massimo Buffetti<\/h3>\n<p><strong>Ciao Massimo, com&#8217;\u00e8 nato il progetto della Fabbrica del nulla?<\/strong><\/p>\n<p>Tutto nasce nel 2011, era il periodo in cui c&#8217;era stato<strong> un grave incidente sul lavoro alla <a href=\"https:\/\/it.wikipedia.org\/wiki\/Incidente_della_ThyssenKrupp_di_Torino\" target=\"_blank\" rel=\"noopener\">fabbrica ThyssenKrupp<\/a><\/strong>. Tornando in treno a Firenze da Roma mi venne in mente questo nome<strong><em> &#8220;Fabbrica del nulla&#8221;.<\/em><\/strong> Il nulla \u00e8 un termine che abbraccia tanti significati, <strong>come dice Plotino<\/strong> il nulla pu\u00f2 essere anche Dio. <strong>Da una parte quindi l&#8217;accostamento al dramma, dall&#8217;altra il richiamo a un nulla positivo<\/strong>, che sgombra il campo da tutto ci\u00f2 a cui dovremmo rinunciare per andare avanti nella giusta direzione.<p><span class=\"citazione\">Il grosso limite della societ\u00e0 attuale \u00e8 che ognuno pensa per se e non ci rendiamo conto che qualsiasi cosa che facciamo o pensiamo influisce sugli altri<\/span><\/p><\/p>\n<p><strong>Nel disco si intrecciano, musica contemporanea, jazz, improvvisazione, \u00e8 un mix che deriva dalla tua formazione?<\/strong><\/p>\n<p>Viene dal fatto che quando iniziai a lavorare a questo progetto mi affidai alla collaborazione con alcuni musicisti che avevo conosciuto da poco, con cui poi ho continuato a lavorare fino ad oggi. Sono: il flautista <strong>Stefano Agostini e Carlo Failli<\/strong> <strong>al clarinetto<\/strong> che hanno una formazione classica, ma entrambi hanno una spiccata propensione all&#8217;improvvisazione. <strong>Siamo tutti musicisti abbastanza eclettici<\/strong>, anche se io vengo pi\u00f9 dal jazz. Mischiando le carte, <strong>la nostra cifra principale \u00e8 proprio quella di esplorare i vari linguaggi e divertirci<\/strong>.<\/p>\n<p><strong>Il titolo <em>&#8220;E se l&#8217;onda \u00e8 il mare&#8221;<\/em> sembra porre pi\u00f9 una domanda che dare una risposta, qual \u00e8 l&#8217;ispirazione che ti ha guidato durante la composizione?<\/strong><\/p>\n<p>S\u00ec, \u00e8 una domanda ma \u00e8 \u00a0anche un po&#8217; un&#8217;affermazione. Nel senso che <strong>noi percepiamo l&#8217;onda come un qualcosa a se stante<\/strong>, tanto che la indichiamo con un termine apposito. Ma non la possiamo individuare, non ha una sua identit\u00e0. <strong>Che cos&#8217;\u00e8 l&#8217;onda? L&#8217;onda non \u00e8 altro che il mare<\/strong>. La stessa cosa dicono i pensatori e la scienza, cio\u00e8 che la materia \u00e8 pensante per cui come dice il Dalai Lama siamo tutti fratelli e sorelle. Il grosso limite della societ\u00e0 attuale \u00e8 che <strong>ognuno pensa per se e non ci rendiamo conto che qualsiasi cosa che facciamo o pensiamo influisce sugli altri<\/strong>. Questo \u00e8 il concetto principale a cui ci siamo rivolti con la nostra musica.<\/p>\n<p><strong>Dal vivo all&#8217;Antella questo progetto diventer\u00e0 un&#8217;esperienza in cui alla musica si unir\u00e0 la parola, che cosa succeder\u00e0 sul palco?<\/strong><\/p>\n<p>Cercheremo di trasportare gli ascoltatori con le nostre onde musicali, in pi\u00f9 abbiamo chiesto a <strong>Riccardo Massai che \u00e8 il direttore artistico del teatro Comunale dell&#8217;Antella<\/strong> di accompagnarci e dare a lui modo di citare e leggere testi di vari autori, da <strong>Dostoevskij<\/strong>\u00a0<strong>a Gaber<\/strong>. Sono tutti brani che ci piacciono perch\u00e9 toccano tutto ci\u00f2 che per noi \u00e8 importante. <strong>Si interrogano e si chiedono che cosa possiamo fare per migliorarci<\/strong>. Io sono ottimista penso che <strong>da una crisi cos\u00ec forte come quella che stiamo attraversando non si pu\u00f2 che uscirne e superarla.\u00a0<\/strong><\/p>\n<figure id=\"post-412477 media-412477\" class=\"align-none\"><img decoding=\"async\" src=\"https:\/\/www.intoscana.it\/wp-content\/uploads\/E-se-londa-e-il-mare.jpg\" alt=\"\" \/><\/figure>\n<div class=\"titleimg\">E se l\u2019onda e\u0300 il mare \u2013 Fabbrica del Nulla<\/div>\n<p>&nbsp;<\/p>\n<p>&nbsp;<\/p>\n","protected":false},"excerpt":{"rendered":"<p>Il disco sar\u00e0 presentato per la prima volta nel concerto di venerd\u00ec 16 gennaio alle ore 21.00 al Teatro Comunale di Antella, &#8220;E se l\u2019onda \u00e8 il mare&#8221; si trasformer\u00e0 in un\u2019esperienza immersiva di musica e pensiero<\/p>\n","protected":false},"author":518,"featured_media":412478,"comment_status":"open","ping_status":"open","sticky":false,"template":"","format":"standard","meta":{"_acf_changed":false,"footnotes":""},"categories":[14],"tags":[216,3136],"class_list":["post-412639","post","type-post","status-publish","format-standard","has-post-thumbnail","hentry","category-musica","tag-concerti","tag-interviste"],"acf":[],"yoast_head":"<!-- This site is optimized with the Yoast SEO Premium plugin v24.2 (Yoast SEO v25.6) - https:\/\/yoast.com\/wordpress\/plugins\/seo\/ -->\n<title>Il ritorno della Fabbrica del nulla con &quot;E se l\u2019onda \u00e8 il mare&quot; in concerto al teatro dell&#039;Antella - intoscana<\/title>\n<meta name=\"description\" content=\"Il disco sar\u00e0 presentato per la prima volta nel concerto di venerd\u00ec 16 gennaio alle ore 21.00 al Teatro Comunale di Antella\" \/>\n<meta name=\"robots\" content=\"index, follow, max-snippet:-1, max-image-preview:large, max-video-preview:-1\" \/>\n<link rel=\"canonical\" href=\"https:\/\/www.intoscana.it\/it\/il-ritorno-della-fabbrica-del-nulla-con-e-se-londa-e-il-mare-in-concerto-al-teatro-dellantella\/\" \/>\n<meta property=\"og:locale\" content=\"it_IT\" \/>\n<meta property=\"og:type\" content=\"article\" \/>\n<meta property=\"og:title\" content=\"Il ritorno della Fabbrica del nulla con &quot;E se l\u2019onda \u00e8 il mare&quot; in concerto al teatro dell&#039;Antella\" \/>\n<meta property=\"og:description\" content=\"Il disco sar\u00e0 presentato per la prima volta nel concerto di venerd\u00ec 16 gennaio alle ore 21.00 al Teatro Comunale di Antella\" \/>\n<meta property=\"og:url\" content=\"https:\/\/www.intoscana.it\/it\/il-ritorno-della-fabbrica-del-nulla-con-e-se-londa-e-il-mare-in-concerto-al-teatro-dellantella\/\" \/>\n<meta property=\"og:site_name\" content=\"intoscana\" \/>\n<meta property=\"article:publisher\" content=\"https:\/\/www.facebook.com\/intoscana.it\" \/>\n<meta property=\"article:published_time\" content=\"2026-01-13T09:45:57+00:00\" \/>\n<meta property=\"article:modified_time\" content=\"2026-01-13T09:47:32+00:00\" \/>\n<meta property=\"og:image\" content=\"https:\/\/www.intoscana.it\/wp-content\/uploads\/FDN_1.jpg\" \/>\n\t<meta property=\"og:image:width\" content=\"1400\" \/>\n\t<meta property=\"og:image:height\" content=\"934\" \/>\n\t<meta property=\"og:image:type\" content=\"image\/jpeg\" \/>\n<meta name=\"author\" content=\"Costanza Baldini\" \/>\n<meta name=\"twitter:card\" content=\"summary_large_image\" \/>\n<meta name=\"twitter:creator\" content=\"@intoscana\" \/>\n<meta name=\"twitter:site\" content=\"@intoscana\" \/>\n<meta name=\"twitter:label1\" content=\"Written by\" \/>\n\t<meta name=\"twitter:data1\" content=\"Costanza Baldini\" \/>\n\t<meta name=\"twitter:label2\" content=\"Est. reading time\" \/>\n\t<meta name=\"twitter:data2\" content=\"5 minuti\" \/>\n<script type=\"application\/ld+json\" class=\"yoast-schema-graph\">{\"@context\":\"https:\/\/schema.org\",\"@graph\":[{\"@type\":\"WebPage\",\"@id\":\"https:\/\/www.intoscana.it\/it\/il-ritorno-della-fabbrica-del-nulla-con-e-se-londa-e-il-mare-in-concerto-al-teatro-dellantella\/\",\"url\":\"https:\/\/www.intoscana.it\/it\/il-ritorno-della-fabbrica-del-nulla-con-e-se-londa-e-il-mare-in-concerto-al-teatro-dellantella\/\",\"name\":\"Il ritorno della Fabbrica del nulla con \\\"E se l\u2019onda \u00e8 il mare\\\" in concerto al teatro dell'Antella - intoscana\",\"isPartOf\":{\"@id\":\"https:\/\/www.intoscana.it\/it\/#website\"},\"primaryImageOfPage\":{\"@id\":\"https:\/\/www.intoscana.it\/it\/il-ritorno-della-fabbrica-del-nulla-con-e-se-londa-e-il-mare-in-concerto-al-teatro-dellantella\/#primaryimage\"},\"image\":{\"@id\":\"https:\/\/www.intoscana.it\/it\/il-ritorno-della-fabbrica-del-nulla-con-e-se-londa-e-il-mare-in-concerto-al-teatro-dellantella\/#primaryimage\"},\"thumbnailUrl\":\"https:\/\/www.intoscana.it\/wp-content\/uploads\/FDN_1.jpg\",\"datePublished\":\"2026-01-13T09:45:57+00:00\",\"dateModified\":\"2026-01-13T09:47:32+00:00\",\"author\":{\"@id\":\"https:\/\/www.intoscana.it\/it\/#\/schema\/person\/d469f35f09739bdf00bf5dd3f0647a82\"},\"description\":\"Il disco sar\u00e0 presentato per la prima volta nel concerto di venerd\u00ec 16 gennaio alle ore 21.00 al Teatro Comunale di Antella\",\"breadcrumb\":{\"@id\":\"https:\/\/www.intoscana.it\/it\/il-ritorno-della-fabbrica-del-nulla-con-e-se-londa-e-il-mare-in-concerto-al-teatro-dellantella\/#breadcrumb\"},\"inLanguage\":\"it-IT\",\"potentialAction\":[{\"@type\":\"ReadAction\",\"target\":[\"https:\/\/www.intoscana.it\/it\/il-ritorno-della-fabbrica-del-nulla-con-e-se-londa-e-il-mare-in-concerto-al-teatro-dellantella\/\"]}]},{\"@type\":\"ImageObject\",\"inLanguage\":\"it-IT\",\"@id\":\"https:\/\/www.intoscana.it\/it\/il-ritorno-della-fabbrica-del-nulla-con-e-se-londa-e-il-mare-in-concerto-al-teatro-dellantella\/#primaryimage\",\"url\":\"https:\/\/www.intoscana.it\/wp-content\/uploads\/FDN_1.jpg\",\"contentUrl\":\"https:\/\/www.intoscana.it\/wp-content\/uploads\/FDN_1.jpg\",\"width\":1400,\"height\":934,\"caption\":\"Fabbrica del nulla\"},{\"@type\":\"BreadcrumbList\",\"@id\":\"https:\/\/www.intoscana.it\/it\/il-ritorno-della-fabbrica-del-nulla-con-e-se-londa-e-il-mare-in-concerto-al-teatro-dellantella\/#breadcrumb\",\"itemListElement\":[{\"@type\":\"ListItem\",\"position\":1,\"name\":\"Home\",\"item\":\"https:\/\/www.intoscana.it\/it\/\"},{\"@type\":\"ListItem\",\"position\":2,\"name\":\"Il ritorno della Fabbrica del nulla con &#8220;E se l\u2019onda \u00e8 il mare&#8221; in concerto al teatro dell&#8217;Antella\"}]},{\"@type\":\"WebSite\",\"@id\":\"https:\/\/www.intoscana.it\/it\/#website\",\"url\":\"https:\/\/www.intoscana.it\/it\/\",\"name\":\"intoscana\",\"description\":\"\",\"potentialAction\":[{\"@type\":\"SearchAction\",\"target\":{\"@type\":\"EntryPoint\",\"urlTemplate\":\"https:\/\/www.intoscana.it\/it\/?s={search_term_string}\"},\"query-input\":{\"@type\":\"PropertyValueSpecification\",\"valueRequired\":true,\"valueName\":\"search_term_string\"}}],\"inLanguage\":\"it-IT\"},{\"@type\":\"Person\",\"@id\":\"https:\/\/www.intoscana.it\/it\/#\/schema\/person\/d469f35f09739bdf00bf5dd3f0647a82\",\"name\":\"Costanza Baldini\",\"url\":\"https:\/\/www.intoscana.it\/it\/author\/costanza-baldini\/\"}]}<\/script>\n<!-- \/ Yoast SEO Premium plugin. -->","yoast_head_json":{"title":"Il ritorno della Fabbrica del nulla con \"E se l\u2019onda \u00e8 il mare\" in concerto al teatro dell'Antella - intoscana","description":"Il disco sar\u00e0 presentato per la prima volta nel concerto di venerd\u00ec 16 gennaio alle ore 21.00 al Teatro Comunale di Antella","robots":{"index":"index","follow":"follow","max-snippet":"max-snippet:-1","max-image-preview":"max-image-preview:large","max-video-preview":"max-video-preview:-1"},"canonical":"https:\/\/www.intoscana.it\/it\/il-ritorno-della-fabbrica-del-nulla-con-e-se-londa-e-il-mare-in-concerto-al-teatro-dellantella\/","og_locale":"it_IT","og_type":"article","og_title":"Il ritorno della Fabbrica del nulla con \"E se l\u2019onda \u00e8 il mare\" in concerto al teatro dell'Antella","og_description":"Il disco sar\u00e0 presentato per la prima volta nel concerto di venerd\u00ec 16 gennaio alle ore 21.00 al Teatro Comunale di Antella","og_url":"https:\/\/www.intoscana.it\/it\/il-ritorno-della-fabbrica-del-nulla-con-e-se-londa-e-il-mare-in-concerto-al-teatro-dellantella\/","og_site_name":"intoscana","article_publisher":"https:\/\/www.facebook.com\/intoscana.it","article_published_time":"2026-01-13T09:45:57+00:00","article_modified_time":"2026-01-13T09:47:32+00:00","og_image":[{"width":1400,"height":934,"url":"https:\/\/www.intoscana.it\/wp-content\/uploads\/FDN_1.jpg","type":"image\/jpeg"}],"author":"Costanza Baldini","twitter_card":"summary_large_image","twitter_creator":"@intoscana","twitter_site":"@intoscana","twitter_misc":{"Written by":"Costanza Baldini","Est. reading time":"5 minuti"},"schema":{"@context":"https:\/\/schema.org","@graph":[{"@type":"WebPage","@id":"https:\/\/www.intoscana.it\/it\/il-ritorno-della-fabbrica-del-nulla-con-e-se-londa-e-il-mare-in-concerto-al-teatro-dellantella\/","url":"https:\/\/www.intoscana.it\/it\/il-ritorno-della-fabbrica-del-nulla-con-e-se-londa-e-il-mare-in-concerto-al-teatro-dellantella\/","name":"Il ritorno della Fabbrica del nulla con \"E se l\u2019onda \u00e8 il mare\" in concerto al teatro dell'Antella - intoscana","isPartOf":{"@id":"https:\/\/www.intoscana.it\/it\/#website"},"primaryImageOfPage":{"@id":"https:\/\/www.intoscana.it\/it\/il-ritorno-della-fabbrica-del-nulla-con-e-se-londa-e-il-mare-in-concerto-al-teatro-dellantella\/#primaryimage"},"image":{"@id":"https:\/\/www.intoscana.it\/it\/il-ritorno-della-fabbrica-del-nulla-con-e-se-londa-e-il-mare-in-concerto-al-teatro-dellantella\/#primaryimage"},"thumbnailUrl":"https:\/\/www.intoscana.it\/wp-content\/uploads\/FDN_1.jpg","datePublished":"2026-01-13T09:45:57+00:00","dateModified":"2026-01-13T09:47:32+00:00","author":{"@id":"https:\/\/www.intoscana.it\/it\/#\/schema\/person\/d469f35f09739bdf00bf5dd3f0647a82"},"description":"Il disco sar\u00e0 presentato per la prima volta nel concerto di venerd\u00ec 16 gennaio alle ore 21.00 al Teatro Comunale di Antella","breadcrumb":{"@id":"https:\/\/www.intoscana.it\/it\/il-ritorno-della-fabbrica-del-nulla-con-e-se-londa-e-il-mare-in-concerto-al-teatro-dellantella\/#breadcrumb"},"inLanguage":"it-IT","potentialAction":[{"@type":"ReadAction","target":["https:\/\/www.intoscana.it\/it\/il-ritorno-della-fabbrica-del-nulla-con-e-se-londa-e-il-mare-in-concerto-al-teatro-dellantella\/"]}]},{"@type":"ImageObject","inLanguage":"it-IT","@id":"https:\/\/www.intoscana.it\/it\/il-ritorno-della-fabbrica-del-nulla-con-e-se-londa-e-il-mare-in-concerto-al-teatro-dellantella\/#primaryimage","url":"https:\/\/www.intoscana.it\/wp-content\/uploads\/FDN_1.jpg","contentUrl":"https:\/\/www.intoscana.it\/wp-content\/uploads\/FDN_1.jpg","width":1400,"height":934,"caption":"Fabbrica del nulla"},{"@type":"BreadcrumbList","@id":"https:\/\/www.intoscana.it\/it\/il-ritorno-della-fabbrica-del-nulla-con-e-se-londa-e-il-mare-in-concerto-al-teatro-dellantella\/#breadcrumb","itemListElement":[{"@type":"ListItem","position":1,"name":"Home","item":"https:\/\/www.intoscana.it\/it\/"},{"@type":"ListItem","position":2,"name":"Il ritorno della Fabbrica del nulla con &#8220;E se l\u2019onda \u00e8 il mare&#8221; in concerto al teatro dell&#8217;Antella"}]},{"@type":"WebSite","@id":"https:\/\/www.intoscana.it\/it\/#website","url":"https:\/\/www.intoscana.it\/it\/","name":"intoscana","description":"","potentialAction":[{"@type":"SearchAction","target":{"@type":"EntryPoint","urlTemplate":"https:\/\/www.intoscana.it\/it\/?s={search_term_string}"},"query-input":{"@type":"PropertyValueSpecification","valueRequired":true,"valueName":"search_term_string"}}],"inLanguage":"it-IT"},{"@type":"Person","@id":"https:\/\/www.intoscana.it\/it\/#\/schema\/person\/d469f35f09739bdf00bf5dd3f0647a82","name":"Costanza Baldini","url":"https:\/\/www.intoscana.it\/it\/author\/costanza-baldini\/"}]}},"_links":{"self":[{"href":"https:\/\/www.intoscana.it\/it\/wp-json\/wp\/v2\/posts\/412639","targetHints":{"allow":["GET"]}}],"collection":[{"href":"https:\/\/www.intoscana.it\/it\/wp-json\/wp\/v2\/posts"}],"about":[{"href":"https:\/\/www.intoscana.it\/it\/wp-json\/wp\/v2\/types\/post"}],"author":[{"embeddable":true,"href":"https:\/\/www.intoscana.it\/it\/wp-json\/wp\/v2\/users\/518"}],"replies":[{"embeddable":true,"href":"https:\/\/www.intoscana.it\/it\/wp-json\/wp\/v2\/comments?post=412639"}],"version-history":[{"count":5,"href":"https:\/\/www.intoscana.it\/it\/wp-json\/wp\/v2\/posts\/412639\/revisions"}],"predecessor-version":[{"id":412777,"href":"https:\/\/www.intoscana.it\/it\/wp-json\/wp\/v2\/posts\/412639\/revisions\/412777"}],"wp:featuredmedia":[{"embeddable":true,"href":"https:\/\/www.intoscana.it\/it\/wp-json\/wp\/v2\/media\/412478"}],"wp:attachment":[{"href":"https:\/\/www.intoscana.it\/it\/wp-json\/wp\/v2\/media?parent=412639"}],"wp:term":[{"taxonomy":"category","embeddable":true,"href":"https:\/\/www.intoscana.it\/it\/wp-json\/wp\/v2\/categories?post=412639"},{"taxonomy":"post_tag","embeddable":true,"href":"https:\/\/www.intoscana.it\/it\/wp-json\/wp\/v2\/tags?post=412639"}],"curies":[{"name":"wp","href":"https:\/\/api.w.org\/{rel}","templated":true}]}}