{"id":412775,"date":"2026-01-13T11:27:02","date_gmt":"2026-01-13T10:27:02","guid":{"rendered":"https:\/\/www.intoscana.it\/it\/?p=412775"},"modified":"2026-01-13T16:47:34","modified_gmt":"2026-01-13T15:47:34","slug":"parola-di-tommaso-arriva-in-sala-il-film-opera-prima-del-regista-toscano-matteo-vanni","status":"publish","type":"post","link":"https:\/\/www.intoscana.it\/it\/parola-di-tommaso-arriva-in-sala-il-film-opera-prima-del-regista-toscano-matteo-vanni\/","title":{"rendered":"&#8220;Parola di Tommaso&#8221;, arriva in sala il film opera prima del regista toscano Matteo Vanni"},"content":{"rendered":"<p>La cinematografia italiana si arricchisce di un altro tassello che va ad arricchire la gi\u00e0 ampia narrazione sul grande schermo di San Francesco d&#8217;Assisi, il santo simbolo di vita ascetica, di rinuncia ai beni materiali, messaggero di pace e armonia in tutto il creato. Dopo i noti film che ne hanno raccontato la vita, il pensiero e le gesta &#8211; tra cui impossibile non citare <em>Fratello sole, sorella luna<\/em>, di Franco Zeffirelli, <em>Francesco, giullare di Dio<\/em>, di Roberto Rossellini, <em>Francesco<\/em>, di Liliana Cavani e il recente <em>Chiara<\/em>, di Susanna Nicchiarelli (in cui il racconto parte dalla prospettiva di Santa Chiara d&#8217;Assisi, giovane donna benestante che lasci\u00f2 la sua vita agiata per seguire e condividere gli insegnamenti e lo spirito del Santo) &#8211; adesso \u00e8 la volta del film <em><strong>P<\/strong><strong>arola di Tommaso,<\/strong><\/em> opera prima del regista toscano <strong>Matteo Vanni.<\/strong><\/p>\n<p>Prodotto dalla Kahuna Film di Francesco Bruschettini (anche questa una realt\u00e0 cinematografica toscana), Tuscany Film Producion, in collaborazione con Dado Production, il film mette in luce l&#8217;agiografia di San Francesco, da parte di <strong>Tommaso da Celano,<\/strong> scrittore di origine abruzzese, vissuto tra la fine del XII e il XIII secolo, noto per essere stato l&#8217;autore del <em>Dies irae<\/em> e per i suoi scritti biografici su San Francesco e Santa Chiara.<\/p>\n<p>Nel film, durante una catalogazione in biblioteca, una giovane ricercatrice si imbatte infatti in un manoscritto dimenticato che sembrerebbe contenere una versione inedita della vita di Francesco d\u2019Assisi, scritta proprio da Tommaso da Celano. La narrazione conduce lo spettatore nelle vicende del XIII secolo, tra le resistenze e le ambiguit\u00e0 di una Chiesa conservatrice e la responsabilit\u00e0, da parte del biografo, di trasmettere ai posteri la verit\u00e0.<\/p>\n<p>Il film <em><strong>Parola di Tommaso<\/strong><\/em>, storia del primo biografo di San Francesco, arriva nelle sale il 15 gennaio. A Firenze la presentazione speciale alla presenza del cast artistico, si terr\u00e0 a <strong>La Compagnia<\/strong> (via Cavour 50\/r), alle ore 21.00. Interveranno il regista Matteo Vanni, il produttore Francesco Bruschettini, la produttrice esecutiva Consuelo Cipriani, insieme ai protagonisti Corrado Oddi &#8211; attore e ideatore del progetto &#8211; Francesca Cellini, Jacopo Olmo Antinori, Robin Mugnaini e Daniele Favilli, che al termine del film condurranno un Q&amp;A con il pubblico presente.<\/p>\n<p><em>&#8220;In <strong>Parola di Tommaso<\/strong> &#8211; ha dichiarato il regista &#8211; ho cercato un equilibrio tra passato e presente, costruendo una narrazione che li intrecciasse fino a sembrare un unico flusso. Il racconto si muove su due piani temporali che si rispecchiano: la scoperta moderna e la vita medievale di Tommaso da Celano e Francesco d\u2019Assisi. Questa scelta mi ha permesso di dare linearit\u00e0 alla storia e di far emergere le domande universali che attraversano i secoli. Lo stile visivo segue una precisa logica: nelle scene in esterno prediligo campi lunghi, per sottolineare la potenza della natura che sovrasta e avvolge l\u2019uomo; negli interni, invece, i piani si fanno stretti, quasi soffocanti, per restituire il senso di solitudine e di fragilit\u00e0 della condizione umana. Nelle scene contemporanee, lo stile americano mi ha ispirato a inserire momenti pi\u00f9 leggeri, gesti e azioni quotidiane che bilanciano il peso drammaturgico della parte medievale, senza spezzare la continuit\u00e0 ma anzi rafforzandola. L\u2019intreccio tra epoche diverse \u00e8 costante e i collegamenti visivi e narrativi creano una sorta di continuum temporale. Un ruolo importante lo hanno gli animali, presenze vive e simboliche che trasmettono il legame profondo tra Francesco e la natura. La musica \u00e8 stata composta con attenzione a non alterare il ritmo narrativo, ma a sottolineare ed enfatizzare il non detto. L\u2019uso di strumenti a corde libere diventa espressione della libert\u00e0, un tema centrale che percorre l\u2019intero film&#8221;<\/em>.<\/p>\n<p>&nbsp;<\/p>\n","protected":false},"excerpt":{"rendered":"<p>La presentazione del film che racconta la vita di San Francesco a partire da un manoscritto di Tommaso da Celano, il suo primo biografo, si terr\u00e0 gioved\u00ec 15 gennaio, alle ore 21.00, a La Compagnia, alla presenza del regista, del produttore e del cast artistico<\/p>\n","protected":false},"author":492,"featured_media":412788,"comment_status":"open","ping_status":"open","sticky":false,"template":"","format":"standard","meta":{"_acf_changed":false,"footnotes":""},"categories":[493],"tags":[188],"class_list":["post-412775","post","type-post","status-publish","format-standard","has-post-thumbnail","hentry","category-cultura","tag-cinema"],"acf":[],"yoast_head":"<!-- This site is optimized with the Yoast SEO Premium plugin v24.2 (Yoast SEO v25.6) - https:\/\/yoast.com\/wordpress\/plugins\/seo\/ -->\n<title>Arriva in sala il film &quot;Parola di Tommaso&quot; - Intoscana.it<\/title>\n<meta name=\"description\" content=\"Il 15 gennaio, a La Compagnia, presentazione del film &quot;Parola di Tommaso&quot; di Matteo Vanni, incentrato sulla biografia di San Francesco di Tommaso da Celano.\" \/>\n<meta name=\"robots\" content=\"index, follow, max-snippet:-1, max-image-preview:large, max-video-preview:-1\" \/>\n<link rel=\"canonical\" href=\"https:\/\/www.intoscana.it\/it\/parola-di-tommaso-arriva-in-sala-il-film-opera-prima-del-regista-toscano-matteo-vanni\/\" \/>\n<meta property=\"og:locale\" content=\"it_IT\" \/>\n<meta property=\"og:type\" content=\"article\" \/>\n<meta property=\"og:title\" content=\"&quot;Parola di Tommaso&quot;, arriva in sala il film opera prima del regista toscano Matteo Vanni\" \/>\n<meta property=\"og:description\" content=\"Il 15 gennaio, a La Compagnia, presentazione del film &quot;Parola di Tommaso&quot; di Matteo Vanni, incentrato sulla biografia di San Francesco di Tommaso da Celano.\" \/>\n<meta property=\"og:url\" content=\"https:\/\/www.intoscana.it\/it\/parola-di-tommaso-arriva-in-sala-il-film-opera-prima-del-regista-toscano-matteo-vanni\/\" \/>\n<meta property=\"og:site_name\" content=\"intoscana\" \/>\n<meta property=\"article:publisher\" content=\"https:\/\/www.facebook.com\/intoscana.it\" \/>\n<meta property=\"article:published_time\" content=\"2026-01-13T10:27:02+00:00\" \/>\n<meta property=\"article:modified_time\" content=\"2026-01-13T15:47:34+00:00\" \/>\n<meta property=\"og:image\" content=\"https:\/\/www.intoscana.it\/wp-content\/uploads\/Parola-di-Tommaso2-scaled-e1768319249731.png\" \/>\n\t<meta property=\"og:image:width\" content=\"1137\" \/>\n\t<meta property=\"og:image:height\" content=\"710\" \/>\n\t<meta property=\"og:image:type\" content=\"image\/png\" \/>\n<meta name=\"author\" content=\"Elisabetta Vagaggini\" \/>\n<meta name=\"twitter:card\" content=\"summary_large_image\" \/>\n<meta name=\"twitter:creator\" content=\"@intoscana\" \/>\n<meta name=\"twitter:site\" content=\"@intoscana\" \/>\n<meta name=\"twitter:label1\" content=\"Written by\" \/>\n\t<meta name=\"twitter:data1\" content=\"Elisabetta Vagaggini\" \/>\n\t<meta name=\"twitter:label2\" content=\"Est. reading time\" \/>\n\t<meta name=\"twitter:data2\" content=\"4 minuti\" \/>\n<script type=\"application\/ld+json\" class=\"yoast-schema-graph\">{\"@context\":\"https:\/\/schema.org\",\"@graph\":[{\"@type\":\"WebPage\",\"@id\":\"https:\/\/www.intoscana.it\/it\/parola-di-tommaso-arriva-in-sala-il-film-opera-prima-del-regista-toscano-matteo-vanni\/\",\"url\":\"https:\/\/www.intoscana.it\/it\/parola-di-tommaso-arriva-in-sala-il-film-opera-prima-del-regista-toscano-matteo-vanni\/\",\"name\":\"Arriva in sala il film \\\"Parola di Tommaso\\\" - Intoscana.it\",\"isPartOf\":{\"@id\":\"https:\/\/www.intoscana.it\/it\/#website\"},\"primaryImageOfPage\":{\"@id\":\"https:\/\/www.intoscana.it\/it\/parola-di-tommaso-arriva-in-sala-il-film-opera-prima-del-regista-toscano-matteo-vanni\/#primaryimage\"},\"image\":{\"@id\":\"https:\/\/www.intoscana.it\/it\/parola-di-tommaso-arriva-in-sala-il-film-opera-prima-del-regista-toscano-matteo-vanni\/#primaryimage\"},\"thumbnailUrl\":\"https:\/\/www.intoscana.it\/wp-content\/uploads\/Parola-di-Tommaso2-scaled-e1768319249731.png\",\"datePublished\":\"2026-01-13T10:27:02+00:00\",\"dateModified\":\"2026-01-13T15:47:34+00:00\",\"author\":{\"@id\":\"https:\/\/www.intoscana.it\/it\/#\/schema\/person\/20956e1a83baf96027b69e776f754e43\"},\"description\":\"Il 15 gennaio, a La Compagnia, presentazione del film \\\"Parola di Tommaso\\\" di Matteo Vanni, incentrato sulla biografia di San Francesco di Tommaso da Celano.\",\"breadcrumb\":{\"@id\":\"https:\/\/www.intoscana.it\/it\/parola-di-tommaso-arriva-in-sala-il-film-opera-prima-del-regista-toscano-matteo-vanni\/#breadcrumb\"},\"inLanguage\":\"it-IT\",\"potentialAction\":[{\"@type\":\"ReadAction\",\"target\":[\"https:\/\/www.intoscana.it\/it\/parola-di-tommaso-arriva-in-sala-il-film-opera-prima-del-regista-toscano-matteo-vanni\/\"]}]},{\"@type\":\"ImageObject\",\"inLanguage\":\"it-IT\",\"@id\":\"https:\/\/www.intoscana.it\/it\/parola-di-tommaso-arriva-in-sala-il-film-opera-prima-del-regista-toscano-matteo-vanni\/#primaryimage\",\"url\":\"https:\/\/www.intoscana.it\/wp-content\/uploads\/Parola-di-Tommaso2-scaled-e1768319249731.png\",\"contentUrl\":\"https:\/\/www.intoscana.it\/wp-content\/uploads\/Parola-di-Tommaso2-scaled-e1768319249731.png\",\"width\":1137,\"height\":710,\"caption\":\"Film \\\"Parola di Tommaso\\\"\"},{\"@type\":\"BreadcrumbList\",\"@id\":\"https:\/\/www.intoscana.it\/it\/parola-di-tommaso-arriva-in-sala-il-film-opera-prima-del-regista-toscano-matteo-vanni\/#breadcrumb\",\"itemListElement\":[{\"@type\":\"ListItem\",\"position\":1,\"name\":\"Home\",\"item\":\"https:\/\/www.intoscana.it\/it\/\"},{\"@type\":\"ListItem\",\"position\":2,\"name\":\"&#8220;Parola di Tommaso&#8221;, arriva in sala il film opera prima del regista toscano Matteo Vanni\"}]},{\"@type\":\"WebSite\",\"@id\":\"https:\/\/www.intoscana.it\/it\/#website\",\"url\":\"https:\/\/www.intoscana.it\/it\/\",\"name\":\"intoscana\",\"description\":\"\",\"potentialAction\":[{\"@type\":\"SearchAction\",\"target\":{\"@type\":\"EntryPoint\",\"urlTemplate\":\"https:\/\/www.intoscana.it\/it\/?s={search_term_string}\"},\"query-input\":{\"@type\":\"PropertyValueSpecification\",\"valueRequired\":true,\"valueName\":\"search_term_string\"}}],\"inLanguage\":\"it-IT\"},{\"@type\":\"Person\",\"@id\":\"https:\/\/www.intoscana.it\/it\/#\/schema\/person\/20956e1a83baf96027b69e776f754e43\",\"name\":\"Elisabetta Vagaggini\",\"url\":\"https:\/\/www.intoscana.it\/it\/author\/elisabetta-vagaggini\/\"}]}<\/script>\n<!-- \/ Yoast SEO Premium plugin. -->","yoast_head_json":{"title":"Arriva in sala il film \"Parola di Tommaso\" - Intoscana.it","description":"Il 15 gennaio, a La Compagnia, presentazione del film \"Parola di Tommaso\" di Matteo Vanni, incentrato sulla biografia di San Francesco di Tommaso da Celano.","robots":{"index":"index","follow":"follow","max-snippet":"max-snippet:-1","max-image-preview":"max-image-preview:large","max-video-preview":"max-video-preview:-1"},"canonical":"https:\/\/www.intoscana.it\/it\/parola-di-tommaso-arriva-in-sala-il-film-opera-prima-del-regista-toscano-matteo-vanni\/","og_locale":"it_IT","og_type":"article","og_title":"\"Parola di Tommaso\", arriva in sala il film opera prima del regista toscano Matteo Vanni","og_description":"Il 15 gennaio, a La Compagnia, presentazione del film \"Parola di Tommaso\" di Matteo Vanni, incentrato sulla biografia di San Francesco di Tommaso da Celano.","og_url":"https:\/\/www.intoscana.it\/it\/parola-di-tommaso-arriva-in-sala-il-film-opera-prima-del-regista-toscano-matteo-vanni\/","og_site_name":"intoscana","article_publisher":"https:\/\/www.facebook.com\/intoscana.it","article_published_time":"2026-01-13T10:27:02+00:00","article_modified_time":"2026-01-13T15:47:34+00:00","og_image":[{"width":1137,"height":710,"url":"https:\/\/www.intoscana.it\/wp-content\/uploads\/Parola-di-Tommaso2-scaled-e1768319249731.png","type":"image\/png"}],"author":"Elisabetta Vagaggini","twitter_card":"summary_large_image","twitter_creator":"@intoscana","twitter_site":"@intoscana","twitter_misc":{"Written by":"Elisabetta Vagaggini","Est. reading time":"4 minuti"},"schema":{"@context":"https:\/\/schema.org","@graph":[{"@type":"WebPage","@id":"https:\/\/www.intoscana.it\/it\/parola-di-tommaso-arriva-in-sala-il-film-opera-prima-del-regista-toscano-matteo-vanni\/","url":"https:\/\/www.intoscana.it\/it\/parola-di-tommaso-arriva-in-sala-il-film-opera-prima-del-regista-toscano-matteo-vanni\/","name":"Arriva in sala il film \"Parola di Tommaso\" - Intoscana.it","isPartOf":{"@id":"https:\/\/www.intoscana.it\/it\/#website"},"primaryImageOfPage":{"@id":"https:\/\/www.intoscana.it\/it\/parola-di-tommaso-arriva-in-sala-il-film-opera-prima-del-regista-toscano-matteo-vanni\/#primaryimage"},"image":{"@id":"https:\/\/www.intoscana.it\/it\/parola-di-tommaso-arriva-in-sala-il-film-opera-prima-del-regista-toscano-matteo-vanni\/#primaryimage"},"thumbnailUrl":"https:\/\/www.intoscana.it\/wp-content\/uploads\/Parola-di-Tommaso2-scaled-e1768319249731.png","datePublished":"2026-01-13T10:27:02+00:00","dateModified":"2026-01-13T15:47:34+00:00","author":{"@id":"https:\/\/www.intoscana.it\/it\/#\/schema\/person\/20956e1a83baf96027b69e776f754e43"},"description":"Il 15 gennaio, a La Compagnia, presentazione del film \"Parola di Tommaso\" di Matteo Vanni, incentrato sulla biografia di San Francesco di Tommaso da Celano.","breadcrumb":{"@id":"https:\/\/www.intoscana.it\/it\/parola-di-tommaso-arriva-in-sala-il-film-opera-prima-del-regista-toscano-matteo-vanni\/#breadcrumb"},"inLanguage":"it-IT","potentialAction":[{"@type":"ReadAction","target":["https:\/\/www.intoscana.it\/it\/parola-di-tommaso-arriva-in-sala-il-film-opera-prima-del-regista-toscano-matteo-vanni\/"]}]},{"@type":"ImageObject","inLanguage":"it-IT","@id":"https:\/\/www.intoscana.it\/it\/parola-di-tommaso-arriva-in-sala-il-film-opera-prima-del-regista-toscano-matteo-vanni\/#primaryimage","url":"https:\/\/www.intoscana.it\/wp-content\/uploads\/Parola-di-Tommaso2-scaled-e1768319249731.png","contentUrl":"https:\/\/www.intoscana.it\/wp-content\/uploads\/Parola-di-Tommaso2-scaled-e1768319249731.png","width":1137,"height":710,"caption":"Film \"Parola di Tommaso\""},{"@type":"BreadcrumbList","@id":"https:\/\/www.intoscana.it\/it\/parola-di-tommaso-arriva-in-sala-il-film-opera-prima-del-regista-toscano-matteo-vanni\/#breadcrumb","itemListElement":[{"@type":"ListItem","position":1,"name":"Home","item":"https:\/\/www.intoscana.it\/it\/"},{"@type":"ListItem","position":2,"name":"&#8220;Parola di Tommaso&#8221;, arriva in sala il film opera prima del regista toscano Matteo Vanni"}]},{"@type":"WebSite","@id":"https:\/\/www.intoscana.it\/it\/#website","url":"https:\/\/www.intoscana.it\/it\/","name":"intoscana","description":"","potentialAction":[{"@type":"SearchAction","target":{"@type":"EntryPoint","urlTemplate":"https:\/\/www.intoscana.it\/it\/?s={search_term_string}"},"query-input":{"@type":"PropertyValueSpecification","valueRequired":true,"valueName":"search_term_string"}}],"inLanguage":"it-IT"},{"@type":"Person","@id":"https:\/\/www.intoscana.it\/it\/#\/schema\/person\/20956e1a83baf96027b69e776f754e43","name":"Elisabetta Vagaggini","url":"https:\/\/www.intoscana.it\/it\/author\/elisabetta-vagaggini\/"}]}},"_links":{"self":[{"href":"https:\/\/www.intoscana.it\/it\/wp-json\/wp\/v2\/posts\/412775","targetHints":{"allow":["GET"]}}],"collection":[{"href":"https:\/\/www.intoscana.it\/it\/wp-json\/wp\/v2\/posts"}],"about":[{"href":"https:\/\/www.intoscana.it\/it\/wp-json\/wp\/v2\/types\/post"}],"author":[{"embeddable":true,"href":"https:\/\/www.intoscana.it\/it\/wp-json\/wp\/v2\/users\/492"}],"replies":[{"embeddable":true,"href":"https:\/\/www.intoscana.it\/it\/wp-json\/wp\/v2\/comments?post=412775"}],"version-history":[{"count":4,"href":"https:\/\/www.intoscana.it\/it\/wp-json\/wp\/v2\/posts\/412775\/revisions"}],"predecessor-version":[{"id":412807,"href":"https:\/\/www.intoscana.it\/it\/wp-json\/wp\/v2\/posts\/412775\/revisions\/412807"}],"wp:featuredmedia":[{"embeddable":true,"href":"https:\/\/www.intoscana.it\/it\/wp-json\/wp\/v2\/media\/412788"}],"wp:attachment":[{"href":"https:\/\/www.intoscana.it\/it\/wp-json\/wp\/v2\/media?parent=412775"}],"wp:term":[{"taxonomy":"category","embeddable":true,"href":"https:\/\/www.intoscana.it\/it\/wp-json\/wp\/v2\/categories?post=412775"},{"taxonomy":"post_tag","embeddable":true,"href":"https:\/\/www.intoscana.it\/it\/wp-json\/wp\/v2\/tags?post=412775"}],"curies":[{"name":"wp","href":"https:\/\/api.w.org\/{rel}","templated":true}]}}