{"id":412970,"date":"2026-01-14T13:45:45","date_gmt":"2026-01-14T12:45:45","guid":{"rendered":"https:\/\/www.intoscana.it\/it\/?p=412970"},"modified":"2026-01-14T14:48:22","modified_gmt":"2026-01-14T13:48:22","slug":"sette-musei-e-ununica-visione-a-firenze-nasce-un-nuovo-gigante-culturale","status":"publish","type":"post","link":"https:\/\/www.intoscana.it\/it\/sette-musei-e-ununica-visione-a-firenze-nasce-un-nuovo-gigante-culturale\/","title":{"rendered":"Sette musei e un\u2019unica visione: a Firenze nasce un nuovo &#8220;gigante&#8221; culturale"},"content":{"rendered":"<p>Un <strong>nuovo ente museale<\/strong> prende forma a Firenze, nasce il sistema &#8220;<strong>Galleria dell\u2019Accademia di Firenze e Musei del Bargello&#8221;,<\/strong> tra i poli culturali pi\u00f9 complessi e rilevanti del panorama italiano e internazionale.<\/p>\n<p><strong>La nuova direttrice generale <a href=\"https:\/\/www.intoscana.it\/it\/galleria-dellaccademia-di-firenze-e-musei-del-bargello-la-nuova-direttrice-e-andreina-contessa\/\" target=\"_blank\" rel=\"noopener\">Andreina Contessa<\/a>, <\/strong>dopo aver vinto il bando ministeriale a luglio 2025, ha il compito di gestire <strong>sette musei<\/strong>: la <strong>Galleria dell&#8217;Accademia, il Museo Nazionale del Bargello, il Museo delle Cappelle Medicee, il Museo di <a href=\"https:\/\/www.intoscana.it\/it\/dettaglio-video\/palazzo-davanzati-firenze\/\" target=\"_blank\" rel=\"noopener\">Palazzo Davanzati<\/a>, il <a href=\"https:\/\/www.intoscana.it\/it\/dettaglio-video\/tornano-visibili-i-giganti-del-rinascimento-riapre-a-firenze-il-museo-di-orsanmichele\/\" target=\"_blank\" rel=\"noopener\">Complesso di Orsanmichele<\/a>, il Museo di Casa Martelli <\/strong>e (una volta terminati i lavori)<strong> l&#8217;ex chiesa di San Procolo.\u00a0<\/strong><\/p>\n<p><strong>Sette musei, oltre 50.000 opere, pi\u00f9 di 18.000 metri quadrati<\/strong> di spazi espositivi e<strong> la pi\u00f9 importante collezione michelangiolesca al mondo<\/strong>, numeri che nel 2025 hanno richiamato a Firenze <strong>oltre 3 milioni di visitatori.<\/strong><\/p>\n<p>I musei riuniscono e conservano <strong>capolavori assoluti del patrimonio artistico italiano<\/strong>, di stili ed epoche diverse, dal <strong>David di Michelangelo<\/strong> alle opere di <strong>Donatello, Giotto, Cellini e Ghiberti. <\/strong><\/p>\n<p><strong>Un ente culturale unico al mondo che racconta la storia di Firenze <\/strong>attraverso le sue collezioni e che si baser\u00e0\u00a0su <strong>una gestione coordinata e su una visione culturale condivisa<\/strong>.<\/p>\n<h3>Sette musei un&#8217;unica identit\u00e0<\/h3>\n<p>Il nuovo sistema si propone con<strong> una riorganizzazione profonda che include restauri, riallestimenti, itinerari tematici, bigliettazione e orari unificati,<\/strong> con una crescente attenzione all\u2019esperienza del visitatore e all\u2019<strong>accessibilit\u00e0<\/strong>, senza rinunciare all\u2019identit\u00e0 di ciascun museo.<\/p>\n<p><strong>Dal 15 marzo 2026<\/strong> debuttano <strong>due biglietti cumulativi validi 48 o 72 ore,<\/strong> pensati per favorire una fruizione integrata dei musei.<\/p>\n<p><strong>Dal marted\u00ec alla domenica, tutti i musei adotteranno lo stesso orario di apertura<\/strong> (8.15\u201318.50), segnando un passaggio concreto verso un\u2019esperienza pi\u00f9 semplice, fluida e coordinata. Restano attive riduzioni e gratuit\u00e0 di legge, mentre<strong> \u00e8 allo studio una family card.<\/strong><\/p>\n<p><em>\u201c<\/em><em>I visitatori potranno usufruire di un percorso museale, architettonico e artistico unico al mondo, <\/em><strong>&#8211; ha dichiarato Andreina Contessa &#8211;<\/strong><em> distribuito su edifici diversi della citt\u00e0, un viaggio tra le diverse epoche storiche di Firenze e i suoi diversi volti. L\u2019unione, attraverso strumenti come una bigliettazione integrata e uniformando gli orari di apertura, potr\u00e0 portare a un riequilibrio degli afflussi dei visitatori e delle risorse economiche. La strategia culturale consiste nell\u2019esaltare le peculiarit\u00e0 dei singoli musei ponendole in relazione. Vogliamo restituire questi luoghi di grande attrazione ai fiorentini, sviluppando iniziative e aperture speciali per i cittadini e sottolineando il ruolo dei musei al servizio della comunit\u00e0 e della cultura di appartenenza. So per esperienza che gli accorpamenti possono costituire grandi opportunit\u00e0 ma non sono mai semplici. L\u2019unione Galleria dell\u2019Accademia \u2013 Musei del Bargello comporter\u00e0 un complesso cambiamento dal punto di vista gestionale-amministrativo. Per questo ho iniziato il mio incarico fiorentino incontrando il personale: ascoltare \u00e8 essenziale per comprendere bisogni e prospettive. Anche perch\u00e9 \u00e8 dalle voci di chi vive il museo ogni giorno che nasce il senso profondo di una comunit\u00e0 culturale capace di innovare, crescere e parlare al mondo\u201d.<\/em><\/p>\n<div class=\"titleimg\">\n<figure id=\"post-413001 media-413001\" class=\"align-none\"><img decoding=\"async\" src=\"https:\/\/www.intoscana.it\/wp-content\/uploads\/Screenshot-2026-01-14-alle-14.45.47.jpeg\" alt=\"\" \/><\/figure>\n<div class=\"titleimg\">Il nuovo polo museale fiorentino<\/div>\n<\/div>\n<h3>Tre percorsi tematici per leggere Firenze con occhi nuovi<\/h3>\n<p><strong>Dal maggio 2026<\/strong> il pubblico potr\u00e0 seguire tre itinerari trasversali che intrecciano sedi e collezioni.<\/p>\n<p><strong>1-Nel segno del genio<\/strong>, dedicato a Michelangelo e alla sua rivoluzione artistica.<\/p>\n<p><strong>2-Firenze e i suoi simboli,<\/strong> un viaggio nell\u2019identit\u00e0 civica della citt\u00e0.<\/p>\n<p><strong>3-L\u2019arte del dettaglio,<\/strong> il racconto raffinato della storia del vestire e delle arti applicate. Percorsi pensati come strumenti di interpretazione, non solo di visita.<\/p>\n<h3>Nuovi allestimenti e cantieri: riapre la Sala di Michelangelo<\/h3>\n<p>Dalle <a href=\"https:\/\/www.intoscana.it\/it\/dettaglio-video\/il-museo-delle-cappelle-medicee-ha-una-nuova-uscita-dautore-firmata-zermani\/\" target=\"_blank\" rel=\"noopener\"><strong>Cappelle Medicee<\/strong><\/a> a Orsanmichele, da Casa Martelli a San Procolo, il piano prevede <strong>interventi strutturali, conservativi ed energetici,<\/strong> affiancati da un <strong>rafforzamento della manutenzione ordinaria<\/strong> e delle <strong>attivit\u00e0 di spolveratura programmate<\/strong>: un lavoro silenzioso ma decisivo per la tutela a lungo termine delle opere.<\/p>\n<p>Accanto a questo, <strong>un vasto programma di restauri<\/strong> coinvolger\u00e0 opere iconiche di <strong>Michelangelo, Cellini, Giambologna<\/strong> e numerosi capolavori pittorici della <strong><a href=\"https:\/\/www.intoscana.it\/it\/la-venere-che-entra-nel-bagno-del-mare-di-luigi-pampaloni-arriva-alla-galleria-dellaccademia\/\" target=\"_blank\" rel=\"noopener\">Galleria dell\u2019Accademia<\/a>,<\/strong> spesso con cantieri aperti al pubblico.<\/p>\n<p>Il 2026 sar\u00e0 un anno cruciale per il <a href=\"https:\/\/www.intoscana.it\/it\/i-capolavori-del-rinascimento-tornano-visibili-al-bargello-riapre-al-pubblico-il-salone-di-donatello\/\" target=\"_blank\" rel=\"noopener\"><strong>Museo Nazionale del Bargello<\/strong><\/a>, con il <strong>riallestimento dell\u2019ingresso e della Sala di Michelangelo,<\/strong> cuore della scultura cinquecentesca fiorentina.<\/p>\n<p><a href=\"https:\/\/www.intoscana.it\/it\/dopo-un-anno-di-chiusura-riapre-a-firenze-il-museo-di-casa-martelli\/\" target=\"_blank\" rel=\"noopener\"><strong>Casa Martelli<\/strong> <\/a>ritrover\u00e0 il suo monumentale stemma con <strong>il grifone d\u2019oro,<\/strong> ricollocato nello scalone d\u2019onore dopo oltre due secoli di spostamenti. <strong>Capolavoro attribuito oggi a Desiderio da Settignano<\/strong>, l\u2019opera torna a raccontare <strong>il ruolo della famiglia Martelli<\/strong> nel collezionismo rinascimentale e nel dialogo con i Medici.<\/p>\n<p>Ampio spazio, infine, \u00a0\u00e8 riservato alle <strong>attivit\u00e0 didattiche e inclusive<\/strong>: laboratori per le scuole, percorsi musicali,<strong> progetti di accessibilit\u00e0 per pubblici speciali, visite in LIS,<\/strong> attivit\u00e0 per famiglie e anziani, strumenti digitali innovativi.<\/p>\n<p>Un\u2019offerta che rafforza il ruolo sociale dei <strong>musei come luoghi aperti, partecipati e al servizio della collettivit\u00e0.<\/strong><\/p>\n<div class=\"titleimg\">\n<figure id=\"post-343402 media-343402\" class=\"align-none\"><img decoding=\"async\" src=\"https:\/\/www.intoscana.it\/wp-content\/uploads\/GA-AFI.Galleria-dei-prigioni-scaled.jpg\" alt=\"\" \/><\/figure>\n<div class=\"titleimg\">La Galleria dei prigioni all\u2019Accademia<\/div>\n<\/div>\n","protected":false},"excerpt":{"rendered":"<p>Nasce un nuovo polo museale: il sistema &#8220;Galleria dell\u2019Accademia di Firenze e Musei del Bargello&#8221; che riunisce oltre 50.000 opere, pi\u00f9 di 18.000 metri quadrati di spazi espositivi e la pi\u00f9 importante collezione michelangiolesca al mondo<\/p>\n","protected":false},"author":518,"featured_media":382429,"comment_status":"open","ping_status":"open","sticky":false,"template":"","format":"standard","meta":{"_acf_changed":false,"footnotes":""},"categories":[493],"tags":[2139,202,2525,226],"class_list":["post-412970","post","type-post","status-publish","format-standard","has-post-thumbnail","hentry","category-cultura","tag-bargello","tag-firenze","tag-galleria-dellaccademia","tag-musei"],"acf":[],"yoast_head":"<!-- This site is optimized with the Yoast SEO Premium plugin v24.2 (Yoast SEO v25.6) - https:\/\/yoast.com\/wordpress\/plugins\/seo\/ -->\n<title>Sette musei e un\u2019unica visione: a Firenze nasce un nuovo &quot;gigante&quot; culturale - intoscana<\/title>\n<meta name=\"description\" content=\"Nasce un nuovo polo museale il sistema &quot;Galleria dell\u2019Accademia di Firenze e Musei del Bargello&quot; che riunisce sette musei fiorentini\" \/>\n<meta name=\"robots\" content=\"index, follow, max-snippet:-1, max-image-preview:large, max-video-preview:-1\" \/>\n<link rel=\"canonical\" href=\"https:\/\/www.intoscana.it\/it\/sette-musei-e-ununica-visione-a-firenze-nasce-un-nuovo-gigante-culturale\/\" \/>\n<meta property=\"og:locale\" content=\"it_IT\" \/>\n<meta property=\"og:type\" content=\"article\" \/>\n<meta property=\"og:title\" content=\"Sette musei e un\u2019unica visione: a Firenze nasce un nuovo &quot;gigante&quot; culturale\" \/>\n<meta property=\"og:description\" content=\"Nasce un nuovo polo museale il sistema &quot;Galleria dell\u2019Accademia di Firenze e Musei del Bargello&quot; che riunisce sette musei fiorentini\" \/>\n<meta property=\"og:url\" content=\"https:\/\/www.intoscana.it\/it\/sette-musei-e-ununica-visione-a-firenze-nasce-un-nuovo-gigante-culturale\/\" \/>\n<meta property=\"og:site_name\" content=\"intoscana\" \/>\n<meta property=\"article:publisher\" content=\"https:\/\/www.facebook.com\/intoscana.it\" \/>\n<meta property=\"article:published_time\" content=\"2026-01-14T12:45:45+00:00\" \/>\n<meta property=\"article:modified_time\" content=\"2026-01-14T13:48:22+00:00\" \/>\n<meta property=\"og:image\" content=\"https:\/\/www.intoscana.it\/wp-content\/uploads\/Screenshot-2025-04-18-alle-13.36.01-scaled.jpeg\" \/>\n\t<meta property=\"og:image:width\" content=\"2048\" \/>\n\t<meta property=\"og:image:height\" content=\"1407\" \/>\n\t<meta property=\"og:image:type\" content=\"image\/jpeg\" \/>\n<meta name=\"author\" content=\"Costanza Baldini\" \/>\n<meta name=\"twitter:card\" content=\"summary_large_image\" \/>\n<meta name=\"twitter:creator\" content=\"@intoscana\" \/>\n<meta name=\"twitter:site\" content=\"@intoscana\" \/>\n<meta name=\"twitter:label1\" content=\"Written by\" \/>\n\t<meta name=\"twitter:data1\" content=\"Costanza Baldini\" \/>\n\t<meta name=\"twitter:label2\" content=\"Est. reading time\" \/>\n\t<meta name=\"twitter:data2\" content=\"5 minuti\" \/>\n<script type=\"application\/ld+json\" class=\"yoast-schema-graph\">{\"@context\":\"https:\/\/schema.org\",\"@graph\":[{\"@type\":\"WebPage\",\"@id\":\"https:\/\/www.intoscana.it\/it\/sette-musei-e-ununica-visione-a-firenze-nasce-un-nuovo-gigante-culturale\/\",\"url\":\"https:\/\/www.intoscana.it\/it\/sette-musei-e-ununica-visione-a-firenze-nasce-un-nuovo-gigante-culturale\/\",\"name\":\"Sette musei e un\u2019unica visione: a Firenze nasce un nuovo \\\"gigante\\\" culturale - intoscana\",\"isPartOf\":{\"@id\":\"https:\/\/www.intoscana.it\/it\/#website\"},\"primaryImageOfPage\":{\"@id\":\"https:\/\/www.intoscana.it\/it\/sette-musei-e-ununica-visione-a-firenze-nasce-un-nuovo-gigante-culturale\/#primaryimage\"},\"image\":{\"@id\":\"https:\/\/www.intoscana.it\/it\/sette-musei-e-ununica-visione-a-firenze-nasce-un-nuovo-gigante-culturale\/#primaryimage\"},\"thumbnailUrl\":\"https:\/\/www.intoscana.it\/wp-content\/uploads\/Screenshot-2025-04-18-alle-13.36.01-scaled.jpeg\",\"datePublished\":\"2026-01-14T12:45:45+00:00\",\"dateModified\":\"2026-01-14T13:48:22+00:00\",\"author\":{\"@id\":\"https:\/\/www.intoscana.it\/it\/#\/schema\/person\/d469f35f09739bdf00bf5dd3f0647a82\"},\"description\":\"Nasce un nuovo polo museale il sistema \\\"Galleria dell\u2019Accademia di Firenze e Musei del Bargello\\\" che riunisce sette musei fiorentini\",\"breadcrumb\":{\"@id\":\"https:\/\/www.intoscana.it\/it\/sette-musei-e-ununica-visione-a-firenze-nasce-un-nuovo-gigante-culturale\/#breadcrumb\"},\"inLanguage\":\"it-IT\",\"potentialAction\":[{\"@type\":\"ReadAction\",\"target\":[\"https:\/\/www.intoscana.it\/it\/sette-musei-e-ununica-visione-a-firenze-nasce-un-nuovo-gigante-culturale\/\"]}]},{\"@type\":\"ImageObject\",\"inLanguage\":\"it-IT\",\"@id\":\"https:\/\/www.intoscana.it\/it\/sette-musei-e-ununica-visione-a-firenze-nasce-un-nuovo-gigante-culturale\/#primaryimage\",\"url\":\"https:\/\/www.intoscana.it\/wp-content\/uploads\/Screenshot-2025-04-18-alle-13.36.01-scaled.jpeg\",\"contentUrl\":\"https:\/\/www.intoscana.it\/wp-content\/uploads\/Screenshot-2025-04-18-alle-13.36.01-scaled.jpeg\",\"width\":2048,\"height\":1407,\"caption\":\"Salone di Donatello, Museo Nazionale del Bargello\"},{\"@type\":\"BreadcrumbList\",\"@id\":\"https:\/\/www.intoscana.it\/it\/sette-musei-e-ununica-visione-a-firenze-nasce-un-nuovo-gigante-culturale\/#breadcrumb\",\"itemListElement\":[{\"@type\":\"ListItem\",\"position\":1,\"name\":\"Home\",\"item\":\"https:\/\/www.intoscana.it\/it\/\"},{\"@type\":\"ListItem\",\"position\":2,\"name\":\"Sette musei e un\u2019unica visione: a Firenze nasce un nuovo &#8220;gigante&#8221; culturale\"}]},{\"@type\":\"WebSite\",\"@id\":\"https:\/\/www.intoscana.it\/it\/#website\",\"url\":\"https:\/\/www.intoscana.it\/it\/\",\"name\":\"intoscana\",\"description\":\"\",\"potentialAction\":[{\"@type\":\"SearchAction\",\"target\":{\"@type\":\"EntryPoint\",\"urlTemplate\":\"https:\/\/www.intoscana.it\/it\/?s={search_term_string}\"},\"query-input\":{\"@type\":\"PropertyValueSpecification\",\"valueRequired\":true,\"valueName\":\"search_term_string\"}}],\"inLanguage\":\"it-IT\"},{\"@type\":\"Person\",\"@id\":\"https:\/\/www.intoscana.it\/it\/#\/schema\/person\/d469f35f09739bdf00bf5dd3f0647a82\",\"name\":\"Costanza Baldini\",\"url\":\"https:\/\/www.intoscana.it\/it\/author\/costanza-baldini\/\"}]}<\/script>\n<!-- \/ Yoast SEO Premium plugin. -->","yoast_head_json":{"title":"Sette musei e un\u2019unica visione: a Firenze nasce un nuovo \"gigante\" culturale - intoscana","description":"Nasce un nuovo polo museale il sistema \"Galleria dell\u2019Accademia di Firenze e Musei del Bargello\" che riunisce sette musei fiorentini","robots":{"index":"index","follow":"follow","max-snippet":"max-snippet:-1","max-image-preview":"max-image-preview:large","max-video-preview":"max-video-preview:-1"},"canonical":"https:\/\/www.intoscana.it\/it\/sette-musei-e-ununica-visione-a-firenze-nasce-un-nuovo-gigante-culturale\/","og_locale":"it_IT","og_type":"article","og_title":"Sette musei e un\u2019unica visione: a Firenze nasce un nuovo \"gigante\" culturale","og_description":"Nasce un nuovo polo museale il sistema \"Galleria dell\u2019Accademia di Firenze e Musei del Bargello\" che riunisce sette musei fiorentini","og_url":"https:\/\/www.intoscana.it\/it\/sette-musei-e-ununica-visione-a-firenze-nasce-un-nuovo-gigante-culturale\/","og_site_name":"intoscana","article_publisher":"https:\/\/www.facebook.com\/intoscana.it","article_published_time":"2026-01-14T12:45:45+00:00","article_modified_time":"2026-01-14T13:48:22+00:00","og_image":[{"width":2048,"height":1407,"url":"https:\/\/www.intoscana.it\/wp-content\/uploads\/Screenshot-2025-04-18-alle-13.36.01-scaled.jpeg","type":"image\/jpeg"}],"author":"Costanza Baldini","twitter_card":"summary_large_image","twitter_creator":"@intoscana","twitter_site":"@intoscana","twitter_misc":{"Written by":"Costanza Baldini","Est. reading time":"5 minuti"},"schema":{"@context":"https:\/\/schema.org","@graph":[{"@type":"WebPage","@id":"https:\/\/www.intoscana.it\/it\/sette-musei-e-ununica-visione-a-firenze-nasce-un-nuovo-gigante-culturale\/","url":"https:\/\/www.intoscana.it\/it\/sette-musei-e-ununica-visione-a-firenze-nasce-un-nuovo-gigante-culturale\/","name":"Sette musei e un\u2019unica visione: a Firenze nasce un nuovo \"gigante\" culturale - intoscana","isPartOf":{"@id":"https:\/\/www.intoscana.it\/it\/#website"},"primaryImageOfPage":{"@id":"https:\/\/www.intoscana.it\/it\/sette-musei-e-ununica-visione-a-firenze-nasce-un-nuovo-gigante-culturale\/#primaryimage"},"image":{"@id":"https:\/\/www.intoscana.it\/it\/sette-musei-e-ununica-visione-a-firenze-nasce-un-nuovo-gigante-culturale\/#primaryimage"},"thumbnailUrl":"https:\/\/www.intoscana.it\/wp-content\/uploads\/Screenshot-2025-04-18-alle-13.36.01-scaled.jpeg","datePublished":"2026-01-14T12:45:45+00:00","dateModified":"2026-01-14T13:48:22+00:00","author":{"@id":"https:\/\/www.intoscana.it\/it\/#\/schema\/person\/d469f35f09739bdf00bf5dd3f0647a82"},"description":"Nasce un nuovo polo museale il sistema \"Galleria dell\u2019Accademia di Firenze e Musei del Bargello\" che riunisce sette musei fiorentini","breadcrumb":{"@id":"https:\/\/www.intoscana.it\/it\/sette-musei-e-ununica-visione-a-firenze-nasce-un-nuovo-gigante-culturale\/#breadcrumb"},"inLanguage":"it-IT","potentialAction":[{"@type":"ReadAction","target":["https:\/\/www.intoscana.it\/it\/sette-musei-e-ununica-visione-a-firenze-nasce-un-nuovo-gigante-culturale\/"]}]},{"@type":"ImageObject","inLanguage":"it-IT","@id":"https:\/\/www.intoscana.it\/it\/sette-musei-e-ununica-visione-a-firenze-nasce-un-nuovo-gigante-culturale\/#primaryimage","url":"https:\/\/www.intoscana.it\/wp-content\/uploads\/Screenshot-2025-04-18-alle-13.36.01-scaled.jpeg","contentUrl":"https:\/\/www.intoscana.it\/wp-content\/uploads\/Screenshot-2025-04-18-alle-13.36.01-scaled.jpeg","width":2048,"height":1407,"caption":"Salone di Donatello, Museo Nazionale del Bargello"},{"@type":"BreadcrumbList","@id":"https:\/\/www.intoscana.it\/it\/sette-musei-e-ununica-visione-a-firenze-nasce-un-nuovo-gigante-culturale\/#breadcrumb","itemListElement":[{"@type":"ListItem","position":1,"name":"Home","item":"https:\/\/www.intoscana.it\/it\/"},{"@type":"ListItem","position":2,"name":"Sette musei e un\u2019unica visione: a Firenze nasce un nuovo &#8220;gigante&#8221; culturale"}]},{"@type":"WebSite","@id":"https:\/\/www.intoscana.it\/it\/#website","url":"https:\/\/www.intoscana.it\/it\/","name":"intoscana","description":"","potentialAction":[{"@type":"SearchAction","target":{"@type":"EntryPoint","urlTemplate":"https:\/\/www.intoscana.it\/it\/?s={search_term_string}"},"query-input":{"@type":"PropertyValueSpecification","valueRequired":true,"valueName":"search_term_string"}}],"inLanguage":"it-IT"},{"@type":"Person","@id":"https:\/\/www.intoscana.it\/it\/#\/schema\/person\/d469f35f09739bdf00bf5dd3f0647a82","name":"Costanza Baldini","url":"https:\/\/www.intoscana.it\/it\/author\/costanza-baldini\/"}]}},"_links":{"self":[{"href":"https:\/\/www.intoscana.it\/it\/wp-json\/wp\/v2\/posts\/412970","targetHints":{"allow":["GET"]}}],"collection":[{"href":"https:\/\/www.intoscana.it\/it\/wp-json\/wp\/v2\/posts"}],"about":[{"href":"https:\/\/www.intoscana.it\/it\/wp-json\/wp\/v2\/types\/post"}],"author":[{"embeddable":true,"href":"https:\/\/www.intoscana.it\/it\/wp-json\/wp\/v2\/users\/518"}],"replies":[{"embeddable":true,"href":"https:\/\/www.intoscana.it\/it\/wp-json\/wp\/v2\/comments?post=412970"}],"version-history":[{"count":5,"href":"https:\/\/www.intoscana.it\/it\/wp-json\/wp\/v2\/posts\/412970\/revisions"}],"predecessor-version":[{"id":413003,"href":"https:\/\/www.intoscana.it\/it\/wp-json\/wp\/v2\/posts\/412970\/revisions\/413003"}],"wp:featuredmedia":[{"embeddable":true,"href":"https:\/\/www.intoscana.it\/it\/wp-json\/wp\/v2\/media\/382429"}],"wp:attachment":[{"href":"https:\/\/www.intoscana.it\/it\/wp-json\/wp\/v2\/media?parent=412970"}],"wp:term":[{"taxonomy":"category","embeddable":true,"href":"https:\/\/www.intoscana.it\/it\/wp-json\/wp\/v2\/categories?post=412970"},{"taxonomy":"post_tag","embeddable":true,"href":"https:\/\/www.intoscana.it\/it\/wp-json\/wp\/v2\/tags?post=412970"}],"curies":[{"name":"wp","href":"https:\/\/api.w.org\/{rel}","templated":true}]}}