{"id":413208,"date":"2026-01-15T15:56:50","date_gmt":"2026-01-15T14:56:50","guid":{"rendered":"https:\/\/www.intoscana.it\/it\/?p=413208"},"modified":"2026-01-16T10:58:22","modified_gmt":"2026-01-16T09:58:22","slug":"antonio-berti-larte-e-la-memoria-il-film-sullo-scultore-toscano","status":"publish","type":"post","link":"https:\/\/www.intoscana.it\/it\/antonio-berti-larte-e-la-memoria-il-film-sullo-scultore-toscano\/","title":{"rendered":"&#8220;Antonio Berti. L&#8217;arte e la memoria&#8221;, il documentario dedicato al grande artista toscano"},"content":{"rendered":"<p>Figure diafane che prendono vita da un marmo bianco scolpito e levigato fino a renderlo impalpabile; donne dal lungo collo e dal corpo flessuoso colte in pose naturali; personaggi storici, letterati, rappresentati nella loro grandezza, pur sempre umanizzata. Pare dire una banalit\u00e0 affermando, a proposito della sculture di <strong>Antonio Berti<\/strong>: &#8220;<em>sembrano vive<\/em>&#8220;. Eppure \u00e8 proprio cos\u00ec e non ci si stanca di guardarle, nel documentario che il regista fiorentino <strong>Leandro Giribaldi<\/strong> gli ha dedicato, dal titolo, <em><strong>Antonio Berti. L&#8217;arte e la memoria.<\/strong><\/em><\/p>\n<p>Un maestro, <strong>Antonio Berti,<\/strong> che ha dedicato la sua vita alla pittura, alla scultura e ad insegnare la sua arte ai giovani e che forse non ha oggi la notoriet\u00e0 che merita. Per questo il documentario di Leandro Giribaldi acquista un valore civico, oltre che artistico, in quanto portavoce del lavoro di uno scultore che ha realizzato opere di grande pregio.<\/p>\n<p>Toscano doc, <strong>Antonio Berti<\/strong> nasce i primi del &#8216;900 in una localit\u00e0 immersa nella campagna, in alto Mugello, e cresce a Cascina di Val Fiorana, a pochi chilometri da Colle di Vespignano, localit\u00e0 natale del grande Giotto. La sua famiglia, dedita all&#8217;agricoltura e alla pastorizia, \u00e8 estremamente umile, abituata alle asperit\u00e0 del lavoro nella campagna che, sebbene dia al piccolo Antonio un&#8217;istruzione di base, non vede di buon occhio la sua propensione artistica, che si manifesta fin dalla tenera et\u00e0. Ma il talento \u00e8 pi\u00f9 forte di un destino apparentemente gi\u00e0 segnato. <strong>Antonio Berti, <\/strong>grazie ad un incontro fortunato, riesce a frequentare l&#8217;Istituto d&#8217;Arte di Firenze dove incontra il maestro Libero Andreotti. Negli anni Trenta realizza alcune delle sue sculture pi\u00f9 celebri come <em>Il risveglio<\/em> (1933),<em> Paola Ojetti<\/em>\u00a0(1934-35), <em>Barbara Hutton<\/em> (1938), <em>Ugo Foscolo<\/em> (1938), collocata nella basilica di S. Croce a Firenze; nel secondo Dopoguerra dedica un suo noto monumento a Alcide De Gasperi collocato a Trento; un monumento che raffigura Giuseppe Mazzini campeggia invece oggi nell&#8217;omonimo viale fiorentino.<\/p>\n<p>Oggi ad <strong>Antonio Berti<\/strong> \u00e8 dedicata una Fondazione, che conserva molte delle sue opere, situata a Sesto fiorentino, cittadina nella quale l&#8217;artista si trasferisce a vivere una volta sposato. Nel documentario, \u00e8 il figlio <strong>Giovanni Berti<\/strong> a condurre lo spettatore a conoscere la vita, le opere e il pensiero del padre Antonio, e che ha fatto sua la missione di trasmettere alle generazioni future la bellezza e la grandezza delle sue opere.<\/p>\n<p>Il documentario <em><strong>Antonio Berti. L&#8217;arte e la memoria,<\/strong><\/em> sar\u00e0 presentato al cinema <strong>La Compagnia domenica 25 gennaio alle 18.30<\/strong>, alla presenza di <strong>Giovanni Berti<\/strong> e di <strong>Leandro Giribaldi, <\/strong>regista noto al pubblico per i suoi lavori documentari<em> Pinocchio, il pesce-cane e il mare\u00a0all&#8217;Osmannoro<\/em>, <em>Un giorno come un altr<\/em>o, <em>Giovanni Fattori pittore del\u00a0vero, Angeli del fango, Stante i tempi che corrono, Nessuna ricompensa<\/em> e <em>Luciano Panci-Autobiografia di uno spettatore<\/em>.<\/p>\n<p><iframe loading=\"lazy\" title=\"YouTube video player\" src=\"https:\/\/www.youtube.com\/embed\/i29HMaiF23o?si=f2TYHFZZx8khE5ya\" width=\"860\" height=\"615\" frameborder=\"0\" allowfullscreen=\"allowfullscreen\"><span style=\"display: inline-block; width: 0px; overflow: hidden; line-height: 0;\" data-mce-type=\"bookmark\" class=\"mce_SELRES_start\">\ufeff<\/span><\/iframe><\/p>\n<p>Il film, che vede la fotografia di Francesco Ritondale e le musiche di Marco Bucci, \u00e8 stato prodotto da Tourbillon,\u00a0 con il contributo di Comune di Sesto Fiorentino, Publiacqua e in collaborazione con Fondazione per la scultura Antonio Berti e Rai Toscana e le Teche Rai.<\/p>\n<p>&nbsp;<\/p>\n","protected":false},"excerpt":{"rendered":"<p>La presentazione si terr\u00e0 domenica 25 gennaio, a La Compagnia (ore 18.30) alla presenza del regista Leandro Giribaldi e del figlio Giovanni Berti.<\/p>\n","protected":false},"author":492,"featured_media":413214,"comment_status":"open","ping_status":"open","sticky":false,"template":"","format":"standard","meta":{"_acf_changed":false,"footnotes":""},"categories":[493],"tags":[],"class_list":["post-413208","post","type-post","status-publish","format-standard","has-post-thumbnail","hentry","category-cultura"],"acf":[],"yoast_head":"<!-- This site is optimized with the Yoast SEO Premium plugin v24.2 (Yoast SEO v25.6) - https:\/\/yoast.com\/wordpress\/plugins\/seo\/ -->\n<title>Antonio Berti l&#039;arte e la memoria, il doc di Leandro Giribaldi - Intoscana.it<\/title>\n<meta name=\"description\" content=\"Il documentario di Leandro Giribaldi sull&#039;artista toscano Antonio Berti sar\u00e0 presentato a La Compagnia il 25 gennario alle 18.30\" \/>\n<meta name=\"robots\" content=\"index, follow, max-snippet:-1, max-image-preview:large, max-video-preview:-1\" \/>\n<link rel=\"canonical\" href=\"https:\/\/www.intoscana.it\/it\/antonio-berti-larte-e-la-memoria-il-film-sullo-scultore-toscano\/\" \/>\n<meta property=\"og:locale\" content=\"it_IT\" \/>\n<meta property=\"og:type\" content=\"article\" \/>\n<meta property=\"og:title\" content=\"&quot;Antonio Berti. L&#039;arte e la memoria&quot;, il documentario dedicato al grande artista toscano\" \/>\n<meta property=\"og:description\" content=\"Il documentario di Leandro Giribaldi sull&#039;artista toscano Antonio Berti sar\u00e0 presentato a La Compagnia il 25 gennario alle 18.30\" \/>\n<meta property=\"og:url\" content=\"https:\/\/www.intoscana.it\/it\/antonio-berti-larte-e-la-memoria-il-film-sullo-scultore-toscano\/\" \/>\n<meta property=\"og:site_name\" content=\"intoscana\" \/>\n<meta property=\"article:publisher\" content=\"https:\/\/www.facebook.com\/intoscana.it\" \/>\n<meta property=\"article:published_time\" content=\"2026-01-15T14:56:50+00:00\" \/>\n<meta property=\"article:modified_time\" content=\"2026-01-16T09:58:22+00:00\" \/>\n<meta property=\"og:image\" content=\"https:\/\/www.intoscana.it\/wp-content\/uploads\/G.Berti-nel-laboratorio-del-padre.png\" \/>\n\t<meta property=\"og:image:width\" content=\"1366\" \/>\n\t<meta property=\"og:image:height\" content=\"768\" \/>\n\t<meta property=\"og:image:type\" content=\"image\/png\" \/>\n<meta name=\"author\" content=\"Elisabetta Vagaggini\" \/>\n<meta name=\"twitter:card\" content=\"summary_large_image\" \/>\n<meta name=\"twitter:creator\" content=\"@intoscana\" \/>\n<meta name=\"twitter:site\" content=\"@intoscana\" \/>\n<meta name=\"twitter:label1\" content=\"Written by\" \/>\n\t<meta name=\"twitter:data1\" content=\"Elisabetta Vagaggini\" \/>\n\t<meta name=\"twitter:label2\" content=\"Est. reading time\" \/>\n\t<meta name=\"twitter:data2\" content=\"3 minuti\" \/>\n<script type=\"application\/ld+json\" class=\"yoast-schema-graph\">{\"@context\":\"https:\/\/schema.org\",\"@graph\":[{\"@type\":\"WebPage\",\"@id\":\"https:\/\/www.intoscana.it\/it\/antonio-berti-larte-e-la-memoria-il-film-sullo-scultore-toscano\/\",\"url\":\"https:\/\/www.intoscana.it\/it\/antonio-berti-larte-e-la-memoria-il-film-sullo-scultore-toscano\/\",\"name\":\"Antonio Berti l'arte e la memoria, il doc di Leandro Giribaldi - Intoscana.it\",\"isPartOf\":{\"@id\":\"https:\/\/www.intoscana.it\/it\/#website\"},\"primaryImageOfPage\":{\"@id\":\"https:\/\/www.intoscana.it\/it\/antonio-berti-larte-e-la-memoria-il-film-sullo-scultore-toscano\/#primaryimage\"},\"image\":{\"@id\":\"https:\/\/www.intoscana.it\/it\/antonio-berti-larte-e-la-memoria-il-film-sullo-scultore-toscano\/#primaryimage\"},\"thumbnailUrl\":\"https:\/\/www.intoscana.it\/wp-content\/uploads\/G.Berti-nel-laboratorio-del-padre.png\",\"datePublished\":\"2026-01-15T14:56:50+00:00\",\"dateModified\":\"2026-01-16T09:58:22+00:00\",\"author\":{\"@id\":\"https:\/\/www.intoscana.it\/it\/#\/schema\/person\/20956e1a83baf96027b69e776f754e43\"},\"description\":\"Il documentario di Leandro Giribaldi sull'artista toscano Antonio Berti sar\u00e0 presentato a La Compagnia il 25 gennario alle 18.30\",\"breadcrumb\":{\"@id\":\"https:\/\/www.intoscana.it\/it\/antonio-berti-larte-e-la-memoria-il-film-sullo-scultore-toscano\/#breadcrumb\"},\"inLanguage\":\"it-IT\",\"potentialAction\":[{\"@type\":\"ReadAction\",\"target\":[\"https:\/\/www.intoscana.it\/it\/antonio-berti-larte-e-la-memoria-il-film-sullo-scultore-toscano\/\"]}]},{\"@type\":\"ImageObject\",\"inLanguage\":\"it-IT\",\"@id\":\"https:\/\/www.intoscana.it\/it\/antonio-berti-larte-e-la-memoria-il-film-sullo-scultore-toscano\/#primaryimage\",\"url\":\"https:\/\/www.intoscana.it\/wp-content\/uploads\/G.Berti-nel-laboratorio-del-padre.png\",\"contentUrl\":\"https:\/\/www.intoscana.it\/wp-content\/uploads\/G.Berti-nel-laboratorio-del-padre.png\",\"width\":1366,\"height\":768,\"caption\":\"Giovanni Berti\"},{\"@type\":\"BreadcrumbList\",\"@id\":\"https:\/\/www.intoscana.it\/it\/antonio-berti-larte-e-la-memoria-il-film-sullo-scultore-toscano\/#breadcrumb\",\"itemListElement\":[{\"@type\":\"ListItem\",\"position\":1,\"name\":\"Home\",\"item\":\"https:\/\/www.intoscana.it\/it\/\"},{\"@type\":\"ListItem\",\"position\":2,\"name\":\"&#8220;Antonio Berti. L&#8217;arte e la memoria&#8221;, il documentario dedicato al grande artista toscano\"}]},{\"@type\":\"WebSite\",\"@id\":\"https:\/\/www.intoscana.it\/it\/#website\",\"url\":\"https:\/\/www.intoscana.it\/it\/\",\"name\":\"intoscana\",\"description\":\"\",\"potentialAction\":[{\"@type\":\"SearchAction\",\"target\":{\"@type\":\"EntryPoint\",\"urlTemplate\":\"https:\/\/www.intoscana.it\/it\/?s={search_term_string}\"},\"query-input\":{\"@type\":\"PropertyValueSpecification\",\"valueRequired\":true,\"valueName\":\"search_term_string\"}}],\"inLanguage\":\"it-IT\"},{\"@type\":\"Person\",\"@id\":\"https:\/\/www.intoscana.it\/it\/#\/schema\/person\/20956e1a83baf96027b69e776f754e43\",\"name\":\"Elisabetta Vagaggini\",\"url\":\"https:\/\/www.intoscana.it\/it\/author\/elisabetta-vagaggini\/\"}]}<\/script>\n<!-- \/ Yoast SEO Premium plugin. -->","yoast_head_json":{"title":"Antonio Berti l'arte e la memoria, il doc di Leandro Giribaldi - Intoscana.it","description":"Il documentario di Leandro Giribaldi sull'artista toscano Antonio Berti sar\u00e0 presentato a La Compagnia il 25 gennario alle 18.30","robots":{"index":"index","follow":"follow","max-snippet":"max-snippet:-1","max-image-preview":"max-image-preview:large","max-video-preview":"max-video-preview:-1"},"canonical":"https:\/\/www.intoscana.it\/it\/antonio-berti-larte-e-la-memoria-il-film-sullo-scultore-toscano\/","og_locale":"it_IT","og_type":"article","og_title":"\"Antonio Berti. L'arte e la memoria\", il documentario dedicato al grande artista toscano","og_description":"Il documentario di Leandro Giribaldi sull'artista toscano Antonio Berti sar\u00e0 presentato a La Compagnia il 25 gennario alle 18.30","og_url":"https:\/\/www.intoscana.it\/it\/antonio-berti-larte-e-la-memoria-il-film-sullo-scultore-toscano\/","og_site_name":"intoscana","article_publisher":"https:\/\/www.facebook.com\/intoscana.it","article_published_time":"2026-01-15T14:56:50+00:00","article_modified_time":"2026-01-16T09:58:22+00:00","og_image":[{"width":1366,"height":768,"url":"https:\/\/www.intoscana.it\/wp-content\/uploads\/G.Berti-nel-laboratorio-del-padre.png","type":"image\/png"}],"author":"Elisabetta Vagaggini","twitter_card":"summary_large_image","twitter_creator":"@intoscana","twitter_site":"@intoscana","twitter_misc":{"Written by":"Elisabetta Vagaggini","Est. reading time":"3 minuti"},"schema":{"@context":"https:\/\/schema.org","@graph":[{"@type":"WebPage","@id":"https:\/\/www.intoscana.it\/it\/antonio-berti-larte-e-la-memoria-il-film-sullo-scultore-toscano\/","url":"https:\/\/www.intoscana.it\/it\/antonio-berti-larte-e-la-memoria-il-film-sullo-scultore-toscano\/","name":"Antonio Berti l'arte e la memoria, il doc di Leandro Giribaldi - Intoscana.it","isPartOf":{"@id":"https:\/\/www.intoscana.it\/it\/#website"},"primaryImageOfPage":{"@id":"https:\/\/www.intoscana.it\/it\/antonio-berti-larte-e-la-memoria-il-film-sullo-scultore-toscano\/#primaryimage"},"image":{"@id":"https:\/\/www.intoscana.it\/it\/antonio-berti-larte-e-la-memoria-il-film-sullo-scultore-toscano\/#primaryimage"},"thumbnailUrl":"https:\/\/www.intoscana.it\/wp-content\/uploads\/G.Berti-nel-laboratorio-del-padre.png","datePublished":"2026-01-15T14:56:50+00:00","dateModified":"2026-01-16T09:58:22+00:00","author":{"@id":"https:\/\/www.intoscana.it\/it\/#\/schema\/person\/20956e1a83baf96027b69e776f754e43"},"description":"Il documentario di Leandro Giribaldi sull'artista toscano Antonio Berti sar\u00e0 presentato a La Compagnia il 25 gennario alle 18.30","breadcrumb":{"@id":"https:\/\/www.intoscana.it\/it\/antonio-berti-larte-e-la-memoria-il-film-sullo-scultore-toscano\/#breadcrumb"},"inLanguage":"it-IT","potentialAction":[{"@type":"ReadAction","target":["https:\/\/www.intoscana.it\/it\/antonio-berti-larte-e-la-memoria-il-film-sullo-scultore-toscano\/"]}]},{"@type":"ImageObject","inLanguage":"it-IT","@id":"https:\/\/www.intoscana.it\/it\/antonio-berti-larte-e-la-memoria-il-film-sullo-scultore-toscano\/#primaryimage","url":"https:\/\/www.intoscana.it\/wp-content\/uploads\/G.Berti-nel-laboratorio-del-padre.png","contentUrl":"https:\/\/www.intoscana.it\/wp-content\/uploads\/G.Berti-nel-laboratorio-del-padre.png","width":1366,"height":768,"caption":"Giovanni Berti"},{"@type":"BreadcrumbList","@id":"https:\/\/www.intoscana.it\/it\/antonio-berti-larte-e-la-memoria-il-film-sullo-scultore-toscano\/#breadcrumb","itemListElement":[{"@type":"ListItem","position":1,"name":"Home","item":"https:\/\/www.intoscana.it\/it\/"},{"@type":"ListItem","position":2,"name":"&#8220;Antonio Berti. L&#8217;arte e la memoria&#8221;, il documentario dedicato al grande artista toscano"}]},{"@type":"WebSite","@id":"https:\/\/www.intoscana.it\/it\/#website","url":"https:\/\/www.intoscana.it\/it\/","name":"intoscana","description":"","potentialAction":[{"@type":"SearchAction","target":{"@type":"EntryPoint","urlTemplate":"https:\/\/www.intoscana.it\/it\/?s={search_term_string}"},"query-input":{"@type":"PropertyValueSpecification","valueRequired":true,"valueName":"search_term_string"}}],"inLanguage":"it-IT"},{"@type":"Person","@id":"https:\/\/www.intoscana.it\/it\/#\/schema\/person\/20956e1a83baf96027b69e776f754e43","name":"Elisabetta Vagaggini","url":"https:\/\/www.intoscana.it\/it\/author\/elisabetta-vagaggini\/"}]}},"_links":{"self":[{"href":"https:\/\/www.intoscana.it\/it\/wp-json\/wp\/v2\/posts\/413208","targetHints":{"allow":["GET"]}}],"collection":[{"href":"https:\/\/www.intoscana.it\/it\/wp-json\/wp\/v2\/posts"}],"about":[{"href":"https:\/\/www.intoscana.it\/it\/wp-json\/wp\/v2\/types\/post"}],"author":[{"embeddable":true,"href":"https:\/\/www.intoscana.it\/it\/wp-json\/wp\/v2\/users\/492"}],"replies":[{"embeddable":true,"href":"https:\/\/www.intoscana.it\/it\/wp-json\/wp\/v2\/comments?post=413208"}],"version-history":[{"count":6,"href":"https:\/\/www.intoscana.it\/it\/wp-json\/wp\/v2\/posts\/413208\/revisions"}],"predecessor-version":[{"id":413258,"href":"https:\/\/www.intoscana.it\/it\/wp-json\/wp\/v2\/posts\/413208\/revisions\/413258"}],"wp:featuredmedia":[{"embeddable":true,"href":"https:\/\/www.intoscana.it\/it\/wp-json\/wp\/v2\/media\/413214"}],"wp:attachment":[{"href":"https:\/\/www.intoscana.it\/it\/wp-json\/wp\/v2\/media?parent=413208"}],"wp:term":[{"taxonomy":"category","embeddable":true,"href":"https:\/\/www.intoscana.it\/it\/wp-json\/wp\/v2\/categories?post=413208"},{"taxonomy":"post_tag","embeddable":true,"href":"https:\/\/www.intoscana.it\/it\/wp-json\/wp\/v2\/tags?post=413208"}],"curies":[{"name":"wp","href":"https:\/\/api.w.org\/{rel}","templated":true}]}}