{"id":413210,"date":"2026-01-15T15:55:09","date_gmt":"2026-01-15T14:55:09","guid":{"rendered":"https:\/\/www.intoscana.it\/it\/?p=413210"},"modified":"2026-01-15T15:55:09","modified_gmt":"2026-01-15T14:55:09","slug":"a-scandicci-arriva-il-baby-pit-stop-di-unicef-per-le-mamme-che-allattano","status":"publish","type":"post","link":"https:\/\/www.intoscana.it\/it\/a-scandicci-arriva-il-baby-pit-stop-di-unicef-per-le-mamme-che-allattano\/","title":{"rendered":"A Scandicci arriva il Baby Pit Stop di Unicef per le mamme che allattano"},"content":{"rendered":"<p>\u00c8 stato inaugurato oggi a <strong>Scandicci il Baby Pit Stop Unicef<\/strong>, uno spazio accogliente e riservato, pensato per offrire alle mamme un luogo tranquillo dove allattare il proprio bambino e allestito dall&#8217;amministrazione al <strong>Punto Comune del palazzo comunale, <\/strong>sul modello dell\u2019iniziativa promossa da La Leche League.<\/p>\n<h3>L&#8217;iniziativa promossa da Unicef<\/h3>\n<p>Il nome richiama il celebre pit stop della Formula Uno, durante il quale le auto si fermano per un rifornimento e un cambio gomme in tempi rapidissimi. Il &#8216;pieno&#8217; in questo caso \u00e8 di latte materno, fondamentale per la crescita grazie al suo apporto di nutrienti e anticorpi.<\/p>\n<p>Il Comune di Scandicci ha aderito <strong>all&#8217;iniziativa promossa da Unicef<\/strong> per garantire i diritti sanciti dalla Convenzione Internazionale sui Diritti dell&#8217;Infanzia e dell&#8217;Adolescenza, in particolare l&#8217;articolo 24 che tutela il diritto alla salute. Il Baby Pit Stop si inserisce nell&#8217;ambito del programma <strong>&#8220;Ospedali&amp;Comunit\u00e0 Amici dei Bambini&#8221;<\/strong> di Unicef, e prevede l&#8217;allestimento di aree attrezzate per accogliere le mamme che vogliono allattare i propri figli quando si trovano fuori casa.<\/p>\n<p><em>&#8220;L\u2019inaugurazione del Baby Pit Stop all\u2019interno del Palazzo Comunale \u00e8 un segnale concreto di attenzione verso i <strong>diritti dell\u2019infanzia e il sostegno alla genitorialit\u00e0<\/strong><\/em> &#8211; afferma Olivia Castellino, presidente del Comitato Provinciale per l&#8217;Unicef di Firenze &#8211; <em>allo stesso tempo \u00e8 anche un segnale di citt\u00e0 sempre pi\u00f9 accogliente e inclusiva. Unicef promuove da anni questi spazi come luoghi confortevoli e rispettosi, pensati per garantire alle bambine e ai bambini il diritto alla cura e all\u2019allattamento anche nei contesti pubblici.&#8221;<\/em><\/p>\n<h3>Lo spazio aperto a tutte nel Punto Comune<\/h3>\n<p><mark>Il Baby Pit Stop del Comune di Scandicci \u00e8 aperto a tutte le madri che ne hanno necessit\u00e0, non solo alle utenti dell&#8217;ufficio, ed \u00e8 raggiungibile anche attraverso un ascensore<\/mark> a cui si accede suonando il campanello dell&#8217;ingresso al piano terra del Comune.<\/p>\n<p>Il progetto parte dalla consapevolezza che l&#8217;allattamento non ha orari fissi, n\u00e9 un numero di poppate predefinito nell&#8217;arco della giornata, pertanto \u00e8 molto difficile per le mamme prevedere dove e quando il loro bimbo avr\u00e0 necessit\u00e0 di nutrirsi. Nei bagni del Punto Comune \u00e8 inoltre disponibile <strong>un fasciatoio per il cambio dei pannolini.<\/strong><\/p>\n<p><em>&#8220;Con l\u2019apertura del Baby Pit Stop Unicef \u2013<\/em> sottolinea l\u2019assessora del Comune di Scandicci Fiorenza Poli, con delega a Politiche giovanili e delle famiglie \u2013<em> Scandicci compie un ulteriore passo concreto a sostegno delle famiglie e dei diritti dell\u2019infanzia. Vogliamo che le mamme possano sentirsi accolte e libere di allattare anche quando sono fuori casa, in un ambiente protetto, dignitoso e rispettoso dei loro bisogni e di quelli dei bambini&#8221;.<\/em><\/p>\n","protected":false},"excerpt":{"rendered":"<p>Lo spazio pensato per offrire alle mamme un luogo tranquillo per l&#8217;allattamento \u00e8 stato inaugurato oggi al Punto Comune del palazzo comunale<\/p>\n","protected":false},"author":525,"featured_media":413211,"comment_status":"open","ping_status":"open","sticky":false,"template":"","format":"standard","meta":{"_acf_changed":false,"footnotes":""},"categories":[494],"tags":[411,5186,401],"class_list":["post-413210","post","type-post","status-publish","format-standard","has-post-thumbnail","hentry","category-attualita","tag-donne","tag-famiglie","tag-scandicci"],"acf":[],"yoast_head":"<!-- This site is optimized with the Yoast SEO Premium plugin v24.2 (Yoast SEO v25.6) - https:\/\/yoast.com\/wordpress\/plugins\/seo\/ -->\n<title>A Scandicci arriva il Baby Pit Stop di Unicef per le mamme che allattano - intoscana<\/title>\n<meta name=\"robots\" content=\"index, follow, max-snippet:-1, max-image-preview:large, max-video-preview:-1\" \/>\n<link rel=\"canonical\" href=\"https:\/\/www.intoscana.it\/it\/a-scandicci-arriva-il-baby-pit-stop-di-unicef-per-le-mamme-che-allattano\/\" \/>\n<meta property=\"og:locale\" content=\"it_IT\" \/>\n<meta property=\"og:type\" content=\"article\" \/>\n<meta property=\"og:title\" content=\"A Scandicci arriva il Baby Pit Stop di Unicef per le mamme che allattano\" \/>\n<meta property=\"og:description\" content=\"Lo spazio pensato per offrire alle mamme un luogo tranquillo per l&#039;allattamento \u00e8 stato inaugurato oggi al Punto Comune del palazzo comunale\" \/>\n<meta property=\"og:url\" content=\"https:\/\/www.intoscana.it\/it\/a-scandicci-arriva-il-baby-pit-stop-di-unicef-per-le-mamme-che-allattano\/\" \/>\n<meta property=\"og:site_name\" content=\"intoscana\" \/>\n<meta property=\"article:publisher\" content=\"https:\/\/www.facebook.com\/intoscana.it\" \/>\n<meta property=\"article:published_time\" content=\"2026-01-15T14:55:09+00:00\" \/>\n<meta property=\"og:image\" content=\"https:\/\/www.intoscana.it\/wp-content\/uploads\/baby-pit-stop.jpg\" \/>\n\t<meta property=\"og:image:width\" content=\"1920\" \/>\n\t<meta property=\"og:image:height\" content=\"1200\" \/>\n\t<meta property=\"og:image:type\" content=\"image\/jpeg\" \/>\n<meta name=\"author\" content=\"Redazione\" \/>\n<meta name=\"twitter:card\" content=\"summary_large_image\" \/>\n<meta name=\"twitter:creator\" content=\"@intoscana\" \/>\n<meta name=\"twitter:site\" content=\"@intoscana\" \/>\n<meta name=\"twitter:label1\" content=\"Written by\" \/>\n\t<meta name=\"twitter:data1\" content=\"Redazione\" \/>\n\t<meta name=\"twitter:label2\" content=\"Est. reading time\" \/>\n\t<meta name=\"twitter:data2\" content=\"3 minuti\" \/>\n<script type=\"application\/ld+json\" class=\"yoast-schema-graph\">{\"@context\":\"https:\/\/schema.org\",\"@graph\":[{\"@type\":\"WebPage\",\"@id\":\"https:\/\/www.intoscana.it\/it\/a-scandicci-arriva-il-baby-pit-stop-di-unicef-per-le-mamme-che-allattano\/\",\"url\":\"https:\/\/www.intoscana.it\/it\/a-scandicci-arriva-il-baby-pit-stop-di-unicef-per-le-mamme-che-allattano\/\",\"name\":\"A Scandicci arriva il Baby Pit Stop di Unicef per le mamme che allattano - intoscana\",\"isPartOf\":{\"@id\":\"https:\/\/www.intoscana.it\/it\/#website\"},\"primaryImageOfPage\":{\"@id\":\"https:\/\/www.intoscana.it\/it\/a-scandicci-arriva-il-baby-pit-stop-di-unicef-per-le-mamme-che-allattano\/#primaryimage\"},\"image\":{\"@id\":\"https:\/\/www.intoscana.it\/it\/a-scandicci-arriva-il-baby-pit-stop-di-unicef-per-le-mamme-che-allattano\/#primaryimage\"},\"thumbnailUrl\":\"https:\/\/www.intoscana.it\/wp-content\/uploads\/baby-pit-stop.jpg\",\"datePublished\":\"2026-01-15T14:55:09+00:00\",\"author\":{\"@id\":\"https:\/\/www.intoscana.it\/it\/#\/schema\/person\/9223810753230f20bd670fdd322661f8\"},\"breadcrumb\":{\"@id\":\"https:\/\/www.intoscana.it\/it\/a-scandicci-arriva-il-baby-pit-stop-di-unicef-per-le-mamme-che-allattano\/#breadcrumb\"},\"inLanguage\":\"it-IT\",\"potentialAction\":[{\"@type\":\"ReadAction\",\"target\":[\"https:\/\/www.intoscana.it\/it\/a-scandicci-arriva-il-baby-pit-stop-di-unicef-per-le-mamme-che-allattano\/\"]}]},{\"@type\":\"ImageObject\",\"inLanguage\":\"it-IT\",\"@id\":\"https:\/\/www.intoscana.it\/it\/a-scandicci-arriva-il-baby-pit-stop-di-unicef-per-le-mamme-che-allattano\/#primaryimage\",\"url\":\"https:\/\/www.intoscana.it\/wp-content\/uploads\/baby-pit-stop.jpg\",\"contentUrl\":\"https:\/\/www.intoscana.it\/wp-content\/uploads\/baby-pit-stop.jpg\",\"width\":1920,\"height\":1200},{\"@type\":\"BreadcrumbList\",\"@id\":\"https:\/\/www.intoscana.it\/it\/a-scandicci-arriva-il-baby-pit-stop-di-unicef-per-le-mamme-che-allattano\/#breadcrumb\",\"itemListElement\":[{\"@type\":\"ListItem\",\"position\":1,\"name\":\"Home\",\"item\":\"https:\/\/www.intoscana.it\/it\/\"},{\"@type\":\"ListItem\",\"position\":2,\"name\":\"A Scandicci arriva il Baby Pit Stop di Unicef per le mamme che allattano\"}]},{\"@type\":\"WebSite\",\"@id\":\"https:\/\/www.intoscana.it\/it\/#website\",\"url\":\"https:\/\/www.intoscana.it\/it\/\",\"name\":\"intoscana\",\"description\":\"\",\"potentialAction\":[{\"@type\":\"SearchAction\",\"target\":{\"@type\":\"EntryPoint\",\"urlTemplate\":\"https:\/\/www.intoscana.it\/it\/?s={search_term_string}\"},\"query-input\":{\"@type\":\"PropertyValueSpecification\",\"valueRequired\":true,\"valueName\":\"search_term_string\"}}],\"inLanguage\":\"it-IT\"},{\"@type\":\"Person\",\"@id\":\"https:\/\/www.intoscana.it\/it\/#\/schema\/person\/9223810753230f20bd670fdd322661f8\",\"name\":\"Redazione\",\"url\":\"https:\/\/www.intoscana.it\/it\/author\/redazione\/\"}]}<\/script>\n<!-- \/ Yoast SEO Premium plugin. -->","yoast_head_json":{"title":"A Scandicci arriva il Baby Pit Stop di Unicef per le mamme che allattano - intoscana","robots":{"index":"index","follow":"follow","max-snippet":"max-snippet:-1","max-image-preview":"max-image-preview:large","max-video-preview":"max-video-preview:-1"},"canonical":"https:\/\/www.intoscana.it\/it\/a-scandicci-arriva-il-baby-pit-stop-di-unicef-per-le-mamme-che-allattano\/","og_locale":"it_IT","og_type":"article","og_title":"A Scandicci arriva il Baby Pit Stop di Unicef per le mamme che allattano","og_description":"Lo spazio pensato per offrire alle mamme un luogo tranquillo per l'allattamento \u00e8 stato inaugurato oggi al Punto Comune del palazzo comunale","og_url":"https:\/\/www.intoscana.it\/it\/a-scandicci-arriva-il-baby-pit-stop-di-unicef-per-le-mamme-che-allattano\/","og_site_name":"intoscana","article_publisher":"https:\/\/www.facebook.com\/intoscana.it","article_published_time":"2026-01-15T14:55:09+00:00","og_image":[{"width":1920,"height":1200,"url":"https:\/\/www.intoscana.it\/wp-content\/uploads\/baby-pit-stop.jpg","type":"image\/jpeg"}],"author":"Redazione","twitter_card":"summary_large_image","twitter_creator":"@intoscana","twitter_site":"@intoscana","twitter_misc":{"Written by":"Redazione","Est. reading time":"3 minuti"},"schema":{"@context":"https:\/\/schema.org","@graph":[{"@type":"WebPage","@id":"https:\/\/www.intoscana.it\/it\/a-scandicci-arriva-il-baby-pit-stop-di-unicef-per-le-mamme-che-allattano\/","url":"https:\/\/www.intoscana.it\/it\/a-scandicci-arriva-il-baby-pit-stop-di-unicef-per-le-mamme-che-allattano\/","name":"A Scandicci arriva il Baby Pit Stop di Unicef per le mamme che allattano - intoscana","isPartOf":{"@id":"https:\/\/www.intoscana.it\/it\/#website"},"primaryImageOfPage":{"@id":"https:\/\/www.intoscana.it\/it\/a-scandicci-arriva-il-baby-pit-stop-di-unicef-per-le-mamme-che-allattano\/#primaryimage"},"image":{"@id":"https:\/\/www.intoscana.it\/it\/a-scandicci-arriva-il-baby-pit-stop-di-unicef-per-le-mamme-che-allattano\/#primaryimage"},"thumbnailUrl":"https:\/\/www.intoscana.it\/wp-content\/uploads\/baby-pit-stop.jpg","datePublished":"2026-01-15T14:55:09+00:00","author":{"@id":"https:\/\/www.intoscana.it\/it\/#\/schema\/person\/9223810753230f20bd670fdd322661f8"},"breadcrumb":{"@id":"https:\/\/www.intoscana.it\/it\/a-scandicci-arriva-il-baby-pit-stop-di-unicef-per-le-mamme-che-allattano\/#breadcrumb"},"inLanguage":"it-IT","potentialAction":[{"@type":"ReadAction","target":["https:\/\/www.intoscana.it\/it\/a-scandicci-arriva-il-baby-pit-stop-di-unicef-per-le-mamme-che-allattano\/"]}]},{"@type":"ImageObject","inLanguage":"it-IT","@id":"https:\/\/www.intoscana.it\/it\/a-scandicci-arriva-il-baby-pit-stop-di-unicef-per-le-mamme-che-allattano\/#primaryimage","url":"https:\/\/www.intoscana.it\/wp-content\/uploads\/baby-pit-stop.jpg","contentUrl":"https:\/\/www.intoscana.it\/wp-content\/uploads\/baby-pit-stop.jpg","width":1920,"height":1200},{"@type":"BreadcrumbList","@id":"https:\/\/www.intoscana.it\/it\/a-scandicci-arriva-il-baby-pit-stop-di-unicef-per-le-mamme-che-allattano\/#breadcrumb","itemListElement":[{"@type":"ListItem","position":1,"name":"Home","item":"https:\/\/www.intoscana.it\/it\/"},{"@type":"ListItem","position":2,"name":"A Scandicci arriva il Baby Pit Stop di Unicef per le mamme che allattano"}]},{"@type":"WebSite","@id":"https:\/\/www.intoscana.it\/it\/#website","url":"https:\/\/www.intoscana.it\/it\/","name":"intoscana","description":"","potentialAction":[{"@type":"SearchAction","target":{"@type":"EntryPoint","urlTemplate":"https:\/\/www.intoscana.it\/it\/?s={search_term_string}"},"query-input":{"@type":"PropertyValueSpecification","valueRequired":true,"valueName":"search_term_string"}}],"inLanguage":"it-IT"},{"@type":"Person","@id":"https:\/\/www.intoscana.it\/it\/#\/schema\/person\/9223810753230f20bd670fdd322661f8","name":"Redazione","url":"https:\/\/www.intoscana.it\/it\/author\/redazione\/"}]}},"_links":{"self":[{"href":"https:\/\/www.intoscana.it\/it\/wp-json\/wp\/v2\/posts\/413210","targetHints":{"allow":["GET"]}}],"collection":[{"href":"https:\/\/www.intoscana.it\/it\/wp-json\/wp\/v2\/posts"}],"about":[{"href":"https:\/\/www.intoscana.it\/it\/wp-json\/wp\/v2\/types\/post"}],"author":[{"embeddable":true,"href":"https:\/\/www.intoscana.it\/it\/wp-json\/wp\/v2\/users\/525"}],"replies":[{"embeddable":true,"href":"https:\/\/www.intoscana.it\/it\/wp-json\/wp\/v2\/comments?post=413210"}],"version-history":[{"count":4,"href":"https:\/\/www.intoscana.it\/it\/wp-json\/wp\/v2\/posts\/413210\/revisions"}],"predecessor-version":[{"id":413216,"href":"https:\/\/www.intoscana.it\/it\/wp-json\/wp\/v2\/posts\/413210\/revisions\/413216"}],"wp:featuredmedia":[{"embeddable":true,"href":"https:\/\/www.intoscana.it\/it\/wp-json\/wp\/v2\/media\/413211"}],"wp:attachment":[{"href":"https:\/\/www.intoscana.it\/it\/wp-json\/wp\/v2\/media?parent=413210"}],"wp:term":[{"taxonomy":"category","embeddable":true,"href":"https:\/\/www.intoscana.it\/it\/wp-json\/wp\/v2\/categories?post=413210"},{"taxonomy":"post_tag","embeddable":true,"href":"https:\/\/www.intoscana.it\/it\/wp-json\/wp\/v2\/tags?post=413210"}],"curies":[{"name":"wp","href":"https:\/\/api.w.org\/{rel}","templated":true}]}}