{"id":413283,"date":"2026-01-16T13:47:08","date_gmt":"2026-01-16T12:47:08","guid":{"rendered":"https:\/\/www.intoscana.it\/it\/?p=413283"},"modified":"2026-01-16T13:56:23","modified_gmt":"2026-01-16T12:56:23","slug":"linea-aretina-tornano-in-servizio-due-treni-regionali-ripristinati-i-collegamenti-con-firenze","status":"publish","type":"post","link":"https:\/\/www.intoscana.it\/it\/linea-aretina-tornano-in-servizio-due-treni-regionali-ripristinati-i-collegamenti-con-firenze\/","title":{"rendered":"Linea aretina, tornano in servizio due treni regionali: ripristinati i collegamenti con Firenze"},"content":{"rendered":"<p>Buone notizie per i pendolari della <strong>linea aretina<\/strong>. <strong>Da luned\u00ec 19 gennaio<\/strong> tornano in servizio due treni regionali particolarmente richiesti dal territorio, sospesi nelle scorse settimane a causa dei lavori di manutenzione programmata sulla linea ferroviaria effettuati da Rete Ferroviaria Italiana.<\/p>\n<p>Il ripristino riguarda il <strong>treno 18747<\/strong> e il <strong>treno 18754 Arezzo\u2013Firenze<\/strong>, quest\u2019ultimo reintrodotto con <strong>nuova numerazione (94482)<\/strong> grazie a un intervento diretto della <strong>Regione Toscana<\/strong>, su richiesta dell\u2019assessore ai trasporti <strong>Filippo Boni<\/strong>.<\/p>\n<h3>Il ritorno del treno 18747<\/h3>\n<p>Il treno <strong>18747<\/strong> torner\u00e0 a percorrere l\u2019intera tratta <strong>da Firenze fino ad Arezzo<\/strong>, senza pi\u00f9 la limitazione a Pontassieve introdotta nei mesi scorsi.<\/p>\n<p>La partenza \u00e8 prevista alle <strong>8.13 da Firenze Santa Maria Novella<\/strong>, con arrivo ad <strong>Arezzo alle 9.52<\/strong>. Numerose le fermate intermedie: <strong>Firenze Campo di Marte, Rovezzano, Compiobbi, Sieci, Pontassieve, Sant\u2019Ellero, Rignano sull\u2019Arno, Incisa, Figline Valdarno, San Giovanni Valdarno, Montevarchi, Bucine, Laterina e Ponticino<\/strong>.<\/p>\n<h3>Nuovo orario e numero per il treno 18754<\/h3>\n<p>Confermato anche il ripristino del <strong>treno 18754<\/strong>, che assumer\u00e0 il nuovo numero <strong>94482<\/strong> e anticiper\u00e0 leggermente l\u2019orario di partenza per consentire la circolazione in presenza dei cantieri RFI.<\/p>\n<p>Il convoglio partir\u00e0 da <strong>Arezzo alle 10.46<\/strong> (anzich\u00e9 alle 11.08) e arriver\u00e0 a <strong>Firenze Santa Maria Novella alle 12.38<\/strong>, effettuando le stesse fermate del precedente servizio: <strong>Ponticino, Laterina, Bucine, Montevarchi, San Giovanni Valdarno, Figline Valdarno, Incisa, Rignano sull\u2019Arno, Sant\u2019Ellero, Pontassieve, Sieci, Compiobbi, Rovezzano e Firenze Campo di Marte<\/strong>.<\/p>\n<h3>Il ruolo della Regione<\/h3>\n<p>&#8220;<em>Sono molto soddisfatto per questo risultato<\/em> \u2013 ha dichiarato l\u2019assessore regionale ai trasporti <strong>Filippo Boni<\/strong> \u2013 <em>sia per la proficua collaborazione e il confronto costruttivo con i rappresentanti del territorio e dei pendolari, sia per la tempestivit\u00e0 e la disponibilit\u00e0 con cui Trenitalia e RFI hanno accolto le nostre richieste&#8221;<\/em>.<\/p>\n<p>Una soluzione che, ha sottolineato Boni, consente di <strong>rispondere alle esigenze dei cittadini<\/strong> senza compromettere i <strong>necessari interventi di manutenzione<\/strong>, fondamentali per garantire <strong>sicurezza ed efficienza della linea<\/strong>.<\/p>\n<p>Il ritorno in servizio dei due treni, richiesto dall\u2019assessore con la massima tempestivit\u00e0 possibile, \u00e8 stato confermato per luned\u00ec 19, anche se sui sistemi informatici di vendita i convogli compariranno solo a partire da domenica 25 gennaio.<\/p>\n","protected":false},"excerpt":{"rendered":"<p>Da luned\u00ec 19 gennaio tornano a circolare i treni 18747 e 18754, sospesi per i lavori di RFI: intervento della Regione Toscana per rispondere alle esigenze dei pendolari<\/p>\n","protected":false},"author":525,"featured_media":213346,"comment_status":"open","ping_status":"open","sticky":false,"template":"","format":"standard","meta":{"_acf_changed":false,"footnotes":""},"categories":[494],"tags":[196,6903,1577,183],"class_list":["post-413283","post","type-post","status-publish","format-standard","has-post-thumbnail","hentry","category-attualita","tag-arezzo","tag-filippo-boni","tag-muoversi-in-toscana","tag-treni"],"acf":[],"yoast_head":"<!-- This site is optimized with the Yoast SEO Premium plugin v24.2 (Yoast SEO v25.6) - https:\/\/yoast.com\/wordpress\/plugins\/seo\/ -->\n<title>Linea aretina, tornano in servizio due treni regionali: ripristinati i collegamenti con Firenze - intoscana<\/title>\n<meta name=\"robots\" content=\"index, follow, max-snippet:-1, max-image-preview:large, max-video-preview:-1\" \/>\n<link rel=\"canonical\" href=\"https:\/\/www.intoscana.it\/it\/linea-aretina-tornano-in-servizio-due-treni-regionali-ripristinati-i-collegamenti-con-firenze\/\" \/>\n<meta property=\"og:locale\" content=\"it_IT\" \/>\n<meta property=\"og:type\" content=\"article\" \/>\n<meta property=\"og:title\" content=\"Linea aretina, tornano in servizio due treni regionali: ripristinati i collegamenti con Firenze\" \/>\n<meta property=\"og:description\" content=\"Da luned\u00ec 19 gennaio tornano a circolare i treni 18747 e 18754, sospesi per i lavori di RFI: intervento della Regione Toscana per rispondere alle esigenze dei pendolari\" \/>\n<meta property=\"og:url\" content=\"https:\/\/www.intoscana.it\/it\/linea-aretina-tornano-in-servizio-due-treni-regionali-ripristinati-i-collegamenti-con-firenze\/\" \/>\n<meta property=\"og:site_name\" content=\"intoscana\" \/>\n<meta property=\"article:publisher\" content=\"https:\/\/www.facebook.com\/intoscana.it\" \/>\n<meta property=\"article:published_time\" content=\"2026-01-16T12:47:08+00:00\" \/>\n<meta property=\"article:modified_time\" content=\"2026-01-16T12:56:23+00:00\" \/>\n<meta property=\"og:image\" content=\"https:\/\/www.intoscana.it\/wp-content\/uploads\/01-12mo-treno-rock.jpg\" \/>\n\t<meta property=\"og:image:width\" content=\"1280\" \/>\n\t<meta property=\"og:image:height\" content=\"853\" \/>\n\t<meta property=\"og:image:type\" content=\"image\/jpeg\" \/>\n<meta name=\"author\" content=\"Redazione\" \/>\n<meta name=\"twitter:card\" content=\"summary_large_image\" \/>\n<meta name=\"twitter:creator\" content=\"@intoscana\" \/>\n<meta name=\"twitter:site\" content=\"@intoscana\" \/>\n<meta name=\"twitter:label1\" content=\"Written by\" \/>\n\t<meta name=\"twitter:data1\" content=\"Redazione\" \/>\n\t<meta name=\"twitter:label2\" content=\"Est. reading time\" \/>\n\t<meta name=\"twitter:data2\" content=\"3 minuti\" \/>\n<script type=\"application\/ld+json\" class=\"yoast-schema-graph\">{\"@context\":\"https:\/\/schema.org\",\"@graph\":[{\"@type\":\"WebPage\",\"@id\":\"https:\/\/www.intoscana.it\/it\/linea-aretina-tornano-in-servizio-due-treni-regionali-ripristinati-i-collegamenti-con-firenze\/\",\"url\":\"https:\/\/www.intoscana.it\/it\/linea-aretina-tornano-in-servizio-due-treni-regionali-ripristinati-i-collegamenti-con-firenze\/\",\"name\":\"Linea aretina, tornano in servizio due treni regionali: ripristinati i collegamenti con Firenze - intoscana\",\"isPartOf\":{\"@id\":\"https:\/\/www.intoscana.it\/it\/#website\"},\"primaryImageOfPage\":{\"@id\":\"https:\/\/www.intoscana.it\/it\/linea-aretina-tornano-in-servizio-due-treni-regionali-ripristinati-i-collegamenti-con-firenze\/#primaryimage\"},\"image\":{\"@id\":\"https:\/\/www.intoscana.it\/it\/linea-aretina-tornano-in-servizio-due-treni-regionali-ripristinati-i-collegamenti-con-firenze\/#primaryimage\"},\"thumbnailUrl\":\"https:\/\/www.intoscana.it\/wp-content\/uploads\/01-12mo-treno-rock.jpg\",\"datePublished\":\"2026-01-16T12:47:08+00:00\",\"dateModified\":\"2026-01-16T12:56:23+00:00\",\"author\":{\"@id\":\"https:\/\/www.intoscana.it\/it\/#\/schema\/person\/9223810753230f20bd670fdd322661f8\"},\"breadcrumb\":{\"@id\":\"https:\/\/www.intoscana.it\/it\/linea-aretina-tornano-in-servizio-due-treni-regionali-ripristinati-i-collegamenti-con-firenze\/#breadcrumb\"},\"inLanguage\":\"it-IT\",\"potentialAction\":[{\"@type\":\"ReadAction\",\"target\":[\"https:\/\/www.intoscana.it\/it\/linea-aretina-tornano-in-servizio-due-treni-regionali-ripristinati-i-collegamenti-con-firenze\/\"]}]},{\"@type\":\"ImageObject\",\"inLanguage\":\"it-IT\",\"@id\":\"https:\/\/www.intoscana.it\/it\/linea-aretina-tornano-in-servizio-due-treni-regionali-ripristinati-i-collegamenti-con-firenze\/#primaryimage\",\"url\":\"https:\/\/www.intoscana.it\/wp-content\/uploads\/01-12mo-treno-rock.jpg\",\"contentUrl\":\"https:\/\/www.intoscana.it\/wp-content\/uploads\/01-12mo-treno-rock.jpg\",\"width\":1280,\"height\":853},{\"@type\":\"BreadcrumbList\",\"@id\":\"https:\/\/www.intoscana.it\/it\/linea-aretina-tornano-in-servizio-due-treni-regionali-ripristinati-i-collegamenti-con-firenze\/#breadcrumb\",\"itemListElement\":[{\"@type\":\"ListItem\",\"position\":1,\"name\":\"Home\",\"item\":\"https:\/\/www.intoscana.it\/it\/\"},{\"@type\":\"ListItem\",\"position\":2,\"name\":\"Linea aretina, tornano in servizio due treni regionali: ripristinati i collegamenti con Firenze\"}]},{\"@type\":\"WebSite\",\"@id\":\"https:\/\/www.intoscana.it\/it\/#website\",\"url\":\"https:\/\/www.intoscana.it\/it\/\",\"name\":\"intoscana\",\"description\":\"\",\"potentialAction\":[{\"@type\":\"SearchAction\",\"target\":{\"@type\":\"EntryPoint\",\"urlTemplate\":\"https:\/\/www.intoscana.it\/it\/?s={search_term_string}\"},\"query-input\":{\"@type\":\"PropertyValueSpecification\",\"valueRequired\":true,\"valueName\":\"search_term_string\"}}],\"inLanguage\":\"it-IT\"},{\"@type\":\"Person\",\"@id\":\"https:\/\/www.intoscana.it\/it\/#\/schema\/person\/9223810753230f20bd670fdd322661f8\",\"name\":\"Redazione\",\"url\":\"https:\/\/www.intoscana.it\/it\/author\/redazione\/\"}]}<\/script>\n<!-- \/ Yoast SEO Premium plugin. -->","yoast_head_json":{"title":"Linea aretina, tornano in servizio due treni regionali: ripristinati i collegamenti con Firenze - intoscana","robots":{"index":"index","follow":"follow","max-snippet":"max-snippet:-1","max-image-preview":"max-image-preview:large","max-video-preview":"max-video-preview:-1"},"canonical":"https:\/\/www.intoscana.it\/it\/linea-aretina-tornano-in-servizio-due-treni-regionali-ripristinati-i-collegamenti-con-firenze\/","og_locale":"it_IT","og_type":"article","og_title":"Linea aretina, tornano in servizio due treni regionali: ripristinati i collegamenti con Firenze","og_description":"Da luned\u00ec 19 gennaio tornano a circolare i treni 18747 e 18754, sospesi per i lavori di RFI: intervento della Regione Toscana per rispondere alle esigenze dei pendolari","og_url":"https:\/\/www.intoscana.it\/it\/linea-aretina-tornano-in-servizio-due-treni-regionali-ripristinati-i-collegamenti-con-firenze\/","og_site_name":"intoscana","article_publisher":"https:\/\/www.facebook.com\/intoscana.it","article_published_time":"2026-01-16T12:47:08+00:00","article_modified_time":"2026-01-16T12:56:23+00:00","og_image":[{"width":1280,"height":853,"url":"https:\/\/www.intoscana.it\/wp-content\/uploads\/01-12mo-treno-rock.jpg","type":"image\/jpeg"}],"author":"Redazione","twitter_card":"summary_large_image","twitter_creator":"@intoscana","twitter_site":"@intoscana","twitter_misc":{"Written by":"Redazione","Est. reading time":"3 minuti"},"schema":{"@context":"https:\/\/schema.org","@graph":[{"@type":"WebPage","@id":"https:\/\/www.intoscana.it\/it\/linea-aretina-tornano-in-servizio-due-treni-regionali-ripristinati-i-collegamenti-con-firenze\/","url":"https:\/\/www.intoscana.it\/it\/linea-aretina-tornano-in-servizio-due-treni-regionali-ripristinati-i-collegamenti-con-firenze\/","name":"Linea aretina, tornano in servizio due treni regionali: ripristinati i collegamenti con Firenze - intoscana","isPartOf":{"@id":"https:\/\/www.intoscana.it\/it\/#website"},"primaryImageOfPage":{"@id":"https:\/\/www.intoscana.it\/it\/linea-aretina-tornano-in-servizio-due-treni-regionali-ripristinati-i-collegamenti-con-firenze\/#primaryimage"},"image":{"@id":"https:\/\/www.intoscana.it\/it\/linea-aretina-tornano-in-servizio-due-treni-regionali-ripristinati-i-collegamenti-con-firenze\/#primaryimage"},"thumbnailUrl":"https:\/\/www.intoscana.it\/wp-content\/uploads\/01-12mo-treno-rock.jpg","datePublished":"2026-01-16T12:47:08+00:00","dateModified":"2026-01-16T12:56:23+00:00","author":{"@id":"https:\/\/www.intoscana.it\/it\/#\/schema\/person\/9223810753230f20bd670fdd322661f8"},"breadcrumb":{"@id":"https:\/\/www.intoscana.it\/it\/linea-aretina-tornano-in-servizio-due-treni-regionali-ripristinati-i-collegamenti-con-firenze\/#breadcrumb"},"inLanguage":"it-IT","potentialAction":[{"@type":"ReadAction","target":["https:\/\/www.intoscana.it\/it\/linea-aretina-tornano-in-servizio-due-treni-regionali-ripristinati-i-collegamenti-con-firenze\/"]}]},{"@type":"ImageObject","inLanguage":"it-IT","@id":"https:\/\/www.intoscana.it\/it\/linea-aretina-tornano-in-servizio-due-treni-regionali-ripristinati-i-collegamenti-con-firenze\/#primaryimage","url":"https:\/\/www.intoscana.it\/wp-content\/uploads\/01-12mo-treno-rock.jpg","contentUrl":"https:\/\/www.intoscana.it\/wp-content\/uploads\/01-12mo-treno-rock.jpg","width":1280,"height":853},{"@type":"BreadcrumbList","@id":"https:\/\/www.intoscana.it\/it\/linea-aretina-tornano-in-servizio-due-treni-regionali-ripristinati-i-collegamenti-con-firenze\/#breadcrumb","itemListElement":[{"@type":"ListItem","position":1,"name":"Home","item":"https:\/\/www.intoscana.it\/it\/"},{"@type":"ListItem","position":2,"name":"Linea aretina, tornano in servizio due treni regionali: ripristinati i collegamenti con Firenze"}]},{"@type":"WebSite","@id":"https:\/\/www.intoscana.it\/it\/#website","url":"https:\/\/www.intoscana.it\/it\/","name":"intoscana","description":"","potentialAction":[{"@type":"SearchAction","target":{"@type":"EntryPoint","urlTemplate":"https:\/\/www.intoscana.it\/it\/?s={search_term_string}"},"query-input":{"@type":"PropertyValueSpecification","valueRequired":true,"valueName":"search_term_string"}}],"inLanguage":"it-IT"},{"@type":"Person","@id":"https:\/\/www.intoscana.it\/it\/#\/schema\/person\/9223810753230f20bd670fdd322661f8","name":"Redazione","url":"https:\/\/www.intoscana.it\/it\/author\/redazione\/"}]}},"_links":{"self":[{"href":"https:\/\/www.intoscana.it\/it\/wp-json\/wp\/v2\/posts\/413283","targetHints":{"allow":["GET"]}}],"collection":[{"href":"https:\/\/www.intoscana.it\/it\/wp-json\/wp\/v2\/posts"}],"about":[{"href":"https:\/\/www.intoscana.it\/it\/wp-json\/wp\/v2\/types\/post"}],"author":[{"embeddable":true,"href":"https:\/\/www.intoscana.it\/it\/wp-json\/wp\/v2\/users\/525"}],"replies":[{"embeddable":true,"href":"https:\/\/www.intoscana.it\/it\/wp-json\/wp\/v2\/comments?post=413283"}],"version-history":[{"count":2,"href":"https:\/\/www.intoscana.it\/it\/wp-json\/wp\/v2\/posts\/413283\/revisions"}],"predecessor-version":[{"id":413285,"href":"https:\/\/www.intoscana.it\/it\/wp-json\/wp\/v2\/posts\/413283\/revisions\/413285"}],"wp:featuredmedia":[{"embeddable":true,"href":"https:\/\/www.intoscana.it\/it\/wp-json\/wp\/v2\/media\/213346"}],"wp:attachment":[{"href":"https:\/\/www.intoscana.it\/it\/wp-json\/wp\/v2\/media?parent=413283"}],"wp:term":[{"taxonomy":"category","embeddable":true,"href":"https:\/\/www.intoscana.it\/it\/wp-json\/wp\/v2\/categories?post=413283"},{"taxonomy":"post_tag","embeddable":true,"href":"https:\/\/www.intoscana.it\/it\/wp-json\/wp\/v2\/tags?post=413283"}],"curies":[{"name":"wp","href":"https:\/\/api.w.org\/{rel}","templated":true}]}}