{"id":413401,"date":"2026-01-19T09:56:16","date_gmt":"2026-01-19T08:56:16","guid":{"rendered":"https:\/\/www.intoscana.it\/it\/?p=413401"},"modified":"2026-01-21T10:05:47","modified_gmt":"2026-01-21T09:05:47","slug":"radiance-opposition-il-ritorno-dei-julies-haircut-tra-psichedelia-e-metamorfosi","status":"publish","type":"post","link":"https:\/\/www.intoscana.it\/it\/radiance-opposition-il-ritorno-dei-julies-haircut-tra-psichedelia-e-metamorfosi\/","title":{"rendered":"\u201cRadiance Opposition&#8221;: il ritorno dei Julie\u2019s Haircut tra psichedelia e metamorfosi"},"content":{"rendered":"<p>Dopo un lungo silenzio discografico, i<strong> Julie\u2019s Haircut<\/strong> tornano con <strong><em>&#8220;Radiance Opposition&#8221;<\/em><\/strong>, un album che segna una nuova fase della loro storia:<strong> un suono ipnotico e stratificato,<\/strong> l\u2019ingresso della <strong>voce femminile di Anna Bassy<\/strong> e un immaginario che dialoga con<strong> filosofia, ritualit\u00e0 e trasformazione.<\/strong><\/p>\n<p>La band che pu\u00f2 vantare <strong>30 anni di attivit\u00e0,<\/strong> \u00e8 nata a Modena nel 1994 ed \u00e8 diventata presto <strong>uno dei nomi chiave dell\u2019underground italiano<\/strong>. Partono da un noise rock abrasivo per poi spostarsi verso sonorit\u00e0 sempre pi\u00f9 psichedeliche e sperimentali.<\/p>\n<p>Negli anni Duemila consolidano una forte reputazione anche all\u2019estero, soprattutto negli USA. Dischi come<strong><em> Stars Never Looked So Brigh<\/em><em>t<\/em><\/strong> e <strong><em>Ashram Equinox<\/em> <\/strong>segnano la loro maturit\u00e0 artistica. Sono considerati <strong>pionieri della psichedelia contemporanea in Italia.<\/strong><\/p>\n<p>I <strong>Julie&#8217;s Haircut<\/strong> saranno in concerto<strong> sabato 24 gennaio al <a href=\"https:\/\/www.facebook.com\/gluealternativeconceptspacefirenze\" target=\"_blank\" rel=\"noopener\">Glue Alternative Concept Space<\/a> di Firenze.<\/strong><\/p>\n<p>Parliamo di <strong><em>&#8220;Radiance Opposition&#8221;<\/em> <\/strong>con<strong> Luca Giovanardi,<\/strong> chitarrista e fondatore della band<\/p>\n<p><iframe loading=\"lazy\" title=\"Dalla psichedelia al trip-hop il ritorno del Julie's Haircut con &quot;Radiance Opposition&quot;\" src=\"https:\/\/omny.fm\/shows\/intoscana\/dalla-psichedelia-al-trip-hop-il-ritorno-del-julies-haircut-con-radiance-opposition\/embed?style=cover\" width=\"100%\" height=\"180\" frameborder=\"0\"><\/iframe><\/p>\n<p><strong>Ciao Luca!<em>\u00a0&#8220;Radiance Opposition&#8221;<\/em> \u00e8 uscito dopo diversi anni dell&#8217;ultimo album. Com&#8217;\u00e8 stato questo ritorno in studio, cosa vi ha spinti a ripartire con questo progetto?<\/strong><\/p>\n<p>Mi rendo conto che visto dall&#8217;esterno<strong> sembra che siamo stati fermi 4-5 anni,<\/strong> poi un giorno ci siamo svegliati e abbiamo detto <em>&#8216;torniamo in studio<\/em>&#8216;. Ma non \u00e8 cos\u00ec, non ci siamo mai fermati veramente. Abbiamo pubblicato un disco uscito poco prima della pandemia, siamo riusciti a fare qualche concerto prima del lockdown, poi tutto il mondo \u00e8 andato in pausa. Siccome avevamo appena pubblicato un album, non avevamo il fuoco dentro per andare immediatamente a farne un altro. Ma <strong>gi\u00e0 dalla fine del 2020 abbiamo cominciato a lavorare a Parma dove Andrea Rovacchi il nostro tastierista ha uno studio<\/strong> di registrazione. Quindi nell&#8217;arco di questi 4-5 anni abbiamo costantemente lavorato in studio. \u00c8 stato un lavoro continuativo che ha richiesto pi\u00f9 tempo del solito <strong>\u00e8 il naturale processo di una band che non \u00e8 al primo album<\/strong>.<p><span class=\"citazione\">quello che preferiamo fare noi \u00e8 pubblicare solo quando abbiamo veramente qualcosa di nuovo da dire<strong>,<\/strong> sia per noi che per il pubblico<\/span><\/p><\/p>\n<p><strong>Com&#8217;\u00e8 cambiato negli anni il vostro modo di fare musica?<\/strong><\/p>\n<p>Quando sei all&#8217;inizio hai tantissime cose da dire, hai fretta di dirle. Dopo dieci album i casi sono due o ti accontenti delle prime cose che vengono fuori e resti nella tua comfort zone, come fa il 90% delle band, oppure <strong>quello che preferiamo fare noi \u00e8 pubblicare solo quando abbiamo veramente qualcosa di nuovo da dire,<\/strong> sia per noi che per il pubblico. Avevamo bisogno di un elemento che facesse scattare questa molla. Stavamo lavorando a tantissime cose abbozzate e non concluse, finch\u00e9 a un certo punto c&#8217;\u00e8 stato l&#8217;incontro con<strong> Anna Bassy.<\/strong><\/p>\n<p><strong>Com&#8217;\u00e8 nata la collaborazione con questa bellissima voce?<\/strong><\/p>\n<p>Venivamo da alcuni album realizzati con<a href=\"https:\/\/www.intoscana.it\/it\/podcast\/fiori-in-antartide-il-sax-di-laura-agnusdei-tra-fantascienza-e-futuro-climatico\/\" target=\"_blank\" rel=\"noopener\"><strong> Laura Agnusdei<\/strong> <\/a>al sassofono che \u00e8 stato l&#8217;elemento che <strong>ci ha caratterizzati per circa cinque anni tra il 2017 e il 2020,<\/strong> sia come elemento musicale, ma soprattutto secondo me come<strong> elemento di equilibrio<\/strong>. La presenza di Laura ci ha rinnovati e ha ristabilito i rapporti all&#8217;interno della band in maniera pi\u00f9 fresca. Nel momento in cui lei \u00e8 uscita dalla band per realizzare il suo progetto solista abbiamo capito che forse<strong> dovevamo cercare qualcosa di nuovo, una nuova dinamica tra noi cinque.<\/strong> Il nostro tour manager di allora ci consigli\u00f2 questa ragazza di Verona che secondo lui poteva avere la mentalit\u00e0 giusta per inserirsi in una band come la nostra. L&#8217;abbiamo contattata ed \u00e8 iniziato questo rapporto.<\/p>\n<p><iframe loading=\"lazy\" title=\"YouTube video player\" src=\"https:\/\/www.youtube.com\/embed\/8VslJhij1BI?si=7mDdcHYBJ-FcJ481\" width=\"800\" height=\"450\" frameborder=\"0\" allowfullscreen=\"allowfullscreen\"><\/iframe><\/p>\n<p><strong>Come avete lavorato insieme ai pezzi?<\/strong><\/p>\n<p>Abbiamo cominciato inizialmente scambiandoci canzoni a distanza. le abbiamo mandato un po&#8217; di cose, lei in qualche modo ha selezionato i brani in cui si sentiva pi\u00f9 a suo agio, <strong>quello su cui poteva lavorare e interpretare alla sua maniera<\/strong>. Da l\u00ec si \u00e8 sbloccato tutto molto velocemente,<strong> nell&#8217;arco di pochi mesi abbiamo chiuso il disco,<\/strong> lasciando da parte tanta roba, tantissimo materiale creato in 4-5 anni. In un pezzo come<strong><em> &#8220;Wounds&#8221;<\/em> <\/strong>per esempio io avevo scritto solo la parte di chitarra, gliel&#8217;ho mandata, lei ha scritto la melodia e il testo. Poi noi in studio abbiamo ultimato il pezzo arrangiando tutte le altre parti, la parte ritmica, il basso, i sintetizzatori. <strong>Anna quindi ha avuto un ruolo anche autoriale.<\/strong><\/p>\n<p><strong>Il nuovo sound del disco mi ricorda i primi Massive Attack, o band anni &#8217;90 come Portishead<\/strong><\/p>\n<p>Noi non mettiamo mai consciamente dei riferimenti quando andiamo a scrivere o a registrare, non \u00e8 una cosa voluta. Per\u00f2 a posteriori sicuramente s\u00ec, <strong>essendo in giro da tanti anni, abbiamo ormai introiettato talmente tante cose non solo musicali,<\/strong> che si \u00e8 creato uno stile\u00a0personale della band che di disco in disco decliniamo in modo diverso. Questo sicuramente <strong>\u00e8 un disco che rispetto ai precendenti contiene molta pi\u00f9 elettronica, sintetizzatori<\/strong>. Se ci aggiungi sopra la voce di Anna che come timbro sicuramente pu\u00f2 ricordare il mondo del<strong> trip hop inglese anni &#8217;90,<\/strong> in alcuni pezzi sicuramente pi\u00f9 che in altri si sente questo tipo di suggestione.<strong> La cosa devo dire mi fa abbastanza piacere perch\u00e9 quell&#8217;universo sonoro non \u00e8 mai stato dimenticato,<\/strong> sono tutti nomi ancora molto noti. Per\u00f2 non \u00e8 uno stile che si sente in giro.<\/p>\n<p><strong>Forse il trip hop \u00e8 stata l&#8217;ultima grande rivoluzione nella musica<\/strong><\/p>\n<p>S\u00ec, a cavallo degli anni &#8217;90 sono successe tante cose, tante rivoluzioni che si sono mescolate tra loro generandone\u00a0anche molte altre. Mentre<strong> dopo c&#8217;\u00e8 la sensazione sia stato pi\u00f9 rimescolare le cose tra loro piuttosto che inventarne delle altre.<\/strong><\/p>\n<p><strong>Siete pronti a partire per il tour? Com&#8217;\u00e8 il mood?<\/strong><\/p>\n<p><strong>L&#8217;emozione c&#8217;\u00e8 ed \u00e8 sanamente viva<\/strong>, stiamo facendo le ultime prove. Per la prima volta suoneremo tutto il nuovo album, ma non volendo rinunciare a diversi pezzi pi\u00f9 datati <strong>abbiamo deciso di provare a fare concerti pi\u00f9 corposi, pi\u00f9 lunghi s<\/strong>perando di non annoiare. Dopo l&#8217;Italia suoneremo in Inghilterra e poi in Francia.<\/p>\n<p><strong>L&#8217;ingresso al Glue \u00e8 gratuito con tessera<\/strong> (\u20ac 16,00 da fare online su <a href=\"https:\/\/gluefirenze.com\/\" target=\"_blank\" rel=\"noopener\"><strong>https:\/\/gluefirenze.com\/<\/strong><\/a>)<\/p>\n<h3>Tutte le date del tour 2026 dei Julie&#8217;s Haircut<\/h3>\n<figure id=\"post-412751 media-412751\" class=\"align-none\"><img decoding=\"async\" src=\"https:\/\/www.intoscana.it\/wp-content\/uploads\/594981063_1410546973763321_3697047219624588804_n.jpg\" alt=\"\" \/><\/figure>\n<div class=\"titleimg\"><em>Julie\u2019s Haircut, Radiance Opposition Tour 2026<\/em><\/div>\n","protected":false},"excerpt":{"rendered":"<p>I Julie&#8217;s Haircut saranno in concerto sabato 24 gennaio al Glue Alternative Concept Space di Firenze. Parliamo di &#8220;Radiance Opposition&#8221; con Luca Giovanardi, chitarrista della band<\/p>\n","protected":false},"author":518,"featured_media":413034,"comment_status":"open","ping_status":"open","sticky":false,"template":"","format":"standard","meta":{"_acf_changed":false,"footnotes":""},"categories":[14],"tags":[216,4474,202],"class_list":["post-413401","post","type-post","status-publish","format-standard","has-post-thumbnail","hentry","category-musica","tag-concerti","tag-eventi","tag-firenze"],"acf":[],"yoast_head":"<!-- This site is optimized with the Yoast SEO Premium plugin v24.2 (Yoast SEO v25.6) - https:\/\/yoast.com\/wordpress\/plugins\/seo\/ -->\n<title>\u201cRadiance Opposition&quot;: il ritorno dei Julie\u2019s Haircut tra psichedelia e metamorfosi - intoscana<\/title>\n<meta name=\"description\" content=\"I Julie&#039;s Haircut saranno in concerto sabato 24 gennaio al Glue Alternative Concept Space di Firenze per presentare &quot;Radiance Opposition&quot;\" \/>\n<meta name=\"robots\" content=\"index, follow, max-snippet:-1, max-image-preview:large, max-video-preview:-1\" \/>\n<link rel=\"canonical\" href=\"https:\/\/www.intoscana.it\/it\/radiance-opposition-il-ritorno-dei-julies-haircut-tra-psichedelia-e-metamorfosi\/\" \/>\n<meta property=\"og:locale\" content=\"it_IT\" \/>\n<meta property=\"og:type\" content=\"article\" \/>\n<meta property=\"og:title\" content=\"\u201cRadiance Opposition&quot;: il ritorno dei Julie\u2019s Haircut tra psichedelia e metamorfosi\" \/>\n<meta property=\"og:description\" content=\"I Julie&#039;s Haircut saranno in concerto sabato 24 gennaio al Glue Alternative Concept Space di Firenze per presentare &quot;Radiance Opposition&quot;\" \/>\n<meta property=\"og:url\" content=\"https:\/\/www.intoscana.it\/it\/radiance-opposition-il-ritorno-dei-julies-haircut-tra-psichedelia-e-metamorfosi\/\" \/>\n<meta property=\"og:site_name\" content=\"intoscana\" \/>\n<meta property=\"article:publisher\" content=\"https:\/\/www.facebook.com\/intoscana.it\" \/>\n<meta property=\"article:published_time\" content=\"2026-01-19T08:56:16+00:00\" \/>\n<meta property=\"article:modified_time\" content=\"2026-01-21T09:05:47+00:00\" \/>\n<meta property=\"og:image\" content=\"https:\/\/www.intoscana.it\/wp-content\/uploads\/613151819_1433660374785314_4447407835605623422_n-2.jpg\" \/>\n\t<meta property=\"og:image:width\" content=\"1080\" \/>\n\t<meta property=\"og:image:height\" content=\"611\" \/>\n\t<meta property=\"og:image:type\" content=\"image\/jpeg\" \/>\n<meta name=\"author\" content=\"Costanza Baldini\" \/>\n<meta name=\"twitter:card\" content=\"summary_large_image\" \/>\n<meta name=\"twitter:creator\" content=\"@intoscana\" \/>\n<meta name=\"twitter:site\" content=\"@intoscana\" \/>\n<meta name=\"twitter:label1\" content=\"Written by\" \/>\n\t<meta name=\"twitter:data1\" content=\"Costanza Baldini\" \/>\n\t<meta name=\"twitter:label2\" content=\"Est. reading time\" \/>\n\t<meta name=\"twitter:data2\" content=\"6 minuti\" \/>\n<script type=\"application\/ld+json\" class=\"yoast-schema-graph\">{\"@context\":\"https:\/\/schema.org\",\"@graph\":[{\"@type\":\"WebPage\",\"@id\":\"https:\/\/www.intoscana.it\/it\/radiance-opposition-il-ritorno-dei-julies-haircut-tra-psichedelia-e-metamorfosi\/\",\"url\":\"https:\/\/www.intoscana.it\/it\/radiance-opposition-il-ritorno-dei-julies-haircut-tra-psichedelia-e-metamorfosi\/\",\"name\":\"\u201cRadiance Opposition\\\": il ritorno dei Julie\u2019s Haircut tra psichedelia e metamorfosi - intoscana\",\"isPartOf\":{\"@id\":\"https:\/\/www.intoscana.it\/it\/#website\"},\"primaryImageOfPage\":{\"@id\":\"https:\/\/www.intoscana.it\/it\/radiance-opposition-il-ritorno-dei-julies-haircut-tra-psichedelia-e-metamorfosi\/#primaryimage\"},\"image\":{\"@id\":\"https:\/\/www.intoscana.it\/it\/radiance-opposition-il-ritorno-dei-julies-haircut-tra-psichedelia-e-metamorfosi\/#primaryimage\"},\"thumbnailUrl\":\"https:\/\/www.intoscana.it\/wp-content\/uploads\/613151819_1433660374785314_4447407835605623422_n-2.jpg\",\"datePublished\":\"2026-01-19T08:56:16+00:00\",\"dateModified\":\"2026-01-21T09:05:47+00:00\",\"author\":{\"@id\":\"https:\/\/www.intoscana.it\/it\/#\/schema\/person\/d469f35f09739bdf00bf5dd3f0647a82\"},\"description\":\"I Julie's Haircut saranno in concerto sabato 24 gennaio al Glue Alternative Concept Space di Firenze per presentare \\\"Radiance Opposition\\\"\",\"breadcrumb\":{\"@id\":\"https:\/\/www.intoscana.it\/it\/radiance-opposition-il-ritorno-dei-julies-haircut-tra-psichedelia-e-metamorfosi\/#breadcrumb\"},\"inLanguage\":\"it-IT\",\"potentialAction\":[{\"@type\":\"ReadAction\",\"target\":[\"https:\/\/www.intoscana.it\/it\/radiance-opposition-il-ritorno-dei-julies-haircut-tra-psichedelia-e-metamorfosi\/\"]}]},{\"@type\":\"ImageObject\",\"inLanguage\":\"it-IT\",\"@id\":\"https:\/\/www.intoscana.it\/it\/radiance-opposition-il-ritorno-dei-julies-haircut-tra-psichedelia-e-metamorfosi\/#primaryimage\",\"url\":\"https:\/\/www.intoscana.it\/wp-content\/uploads\/613151819_1433660374785314_4447407835605623422_n-2.jpg\",\"contentUrl\":\"https:\/\/www.intoscana.it\/wp-content\/uploads\/613151819_1433660374785314_4447407835605623422_n-2.jpg\",\"width\":1080,\"height\":611,\"caption\":\"Julie's Haircut\"},{\"@type\":\"BreadcrumbList\",\"@id\":\"https:\/\/www.intoscana.it\/it\/radiance-opposition-il-ritorno-dei-julies-haircut-tra-psichedelia-e-metamorfosi\/#breadcrumb\",\"itemListElement\":[{\"@type\":\"ListItem\",\"position\":1,\"name\":\"Home\",\"item\":\"https:\/\/www.intoscana.it\/it\/\"},{\"@type\":\"ListItem\",\"position\":2,\"name\":\"\u201cRadiance Opposition&#8221;: il ritorno dei Julie\u2019s Haircut tra psichedelia e metamorfosi\"}]},{\"@type\":\"WebSite\",\"@id\":\"https:\/\/www.intoscana.it\/it\/#website\",\"url\":\"https:\/\/www.intoscana.it\/it\/\",\"name\":\"intoscana\",\"description\":\"\",\"potentialAction\":[{\"@type\":\"SearchAction\",\"target\":{\"@type\":\"EntryPoint\",\"urlTemplate\":\"https:\/\/www.intoscana.it\/it\/?s={search_term_string}\"},\"query-input\":{\"@type\":\"PropertyValueSpecification\",\"valueRequired\":true,\"valueName\":\"search_term_string\"}}],\"inLanguage\":\"it-IT\"},{\"@type\":\"Person\",\"@id\":\"https:\/\/www.intoscana.it\/it\/#\/schema\/person\/d469f35f09739bdf00bf5dd3f0647a82\",\"name\":\"Costanza Baldini\",\"url\":\"https:\/\/www.intoscana.it\/it\/author\/costanza-baldini\/\"}]}<\/script>\n<!-- \/ Yoast SEO Premium plugin. -->","yoast_head_json":{"title":"\u201cRadiance Opposition\": il ritorno dei Julie\u2019s Haircut tra psichedelia e metamorfosi - intoscana","description":"I Julie's Haircut saranno in concerto sabato 24 gennaio al Glue Alternative Concept Space di Firenze per presentare \"Radiance Opposition\"","robots":{"index":"index","follow":"follow","max-snippet":"max-snippet:-1","max-image-preview":"max-image-preview:large","max-video-preview":"max-video-preview:-1"},"canonical":"https:\/\/www.intoscana.it\/it\/radiance-opposition-il-ritorno-dei-julies-haircut-tra-psichedelia-e-metamorfosi\/","og_locale":"it_IT","og_type":"article","og_title":"\u201cRadiance Opposition\": il ritorno dei Julie\u2019s Haircut tra psichedelia e metamorfosi","og_description":"I Julie's Haircut saranno in concerto sabato 24 gennaio al Glue Alternative Concept Space di Firenze per presentare \"Radiance Opposition\"","og_url":"https:\/\/www.intoscana.it\/it\/radiance-opposition-il-ritorno-dei-julies-haircut-tra-psichedelia-e-metamorfosi\/","og_site_name":"intoscana","article_publisher":"https:\/\/www.facebook.com\/intoscana.it","article_published_time":"2026-01-19T08:56:16+00:00","article_modified_time":"2026-01-21T09:05:47+00:00","og_image":[{"width":1080,"height":611,"url":"https:\/\/www.intoscana.it\/wp-content\/uploads\/613151819_1433660374785314_4447407835605623422_n-2.jpg","type":"image\/jpeg"}],"author":"Costanza Baldini","twitter_card":"summary_large_image","twitter_creator":"@intoscana","twitter_site":"@intoscana","twitter_misc":{"Written by":"Costanza Baldini","Est. reading time":"6 minuti"},"schema":{"@context":"https:\/\/schema.org","@graph":[{"@type":"WebPage","@id":"https:\/\/www.intoscana.it\/it\/radiance-opposition-il-ritorno-dei-julies-haircut-tra-psichedelia-e-metamorfosi\/","url":"https:\/\/www.intoscana.it\/it\/radiance-opposition-il-ritorno-dei-julies-haircut-tra-psichedelia-e-metamorfosi\/","name":"\u201cRadiance Opposition\": il ritorno dei Julie\u2019s Haircut tra psichedelia e metamorfosi - intoscana","isPartOf":{"@id":"https:\/\/www.intoscana.it\/it\/#website"},"primaryImageOfPage":{"@id":"https:\/\/www.intoscana.it\/it\/radiance-opposition-il-ritorno-dei-julies-haircut-tra-psichedelia-e-metamorfosi\/#primaryimage"},"image":{"@id":"https:\/\/www.intoscana.it\/it\/radiance-opposition-il-ritorno-dei-julies-haircut-tra-psichedelia-e-metamorfosi\/#primaryimage"},"thumbnailUrl":"https:\/\/www.intoscana.it\/wp-content\/uploads\/613151819_1433660374785314_4447407835605623422_n-2.jpg","datePublished":"2026-01-19T08:56:16+00:00","dateModified":"2026-01-21T09:05:47+00:00","author":{"@id":"https:\/\/www.intoscana.it\/it\/#\/schema\/person\/d469f35f09739bdf00bf5dd3f0647a82"},"description":"I Julie's Haircut saranno in concerto sabato 24 gennaio al Glue Alternative Concept Space di Firenze per presentare \"Radiance Opposition\"","breadcrumb":{"@id":"https:\/\/www.intoscana.it\/it\/radiance-opposition-il-ritorno-dei-julies-haircut-tra-psichedelia-e-metamorfosi\/#breadcrumb"},"inLanguage":"it-IT","potentialAction":[{"@type":"ReadAction","target":["https:\/\/www.intoscana.it\/it\/radiance-opposition-il-ritorno-dei-julies-haircut-tra-psichedelia-e-metamorfosi\/"]}]},{"@type":"ImageObject","inLanguage":"it-IT","@id":"https:\/\/www.intoscana.it\/it\/radiance-opposition-il-ritorno-dei-julies-haircut-tra-psichedelia-e-metamorfosi\/#primaryimage","url":"https:\/\/www.intoscana.it\/wp-content\/uploads\/613151819_1433660374785314_4447407835605623422_n-2.jpg","contentUrl":"https:\/\/www.intoscana.it\/wp-content\/uploads\/613151819_1433660374785314_4447407835605623422_n-2.jpg","width":1080,"height":611,"caption":"Julie's Haircut"},{"@type":"BreadcrumbList","@id":"https:\/\/www.intoscana.it\/it\/radiance-opposition-il-ritorno-dei-julies-haircut-tra-psichedelia-e-metamorfosi\/#breadcrumb","itemListElement":[{"@type":"ListItem","position":1,"name":"Home","item":"https:\/\/www.intoscana.it\/it\/"},{"@type":"ListItem","position":2,"name":"\u201cRadiance Opposition&#8221;: il ritorno dei Julie\u2019s Haircut tra psichedelia e metamorfosi"}]},{"@type":"WebSite","@id":"https:\/\/www.intoscana.it\/it\/#website","url":"https:\/\/www.intoscana.it\/it\/","name":"intoscana","description":"","potentialAction":[{"@type":"SearchAction","target":{"@type":"EntryPoint","urlTemplate":"https:\/\/www.intoscana.it\/it\/?s={search_term_string}"},"query-input":{"@type":"PropertyValueSpecification","valueRequired":true,"valueName":"search_term_string"}}],"inLanguage":"it-IT"},{"@type":"Person","@id":"https:\/\/www.intoscana.it\/it\/#\/schema\/person\/d469f35f09739bdf00bf5dd3f0647a82","name":"Costanza Baldini","url":"https:\/\/www.intoscana.it\/it\/author\/costanza-baldini\/"}]}},"_links":{"self":[{"href":"https:\/\/www.intoscana.it\/it\/wp-json\/wp\/v2\/posts\/413401","targetHints":{"allow":["GET"]}}],"collection":[{"href":"https:\/\/www.intoscana.it\/it\/wp-json\/wp\/v2\/posts"}],"about":[{"href":"https:\/\/www.intoscana.it\/it\/wp-json\/wp\/v2\/types\/post"}],"author":[{"embeddable":true,"href":"https:\/\/www.intoscana.it\/it\/wp-json\/wp\/v2\/users\/518"}],"replies":[{"embeddable":true,"href":"https:\/\/www.intoscana.it\/it\/wp-json\/wp\/v2\/comments?post=413401"}],"version-history":[{"count":5,"href":"https:\/\/www.intoscana.it\/it\/wp-json\/wp\/v2\/posts\/413401\/revisions"}],"predecessor-version":[{"id":413839,"href":"https:\/\/www.intoscana.it\/it\/wp-json\/wp\/v2\/posts\/413401\/revisions\/413839"}],"wp:featuredmedia":[{"embeddable":true,"href":"https:\/\/www.intoscana.it\/it\/wp-json\/wp\/v2\/media\/413034"}],"wp:attachment":[{"href":"https:\/\/www.intoscana.it\/it\/wp-json\/wp\/v2\/media?parent=413401"}],"wp:term":[{"taxonomy":"category","embeddable":true,"href":"https:\/\/www.intoscana.it\/it\/wp-json\/wp\/v2\/categories?post=413401"},{"taxonomy":"post_tag","embeddable":true,"href":"https:\/\/www.intoscana.it\/it\/wp-json\/wp\/v2\/tags?post=413401"}],"curies":[{"name":"wp","href":"https:\/\/api.w.org\/{rel}","templated":true}]}}