{"id":413530,"date":"2026-01-19T15:50:51","date_gmt":"2026-01-19T14:50:51","guid":{"rendered":"https:\/\/www.intoscana.it\/it\/?p=413530"},"modified":"2026-01-20T11:13:44","modified_gmt":"2026-01-20T10:13:44","slug":"firenze-lex-ospedale-diventa-uno-studentato-la-nuova-vita-di-villa-monna-tessa","status":"publish","type":"post","link":"https:\/\/www.intoscana.it\/it\/firenze-lex-ospedale-diventa-uno-studentato-la-nuova-vita-di-villa-monna-tessa\/","title":{"rendered":"Firenze, l&#8217;ex ospedale diventa uno studentato: la nuova vita di Villa Monna Tessa"},"content":{"rendered":"<p>Posata la prima pietra simbolica per il nuovo studentato universitario di <strong>Villa Monna\u00a0Tessa<\/strong> a Firenze: l&#8217;ex padiglione ospedaliero dismesso dal 2018 sar\u00e0 disponibile per l&#8217;anno accademico 2027\/28.<\/p>\n<p>L&#8217;intervento prevede la realizzazione di 480 nuovi posti letto a tariffe calmierate, di cui il 50% sulla base dei criteri definiti dal Ministero e il 50% in convenzione con il Comune. Inoltre, saranno disponibili ulteriori\u00a0<strong>33 posti letto\u00a0<\/strong>dedicati ad ospitare i familiari dei degenti delle strutture sanitarie della zona.\u00a0<strong>L&#8217;investimento complessivo<\/strong>\u00a0per l&#8217;opera ammonta a circa\u00a0<strong>40 milioni di euro<\/strong>.<\/p>\n<p>&#8220;Prezzi calmierati significa<strong> 600 euro<\/strong> per la stanza o <strong>300 euro<\/strong> a posto letto&#8221;, ha spiegato <strong>Bernab\u00f2 Bocca<\/strong>, presidente della Fondazione Cr Firenze che \u00e8 copromotrice dell&#8217;operazione. &#8220;Queste tariffe sono omnicomprensive &#8211; ha aggiunto -, cio\u00e8 che comprendono l&#8217;elettricit\u00e0, riscaldamento e l&#8217;uso della cucina, e quindi sono tariffe altamente competitive e molto inferiori alle tariffe di mercato&#8221;.<\/p>\n<figure id=\"post-413538 media-413538\" class=\"align-none\"><img decoding=\"async\" src=\"https:\/\/www.intoscana.it\/wp-content\/uploads\/imgi_6_Monna-Tessa-Prima-Pietra-conferenza-gennaio-2026-2.jpeg-scaled.webp\" alt=\"\" \/><\/figure>\n<div class=\"titleimg\">imgi_6_Monna Tessa Prima Pietra conferenza gennaio 2026 \u2013 2.jpeg<\/div>\n<p>\u201cLa posa della prima pietra del nuovo studentato di Villa Monna Tessa a Firenze, rappresenta un passo importante nella risposta al bisogno di alloggi universitari e nella valorizzazione del patrimonio pubblico\u201d. Lo afferma l\u2019assessora regionale all\u2019Universit\u00e0<strong> Cristina Manetti<\/strong>, sottolineando che \u201cla Regione Toscana sostiene con convinzione progetti di rigenerazione urbana che rafforzano il diritto allo studio e rendono i territori pi\u00f9 attrattivi per le giovani generazioni. Nei cento anni di storia, appena trascorsi, dell\u2019Ospedale Careggi &#8211; conclude Manetti- <mark>l&#8217;avvio \u00a0della rinascita di Monna Tessa rappresenta non solo un punto di partenza per il futuro dell\u2019Azienda ospedaliero-universitaria, ma anche una strategia finanziaria e progettuale vincente grazie alla sinergia fra i soggetti coinvolti\u201d.<\/mark><\/p>\n<h3><em>Il progetto<\/em><\/h3>\n<p>La realizzazione del progetto \u00e8 promossa dal fondo<strong> iGeneration<\/strong>, gestito da Investire Sgr e partecipato dal fondo Fnas di Cdp Real Asset Sgr e dal Fondo europeo per gli investimenti (gruppo Bei) in qualit\u00e0 di anchor investor, nonch\u00e9 da altri investitori istituzionali, tra cui i promotori <strong>Fondazione Cr Firenze, l&#8217;Universit\u00e0 di Firenze e l&#8217;Azienda ospedaliero-universitaria Careggi<\/strong>.<\/p>\n<p>Il progetto, curato dallo studio Rossiprodi Associati, prevede <mark>quattro piani destinati alle camere, oltre a un livello seminterrato adibito ai servizi comuni<\/mark> cheaccoglier\u00e0 le aree per la preparazione e la consumazione dei pasti, spazi palestra, sale studio e ricreative, biblioteca-emeroteca, nonch\u00e9 un ufficio, depositi e locali tecnici.<\/p>\n<figure id=\"post-413550 media-413550\" class=\"align-none\"><img decoding=\"async\" src=\"https:\/\/www.intoscana.it\/wp-content\/uploads\/Prospetto-principale-scaled.jpeg\" alt=\"\" \/><\/figure>\n<div class=\"titleimg\">Prospetto principale<\/div>\n<p>Il fabbricato \u00e8 stato storicamente parte del sistema ospedaliero-universitario di Careggi, di cui \u00e8 stato a lungo edificio funzionale con destinazione sanitaria e universitaria.<\/p>\n<p>&#8220;Monna Tessa rappresenta una risposta concreta alla crescente domanda di alloggi universitari a costi accessibili &#8211; ha dichiarato la rettrice <strong>Alessandra Petrucci <\/strong>&#8211; Grazie alla realizzazione di 480 nuovi posti letto, nel rispetto dei criteri di calmierazione previsti dal bando MUR\/PNRR e della convenzione tariffaria con il Comune, <mark>l\u2019intervento consente di ampliare in modo significativo l\u2019offerta abitativa per gli studenti, favorendo in particolare l\u2019accesso ai giovani provenienti da altri territori interessati a intraprendere un percorso di studi presso il nostro Ateneo&#8221;.<\/mark><\/p>\n<figure id=\"post-413551 media-413551\" class=\"align-none\"><img decoding=\"async\" src=\"https:\/\/www.intoscana.it\/wp-content\/uploads\/DSC04925.jpg\" alt=\"\" \/><\/figure>\n<div class=\"titleimg\"><\/div>\n","protected":false},"excerpt":{"rendered":"<p>Posata la prima pietra per la struttura che aprir\u00e0 per l&#8217;anno accademico 2027\/28: 480 nuovi posti letto a tariffe calmierate e altri 33 per ospitare i familiari dei pazienti delle strutture sanitarie della zona<\/p>\n","protected":false},"author":525,"featured_media":413549,"comment_status":"open","ping_status":"open","sticky":false,"template":"","format":"standard","meta":{"_acf_changed":false,"footnotes":""},"categories":[494],"tags":[355,353],"class_list":["post-413530","post","type-post","status-publish","format-standard","has-post-thumbnail","hentry","category-attualita","tag-studenti","tag-universita-di-firenze"],"acf":[],"yoast_head":"<!-- This site is optimized with the Yoast SEO Premium plugin v24.2 (Yoast SEO v25.6) - https:\/\/yoast.com\/wordpress\/plugins\/seo\/ -->\n<title>Firenze, l&#039;ex ospedale diventa uno studentato: la nuova vita di Villa Monna Tessa - intoscana<\/title>\n<meta name=\"description\" content=\"Posata la prima pietra per la struttura che aprir\u00e0 per l&#039;anno accademico 2027\/28: 480 nuovi posti letto a tariffe calmierate e altri 33 per ospitare i familiari dei pazienti delle strutture sanitarie della zona\" \/>\n<meta name=\"robots\" content=\"index, follow, max-snippet:-1, max-image-preview:large, max-video-preview:-1\" \/>\n<link rel=\"canonical\" href=\"https:\/\/www.intoscana.it\/it\/firenze-lex-ospedale-diventa-uno-studentato-la-nuova-vita-di-villa-monna-tessa\/\" \/>\n<meta property=\"og:locale\" content=\"it_IT\" \/>\n<meta property=\"og:type\" content=\"article\" \/>\n<meta property=\"og:title\" content=\"Firenze, l&#039;ex ospedale diventa uno studentato: la nuova vita di Villa Monna Tessa\" \/>\n<meta property=\"og:description\" content=\"Posata la prima pietra per la struttura che aprir\u00e0 per l&#039;anno accademico 2027\/28: 480 nuovi posti letto a tariffe calmierate e altri 33 per ospitare i familiari dei pazienti delle strutture sanitarie della zona\" \/>\n<meta property=\"og:url\" content=\"https:\/\/www.intoscana.it\/it\/firenze-lex-ospedale-diventa-uno-studentato-la-nuova-vita-di-villa-monna-tessa\/\" \/>\n<meta property=\"og:site_name\" content=\"intoscana\" \/>\n<meta property=\"article:publisher\" content=\"https:\/\/www.facebook.com\/intoscana.it\" \/>\n<meta property=\"article:published_time\" content=\"2026-01-19T14:50:51+00:00\" \/>\n<meta property=\"article:modified_time\" content=\"2026-01-20T10:13:44+00:00\" \/>\n<meta property=\"og:image\" content=\"https:\/\/www.intoscana.it\/wp-content\/uploads\/Volo-scaled.jpeg\" \/>\n\t<meta property=\"og:image:width\" content=\"2048\" \/>\n\t<meta property=\"og:image:height\" content=\"1230\" \/>\n\t<meta property=\"og:image:type\" content=\"image\/jpeg\" \/>\n<meta name=\"author\" content=\"Redazione\" \/>\n<meta name=\"twitter:card\" content=\"summary_large_image\" \/>\n<meta name=\"twitter:creator\" content=\"@intoscana\" \/>\n<meta name=\"twitter:site\" content=\"@intoscana\" \/>\n<meta name=\"twitter:label1\" content=\"Written by\" \/>\n\t<meta name=\"twitter:data1\" content=\"Redazione\" \/>\n\t<meta name=\"twitter:label2\" content=\"Est. reading time\" \/>\n\t<meta name=\"twitter:data2\" content=\"4 minuti\" \/>\n<script type=\"application\/ld+json\" class=\"yoast-schema-graph\">{\"@context\":\"https:\/\/schema.org\",\"@graph\":[{\"@type\":\"WebPage\",\"@id\":\"https:\/\/www.intoscana.it\/it\/firenze-lex-ospedale-diventa-uno-studentato-la-nuova-vita-di-villa-monna-tessa\/\",\"url\":\"https:\/\/www.intoscana.it\/it\/firenze-lex-ospedale-diventa-uno-studentato-la-nuova-vita-di-villa-monna-tessa\/\",\"name\":\"Firenze, l'ex ospedale diventa uno studentato: la nuova vita di Villa Monna Tessa - intoscana\",\"isPartOf\":{\"@id\":\"https:\/\/www.intoscana.it\/it\/#website\"},\"primaryImageOfPage\":{\"@id\":\"https:\/\/www.intoscana.it\/it\/firenze-lex-ospedale-diventa-uno-studentato-la-nuova-vita-di-villa-monna-tessa\/#primaryimage\"},\"image\":{\"@id\":\"https:\/\/www.intoscana.it\/it\/firenze-lex-ospedale-diventa-uno-studentato-la-nuova-vita-di-villa-monna-tessa\/#primaryimage\"},\"thumbnailUrl\":\"https:\/\/www.intoscana.it\/wp-content\/uploads\/Volo-scaled.jpeg\",\"datePublished\":\"2026-01-19T14:50:51+00:00\",\"dateModified\":\"2026-01-20T10:13:44+00:00\",\"author\":{\"@id\":\"https:\/\/www.intoscana.it\/it\/#\/schema\/person\/9223810753230f20bd670fdd322661f8\"},\"description\":\"Posata la prima pietra per la struttura che aprir\u00e0 per l'anno accademico 2027\/28: 480 nuovi posti letto a tariffe calmierate e altri 33 per ospitare i familiari dei pazienti delle strutture sanitarie della zona\",\"breadcrumb\":{\"@id\":\"https:\/\/www.intoscana.it\/it\/firenze-lex-ospedale-diventa-uno-studentato-la-nuova-vita-di-villa-monna-tessa\/#breadcrumb\"},\"inLanguage\":\"it-IT\",\"potentialAction\":[{\"@type\":\"ReadAction\",\"target\":[\"https:\/\/www.intoscana.it\/it\/firenze-lex-ospedale-diventa-uno-studentato-la-nuova-vita-di-villa-monna-tessa\/\"]}]},{\"@type\":\"ImageObject\",\"inLanguage\":\"it-IT\",\"@id\":\"https:\/\/www.intoscana.it\/it\/firenze-lex-ospedale-diventa-uno-studentato-la-nuova-vita-di-villa-monna-tessa\/#primaryimage\",\"url\":\"https:\/\/www.intoscana.it\/wp-content\/uploads\/Volo-scaled.jpeg\",\"contentUrl\":\"https:\/\/www.intoscana.it\/wp-content\/uploads\/Volo-scaled.jpeg\",\"width\":2048,\"height\":1230},{\"@type\":\"BreadcrumbList\",\"@id\":\"https:\/\/www.intoscana.it\/it\/firenze-lex-ospedale-diventa-uno-studentato-la-nuova-vita-di-villa-monna-tessa\/#breadcrumb\",\"itemListElement\":[{\"@type\":\"ListItem\",\"position\":1,\"name\":\"Home\",\"item\":\"https:\/\/www.intoscana.it\/it\/\"},{\"@type\":\"ListItem\",\"position\":2,\"name\":\"Firenze, l&#8217;ex ospedale diventa uno studentato: la nuova vita di Villa Monna Tessa\"}]},{\"@type\":\"WebSite\",\"@id\":\"https:\/\/www.intoscana.it\/it\/#website\",\"url\":\"https:\/\/www.intoscana.it\/it\/\",\"name\":\"intoscana\",\"description\":\"\",\"potentialAction\":[{\"@type\":\"SearchAction\",\"target\":{\"@type\":\"EntryPoint\",\"urlTemplate\":\"https:\/\/www.intoscana.it\/it\/?s={search_term_string}\"},\"query-input\":{\"@type\":\"PropertyValueSpecification\",\"valueRequired\":true,\"valueName\":\"search_term_string\"}}],\"inLanguage\":\"it-IT\"},{\"@type\":\"Person\",\"@id\":\"https:\/\/www.intoscana.it\/it\/#\/schema\/person\/9223810753230f20bd670fdd322661f8\",\"name\":\"Redazione\",\"url\":\"https:\/\/www.intoscana.it\/it\/author\/redazione\/\"}]}<\/script>\n<!-- \/ Yoast SEO Premium plugin. -->","yoast_head_json":{"title":"Firenze, l'ex ospedale diventa uno studentato: la nuova vita di Villa Monna Tessa - intoscana","description":"Posata la prima pietra per la struttura che aprir\u00e0 per l'anno accademico 2027\/28: 480 nuovi posti letto a tariffe calmierate e altri 33 per ospitare i familiari dei pazienti delle strutture sanitarie della zona","robots":{"index":"index","follow":"follow","max-snippet":"max-snippet:-1","max-image-preview":"max-image-preview:large","max-video-preview":"max-video-preview:-1"},"canonical":"https:\/\/www.intoscana.it\/it\/firenze-lex-ospedale-diventa-uno-studentato-la-nuova-vita-di-villa-monna-tessa\/","og_locale":"it_IT","og_type":"article","og_title":"Firenze, l'ex ospedale diventa uno studentato: la nuova vita di Villa Monna Tessa","og_description":"Posata la prima pietra per la struttura che aprir\u00e0 per l'anno accademico 2027\/28: 480 nuovi posti letto a tariffe calmierate e altri 33 per ospitare i familiari dei pazienti delle strutture sanitarie della zona","og_url":"https:\/\/www.intoscana.it\/it\/firenze-lex-ospedale-diventa-uno-studentato-la-nuova-vita-di-villa-monna-tessa\/","og_site_name":"intoscana","article_publisher":"https:\/\/www.facebook.com\/intoscana.it","article_published_time":"2026-01-19T14:50:51+00:00","article_modified_time":"2026-01-20T10:13:44+00:00","og_image":[{"width":2048,"height":1230,"url":"https:\/\/www.intoscana.it\/wp-content\/uploads\/Volo-scaled.jpeg","type":"image\/jpeg"}],"author":"Redazione","twitter_card":"summary_large_image","twitter_creator":"@intoscana","twitter_site":"@intoscana","twitter_misc":{"Written by":"Redazione","Est. reading time":"4 minuti"},"schema":{"@context":"https:\/\/schema.org","@graph":[{"@type":"WebPage","@id":"https:\/\/www.intoscana.it\/it\/firenze-lex-ospedale-diventa-uno-studentato-la-nuova-vita-di-villa-monna-tessa\/","url":"https:\/\/www.intoscana.it\/it\/firenze-lex-ospedale-diventa-uno-studentato-la-nuova-vita-di-villa-monna-tessa\/","name":"Firenze, l'ex ospedale diventa uno studentato: la nuova vita di Villa Monna Tessa - intoscana","isPartOf":{"@id":"https:\/\/www.intoscana.it\/it\/#website"},"primaryImageOfPage":{"@id":"https:\/\/www.intoscana.it\/it\/firenze-lex-ospedale-diventa-uno-studentato-la-nuova-vita-di-villa-monna-tessa\/#primaryimage"},"image":{"@id":"https:\/\/www.intoscana.it\/it\/firenze-lex-ospedale-diventa-uno-studentato-la-nuova-vita-di-villa-monna-tessa\/#primaryimage"},"thumbnailUrl":"https:\/\/www.intoscana.it\/wp-content\/uploads\/Volo-scaled.jpeg","datePublished":"2026-01-19T14:50:51+00:00","dateModified":"2026-01-20T10:13:44+00:00","author":{"@id":"https:\/\/www.intoscana.it\/it\/#\/schema\/person\/9223810753230f20bd670fdd322661f8"},"description":"Posata la prima pietra per la struttura che aprir\u00e0 per l'anno accademico 2027\/28: 480 nuovi posti letto a tariffe calmierate e altri 33 per ospitare i familiari dei pazienti delle strutture sanitarie della zona","breadcrumb":{"@id":"https:\/\/www.intoscana.it\/it\/firenze-lex-ospedale-diventa-uno-studentato-la-nuova-vita-di-villa-monna-tessa\/#breadcrumb"},"inLanguage":"it-IT","potentialAction":[{"@type":"ReadAction","target":["https:\/\/www.intoscana.it\/it\/firenze-lex-ospedale-diventa-uno-studentato-la-nuova-vita-di-villa-monna-tessa\/"]}]},{"@type":"ImageObject","inLanguage":"it-IT","@id":"https:\/\/www.intoscana.it\/it\/firenze-lex-ospedale-diventa-uno-studentato-la-nuova-vita-di-villa-monna-tessa\/#primaryimage","url":"https:\/\/www.intoscana.it\/wp-content\/uploads\/Volo-scaled.jpeg","contentUrl":"https:\/\/www.intoscana.it\/wp-content\/uploads\/Volo-scaled.jpeg","width":2048,"height":1230},{"@type":"BreadcrumbList","@id":"https:\/\/www.intoscana.it\/it\/firenze-lex-ospedale-diventa-uno-studentato-la-nuova-vita-di-villa-monna-tessa\/#breadcrumb","itemListElement":[{"@type":"ListItem","position":1,"name":"Home","item":"https:\/\/www.intoscana.it\/it\/"},{"@type":"ListItem","position":2,"name":"Firenze, l&#8217;ex ospedale diventa uno studentato: la nuova vita di Villa Monna Tessa"}]},{"@type":"WebSite","@id":"https:\/\/www.intoscana.it\/it\/#website","url":"https:\/\/www.intoscana.it\/it\/","name":"intoscana","description":"","potentialAction":[{"@type":"SearchAction","target":{"@type":"EntryPoint","urlTemplate":"https:\/\/www.intoscana.it\/it\/?s={search_term_string}"},"query-input":{"@type":"PropertyValueSpecification","valueRequired":true,"valueName":"search_term_string"}}],"inLanguage":"it-IT"},{"@type":"Person","@id":"https:\/\/www.intoscana.it\/it\/#\/schema\/person\/9223810753230f20bd670fdd322661f8","name":"Redazione","url":"https:\/\/www.intoscana.it\/it\/author\/redazione\/"}]}},"_links":{"self":[{"href":"https:\/\/www.intoscana.it\/it\/wp-json\/wp\/v2\/posts\/413530","targetHints":{"allow":["GET"]}}],"collection":[{"href":"https:\/\/www.intoscana.it\/it\/wp-json\/wp\/v2\/posts"}],"about":[{"href":"https:\/\/www.intoscana.it\/it\/wp-json\/wp\/v2\/types\/post"}],"author":[{"embeddable":true,"href":"https:\/\/www.intoscana.it\/it\/wp-json\/wp\/v2\/users\/525"}],"replies":[{"embeddable":true,"href":"https:\/\/www.intoscana.it\/it\/wp-json\/wp\/v2\/comments?post=413530"}],"version-history":[{"count":5,"href":"https:\/\/www.intoscana.it\/it\/wp-json\/wp\/v2\/posts\/413530\/revisions"}],"predecessor-version":[{"id":413660,"href":"https:\/\/www.intoscana.it\/it\/wp-json\/wp\/v2\/posts\/413530\/revisions\/413660"}],"wp:featuredmedia":[{"embeddable":true,"href":"https:\/\/www.intoscana.it\/it\/wp-json\/wp\/v2\/media\/413549"}],"wp:attachment":[{"href":"https:\/\/www.intoscana.it\/it\/wp-json\/wp\/v2\/media?parent=413530"}],"wp:term":[{"taxonomy":"category","embeddable":true,"href":"https:\/\/www.intoscana.it\/it\/wp-json\/wp\/v2\/categories?post=413530"},{"taxonomy":"post_tag","embeddable":true,"href":"https:\/\/www.intoscana.it\/it\/wp-json\/wp\/v2\/tags?post=413530"}],"curies":[{"name":"wp","href":"https:\/\/api.w.org\/{rel}","templated":true}]}}