{"id":413583,"date":"2026-01-20T11:10:30","date_gmt":"2026-01-20T10:10:30","guid":{"rendered":"https:\/\/www.intoscana.it\/it\/?p=413583"},"modified":"2026-01-20T14:34:43","modified_gmt":"2026-01-20T13:34:43","slug":"la-toscana-di-valentino-il-debutto-nellalta-moda-a-firenze-e-la-sua-casa-di-cetona","status":"publish","type":"post","link":"https:\/\/www.intoscana.it\/it\/la-toscana-di-valentino-il-debutto-nellalta-moda-a-firenze-e-la-sua-casa-di-cetona\/","title":{"rendered":"La Toscana di Valentino: il debutto nell&#8217;alta moda a Firenze e la sua casa di Cetona"},"content":{"rendered":"<p><strong>Valentino Garavani<\/strong>, scomparso il 20 gennaio all&#8217;et\u00e0 di 93 anni, aveva un legame speciale con la Toscana: <mark>oltre alla splendida Villa la Vagnola a Cetona, nella campagna senese, aveva iniziato la sua ascesa nell&#8217;olimpo dell&#8217;alta moda dalla Sala Bianca di Palazzo Pitti a Firenze, nel 1962.<\/mark><\/p>\n<p>Valentino che ha dato il nome a un colore, il suo <strong>rosso<\/strong> audace ed elegante, \u00e8 diventato simbolo di una moda che si eleva ad arte, quella del boom economco dove tutto in Italia sembrava facile e possibile. Il paese che esprimeva in contemporanea la creativit\u00e0 di Armani, Fendi, Krizia, Versace, Laura Biagiotti e, appunto, Valentino.<\/p>\n<h3><em>A Firenze la consacrazione del genio<\/em><\/h3>\n<p>Nato a Voghera l&#8217;11 maggio 1932, Valentino studi\u00f2 disegno e moda a Parigi e poi torn\u00f2 in Italia dove apr\u00ec il suo primo atelier a Roma, nel 1960, con il suo partner in affari e nella vita <strong>Giancarlo Giammetti<\/strong>. Ma la consacrazione internazionale arriv\u00f2 due anni dopo, con una storica sfilata a <strong>Palazzo Pitti<\/strong> di Firenze, nella Sala Bianca, organizzata da un altro personaggio fondamentale della storia dell&#8217;alta moda in Italia, <strong>Giovan Battista Giorgini<\/strong>. La storia si svel\u00f2 agli occhi dei presenti: erano davanti a un genio.<\/p>\n<p>Valentino riscrisse i codici della moda, con linee essenziali, pulite e leggere in contrasto con le tendenze di fine anni &#8217;60. <mark>L&#8217;affermazione definitiva arriv\u00f2 con Jacqueline Kennedy, che gli chiese di disegnare il suo abito da sposa.<\/mark> Il modello divenne icona e la maison ricevette subito 60 ordini. Fu un&#8217;ascesa continua e Valentino divenne definitivamente l&#8217;imperatore della moda italiana del mondo.<\/p>\n<p>Ritorn\u00f2 a Firenze trent&#8217;anni dopo, con una sfilata alla Stazione Leopolda, poi nel 1996, per una mostra curata dall&#8217;amica <strong>Franca Sozzani<\/strong> e allestita da <strong>Gae Aulenti<\/strong>. L&#8217;ultimo Pitti di Valentino fu nel 2012, quando lo stilista aveva gi\u00e0 lasciato il mondo delle passerelle, con la collezione maschile firmata da <strong>Maria Grazia Chiuri e Pierpaolo Piccioli<\/strong>.<\/p>\n<h3><em>La casa a Cetona\u00a0<\/em><\/h3>\n<p>Valentino Garavani amava la Toscana tanto da scegliere di farla diventare casa. <strong>Villa la Vagnola<\/strong>, storica dimora del Settecento a Cetona, \u00e8 diventata il suo rifugio di pace per oltre trent&#8217;anni. Di propriet\u00e0 di Giammetti e venduta sei anni fa, ospit\u00f2 personaggi di fama internazionali per eventi e occasioni speciali.<\/p>\n<p><em>&#8220;<\/em>A Cetona ha lasciato traccia di stile e eleganza oltre ad aver contribuito a dare lustro al territorio con eventi che hanno coinvolto personalit\u00e0 di spicco da ogni parte del mondo&#8221;, ricorda il sindaco <strong>Roberto Cottini<\/strong> facendosi portavoce del cordoglio di una comunit\u00e0 che ha sempre accolto e rispettato la privacy dello stilista.<\/p>\n<p>Ad esprimere il dolore della Toscana \u00e8 l&#8217;assessora regionale alla cultura<strong> Cristina Manetti<\/strong>. &#8220;La Toscana &#8211; spiega &#8211; perde oggi non solo una figura straordinaria della cultura e della creativit\u00e0, ma un uomo che con questa terra ha avuto un legame autentico e profondo. Un rapporto che si \u00e8 espresso anche nel suo storico esordio alla Sala Bianca di Pitti a Firenze&#8221;. <mark>&#8220;Negli anni Ottanta &#8211; ricorda Manetti &#8211; Valentino scelse Cetona e Villa La Vagnola come luogo dell&#8217;anima, trasformando una storica dimora del Settecento in una residenza capace di coniugare arte, storia e visione contemporanea:<\/mark> attraverso quella scelta, Valentino ha saputo raccontare al mondo una Toscana colta, raffinata e senza tempo. Anche dopo la vendita della villa, il suo segno \u00e8 rimasto indelebile, testimoniando un legame che va oltre il possesso e si radica nella memoria e nell&#8217;identit\u00e0 dei luoghi&#8221;.<\/p>\n<p>&nbsp;<\/p>\n<p>&nbsp;<\/p>\n","protected":false},"excerpt":{"rendered":"<p>Lo stilista scomparso a 93 anni lascia tracce di stile e di eleganza un po&#8217; ovunque in regione, dalla Sala Bianca di Palazzo Pitti che lo consacr\u00f2 a imperatore delle passerelle a Villa La Vagnola, suo rifugio senese<\/p>\n","protected":false},"author":545,"featured_media":413640,"comment_status":"open","ping_status":"open","sticky":false,"template":"","format":"standard","meta":{"_acf_changed":false,"footnotes":""},"categories":[4],"tags":[202,189,286],"class_list":["post-413583","post","type-post","status-publish","format-standard","has-post-thumbnail","hentry","category-storie","tag-firenze","tag-moda","tag-pitti"],"acf":[],"yoast_head":"<!-- This site is optimized with the Yoast SEO Premium plugin v24.2 (Yoast SEO v25.6) - https:\/\/yoast.com\/wordpress\/plugins\/seo\/ -->\n<title>La Toscana di Valentino: il debutto nell&#039;alta moda a Firenze e la sua casa di Cetona - intoscana<\/title>\n<meta name=\"description\" content=\"Lo stilista scomparso a 93 anni lascia tracce di stile e di eleganza un po&#039; ovunque in regione, dalla Sala Bianca di Palazzo Pitti che lo consacr\u00f2 a imperatore delle passerelle a Villa La Vagnola, suo rifugio senese\" \/>\n<meta name=\"robots\" content=\"index, follow, max-snippet:-1, max-image-preview:large, max-video-preview:-1\" \/>\n<link rel=\"canonical\" href=\"https:\/\/www.intoscana.it\/it\/la-toscana-di-valentino-il-debutto-nellalta-moda-a-firenze-e-la-sua-casa-di-cetona\/\" \/>\n<meta property=\"og:locale\" content=\"it_IT\" \/>\n<meta property=\"og:type\" content=\"article\" \/>\n<meta property=\"og:title\" content=\"La Toscana di Valentino: il debutto nell&#039;alta moda a Firenze e la sua casa di Cetona\" \/>\n<meta property=\"og:description\" content=\"Lo stilista scomparso a 93 anni lascia tracce di stile e di eleganza un po&#039; ovunque in regione, dalla Sala Bianca di Palazzo Pitti che lo consacr\u00f2 a imperatore delle passerelle a Villa La Vagnola, suo rifugio senese\" \/>\n<meta property=\"og:url\" content=\"https:\/\/www.intoscana.it\/it\/la-toscana-di-valentino-il-debutto-nellalta-moda-a-firenze-e-la-sua-casa-di-cetona\/\" \/>\n<meta property=\"og:site_name\" content=\"intoscana\" \/>\n<meta property=\"article:publisher\" content=\"https:\/\/www.facebook.com\/intoscana.it\" \/>\n<meta property=\"article:published_time\" content=\"2026-01-20T10:10:30+00:00\" \/>\n<meta property=\"article:modified_time\" content=\"2026-01-20T13:34:43+00:00\" \/>\n<meta property=\"og:image\" content=\"https:\/\/www.intoscana.it\/wp-content\/uploads\/imgi_97_Valentino_History_1962-e1768902983263.jpeg\" \/>\n\t<meta property=\"og:image:width\" content=\"748\" \/>\n\t<meta property=\"og:image:height\" content=\"558\" \/>\n\t<meta property=\"og:image:type\" content=\"image\/jpeg\" \/>\n<meta name=\"author\" content=\"Clara D&#039;Acunto\" \/>\n<meta name=\"twitter:card\" content=\"summary_large_image\" \/>\n<meta name=\"twitter:creator\" content=\"@intoscana\" \/>\n<meta name=\"twitter:site\" content=\"@intoscana\" \/>\n<meta name=\"twitter:label1\" content=\"Written by\" \/>\n\t<meta name=\"twitter:data1\" content=\"Clara D&#039;Acunto\" \/>\n\t<meta name=\"twitter:label2\" content=\"Est. reading time\" \/>\n\t<meta name=\"twitter:data2\" content=\"4 minuti\" \/>\n<script type=\"application\/ld+json\" class=\"yoast-schema-graph\">{\"@context\":\"https:\/\/schema.org\",\"@graph\":[{\"@type\":\"WebPage\",\"@id\":\"https:\/\/www.intoscana.it\/it\/la-toscana-di-valentino-il-debutto-nellalta-moda-a-firenze-e-la-sua-casa-di-cetona\/\",\"url\":\"https:\/\/www.intoscana.it\/it\/la-toscana-di-valentino-il-debutto-nellalta-moda-a-firenze-e-la-sua-casa-di-cetona\/\",\"name\":\"La Toscana di Valentino: il debutto nell'alta moda a Firenze e la sua casa di Cetona - intoscana\",\"isPartOf\":{\"@id\":\"https:\/\/www.intoscana.it\/it\/#website\"},\"primaryImageOfPage\":{\"@id\":\"https:\/\/www.intoscana.it\/it\/la-toscana-di-valentino-il-debutto-nellalta-moda-a-firenze-e-la-sua-casa-di-cetona\/#primaryimage\"},\"image\":{\"@id\":\"https:\/\/www.intoscana.it\/it\/la-toscana-di-valentino-il-debutto-nellalta-moda-a-firenze-e-la-sua-casa-di-cetona\/#primaryimage\"},\"thumbnailUrl\":\"https:\/\/www.intoscana.it\/wp-content\/uploads\/imgi_97_Valentino_History_1962-e1768902983263.jpeg\",\"datePublished\":\"2026-01-20T10:10:30+00:00\",\"dateModified\":\"2026-01-20T13:34:43+00:00\",\"author\":{\"@id\":\"https:\/\/www.intoscana.it\/it\/#\/schema\/person\/137419af9ef5d385bde52864a841e6ce\"},\"description\":\"Lo stilista scomparso a 93 anni lascia tracce di stile e di eleganza un po' ovunque in regione, dalla Sala Bianca di Palazzo Pitti che lo consacr\u00f2 a imperatore delle passerelle a Villa La Vagnola, suo rifugio senese\",\"breadcrumb\":{\"@id\":\"https:\/\/www.intoscana.it\/it\/la-toscana-di-valentino-il-debutto-nellalta-moda-a-firenze-e-la-sua-casa-di-cetona\/#breadcrumb\"},\"inLanguage\":\"it-IT\",\"potentialAction\":[{\"@type\":\"ReadAction\",\"target\":[\"https:\/\/www.intoscana.it\/it\/la-toscana-di-valentino-il-debutto-nellalta-moda-a-firenze-e-la-sua-casa-di-cetona\/\"]}]},{\"@type\":\"ImageObject\",\"inLanguage\":\"it-IT\",\"@id\":\"https:\/\/www.intoscana.it\/it\/la-toscana-di-valentino-il-debutto-nellalta-moda-a-firenze-e-la-sua-casa-di-cetona\/#primaryimage\",\"url\":\"https:\/\/www.intoscana.it\/wp-content\/uploads\/imgi_97_Valentino_History_1962-e1768902983263.jpeg\",\"contentUrl\":\"https:\/\/www.intoscana.it\/wp-content\/uploads\/imgi_97_Valentino_History_1962-e1768902983263.jpeg\",\"width\":748,\"height\":558},{\"@type\":\"BreadcrumbList\",\"@id\":\"https:\/\/www.intoscana.it\/it\/la-toscana-di-valentino-il-debutto-nellalta-moda-a-firenze-e-la-sua-casa-di-cetona\/#breadcrumb\",\"itemListElement\":[{\"@type\":\"ListItem\",\"position\":1,\"name\":\"Home\",\"item\":\"https:\/\/www.intoscana.it\/it\/\"},{\"@type\":\"ListItem\",\"position\":2,\"name\":\"La Toscana di Valentino: il debutto nell&#8217;alta moda a Firenze e la sua casa di Cetona\"}]},{\"@type\":\"WebSite\",\"@id\":\"https:\/\/www.intoscana.it\/it\/#website\",\"url\":\"https:\/\/www.intoscana.it\/it\/\",\"name\":\"intoscana\",\"description\":\"\",\"potentialAction\":[{\"@type\":\"SearchAction\",\"target\":{\"@type\":\"EntryPoint\",\"urlTemplate\":\"https:\/\/www.intoscana.it\/it\/?s={search_term_string}\"},\"query-input\":{\"@type\":\"PropertyValueSpecification\",\"valueRequired\":true,\"valueName\":\"search_term_string\"}}],\"inLanguage\":\"it-IT\"},{\"@type\":\"Person\",\"@id\":\"https:\/\/www.intoscana.it\/it\/#\/schema\/person\/137419af9ef5d385bde52864a841e6ce\",\"name\":\"Clara D'Acunto\",\"url\":\"https:\/\/www.intoscana.it\/it\/author\/clara-d_acunto\/\"}]}<\/script>\n<!-- \/ Yoast SEO Premium plugin. -->","yoast_head_json":{"title":"La Toscana di Valentino: il debutto nell'alta moda a Firenze e la sua casa di Cetona - intoscana","description":"Lo stilista scomparso a 93 anni lascia tracce di stile e di eleganza un po' ovunque in regione, dalla Sala Bianca di Palazzo Pitti che lo consacr\u00f2 a imperatore delle passerelle a Villa La Vagnola, suo rifugio senese","robots":{"index":"index","follow":"follow","max-snippet":"max-snippet:-1","max-image-preview":"max-image-preview:large","max-video-preview":"max-video-preview:-1"},"canonical":"https:\/\/www.intoscana.it\/it\/la-toscana-di-valentino-il-debutto-nellalta-moda-a-firenze-e-la-sua-casa-di-cetona\/","og_locale":"it_IT","og_type":"article","og_title":"La Toscana di Valentino: il debutto nell'alta moda a Firenze e la sua casa di Cetona","og_description":"Lo stilista scomparso a 93 anni lascia tracce di stile e di eleganza un po' ovunque in regione, dalla Sala Bianca di Palazzo Pitti che lo consacr\u00f2 a imperatore delle passerelle a Villa La Vagnola, suo rifugio senese","og_url":"https:\/\/www.intoscana.it\/it\/la-toscana-di-valentino-il-debutto-nellalta-moda-a-firenze-e-la-sua-casa-di-cetona\/","og_site_name":"intoscana","article_publisher":"https:\/\/www.facebook.com\/intoscana.it","article_published_time":"2026-01-20T10:10:30+00:00","article_modified_time":"2026-01-20T13:34:43+00:00","og_image":[{"width":748,"height":558,"url":"https:\/\/www.intoscana.it\/wp-content\/uploads\/imgi_97_Valentino_History_1962-e1768902983263.jpeg","type":"image\/jpeg"}],"author":"Clara D'Acunto","twitter_card":"summary_large_image","twitter_creator":"@intoscana","twitter_site":"@intoscana","twitter_misc":{"Written by":"Clara D'Acunto","Est. reading time":"4 minuti"},"schema":{"@context":"https:\/\/schema.org","@graph":[{"@type":"WebPage","@id":"https:\/\/www.intoscana.it\/it\/la-toscana-di-valentino-il-debutto-nellalta-moda-a-firenze-e-la-sua-casa-di-cetona\/","url":"https:\/\/www.intoscana.it\/it\/la-toscana-di-valentino-il-debutto-nellalta-moda-a-firenze-e-la-sua-casa-di-cetona\/","name":"La Toscana di Valentino: il debutto nell'alta moda a Firenze e la sua casa di Cetona - intoscana","isPartOf":{"@id":"https:\/\/www.intoscana.it\/it\/#website"},"primaryImageOfPage":{"@id":"https:\/\/www.intoscana.it\/it\/la-toscana-di-valentino-il-debutto-nellalta-moda-a-firenze-e-la-sua-casa-di-cetona\/#primaryimage"},"image":{"@id":"https:\/\/www.intoscana.it\/it\/la-toscana-di-valentino-il-debutto-nellalta-moda-a-firenze-e-la-sua-casa-di-cetona\/#primaryimage"},"thumbnailUrl":"https:\/\/www.intoscana.it\/wp-content\/uploads\/imgi_97_Valentino_History_1962-e1768902983263.jpeg","datePublished":"2026-01-20T10:10:30+00:00","dateModified":"2026-01-20T13:34:43+00:00","author":{"@id":"https:\/\/www.intoscana.it\/it\/#\/schema\/person\/137419af9ef5d385bde52864a841e6ce"},"description":"Lo stilista scomparso a 93 anni lascia tracce di stile e di eleganza un po' ovunque in regione, dalla Sala Bianca di Palazzo Pitti che lo consacr\u00f2 a imperatore delle passerelle a Villa La Vagnola, suo rifugio senese","breadcrumb":{"@id":"https:\/\/www.intoscana.it\/it\/la-toscana-di-valentino-il-debutto-nellalta-moda-a-firenze-e-la-sua-casa-di-cetona\/#breadcrumb"},"inLanguage":"it-IT","potentialAction":[{"@type":"ReadAction","target":["https:\/\/www.intoscana.it\/it\/la-toscana-di-valentino-il-debutto-nellalta-moda-a-firenze-e-la-sua-casa-di-cetona\/"]}]},{"@type":"ImageObject","inLanguage":"it-IT","@id":"https:\/\/www.intoscana.it\/it\/la-toscana-di-valentino-il-debutto-nellalta-moda-a-firenze-e-la-sua-casa-di-cetona\/#primaryimage","url":"https:\/\/www.intoscana.it\/wp-content\/uploads\/imgi_97_Valentino_History_1962-e1768902983263.jpeg","contentUrl":"https:\/\/www.intoscana.it\/wp-content\/uploads\/imgi_97_Valentino_History_1962-e1768902983263.jpeg","width":748,"height":558},{"@type":"BreadcrumbList","@id":"https:\/\/www.intoscana.it\/it\/la-toscana-di-valentino-il-debutto-nellalta-moda-a-firenze-e-la-sua-casa-di-cetona\/#breadcrumb","itemListElement":[{"@type":"ListItem","position":1,"name":"Home","item":"https:\/\/www.intoscana.it\/it\/"},{"@type":"ListItem","position":2,"name":"La Toscana di Valentino: il debutto nell&#8217;alta moda a Firenze e la sua casa di Cetona"}]},{"@type":"WebSite","@id":"https:\/\/www.intoscana.it\/it\/#website","url":"https:\/\/www.intoscana.it\/it\/","name":"intoscana","description":"","potentialAction":[{"@type":"SearchAction","target":{"@type":"EntryPoint","urlTemplate":"https:\/\/www.intoscana.it\/it\/?s={search_term_string}"},"query-input":{"@type":"PropertyValueSpecification","valueRequired":true,"valueName":"search_term_string"}}],"inLanguage":"it-IT"},{"@type":"Person","@id":"https:\/\/www.intoscana.it\/it\/#\/schema\/person\/137419af9ef5d385bde52864a841e6ce","name":"Clara D'Acunto","url":"https:\/\/www.intoscana.it\/it\/author\/clara-d_acunto\/"}]}},"_links":{"self":[{"href":"https:\/\/www.intoscana.it\/it\/wp-json\/wp\/v2\/posts\/413583","targetHints":{"allow":["GET"]}}],"collection":[{"href":"https:\/\/www.intoscana.it\/it\/wp-json\/wp\/v2\/posts"}],"about":[{"href":"https:\/\/www.intoscana.it\/it\/wp-json\/wp\/v2\/types\/post"}],"author":[{"embeddable":true,"href":"https:\/\/www.intoscana.it\/it\/wp-json\/wp\/v2\/users\/545"}],"replies":[{"embeddable":true,"href":"https:\/\/www.intoscana.it\/it\/wp-json\/wp\/v2\/comments?post=413583"}],"version-history":[{"count":5,"href":"https:\/\/www.intoscana.it\/it\/wp-json\/wp\/v2\/posts\/413583\/revisions"}],"predecessor-version":[{"id":413737,"href":"https:\/\/www.intoscana.it\/it\/wp-json\/wp\/v2\/posts\/413583\/revisions\/413737"}],"wp:featuredmedia":[{"embeddable":true,"href":"https:\/\/www.intoscana.it\/it\/wp-json\/wp\/v2\/media\/413640"}],"wp:attachment":[{"href":"https:\/\/www.intoscana.it\/it\/wp-json\/wp\/v2\/media?parent=413583"}],"wp:term":[{"taxonomy":"category","embeddable":true,"href":"https:\/\/www.intoscana.it\/it\/wp-json\/wp\/v2\/categories?post=413583"},{"taxonomy":"post_tag","embeddable":true,"href":"https:\/\/www.intoscana.it\/it\/wp-json\/wp\/v2\/tags?post=413583"}],"curies":[{"name":"wp","href":"https:\/\/api.w.org\/{rel}","templated":true}]}}