{"id":413626,"date":"2026-01-20T11:17:26","date_gmt":"2026-01-20T10:17:26","guid":{"rendered":"https:\/\/www.intoscana.it\/it\/?p=413626"},"modified":"2026-01-20T11:19:42","modified_gmt":"2026-01-20T10:19:42","slug":"premio-ceppo-racconti-dieci-finalisti","status":"publish","type":"post","link":"https:\/\/www.intoscana.it\/it\/premio-ceppo-racconti-dieci-finalisti\/","title":{"rendered":"Premio Ceppo, annunciati i dieci finalisti: racconti di esperienze umane e fragilit\u00e0"},"content":{"rendered":"<p>Il <strong>Premio Letterario Internazionale Ceppo<\/strong>, il primo premio italiano dedicato alla narrativa breve giunto alla sua <strong>70esima edizione<\/strong>, ha selezionato i dieci finalist<strong>i per la sezione &#8216;Racconto&#8217;<\/strong> tra oltre 100 opere candidate.<\/p>\n<h3>70 anni di Premio Ceppo<\/h3>\n<p>La rosa, scelta dalla <strong>giuria presieduta da Paolo Fabrizio Iacuzzi e diretta da Luca Ricci,<\/strong> comprende Claudio Bagnasco (Fare il possibile), Marta Cristofanini (Selenide), Daniela Gambaro (Verdissime), Helena Janeczek (Il tempo degli imprevisti), Andrej Longo (Undici non dimenticare), Francesca Matteoni (Animali, custodi di storie), Monica Pareschi (Inverness), Veronica Raimo (La vita \u00e8 breve, eccetera), Matteo Terzaghi (Il manuale del fosforo e dei fiammiferi) e Anna Voltaggio (La nostalgia che avremo di noi).<\/p>\n<p><em>\u201cIn questo 2026 l\u2019edizione \u00e8 impreziosita dal 70esimo anniversario del Premio, che cade proprio <a href=\"https:\/\/www.intoscana.it\/it\/pistoia-la-capitale-italiana-del-libro-2026\/\" target=\"_blank\" rel=\"noopener\">nell\u2019anno in cui Pistoia \u00e8 Capitale del Libro<\/a><\/em> &#8211; ha sottolineato il <strong>presidente del Premio Paolo Fabrizio Iacuzzi<\/strong> &#8211; <em>siamo molto soddisfatti di aver individuato, ancora una volta, una top ten di altissimo valore, che unisce esperienza ed esordi, fornendo una fotografia quanto mai efficace del panorama dinamico della narrativa italiana contemporanea.<\/em><\/p>\n<p>La cinquina dei finalisti sar\u00e0 ridotta a una &#8220;terzina&#8221; nel mese di febbraio, mentre il vincitore assoluto verr\u00e0 proclamato<strong> domenica 10 maggio presso il Palazzo Comunale di Pistoia<\/strong>, votato in diretta dalla Giuria dei Giovani Lettori Under 35.<\/p>\n<h3>I dieci racconti in finale<\/h3>\n<p>I libri selezionati disegnano un <mark>panorama narrativo molto ricco e diverso, ma unito da una forte attenzione all\u2019esperienza umana e alle sue zone pi\u00f9 fragili.<\/mark> <strong>&#8220;Fare il possibile&#8221; di Claudio Bagnasco<\/strong> lavora sulla sottrazione e sulla forza dei dettagli minimi, trasformando la scrittura in un gesto di cura verso ci\u00f2 che appare disperso. &#8220;<strong>Selenide&#8221; di Marta Cristofanini<\/strong> costruisce un universo narrativo sospeso e coerente, dove l\u2019identit\u00e0 si muove in uno spazio di mistero e trasformazione. &#8220;<strong>Verdissime&#8221; di Daniela Gambaro<\/strong> racconta la crescita come attraversamento di ferite e scoperte, con una scrittura intensa e concreta.<\/p>\n<p><strong>&#8220;Il tempo degli imprevisti&#8221; di Helena Janeczek<\/strong> usa la memoria come strumento per interrogare la storia e il presente, mentre Undici. <strong>&#8220;Non dimenticare&#8221; di Andrej Longo<\/strong> restituisce con sobriet\u00e0 e partecipazione la dignit\u00e0 di esistenze marginali. <strong>&#8220;Animali, custodi di storie&#8221; di Francesca Matteoni<\/strong> propone una scrittura ibrida che unisce immaginazione e riflessione, mettendo in discussione il confine tra umano e non umano.<\/p>\n<p><strong>&#8220;Inverness&#8221; di Monica Pareschi<\/strong> \u00e8 un viaggio interiore sui legami che cambiano, raccontato con misura e profondit\u00e0, mentre &#8220;<strong>La vita \u00e8 breve, eccetera&#8221; di Veronica Raimo<\/strong> osserva il quotidiano con ironia affilata, trasformando la leggerezza in uno strumento critico. &#8220;<strong>Il manuale del fosforo e dei fiammiferi&#8221; di Matteo Terzaghi<\/strong> sperimenta una forma frammentaria che rende gli oggetti e i gesti minimi occasioni di pensiero. &#8220;<strong>La nostalgia che avremo di noi&#8221; di Anna Voltaggio<\/strong> \u00e8 un ritratto corale di desideri, attese e inquietudini, dove il futuro stesso diventa materia di nostalgia.<\/p>\n<p>Il direttore Luca Ricci sottolinea come la selezione evidenzi il ruolo cruciale della piccola e media editoria indipendente a fronte dell&#8217;assenza dei grandi marchi nel genere breve.<\/p>\n","protected":false},"excerpt":{"rendered":"<p>La premiazione della 70esima edizione del premio letterario si terr\u00e0 al Palazzo Comunale di Pistoia il 10 maggio<\/p>\n","protected":false},"author":525,"featured_media":413629,"comment_status":"open","ping_status":"open","sticky":false,"template":"","format":"standard","meta":{"_acf_changed":false,"footnotes":""},"categories":[493],"tags":[4474,210,215,4640],"class_list":["post-413626","post","type-post","status-publish","format-standard","has-post-thumbnail","hentry","category-cultura","tag-eventi","tag-libri","tag-pistoia","tag-premio-ceppo"],"acf":[],"yoast_head":"<!-- This site is optimized with the Yoast SEO Premium plugin v24.2 (Yoast SEO v25.6) - https:\/\/yoast.com\/wordpress\/plugins\/seo\/ -->\n<title>Premio Ceppo, annunciati i dieci finalisti: racconti di esperienze umane e fragilit\u00e0 - intoscana<\/title>\n<meta name=\"robots\" content=\"index, follow, max-snippet:-1, max-image-preview:large, max-video-preview:-1\" \/>\n<link rel=\"canonical\" href=\"https:\/\/www.intoscana.it\/it\/premio-ceppo-racconti-dieci-finalisti\/\" \/>\n<meta property=\"og:locale\" content=\"it_IT\" \/>\n<meta property=\"og:type\" content=\"article\" \/>\n<meta property=\"og:title\" content=\"Premio Ceppo, annunciati i dieci finalisti: racconti di esperienze umane e fragilit\u00e0\" \/>\n<meta property=\"og:description\" content=\"La premiazione della 70esima edizione del premio letterario si terr\u00e0 al Palazzo Comunale di Pistoia il 10 maggio\" \/>\n<meta property=\"og:url\" content=\"https:\/\/www.intoscana.it\/it\/premio-ceppo-racconti-dieci-finalisti\/\" \/>\n<meta property=\"og:site_name\" content=\"intoscana\" \/>\n<meta property=\"article:publisher\" content=\"https:\/\/www.facebook.com\/intoscana.it\" \/>\n<meta property=\"article:published_time\" content=\"2026-01-20T10:17:26+00:00\" \/>\n<meta property=\"article:modified_time\" content=\"2026-01-20T10:19:42+00:00\" \/>\n<meta property=\"og:image\" content=\"https:\/\/www.intoscana.it\/wp-content\/uploads\/TOP-TEN-16_9-2048x1152-1.jpeg\" \/>\n\t<meta property=\"og:image:width\" content=\"2048\" \/>\n\t<meta property=\"og:image:height\" content=\"1152\" \/>\n\t<meta property=\"og:image:type\" content=\"image\/jpeg\" \/>\n<meta name=\"author\" content=\"Redazione\" \/>\n<meta name=\"twitter:card\" content=\"summary_large_image\" \/>\n<meta name=\"twitter:creator\" content=\"@intoscana\" \/>\n<meta name=\"twitter:site\" content=\"@intoscana\" \/>\n<meta name=\"twitter:label1\" content=\"Written by\" \/>\n\t<meta name=\"twitter:data1\" content=\"Redazione\" \/>\n\t<meta name=\"twitter:label2\" content=\"Est. reading time\" \/>\n\t<meta name=\"twitter:data2\" content=\"3 minuti\" \/>\n<script type=\"application\/ld+json\" class=\"yoast-schema-graph\">{\"@context\":\"https:\/\/schema.org\",\"@graph\":[{\"@type\":\"WebPage\",\"@id\":\"https:\/\/www.intoscana.it\/it\/premio-ceppo-racconti-dieci-finalisti\/\",\"url\":\"https:\/\/www.intoscana.it\/it\/premio-ceppo-racconti-dieci-finalisti\/\",\"name\":\"Premio Ceppo, annunciati i dieci finalisti: racconti di esperienze umane e fragilit\u00e0 - intoscana\",\"isPartOf\":{\"@id\":\"https:\/\/www.intoscana.it\/it\/#website\"},\"primaryImageOfPage\":{\"@id\":\"https:\/\/www.intoscana.it\/it\/premio-ceppo-racconti-dieci-finalisti\/#primaryimage\"},\"image\":{\"@id\":\"https:\/\/www.intoscana.it\/it\/premio-ceppo-racconti-dieci-finalisti\/#primaryimage\"},\"thumbnailUrl\":\"https:\/\/www.intoscana.it\/wp-content\/uploads\/TOP-TEN-16_9-2048x1152-1.jpeg\",\"datePublished\":\"2026-01-20T10:17:26+00:00\",\"dateModified\":\"2026-01-20T10:19:42+00:00\",\"author\":{\"@id\":\"https:\/\/www.intoscana.it\/it\/#\/schema\/person\/9223810753230f20bd670fdd322661f8\"},\"breadcrumb\":{\"@id\":\"https:\/\/www.intoscana.it\/it\/premio-ceppo-racconti-dieci-finalisti\/#breadcrumb\"},\"inLanguage\":\"it-IT\",\"potentialAction\":[{\"@type\":\"ReadAction\",\"target\":[\"https:\/\/www.intoscana.it\/it\/premio-ceppo-racconti-dieci-finalisti\/\"]}]},{\"@type\":\"ImageObject\",\"inLanguage\":\"it-IT\",\"@id\":\"https:\/\/www.intoscana.it\/it\/premio-ceppo-racconti-dieci-finalisti\/#primaryimage\",\"url\":\"https:\/\/www.intoscana.it\/wp-content\/uploads\/TOP-TEN-16_9-2048x1152-1.jpeg\",\"contentUrl\":\"https:\/\/www.intoscana.it\/wp-content\/uploads\/TOP-TEN-16_9-2048x1152-1.jpeg\",\"width\":2048,\"height\":1152},{\"@type\":\"BreadcrumbList\",\"@id\":\"https:\/\/www.intoscana.it\/it\/premio-ceppo-racconti-dieci-finalisti\/#breadcrumb\",\"itemListElement\":[{\"@type\":\"ListItem\",\"position\":1,\"name\":\"Home\",\"item\":\"https:\/\/www.intoscana.it\/it\/\"},{\"@type\":\"ListItem\",\"position\":2,\"name\":\"Premio Ceppo, annunciati i dieci finalisti: racconti di esperienze umane e fragilit\u00e0\"}]},{\"@type\":\"WebSite\",\"@id\":\"https:\/\/www.intoscana.it\/it\/#website\",\"url\":\"https:\/\/www.intoscana.it\/it\/\",\"name\":\"intoscana\",\"description\":\"\",\"potentialAction\":[{\"@type\":\"SearchAction\",\"target\":{\"@type\":\"EntryPoint\",\"urlTemplate\":\"https:\/\/www.intoscana.it\/it\/?s={search_term_string}\"},\"query-input\":{\"@type\":\"PropertyValueSpecification\",\"valueRequired\":true,\"valueName\":\"search_term_string\"}}],\"inLanguage\":\"it-IT\"},{\"@type\":\"Person\",\"@id\":\"https:\/\/www.intoscana.it\/it\/#\/schema\/person\/9223810753230f20bd670fdd322661f8\",\"name\":\"Redazione\",\"url\":\"https:\/\/www.intoscana.it\/it\/author\/redazione\/\"}]}<\/script>\n<!-- \/ Yoast SEO Premium plugin. -->","yoast_head_json":{"title":"Premio Ceppo, annunciati i dieci finalisti: racconti di esperienze umane e fragilit\u00e0 - intoscana","robots":{"index":"index","follow":"follow","max-snippet":"max-snippet:-1","max-image-preview":"max-image-preview:large","max-video-preview":"max-video-preview:-1"},"canonical":"https:\/\/www.intoscana.it\/it\/premio-ceppo-racconti-dieci-finalisti\/","og_locale":"it_IT","og_type":"article","og_title":"Premio Ceppo, annunciati i dieci finalisti: racconti di esperienze umane e fragilit\u00e0","og_description":"La premiazione della 70esima edizione del premio letterario si terr\u00e0 al Palazzo Comunale di Pistoia il 10 maggio","og_url":"https:\/\/www.intoscana.it\/it\/premio-ceppo-racconti-dieci-finalisti\/","og_site_name":"intoscana","article_publisher":"https:\/\/www.facebook.com\/intoscana.it","article_published_time":"2026-01-20T10:17:26+00:00","article_modified_time":"2026-01-20T10:19:42+00:00","og_image":[{"width":2048,"height":1152,"url":"https:\/\/www.intoscana.it\/wp-content\/uploads\/TOP-TEN-16_9-2048x1152-1.jpeg","type":"image\/jpeg"}],"author":"Redazione","twitter_card":"summary_large_image","twitter_creator":"@intoscana","twitter_site":"@intoscana","twitter_misc":{"Written by":"Redazione","Est. reading time":"3 minuti"},"schema":{"@context":"https:\/\/schema.org","@graph":[{"@type":"WebPage","@id":"https:\/\/www.intoscana.it\/it\/premio-ceppo-racconti-dieci-finalisti\/","url":"https:\/\/www.intoscana.it\/it\/premio-ceppo-racconti-dieci-finalisti\/","name":"Premio Ceppo, annunciati i dieci finalisti: racconti di esperienze umane e fragilit\u00e0 - intoscana","isPartOf":{"@id":"https:\/\/www.intoscana.it\/it\/#website"},"primaryImageOfPage":{"@id":"https:\/\/www.intoscana.it\/it\/premio-ceppo-racconti-dieci-finalisti\/#primaryimage"},"image":{"@id":"https:\/\/www.intoscana.it\/it\/premio-ceppo-racconti-dieci-finalisti\/#primaryimage"},"thumbnailUrl":"https:\/\/www.intoscana.it\/wp-content\/uploads\/TOP-TEN-16_9-2048x1152-1.jpeg","datePublished":"2026-01-20T10:17:26+00:00","dateModified":"2026-01-20T10:19:42+00:00","author":{"@id":"https:\/\/www.intoscana.it\/it\/#\/schema\/person\/9223810753230f20bd670fdd322661f8"},"breadcrumb":{"@id":"https:\/\/www.intoscana.it\/it\/premio-ceppo-racconti-dieci-finalisti\/#breadcrumb"},"inLanguage":"it-IT","potentialAction":[{"@type":"ReadAction","target":["https:\/\/www.intoscana.it\/it\/premio-ceppo-racconti-dieci-finalisti\/"]}]},{"@type":"ImageObject","inLanguage":"it-IT","@id":"https:\/\/www.intoscana.it\/it\/premio-ceppo-racconti-dieci-finalisti\/#primaryimage","url":"https:\/\/www.intoscana.it\/wp-content\/uploads\/TOP-TEN-16_9-2048x1152-1.jpeg","contentUrl":"https:\/\/www.intoscana.it\/wp-content\/uploads\/TOP-TEN-16_9-2048x1152-1.jpeg","width":2048,"height":1152},{"@type":"BreadcrumbList","@id":"https:\/\/www.intoscana.it\/it\/premio-ceppo-racconti-dieci-finalisti\/#breadcrumb","itemListElement":[{"@type":"ListItem","position":1,"name":"Home","item":"https:\/\/www.intoscana.it\/it\/"},{"@type":"ListItem","position":2,"name":"Premio Ceppo, annunciati i dieci finalisti: racconti di esperienze umane e fragilit\u00e0"}]},{"@type":"WebSite","@id":"https:\/\/www.intoscana.it\/it\/#website","url":"https:\/\/www.intoscana.it\/it\/","name":"intoscana","description":"","potentialAction":[{"@type":"SearchAction","target":{"@type":"EntryPoint","urlTemplate":"https:\/\/www.intoscana.it\/it\/?s={search_term_string}"},"query-input":{"@type":"PropertyValueSpecification","valueRequired":true,"valueName":"search_term_string"}}],"inLanguage":"it-IT"},{"@type":"Person","@id":"https:\/\/www.intoscana.it\/it\/#\/schema\/person\/9223810753230f20bd670fdd322661f8","name":"Redazione","url":"https:\/\/www.intoscana.it\/it\/author\/redazione\/"}]}},"_links":{"self":[{"href":"https:\/\/www.intoscana.it\/it\/wp-json\/wp\/v2\/posts\/413626","targetHints":{"allow":["GET"]}}],"collection":[{"href":"https:\/\/www.intoscana.it\/it\/wp-json\/wp\/v2\/posts"}],"about":[{"href":"https:\/\/www.intoscana.it\/it\/wp-json\/wp\/v2\/types\/post"}],"author":[{"embeddable":true,"href":"https:\/\/www.intoscana.it\/it\/wp-json\/wp\/v2\/users\/525"}],"replies":[{"embeddable":true,"href":"https:\/\/www.intoscana.it\/it\/wp-json\/wp\/v2\/comments?post=413626"}],"version-history":[{"count":5,"href":"https:\/\/www.intoscana.it\/it\/wp-json\/wp\/v2\/posts\/413626\/revisions"}],"predecessor-version":[{"id":413670,"href":"https:\/\/www.intoscana.it\/it\/wp-json\/wp\/v2\/posts\/413626\/revisions\/413670"}],"wp:featuredmedia":[{"embeddable":true,"href":"https:\/\/www.intoscana.it\/it\/wp-json\/wp\/v2\/media\/413629"}],"wp:attachment":[{"href":"https:\/\/www.intoscana.it\/it\/wp-json\/wp\/v2\/media?parent=413626"}],"wp:term":[{"taxonomy":"category","embeddable":true,"href":"https:\/\/www.intoscana.it\/it\/wp-json\/wp\/v2\/categories?post=413626"},{"taxonomy":"post_tag","embeddable":true,"href":"https:\/\/www.intoscana.it\/it\/wp-json\/wp\/v2\/tags?post=413626"}],"curies":[{"name":"wp","href":"https:\/\/api.w.org\/{rel}","templated":true}]}}