{"id":413729,"date":"2026-01-20T14:54:43","date_gmt":"2026-01-20T13:54:43","guid":{"rendered":"https:\/\/www.intoscana.it\/it\/?p=413729"},"modified":"2026-01-20T14:54:43","modified_gmt":"2026-01-20T13:54:43","slug":"balazs-kocsar-e-il-violoncellista-alexey-stadler-per-la-prima-produzione-ort-del-2026","status":"publish","type":"post","link":"https:\/\/www.intoscana.it\/it\/balazs-kocsar-e-il-violoncellista-alexey-stadler-per-la-prima-produzione-ort-del-2026\/","title":{"rendered":"Bal\u00e1zs Kocs\u00e1r e il violoncellista Alexey Stadler per la prima produzione ORT del 2026"},"content":{"rendered":"<p><strong>Mercoled\u00ec 28 gennaio al Teatro Verdi di Firenze<\/strong> (replica il 29 alla Citt\u00e0 del Teatro di Cascina) l\u2019Orchestra della Toscana propone un programma che mette in dialogo <strong>creazione contemporanea e grande repertorio,<\/strong> affidandosi alla<strong> bacchetta di Bal\u00e1zs Kocs\u00e1r e al violoncello di Alexey Stadler.<\/strong><\/p>\n<p>Al centro della serata, lo<strong> strumento solista diventa filo conduttore fra linguaggi diversi:<\/strong> dalla prima assoluta <em><strong>Grande Danse <\/strong><\/em>di<strong> Paolo Catenaccio<\/strong>, commissionata dall\u2019ORT, alle <strong><em>Variazioni su un tema rococ\u00f2<\/em><\/strong> di \u010cajkovskij, fino alla brillante architettura sinfonica del <strong>Mozart<\/strong> della <strong><em>Linz.<\/em><\/strong><\/p>\n<p>Il concerto si apre con la nuova pagina di <strong>Catenaccio,<\/strong> un concerto in sei movimenti che attraversa una traiettoria simbolica<strong> \u201cdal buio alla luce\u201d<\/strong>, intrecciando energia, metamorfosi e tensione drammatica.<\/p>\n<p>Il violoncello resta poi protagonista nel <strong>capolavoro di \u010cajkovskij,<\/strong> raffinato omaggio a un Settecento reinventato, dove <strong>eleganza formale e virtuosismo<\/strong> dialogano senza soluzione di continuit\u00e0.<\/p>\n<p>In chiusura, la<strong><em> Sinfonia n. 36 \u201cLinz\u201d<\/em><\/strong> di <strong>Mozart,<\/strong> scritta in pochi giorni ma capace di segnare un passo decisivo nella storia della sinfonia, con un respiro teatrale e un\u2019inedita ampiezza espressiva.<\/p>\n<p>Un programma che non oppone passato e presente, ma<strong> ne esplora le linee di continuit\u00e0.<\/strong><\/p>\n<figure id=\"post-413730 media-413730\" class=\"align-none\"><img decoding=\"async\" src=\"https:\/\/www.intoscana.it\/wp-content\/uploads\/kocsar_balazs_foto_emmer_laszlo.width-800.jpg\" alt=\"\" \/><\/figure>\n<div class=\"titleimg\"><em>Kocsar Balazs &#8211; \u00a9 Emmer Laszlo<\/em><\/div>\n","protected":false},"excerpt":{"rendered":"<p>Mercoled\u00ec 28 gennaio al Teatro Verdi di Firenze l\u2019Orchestra della Toscana affida a Bal\u00e1zs Kocs\u00e1r e al violoncellista Alexey Stadler un programma che vede una prima assoluta di Catenaccio, l\u2019eleganza \u201crococ\u00f2\u201d di \u010cajkovskij e la brillantezza sinfonica di Mozart<\/p>\n","protected":false},"author":525,"featured_media":413692,"comment_status":"open","ping_status":"open","sticky":false,"template":"","format":"standard","meta":{"_acf_changed":false,"footnotes":""},"categories":[14],"tags":[216,4474,202,232,230],"class_list":["post-413729","post","type-post","status-publish","format-standard","has-post-thumbnail","hentry","category-musica","tag-concerti","tag-eventi","tag-firenze","tag-orchestra-della-toscana","tag-ort"],"acf":[],"yoast_head":"<!-- This site is optimized with the Yoast SEO Premium plugin v24.2 (Yoast SEO v25.6) - https:\/\/yoast.com\/wordpress\/plugins\/seo\/ -->\n<title>Bal\u00e1zs Kocs\u00e1r e il violoncellista Alexey Stadler per la prima produzione ORT del 2026 - intoscana<\/title>\n<meta name=\"description\" content=\"Mercoled\u00ec 28 gennaio al Teatro Verdi di Firenze (replica gioved\u00ec 29 alla Citt\u00e0 del Teatro di Cascina), la nuova produzione dell&#039;ORT\" \/>\n<meta name=\"robots\" content=\"index, follow, max-snippet:-1, max-image-preview:large, max-video-preview:-1\" \/>\n<link rel=\"canonical\" href=\"https:\/\/www.intoscana.it\/it\/balazs-kocsar-e-il-violoncellista-alexey-stadler-per-la-prima-produzione-ort-del-2026\/\" \/>\n<meta property=\"og:locale\" content=\"it_IT\" \/>\n<meta property=\"og:type\" content=\"article\" \/>\n<meta property=\"og:title\" content=\"Bal\u00e1zs Kocs\u00e1r e il violoncellista Alexey Stadler per la prima produzione ORT del 2026\" \/>\n<meta property=\"og:description\" content=\"Mercoled\u00ec 28 gennaio al Teatro Verdi di Firenze (replica gioved\u00ec 29 alla Citt\u00e0 del Teatro di Cascina), la nuova produzione dell&#039;ORT\" \/>\n<meta property=\"og:url\" content=\"https:\/\/www.intoscana.it\/it\/balazs-kocsar-e-il-violoncellista-alexey-stadler-per-la-prima-produzione-ort-del-2026\/\" \/>\n<meta property=\"og:site_name\" content=\"intoscana\" \/>\n<meta property=\"article:publisher\" content=\"https:\/\/www.facebook.com\/intoscana.it\" \/>\n<meta property=\"article:published_time\" content=\"2026-01-20T13:54:43+00:00\" \/>\n<meta property=\"og:image\" content=\"https:\/\/www.intoscana.it\/wp-content\/uploads\/Alexey_Stadler_foto_Marco-Borggreve.jpg\" \/>\n\t<meta property=\"og:image:width\" content=\"1970\" \/>\n\t<meta property=\"og:image:height\" content=\"1312\" \/>\n\t<meta property=\"og:image:type\" content=\"image\/jpeg\" \/>\n<meta name=\"author\" content=\"Redazione\" \/>\n<meta name=\"twitter:card\" content=\"summary_large_image\" \/>\n<meta name=\"twitter:creator\" content=\"@intoscana\" \/>\n<meta name=\"twitter:site\" content=\"@intoscana\" \/>\n<meta name=\"twitter:label1\" content=\"Written by\" \/>\n\t<meta name=\"twitter:data1\" content=\"Redazione\" \/>\n\t<meta name=\"twitter:label2\" content=\"Est. reading time\" \/>\n\t<meta name=\"twitter:data2\" content=\"2 minuti\" \/>\n<script type=\"application\/ld+json\" class=\"yoast-schema-graph\">{\"@context\":\"https:\/\/schema.org\",\"@graph\":[{\"@type\":\"WebPage\",\"@id\":\"https:\/\/www.intoscana.it\/it\/balazs-kocsar-e-il-violoncellista-alexey-stadler-per-la-prima-produzione-ort-del-2026\/\",\"url\":\"https:\/\/www.intoscana.it\/it\/balazs-kocsar-e-il-violoncellista-alexey-stadler-per-la-prima-produzione-ort-del-2026\/\",\"name\":\"Bal\u00e1zs Kocs\u00e1r e il violoncellista Alexey Stadler per la prima produzione ORT del 2026 - intoscana\",\"isPartOf\":{\"@id\":\"https:\/\/www.intoscana.it\/it\/#website\"},\"primaryImageOfPage\":{\"@id\":\"https:\/\/www.intoscana.it\/it\/balazs-kocsar-e-il-violoncellista-alexey-stadler-per-la-prima-produzione-ort-del-2026\/#primaryimage\"},\"image\":{\"@id\":\"https:\/\/www.intoscana.it\/it\/balazs-kocsar-e-il-violoncellista-alexey-stadler-per-la-prima-produzione-ort-del-2026\/#primaryimage\"},\"thumbnailUrl\":\"https:\/\/www.intoscana.it\/wp-content\/uploads\/Alexey_Stadler_foto_Marco-Borggreve.jpg\",\"datePublished\":\"2026-01-20T13:54:43+00:00\",\"author\":{\"@id\":\"https:\/\/www.intoscana.it\/it\/#\/schema\/person\/9223810753230f20bd670fdd322661f8\"},\"description\":\"Mercoled\u00ec 28 gennaio al Teatro Verdi di Firenze (replica gioved\u00ec 29 alla Citt\u00e0 del Teatro di Cascina), la nuova produzione dell'ORT\",\"breadcrumb\":{\"@id\":\"https:\/\/www.intoscana.it\/it\/balazs-kocsar-e-il-violoncellista-alexey-stadler-per-la-prima-produzione-ort-del-2026\/#breadcrumb\"},\"inLanguage\":\"it-IT\",\"potentialAction\":[{\"@type\":\"ReadAction\",\"target\":[\"https:\/\/www.intoscana.it\/it\/balazs-kocsar-e-il-violoncellista-alexey-stadler-per-la-prima-produzione-ort-del-2026\/\"]}]},{\"@type\":\"ImageObject\",\"inLanguage\":\"it-IT\",\"@id\":\"https:\/\/www.intoscana.it\/it\/balazs-kocsar-e-il-violoncellista-alexey-stadler-per-la-prima-produzione-ort-del-2026\/#primaryimage\",\"url\":\"https:\/\/www.intoscana.it\/wp-content\/uploads\/Alexey_Stadler_foto_Marco-Borggreve.jpg\",\"contentUrl\":\"https:\/\/www.intoscana.it\/wp-content\/uploads\/Alexey_Stadler_foto_Marco-Borggreve.jpg\",\"width\":1970,\"height\":1312,\"caption\":\"Alexey Stadler\"},{\"@type\":\"BreadcrumbList\",\"@id\":\"https:\/\/www.intoscana.it\/it\/balazs-kocsar-e-il-violoncellista-alexey-stadler-per-la-prima-produzione-ort-del-2026\/#breadcrumb\",\"itemListElement\":[{\"@type\":\"ListItem\",\"position\":1,\"name\":\"Home\",\"item\":\"https:\/\/www.intoscana.it\/it\/\"},{\"@type\":\"ListItem\",\"position\":2,\"name\":\"Bal\u00e1zs Kocs\u00e1r e il violoncellista Alexey Stadler per la prima produzione ORT del 2026\"}]},{\"@type\":\"WebSite\",\"@id\":\"https:\/\/www.intoscana.it\/it\/#website\",\"url\":\"https:\/\/www.intoscana.it\/it\/\",\"name\":\"intoscana\",\"description\":\"\",\"potentialAction\":[{\"@type\":\"SearchAction\",\"target\":{\"@type\":\"EntryPoint\",\"urlTemplate\":\"https:\/\/www.intoscana.it\/it\/?s={search_term_string}\"},\"query-input\":{\"@type\":\"PropertyValueSpecification\",\"valueRequired\":true,\"valueName\":\"search_term_string\"}}],\"inLanguage\":\"it-IT\"},{\"@type\":\"Person\",\"@id\":\"https:\/\/www.intoscana.it\/it\/#\/schema\/person\/9223810753230f20bd670fdd322661f8\",\"name\":\"Redazione\",\"url\":\"https:\/\/www.intoscana.it\/it\/author\/redazione\/\"}]}<\/script>\n<!-- \/ Yoast SEO Premium plugin. -->","yoast_head_json":{"title":"Bal\u00e1zs Kocs\u00e1r e il violoncellista Alexey Stadler per la prima produzione ORT del 2026 - intoscana","description":"Mercoled\u00ec 28 gennaio al Teatro Verdi di Firenze (replica gioved\u00ec 29 alla Citt\u00e0 del Teatro di Cascina), la nuova produzione dell'ORT","robots":{"index":"index","follow":"follow","max-snippet":"max-snippet:-1","max-image-preview":"max-image-preview:large","max-video-preview":"max-video-preview:-1"},"canonical":"https:\/\/www.intoscana.it\/it\/balazs-kocsar-e-il-violoncellista-alexey-stadler-per-la-prima-produzione-ort-del-2026\/","og_locale":"it_IT","og_type":"article","og_title":"Bal\u00e1zs Kocs\u00e1r e il violoncellista Alexey Stadler per la prima produzione ORT del 2026","og_description":"Mercoled\u00ec 28 gennaio al Teatro Verdi di Firenze (replica gioved\u00ec 29 alla Citt\u00e0 del Teatro di Cascina), la nuova produzione dell'ORT","og_url":"https:\/\/www.intoscana.it\/it\/balazs-kocsar-e-il-violoncellista-alexey-stadler-per-la-prima-produzione-ort-del-2026\/","og_site_name":"intoscana","article_publisher":"https:\/\/www.facebook.com\/intoscana.it","article_published_time":"2026-01-20T13:54:43+00:00","og_image":[{"width":1970,"height":1312,"url":"https:\/\/www.intoscana.it\/wp-content\/uploads\/Alexey_Stadler_foto_Marco-Borggreve.jpg","type":"image\/jpeg"}],"author":"Redazione","twitter_card":"summary_large_image","twitter_creator":"@intoscana","twitter_site":"@intoscana","twitter_misc":{"Written by":"Redazione","Est. reading time":"2 minuti"},"schema":{"@context":"https:\/\/schema.org","@graph":[{"@type":"WebPage","@id":"https:\/\/www.intoscana.it\/it\/balazs-kocsar-e-il-violoncellista-alexey-stadler-per-la-prima-produzione-ort-del-2026\/","url":"https:\/\/www.intoscana.it\/it\/balazs-kocsar-e-il-violoncellista-alexey-stadler-per-la-prima-produzione-ort-del-2026\/","name":"Bal\u00e1zs Kocs\u00e1r e il violoncellista Alexey Stadler per la prima produzione ORT del 2026 - intoscana","isPartOf":{"@id":"https:\/\/www.intoscana.it\/it\/#website"},"primaryImageOfPage":{"@id":"https:\/\/www.intoscana.it\/it\/balazs-kocsar-e-il-violoncellista-alexey-stadler-per-la-prima-produzione-ort-del-2026\/#primaryimage"},"image":{"@id":"https:\/\/www.intoscana.it\/it\/balazs-kocsar-e-il-violoncellista-alexey-stadler-per-la-prima-produzione-ort-del-2026\/#primaryimage"},"thumbnailUrl":"https:\/\/www.intoscana.it\/wp-content\/uploads\/Alexey_Stadler_foto_Marco-Borggreve.jpg","datePublished":"2026-01-20T13:54:43+00:00","author":{"@id":"https:\/\/www.intoscana.it\/it\/#\/schema\/person\/9223810753230f20bd670fdd322661f8"},"description":"Mercoled\u00ec 28 gennaio al Teatro Verdi di Firenze (replica gioved\u00ec 29 alla Citt\u00e0 del Teatro di Cascina), la nuova produzione dell'ORT","breadcrumb":{"@id":"https:\/\/www.intoscana.it\/it\/balazs-kocsar-e-il-violoncellista-alexey-stadler-per-la-prima-produzione-ort-del-2026\/#breadcrumb"},"inLanguage":"it-IT","potentialAction":[{"@type":"ReadAction","target":["https:\/\/www.intoscana.it\/it\/balazs-kocsar-e-il-violoncellista-alexey-stadler-per-la-prima-produzione-ort-del-2026\/"]}]},{"@type":"ImageObject","inLanguage":"it-IT","@id":"https:\/\/www.intoscana.it\/it\/balazs-kocsar-e-il-violoncellista-alexey-stadler-per-la-prima-produzione-ort-del-2026\/#primaryimage","url":"https:\/\/www.intoscana.it\/wp-content\/uploads\/Alexey_Stadler_foto_Marco-Borggreve.jpg","contentUrl":"https:\/\/www.intoscana.it\/wp-content\/uploads\/Alexey_Stadler_foto_Marco-Borggreve.jpg","width":1970,"height":1312,"caption":"Alexey Stadler"},{"@type":"BreadcrumbList","@id":"https:\/\/www.intoscana.it\/it\/balazs-kocsar-e-il-violoncellista-alexey-stadler-per-la-prima-produzione-ort-del-2026\/#breadcrumb","itemListElement":[{"@type":"ListItem","position":1,"name":"Home","item":"https:\/\/www.intoscana.it\/it\/"},{"@type":"ListItem","position":2,"name":"Bal\u00e1zs Kocs\u00e1r e il violoncellista Alexey Stadler per la prima produzione ORT del 2026"}]},{"@type":"WebSite","@id":"https:\/\/www.intoscana.it\/it\/#website","url":"https:\/\/www.intoscana.it\/it\/","name":"intoscana","description":"","potentialAction":[{"@type":"SearchAction","target":{"@type":"EntryPoint","urlTemplate":"https:\/\/www.intoscana.it\/it\/?s={search_term_string}"},"query-input":{"@type":"PropertyValueSpecification","valueRequired":true,"valueName":"search_term_string"}}],"inLanguage":"it-IT"},{"@type":"Person","@id":"https:\/\/www.intoscana.it\/it\/#\/schema\/person\/9223810753230f20bd670fdd322661f8","name":"Redazione","url":"https:\/\/www.intoscana.it\/it\/author\/redazione\/"}]}},"_links":{"self":[{"href":"https:\/\/www.intoscana.it\/it\/wp-json\/wp\/v2\/posts\/413729","targetHints":{"allow":["GET"]}}],"collection":[{"href":"https:\/\/www.intoscana.it\/it\/wp-json\/wp\/v2\/posts"}],"about":[{"href":"https:\/\/www.intoscana.it\/it\/wp-json\/wp\/v2\/types\/post"}],"author":[{"embeddable":true,"href":"https:\/\/www.intoscana.it\/it\/wp-json\/wp\/v2\/users\/525"}],"replies":[{"embeddable":true,"href":"https:\/\/www.intoscana.it\/it\/wp-json\/wp\/v2\/comments?post=413729"}],"version-history":[{"count":5,"href":"https:\/\/www.intoscana.it\/it\/wp-json\/wp\/v2\/posts\/413729\/revisions"}],"predecessor-version":[{"id":413746,"href":"https:\/\/www.intoscana.it\/it\/wp-json\/wp\/v2\/posts\/413729\/revisions\/413746"}],"wp:featuredmedia":[{"embeddable":true,"href":"https:\/\/www.intoscana.it\/it\/wp-json\/wp\/v2\/media\/413692"}],"wp:attachment":[{"href":"https:\/\/www.intoscana.it\/it\/wp-json\/wp\/v2\/media?parent=413729"}],"wp:term":[{"taxonomy":"category","embeddable":true,"href":"https:\/\/www.intoscana.it\/it\/wp-json\/wp\/v2\/categories?post=413729"},{"taxonomy":"post_tag","embeddable":true,"href":"https:\/\/www.intoscana.it\/it\/wp-json\/wp\/v2\/tags?post=413729"}],"curies":[{"name":"wp","href":"https:\/\/api.w.org\/{rel}","templated":true}]}}