{"id":413756,"date":"2026-01-20T16:47:37","date_gmt":"2026-01-20T15:47:37","guid":{"rendered":"https:\/\/www.intoscana.it\/it\/?p=413756"},"modified":"2026-01-21T09:30:46","modified_gmt":"2026-01-21T08:30:46","slug":"capitale-italiana-della-cultura-2028-massa-colle-val-elsa","status":"publish","type":"post","link":"https:\/\/www.intoscana.it\/it\/capitale-italiana-della-cultura-2028-massa-colle-val-elsa\/","title":{"rendered":"Capitale italiana della cultura 2028: Massa e Colle Val d&#8217;Elsa tra le dieci finaliste"},"content":{"rendered":"<p>Ci sono anche due citt\u00e0 toscane tra le dieci finaliste per la selezione della citt\u00e0<strong> &#8220;Capitale italiana della cultura 2028&#8221;,<\/strong> che sono state scelte oggi dalla giuria. Si tratta di <mark>Massa, con il progetto &#8220;La Luna, la pietra. Dove Tirreno e Apuane incontrano la storia&#8221; e di Colle Val d&#8217;Elsa con &#8220;Colle28. Per tutti, dappertutto&#8221;, <\/mark>che si giocheranno la sfida finale per il titolo con Anagni, Catania, Forl\u00ec, Gravina in Puglia, Mirabella Eclano, Sarzana e Tarquinia.<\/p>\n<p>Le finaliste saranno convocate per le audizioni pubbliche, che si terranno gioved\u00ec 26 e venerd\u00ec 27 febbraio al Ministero della Cultura. La proclamazione della &#8220;Capitale italiana della cultura 2028&#8221; avverr\u00e0<strong> entro il 27 marzo:<\/strong> alla vincitrice andr\u00e0 un contributo di<strong> 1 milione di euro <\/strong>per realizzare i progetti culturali previsti dal dossier di candidatura.<\/p>\n<h3>Giani e Manetti: orgogliosi per Colle e Massa, stupore per l\u2019assenza di Fiesole<\/h3>\n<p>Soddisfazione e orgoglio per il risultato di Massa e Colle Val d&#8217;Elsa sono stati espressi dal <strong>presidente della Regione Eugenio Giani e dall&#8217;assessora regionale alla cultura Cristina Manetti.<\/strong> <em>\u201cAmbedue \u2013 <\/em>ha sottolinea Giani <em>&#8211; hanno i titoli per diventarlo, con programmi e iniziative che si accompagnano al senso della storia e dell\u2019identit\u00e0 culturale particolarmente evidente. Provo invece dispiacere che fra le dieci citt\u00e0 non sia entrata Fiesole, che si presentava con un programma di iniziative ricco di quella caratura storica e culturale che ben conosciamo. Ma sar\u00e0 per la prossima volta. A questo punto <\/em><mark><em>la Regione Toscana si adoperer\u00e0 a sostenere e a rafforzare ancora di pi\u00f9 la presentazione dei progetti di Colle e Massa in vista della scelta finale, <\/mark>con l&#8217;auspicio di ritornare ad avere una delle nostre citt\u00e0 capitale della cultura italiana dopo l&#8217;ultima volta che questo \u00e8 accaduto, ovvero con Pistoia nel 2017\u201d.<\/em><\/p>\n<p><em>\u201cLa presenza di Colle di Val d\u2019Elsa e Massa tra le dieci finaliste \u00e8 una straordinaria conferma della <strong>vitalit\u00e0 culturale della Toscana<\/strong> e della qualit\u00e0 dei progetti presentati &#8211; <\/em>ha commentato l<strong>\u2019assessora Manetti &#8211; <\/strong><em>non posso per\u00f2 nascondere il forte rammarico per l\u2019esclusione di Fiesole, una citt\u00e0 di straordinario valore storico, culturale e simbolico, il cui progetto avrebbe meritato di arrivare fino in fondo a questa selezione. Il percorso intrapreso resta comunque importante e rappresenta una base solida per il futuro. La Regione Toscana continuer\u00e0 a sostenere tutte le realt\u00e0 che investono nella cultura come leva di crescita, coesione e sviluppo\u201d.\u00a0<\/em><\/p>\n<h3>Massa crocevia di civilt\u00e0 e i suoi ambasciatori<\/h3>\n<p>La candidatura di Massa \u00e8 una proposta culturale ispirata alla <strong>geografia e alla storia della citt\u00e0<\/strong> che \u00e8 da sempre un punto di incontro tra il Tirreno e le Apuane e un crocevia di civilt\u00e0, che si intreccia con i <strong>comuni della costa,<\/strong> con Montignoso, Carrara, la Lunigiana e Luni. Da qui vengono i due simboli che danno il titolo al dossier: la pietra, modellata nei secoli nelle architetture del territorio, dai castelli alle pievi, e la luna, che evidenzia la creativit\u00e0.<\/p>\n<p>A sostenere il progetto di Massa nei mesi scorsi sono state diverse personalit\u00e0 legate al territorio, <mark>da Zucchero Fornaciari, che vive in provincia di Massa Carrara, a Andrea Bocelli, ma anche Alice Mariani, Gigi Buffon e Francesca Piccini.<\/mark><\/p>\n<figure id=\"post-235224 media-235224\" class=\"align-none\">\n<p><figure style=\"width: 4856px\" class=\"wp-caption alignnone\"><img loading=\"lazy\" decoding=\"async\" src=\"https:\/\/www.intoscana.it\/wp-content\/uploads\/Massa-scaled.jpg\" alt=\"\" width=\"4856\" height=\"3640\" \/><figcaption class=\"wp-caption-text\">Massa tra il mare e le Apuane &#8211; \u00a9 Alessandro Colle \/ Shutterstock<\/figcaption><\/figure><\/figure>\n<h3>Il sindaco di Colle Val d&#8217;Elsa: &#8220;Un risultato di tutta la comunit\u00e0&#8221;<\/h3>\n<p>Colle Val d&#8217;Elsa si \u00e8 candidata con un<strong> progetto, &#8220;Colle28&#8221;,<\/strong> che si propone come <a href=\"https:\/\/www.intoscana.it\/it\/colle-val-delsa-in-corsa-per-il-titolo-di-capitale-italiana-della-cultura-2028-presentato-il-dossier\/\" target=\"_blank\" rel=\"noopener\">laboratorio e modello<\/a> per molte realt\u00e0 italiane di medie e piccole dimensioni e coinvolge tutti i luoghi pi\u00f9 frequentati della citt\u00e0, dalle piazze alle scuole, per essere motore di un nuovo <strong>welfare culturale<\/strong>\u00a0capace di generare benessere diffuso e connessioni con il mondo delle imprese.<\/p>\n<p>Essere arrivata nella short list per Colle Val d&#8217;Elsa \u00e8 un passaggio storico che premia un percorso costruito con una <strong>forte partecipazione della comunit\u00e0.<\/strong> <em>&#8220;Questo risultato appartiene a tutta la comunit\u00e0 colligiana &#8211; <\/em>ha detto il <strong>sindaco Piero Pii<\/strong><em><strong> &#8211;<\/strong><\/em><mark><em>Colle2028 \u00e8 stato fin dall\u2019inizio un progetto corale. L\u2019amministrazione, le associazioni, il mondo della scuola, il terzo settore, le imprese e tanti cittadini<\/mark> hanno risposto con entusiasmo e partecipazione. Questa esperienza ha rafforzato il capitale umano e relazionale della citt\u00e0 e ha dimostrato che la partecipazione, la co-progettazione e la formazione non sono slogan, ma strumenti efficaci per costruire politiche migliori\u201d.<\/em><\/p>\n","protected":false},"excerpt":{"rendered":"<p>Le vincitrice sar\u00e0 annunciata entro il 27 marzo e avr\u00e0 1 milione di euro per realizzare i progetti culturali presentati nella candidatura<\/p>\n","protected":false},"author":502,"featured_media":413770,"comment_status":"open","ping_status":"open","sticky":false,"template":"","format":"standard","meta":{"_acf_changed":false,"footnotes":""},"categories":[493],"tags":[5598,5799],"class_list":["post-413756","post","type-post","status-publish","format-standard","has-post-thumbnail","hentry","category-cultura","tag-capitale-cultura","tag-massa"],"acf":[],"yoast_head":"<!-- This site is optimized with the Yoast SEO Premium plugin v24.2 (Yoast SEO v25.6) - https:\/\/yoast.com\/wordpress\/plugins\/seo\/ -->\n<title>Capitale italiana della cultura 2028: Massa e Colle Val d&#039;Elsa tra le dieci finaliste - intoscana<\/title>\n<meta name=\"description\" content=\"Massa e Colle Val d&#039;Elsa sono tra le dieci citt\u00e0 finaliste per il titolo di &quot;Capitale italiana della cultura 2028&quot;: la vincitrice proclamata entro il 27 marzo.\" \/>\n<meta name=\"robots\" content=\"index, follow, max-snippet:-1, max-image-preview:large, max-video-preview:-1\" \/>\n<link rel=\"canonical\" href=\"https:\/\/www.intoscana.it\/it\/capitale-italiana-della-cultura-2028-massa-colle-val-elsa\/\" \/>\n<meta property=\"og:locale\" content=\"it_IT\" \/>\n<meta property=\"og:type\" content=\"article\" \/>\n<meta property=\"og:title\" content=\"Capitale italiana della cultura 2028: Massa e Colle Val d&#039;Elsa tra le dieci finaliste\" \/>\n<meta property=\"og:description\" content=\"Massa e Colle Val d&#039;Elsa sono tra le dieci citt\u00e0 finaliste per il titolo di &quot;Capitale italiana della cultura 2028&quot;: la vincitrice proclamata entro il 27 marzo.\" \/>\n<meta property=\"og:url\" content=\"https:\/\/www.intoscana.it\/it\/capitale-italiana-della-cultura-2028-massa-colle-val-elsa\/\" \/>\n<meta property=\"og:site_name\" content=\"intoscana\" \/>\n<meta property=\"article:publisher\" content=\"https:\/\/www.facebook.com\/intoscana.it\" \/>\n<meta property=\"article:published_time\" content=\"2026-01-20T15:47:37+00:00\" \/>\n<meta property=\"article:modified_time\" content=\"2026-01-21T08:30:46+00:00\" \/>\n<meta property=\"og:image\" content=\"https:\/\/www.intoscana.it\/wp-content\/uploads\/foto-gruppo-presentazione-Dossier-Colle-2028.jpg\" \/>\n\t<meta property=\"og:image:width\" content=\"1920\" \/>\n\t<meta property=\"og:image:height\" content=\"1154\" \/>\n\t<meta property=\"og:image:type\" content=\"image\/jpeg\" \/>\n<meta name=\"author\" content=\"Ilaria Giannini\" \/>\n<meta name=\"twitter:card\" content=\"summary_large_image\" \/>\n<meta name=\"twitter:creator\" content=\"@i.giannini@fst.it\" \/>\n<meta name=\"twitter:site\" content=\"@intoscana\" \/>\n<meta name=\"twitter:label1\" content=\"Written by\" \/>\n\t<meta name=\"twitter:data1\" content=\"Ilaria Giannini\" \/>\n\t<meta name=\"twitter:label2\" content=\"Est. reading time\" \/>\n\t<meta name=\"twitter:data2\" content=\"5 minuti\" \/>\n<script type=\"application\/ld+json\" class=\"yoast-schema-graph\">{\"@context\":\"https:\/\/schema.org\",\"@graph\":[{\"@type\":\"WebPage\",\"@id\":\"https:\/\/www.intoscana.it\/it\/capitale-italiana-della-cultura-2028-massa-colle-val-elsa\/\",\"url\":\"https:\/\/www.intoscana.it\/it\/capitale-italiana-della-cultura-2028-massa-colle-val-elsa\/\",\"name\":\"Capitale italiana della cultura 2028: Massa e Colle Val d'Elsa tra le dieci finaliste - intoscana\",\"isPartOf\":{\"@id\":\"https:\/\/www.intoscana.it\/it\/#website\"},\"primaryImageOfPage\":{\"@id\":\"https:\/\/www.intoscana.it\/it\/capitale-italiana-della-cultura-2028-massa-colle-val-elsa\/#primaryimage\"},\"image\":{\"@id\":\"https:\/\/www.intoscana.it\/it\/capitale-italiana-della-cultura-2028-massa-colle-val-elsa\/#primaryimage\"},\"thumbnailUrl\":\"https:\/\/www.intoscana.it\/wp-content\/uploads\/foto-gruppo-presentazione-Dossier-Colle-2028.jpg\",\"datePublished\":\"2026-01-20T15:47:37+00:00\",\"dateModified\":\"2026-01-21T08:30:46+00:00\",\"author\":{\"@id\":\"https:\/\/www.intoscana.it\/it\/#\/schema\/person\/de95e1ed2c1c8c30a6922bbba3a90185\"},\"description\":\"Massa e Colle Val d'Elsa sono tra le dieci citt\u00e0 finaliste per il titolo di \\\"Capitale italiana della cultura 2028\\\": la vincitrice proclamata entro il 27 marzo.\",\"breadcrumb\":{\"@id\":\"https:\/\/www.intoscana.it\/it\/capitale-italiana-della-cultura-2028-massa-colle-val-elsa\/#breadcrumb\"},\"inLanguage\":\"it-IT\",\"potentialAction\":[{\"@type\":\"ReadAction\",\"target\":[\"https:\/\/www.intoscana.it\/it\/capitale-italiana-della-cultura-2028-massa-colle-val-elsa\/\"]}]},{\"@type\":\"ImageObject\",\"inLanguage\":\"it-IT\",\"@id\":\"https:\/\/www.intoscana.it\/it\/capitale-italiana-della-cultura-2028-massa-colle-val-elsa\/#primaryimage\",\"url\":\"https:\/\/www.intoscana.it\/wp-content\/uploads\/foto-gruppo-presentazione-Dossier-Colle-2028.jpg\",\"contentUrl\":\"https:\/\/www.intoscana.it\/wp-content\/uploads\/foto-gruppo-presentazione-Dossier-Colle-2028.jpg\",\"width\":1920,\"height\":1154,\"caption\":\"La presentazione del dossier di candidatura di Colle Val d'Elsa a Capitale italiana della cultura 2028\"},{\"@type\":\"BreadcrumbList\",\"@id\":\"https:\/\/www.intoscana.it\/it\/capitale-italiana-della-cultura-2028-massa-colle-val-elsa\/#breadcrumb\",\"itemListElement\":[{\"@type\":\"ListItem\",\"position\":1,\"name\":\"Home\",\"item\":\"https:\/\/www.intoscana.it\/it\/\"},{\"@type\":\"ListItem\",\"position\":2,\"name\":\"Capitale italiana della cultura 2028: Massa e Colle Val d&#8217;Elsa tra le dieci finaliste\"}]},{\"@type\":\"WebSite\",\"@id\":\"https:\/\/www.intoscana.it\/it\/#website\",\"url\":\"https:\/\/www.intoscana.it\/it\/\",\"name\":\"intoscana\",\"description\":\"\",\"potentialAction\":[{\"@type\":\"SearchAction\",\"target\":{\"@type\":\"EntryPoint\",\"urlTemplate\":\"https:\/\/www.intoscana.it\/it\/?s={search_term_string}\"},\"query-input\":{\"@type\":\"PropertyValueSpecification\",\"valueRequired\":true,\"valueName\":\"search_term_string\"}}],\"inLanguage\":\"it-IT\"},{\"@type\":\"Person\",\"@id\":\"https:\/\/www.intoscana.it\/it\/#\/schema\/person\/de95e1ed2c1c8c30a6922bbba3a90185\",\"name\":\"Ilaria Giannini\",\"sameAs\":[\"https:\/\/x.com\/i.giannini@fst.it\"],\"url\":\"https:\/\/www.intoscana.it\/it\/author\/ilaria-giannini\/\"}]}<\/script>\n<!-- \/ Yoast SEO Premium plugin. -->","yoast_head_json":{"title":"Capitale italiana della cultura 2028: Massa e Colle Val d'Elsa tra le dieci finaliste - intoscana","description":"Massa e Colle Val d'Elsa sono tra le dieci citt\u00e0 finaliste per il titolo di \"Capitale italiana della cultura 2028\": la vincitrice proclamata entro il 27 marzo.","robots":{"index":"index","follow":"follow","max-snippet":"max-snippet:-1","max-image-preview":"max-image-preview:large","max-video-preview":"max-video-preview:-1"},"canonical":"https:\/\/www.intoscana.it\/it\/capitale-italiana-della-cultura-2028-massa-colle-val-elsa\/","og_locale":"it_IT","og_type":"article","og_title":"Capitale italiana della cultura 2028: Massa e Colle Val d'Elsa tra le dieci finaliste","og_description":"Massa e Colle Val d'Elsa sono tra le dieci citt\u00e0 finaliste per il titolo di \"Capitale italiana della cultura 2028\": la vincitrice proclamata entro il 27 marzo.","og_url":"https:\/\/www.intoscana.it\/it\/capitale-italiana-della-cultura-2028-massa-colle-val-elsa\/","og_site_name":"intoscana","article_publisher":"https:\/\/www.facebook.com\/intoscana.it","article_published_time":"2026-01-20T15:47:37+00:00","article_modified_time":"2026-01-21T08:30:46+00:00","og_image":[{"width":1920,"height":1154,"url":"https:\/\/www.intoscana.it\/wp-content\/uploads\/foto-gruppo-presentazione-Dossier-Colle-2028.jpg","type":"image\/jpeg"}],"author":"Ilaria Giannini","twitter_card":"summary_large_image","twitter_creator":"@i.giannini@fst.it","twitter_site":"@intoscana","twitter_misc":{"Written by":"Ilaria Giannini","Est. reading time":"5 minuti"},"schema":{"@context":"https:\/\/schema.org","@graph":[{"@type":"WebPage","@id":"https:\/\/www.intoscana.it\/it\/capitale-italiana-della-cultura-2028-massa-colle-val-elsa\/","url":"https:\/\/www.intoscana.it\/it\/capitale-italiana-della-cultura-2028-massa-colle-val-elsa\/","name":"Capitale italiana della cultura 2028: Massa e Colle Val d'Elsa tra le dieci finaliste - intoscana","isPartOf":{"@id":"https:\/\/www.intoscana.it\/it\/#website"},"primaryImageOfPage":{"@id":"https:\/\/www.intoscana.it\/it\/capitale-italiana-della-cultura-2028-massa-colle-val-elsa\/#primaryimage"},"image":{"@id":"https:\/\/www.intoscana.it\/it\/capitale-italiana-della-cultura-2028-massa-colle-val-elsa\/#primaryimage"},"thumbnailUrl":"https:\/\/www.intoscana.it\/wp-content\/uploads\/foto-gruppo-presentazione-Dossier-Colle-2028.jpg","datePublished":"2026-01-20T15:47:37+00:00","dateModified":"2026-01-21T08:30:46+00:00","author":{"@id":"https:\/\/www.intoscana.it\/it\/#\/schema\/person\/de95e1ed2c1c8c30a6922bbba3a90185"},"description":"Massa e Colle Val d'Elsa sono tra le dieci citt\u00e0 finaliste per il titolo di \"Capitale italiana della cultura 2028\": la vincitrice proclamata entro il 27 marzo.","breadcrumb":{"@id":"https:\/\/www.intoscana.it\/it\/capitale-italiana-della-cultura-2028-massa-colle-val-elsa\/#breadcrumb"},"inLanguage":"it-IT","potentialAction":[{"@type":"ReadAction","target":["https:\/\/www.intoscana.it\/it\/capitale-italiana-della-cultura-2028-massa-colle-val-elsa\/"]}]},{"@type":"ImageObject","inLanguage":"it-IT","@id":"https:\/\/www.intoscana.it\/it\/capitale-italiana-della-cultura-2028-massa-colle-val-elsa\/#primaryimage","url":"https:\/\/www.intoscana.it\/wp-content\/uploads\/foto-gruppo-presentazione-Dossier-Colle-2028.jpg","contentUrl":"https:\/\/www.intoscana.it\/wp-content\/uploads\/foto-gruppo-presentazione-Dossier-Colle-2028.jpg","width":1920,"height":1154,"caption":"La presentazione del dossier di candidatura di Colle Val d'Elsa a Capitale italiana della cultura 2028"},{"@type":"BreadcrumbList","@id":"https:\/\/www.intoscana.it\/it\/capitale-italiana-della-cultura-2028-massa-colle-val-elsa\/#breadcrumb","itemListElement":[{"@type":"ListItem","position":1,"name":"Home","item":"https:\/\/www.intoscana.it\/it\/"},{"@type":"ListItem","position":2,"name":"Capitale italiana della cultura 2028: Massa e Colle Val d&#8217;Elsa tra le dieci finaliste"}]},{"@type":"WebSite","@id":"https:\/\/www.intoscana.it\/it\/#website","url":"https:\/\/www.intoscana.it\/it\/","name":"intoscana","description":"","potentialAction":[{"@type":"SearchAction","target":{"@type":"EntryPoint","urlTemplate":"https:\/\/www.intoscana.it\/it\/?s={search_term_string}"},"query-input":{"@type":"PropertyValueSpecification","valueRequired":true,"valueName":"search_term_string"}}],"inLanguage":"it-IT"},{"@type":"Person","@id":"https:\/\/www.intoscana.it\/it\/#\/schema\/person\/de95e1ed2c1c8c30a6922bbba3a90185","name":"Ilaria Giannini","sameAs":["https:\/\/x.com\/i.giannini@fst.it"],"url":"https:\/\/www.intoscana.it\/it\/author\/ilaria-giannini\/"}]}},"_links":{"self":[{"href":"https:\/\/www.intoscana.it\/it\/wp-json\/wp\/v2\/posts\/413756","targetHints":{"allow":["GET"]}}],"collection":[{"href":"https:\/\/www.intoscana.it\/it\/wp-json\/wp\/v2\/posts"}],"about":[{"href":"https:\/\/www.intoscana.it\/it\/wp-json\/wp\/v2\/types\/post"}],"author":[{"embeddable":true,"href":"https:\/\/www.intoscana.it\/it\/wp-json\/wp\/v2\/users\/502"}],"replies":[{"embeddable":true,"href":"https:\/\/www.intoscana.it\/it\/wp-json\/wp\/v2\/comments?post=413756"}],"version-history":[{"count":5,"href":"https:\/\/www.intoscana.it\/it\/wp-json\/wp\/v2\/posts\/413756\/revisions"}],"predecessor-version":[{"id":413814,"href":"https:\/\/www.intoscana.it\/it\/wp-json\/wp\/v2\/posts\/413756\/revisions\/413814"}],"wp:featuredmedia":[{"embeddable":true,"href":"https:\/\/www.intoscana.it\/it\/wp-json\/wp\/v2\/media\/413770"}],"wp:attachment":[{"href":"https:\/\/www.intoscana.it\/it\/wp-json\/wp\/v2\/media?parent=413756"}],"wp:term":[{"taxonomy":"category","embeddable":true,"href":"https:\/\/www.intoscana.it\/it\/wp-json\/wp\/v2\/categories?post=413756"},{"taxonomy":"post_tag","embeddable":true,"href":"https:\/\/www.intoscana.it\/it\/wp-json\/wp\/v2\/tags?post=413756"}],"curies":[{"name":"wp","href":"https:\/\/api.w.org\/{rel}","templated":true}]}}