{"id":413798,"date":"2026-01-21T09:56:05","date_gmt":"2026-01-21T08:56:05","guid":{"rendered":"https:\/\/www.intoscana.it\/it\/?p=413798"},"modified":"2026-01-21T09:56:05","modified_gmt":"2026-01-21T08:56:05","slug":"giorgio-chiellini-e-il-gesto-damore-per-livorno-lo-spot-promozionale-sulla-terrazza-mascagni","status":"publish","type":"post","link":"https:\/\/www.intoscana.it\/it\/giorgio-chiellini-e-il-gesto-damore-per-livorno-lo-spot-promozionale-sulla-terrazza-mascagni\/","title":{"rendered":"Giorgio Chiellini e il gesto d&#8217;amore per Livorno: lo spot promozionale sulla Terrazza Mascagni"},"content":{"rendered":"<p>Una <strong>Terrazza Mascagni<\/strong> assolata, due bambini che giocano a calcio sulla scacchiera e alle loro spalle <strong>Giorgio Chiellini<\/strong> che li osserva e li invita a passargli la palla. Inizia cos\u00ec lo spot di un minuto circa, il primo pensato per la nuova una campagna di promozione turistica della citt\u00e0 di <strong>Livorno<\/strong>. Il testimonial d\u2019eccezione \u00e8 proprio il campione livornese. <mark>Lo spot si chiude con una citazione calcistica: il suo\u00a0 famoso fallo su Saka.<\/mark><\/p>\n<p>Il progetto \u00e8 della <a href=\"https:\/\/fondazionelem.it\/\">Fondazione LEM<\/a> (Livorno Euro Mediterranea), braccio operativo del comune di Livorno per il turismo. Le riprese sono state realizzate a settembre 2025 e le clip sono disponibili da gennaio e diffuse sui <a href=\"https:\/\/www.instagram.com\/reel\/DTnAoJPCIPA\/?igsh=djNzajF3ZGQ1eGp1\" target=\"_blank\" rel=\"noopener\">social<\/a> e su emittenti nazionali e smart TV.<\/p>\n<h3><em>Lo spot<\/em><\/h3>\n<p><em>&#8220;Livorno non \u00e8 solo mare. \u00c8 molto di pi\u00f9. Un viaggio speciale nella mia citt\u00e0 tra colori, sapori autentici e tradizioni che non si dimenticano. Livorno ti prende, ti trascina con s\u00e9 e ti resta dentro. Livorno non si racconta. Si vive&#8221;<\/em>, \u00e8 la dedica di Chiellini alla sua Livorno<\/p>\n<p><iframe loading=\"lazy\" title=\"Visit Livorno\" src=\"https:\/\/www.youtube.com\/embed\/ErllwSRHLi4\" width=\"850\" height=\"400\" frameborder=\"0\" allowfullscreen=\"allowfullscreen\"><\/iframe><\/p>\n<p style=\"font-weight: 400;\">Set dello spot \u00e8 la <strong>Terrazza Mascagni<\/strong>. Due ragazzini giocano a pallone sugli scacchi bianchi e neri mentre un uomo osserva il mare. Uno dei due bambini, all&#8217;improvviso, si trova davanti l\u2019uomo e, per nulla intimorito, gli fa tunnel, ma viene subito afferrato. <mark>Sorrisi e abbracci, il tutto intervallato da rapide pennellate della citt\u00e0, le sue attrazioni e la sua gastronomia.<\/mark><\/p>\n<figure id=\"post-398344 media-398344\" class=\"align-none\"><img decoding=\"async\" src=\"https:\/\/www.intoscana.it\/wp-content\/uploads\/Chiellini-2-Fondazione-LEM-scaled.jpg\" alt=\"\" \/><\/figure>\n<div class=\"titleimg\">Chiellini 2 Fondazione LEM<\/div>\n<p>La campagna di promozione \u00e8 parte di un piano di marketing curato da Joseph Ejarque e dall&#8217;agenzia Zaki. &#8220;L\u2019obiettivo era chiaro &#8211; spiega l&#8217;agenzia &#8211; trovare un linguaggio contemporaneo, accessibile e riconoscibile, che non \u201cabbellisca\u201d <strong>Livorno<\/strong> ma la valorizzi per quello che \u00e8. Perch\u00e9 oggi il turismo sceglie sempre pi\u00f9 spesso luoghi che hanno carattere, non solo bellezza. E\u00a0Livorno\u00a0il carattere ce l\u2019ha eccome&#8221;.<\/p>\n<figure id=\"post-398342 media-398342\" class=\"align-none\"><img decoding=\"async\" src=\"https:\/\/www.intoscana.it\/wp-content\/uploads\/Chiellini-3-Fondazione-LEM-scaled.jpg\" alt=\"\" \/><\/figure>\n<div class=\"titleimg\">Chiellini 3 Fondazione LEM<\/div>\n","protected":false},"excerpt":{"rendered":"<p>Nuova campagna con un testimonial d&#8217;eccezione, l&#8217;ex capitano della Nazionale di calcio. Le riprese sono state realizzate a settembre dell&#8217;anno scorso<\/p>\n","protected":false},"author":545,"featured_media":398341,"comment_status":"open","ping_status":"open","sticky":false,"template":"","format":"standard","meta":{"_acf_changed":false,"footnotes":""},"categories":[4],"tags":[290,273,143],"class_list":["post-413798","post","type-post","status-publish","format-standard","has-post-thumbnail","hentry","category-storie","tag-calcio","tag-livorno","tag-turismo"],"acf":[],"yoast_head":"<!-- This site is optimized with the Yoast SEO Premium plugin v24.2 (Yoast SEO v25.6) - https:\/\/yoast.com\/wordpress\/plugins\/seo\/ -->\n<title>Giorgio Chiellini e il gesto d&#039;amore per Livorno: lo spot promozionale sulla Terrazza Mascagni - intoscana<\/title>\n<meta name=\"description\" content=\"Nuova campagna con un testimonial d&#039;eccezione, l&#039;ex capitano della Nazionale di calcio. Le riprese sono state realizzate a settembre dell&#039;anno scorso\" \/>\n<meta name=\"robots\" content=\"index, follow, max-snippet:-1, max-image-preview:large, max-video-preview:-1\" \/>\n<link rel=\"canonical\" href=\"https:\/\/www.intoscana.it\/it\/giorgio-chiellini-e-il-gesto-damore-per-livorno-lo-spot-promozionale-sulla-terrazza-mascagni\/\" \/>\n<meta property=\"og:locale\" content=\"it_IT\" \/>\n<meta property=\"og:type\" content=\"article\" \/>\n<meta property=\"og:title\" content=\"Giorgio Chiellini e il gesto d&#039;amore per Livorno: lo spot promozionale sulla Terrazza Mascagni\" \/>\n<meta property=\"og:description\" content=\"Nuova campagna con un testimonial d&#039;eccezione, l&#039;ex capitano della Nazionale di calcio. Le riprese sono state realizzate a settembre dell&#039;anno scorso\" \/>\n<meta property=\"og:url\" content=\"https:\/\/www.intoscana.it\/it\/giorgio-chiellini-e-il-gesto-damore-per-livorno-lo-spot-promozionale-sulla-terrazza-mascagni\/\" \/>\n<meta property=\"og:site_name\" content=\"intoscana\" \/>\n<meta property=\"article:publisher\" content=\"https:\/\/www.facebook.com\/intoscana.it\" \/>\n<meta property=\"article:published_time\" content=\"2026-01-21T08:56:05+00:00\" \/>\n<meta property=\"og:image\" content=\"https:\/\/www.intoscana.it\/wp-content\/uploads\/Chiellini-Fondazione-LEM-scaled.jpg\" \/>\n\t<meta property=\"og:image:width\" content=\"2048\" \/>\n\t<meta property=\"og:image:height\" content=\"1365\" \/>\n\t<meta property=\"og:image:type\" content=\"image\/jpeg\" \/>\n<meta name=\"author\" content=\"Clara D&#039;Acunto\" \/>\n<meta name=\"twitter:card\" content=\"summary_large_image\" \/>\n<meta name=\"twitter:creator\" content=\"@intoscana\" \/>\n<meta name=\"twitter:site\" content=\"@intoscana\" \/>\n<meta name=\"twitter:label1\" content=\"Written by\" \/>\n\t<meta name=\"twitter:data1\" content=\"Clara D&#039;Acunto\" \/>\n\t<meta name=\"twitter:label2\" content=\"Est. reading time\" \/>\n\t<meta name=\"twitter:data2\" content=\"3 minuti\" \/>\n<script type=\"application\/ld+json\" class=\"yoast-schema-graph\">{\"@context\":\"https:\/\/schema.org\",\"@graph\":[{\"@type\":\"WebPage\",\"@id\":\"https:\/\/www.intoscana.it\/it\/giorgio-chiellini-e-il-gesto-damore-per-livorno-lo-spot-promozionale-sulla-terrazza-mascagni\/\",\"url\":\"https:\/\/www.intoscana.it\/it\/giorgio-chiellini-e-il-gesto-damore-per-livorno-lo-spot-promozionale-sulla-terrazza-mascagni\/\",\"name\":\"Giorgio Chiellini e il gesto d'amore per Livorno: lo spot promozionale sulla Terrazza Mascagni - intoscana\",\"isPartOf\":{\"@id\":\"https:\/\/www.intoscana.it\/it\/#website\"},\"primaryImageOfPage\":{\"@id\":\"https:\/\/www.intoscana.it\/it\/giorgio-chiellini-e-il-gesto-damore-per-livorno-lo-spot-promozionale-sulla-terrazza-mascagni\/#primaryimage\"},\"image\":{\"@id\":\"https:\/\/www.intoscana.it\/it\/giorgio-chiellini-e-il-gesto-damore-per-livorno-lo-spot-promozionale-sulla-terrazza-mascagni\/#primaryimage\"},\"thumbnailUrl\":\"https:\/\/www.intoscana.it\/wp-content\/uploads\/Chiellini-Fondazione-LEM-scaled.jpg\",\"datePublished\":\"2026-01-21T08:56:05+00:00\",\"author\":{\"@id\":\"https:\/\/www.intoscana.it\/it\/#\/schema\/person\/137419af9ef5d385bde52864a841e6ce\"},\"description\":\"Nuova campagna con un testimonial d'eccezione, l'ex capitano della Nazionale di calcio. Le riprese sono state realizzate a settembre dell'anno scorso\",\"breadcrumb\":{\"@id\":\"https:\/\/www.intoscana.it\/it\/giorgio-chiellini-e-il-gesto-damore-per-livorno-lo-spot-promozionale-sulla-terrazza-mascagni\/#breadcrumb\"},\"inLanguage\":\"it-IT\",\"potentialAction\":[{\"@type\":\"ReadAction\",\"target\":[\"https:\/\/www.intoscana.it\/it\/giorgio-chiellini-e-il-gesto-damore-per-livorno-lo-spot-promozionale-sulla-terrazza-mascagni\/\"]}]},{\"@type\":\"ImageObject\",\"inLanguage\":\"it-IT\",\"@id\":\"https:\/\/www.intoscana.it\/it\/giorgio-chiellini-e-il-gesto-damore-per-livorno-lo-spot-promozionale-sulla-terrazza-mascagni\/#primaryimage\",\"url\":\"https:\/\/www.intoscana.it\/wp-content\/uploads\/Chiellini-Fondazione-LEM-scaled.jpg\",\"contentUrl\":\"https:\/\/www.intoscana.it\/wp-content\/uploads\/Chiellini-Fondazione-LEM-scaled.jpg\",\"width\":2048,\"height\":1365},{\"@type\":\"BreadcrumbList\",\"@id\":\"https:\/\/www.intoscana.it\/it\/giorgio-chiellini-e-il-gesto-damore-per-livorno-lo-spot-promozionale-sulla-terrazza-mascagni\/#breadcrumb\",\"itemListElement\":[{\"@type\":\"ListItem\",\"position\":1,\"name\":\"Home\",\"item\":\"https:\/\/www.intoscana.it\/it\/\"},{\"@type\":\"ListItem\",\"position\":2,\"name\":\"Giorgio Chiellini e il gesto d&#8217;amore per Livorno: lo spot promozionale sulla Terrazza Mascagni\"}]},{\"@type\":\"WebSite\",\"@id\":\"https:\/\/www.intoscana.it\/it\/#website\",\"url\":\"https:\/\/www.intoscana.it\/it\/\",\"name\":\"intoscana\",\"description\":\"\",\"potentialAction\":[{\"@type\":\"SearchAction\",\"target\":{\"@type\":\"EntryPoint\",\"urlTemplate\":\"https:\/\/www.intoscana.it\/it\/?s={search_term_string}\"},\"query-input\":{\"@type\":\"PropertyValueSpecification\",\"valueRequired\":true,\"valueName\":\"search_term_string\"}}],\"inLanguage\":\"it-IT\"},{\"@type\":\"Person\",\"@id\":\"https:\/\/www.intoscana.it\/it\/#\/schema\/person\/137419af9ef5d385bde52864a841e6ce\",\"name\":\"Clara D'Acunto\",\"url\":\"https:\/\/www.intoscana.it\/it\/author\/clara-d_acunto\/\"}]}<\/script>\n<!-- \/ Yoast SEO Premium plugin. -->","yoast_head_json":{"title":"Giorgio Chiellini e il gesto d'amore per Livorno: lo spot promozionale sulla Terrazza Mascagni - intoscana","description":"Nuova campagna con un testimonial d'eccezione, l'ex capitano della Nazionale di calcio. Le riprese sono state realizzate a settembre dell'anno scorso","robots":{"index":"index","follow":"follow","max-snippet":"max-snippet:-1","max-image-preview":"max-image-preview:large","max-video-preview":"max-video-preview:-1"},"canonical":"https:\/\/www.intoscana.it\/it\/giorgio-chiellini-e-il-gesto-damore-per-livorno-lo-spot-promozionale-sulla-terrazza-mascagni\/","og_locale":"it_IT","og_type":"article","og_title":"Giorgio Chiellini e il gesto d'amore per Livorno: lo spot promozionale sulla Terrazza Mascagni","og_description":"Nuova campagna con un testimonial d'eccezione, l'ex capitano della Nazionale di calcio. Le riprese sono state realizzate a settembre dell'anno scorso","og_url":"https:\/\/www.intoscana.it\/it\/giorgio-chiellini-e-il-gesto-damore-per-livorno-lo-spot-promozionale-sulla-terrazza-mascagni\/","og_site_name":"intoscana","article_publisher":"https:\/\/www.facebook.com\/intoscana.it","article_published_time":"2026-01-21T08:56:05+00:00","og_image":[{"width":2048,"height":1365,"url":"https:\/\/www.intoscana.it\/wp-content\/uploads\/Chiellini-Fondazione-LEM-scaled.jpg","type":"image\/jpeg"}],"author":"Clara D'Acunto","twitter_card":"summary_large_image","twitter_creator":"@intoscana","twitter_site":"@intoscana","twitter_misc":{"Written by":"Clara D'Acunto","Est. reading time":"3 minuti"},"schema":{"@context":"https:\/\/schema.org","@graph":[{"@type":"WebPage","@id":"https:\/\/www.intoscana.it\/it\/giorgio-chiellini-e-il-gesto-damore-per-livorno-lo-spot-promozionale-sulla-terrazza-mascagni\/","url":"https:\/\/www.intoscana.it\/it\/giorgio-chiellini-e-il-gesto-damore-per-livorno-lo-spot-promozionale-sulla-terrazza-mascagni\/","name":"Giorgio Chiellini e il gesto d'amore per Livorno: lo spot promozionale sulla Terrazza Mascagni - intoscana","isPartOf":{"@id":"https:\/\/www.intoscana.it\/it\/#website"},"primaryImageOfPage":{"@id":"https:\/\/www.intoscana.it\/it\/giorgio-chiellini-e-il-gesto-damore-per-livorno-lo-spot-promozionale-sulla-terrazza-mascagni\/#primaryimage"},"image":{"@id":"https:\/\/www.intoscana.it\/it\/giorgio-chiellini-e-il-gesto-damore-per-livorno-lo-spot-promozionale-sulla-terrazza-mascagni\/#primaryimage"},"thumbnailUrl":"https:\/\/www.intoscana.it\/wp-content\/uploads\/Chiellini-Fondazione-LEM-scaled.jpg","datePublished":"2026-01-21T08:56:05+00:00","author":{"@id":"https:\/\/www.intoscana.it\/it\/#\/schema\/person\/137419af9ef5d385bde52864a841e6ce"},"description":"Nuova campagna con un testimonial d'eccezione, l'ex capitano della Nazionale di calcio. Le riprese sono state realizzate a settembre dell'anno scorso","breadcrumb":{"@id":"https:\/\/www.intoscana.it\/it\/giorgio-chiellini-e-il-gesto-damore-per-livorno-lo-spot-promozionale-sulla-terrazza-mascagni\/#breadcrumb"},"inLanguage":"it-IT","potentialAction":[{"@type":"ReadAction","target":["https:\/\/www.intoscana.it\/it\/giorgio-chiellini-e-il-gesto-damore-per-livorno-lo-spot-promozionale-sulla-terrazza-mascagni\/"]}]},{"@type":"ImageObject","inLanguage":"it-IT","@id":"https:\/\/www.intoscana.it\/it\/giorgio-chiellini-e-il-gesto-damore-per-livorno-lo-spot-promozionale-sulla-terrazza-mascagni\/#primaryimage","url":"https:\/\/www.intoscana.it\/wp-content\/uploads\/Chiellini-Fondazione-LEM-scaled.jpg","contentUrl":"https:\/\/www.intoscana.it\/wp-content\/uploads\/Chiellini-Fondazione-LEM-scaled.jpg","width":2048,"height":1365},{"@type":"BreadcrumbList","@id":"https:\/\/www.intoscana.it\/it\/giorgio-chiellini-e-il-gesto-damore-per-livorno-lo-spot-promozionale-sulla-terrazza-mascagni\/#breadcrumb","itemListElement":[{"@type":"ListItem","position":1,"name":"Home","item":"https:\/\/www.intoscana.it\/it\/"},{"@type":"ListItem","position":2,"name":"Giorgio Chiellini e il gesto d&#8217;amore per Livorno: lo spot promozionale sulla Terrazza Mascagni"}]},{"@type":"WebSite","@id":"https:\/\/www.intoscana.it\/it\/#website","url":"https:\/\/www.intoscana.it\/it\/","name":"intoscana","description":"","potentialAction":[{"@type":"SearchAction","target":{"@type":"EntryPoint","urlTemplate":"https:\/\/www.intoscana.it\/it\/?s={search_term_string}"},"query-input":{"@type":"PropertyValueSpecification","valueRequired":true,"valueName":"search_term_string"}}],"inLanguage":"it-IT"},{"@type":"Person","@id":"https:\/\/www.intoscana.it\/it\/#\/schema\/person\/137419af9ef5d385bde52864a841e6ce","name":"Clara D'Acunto","url":"https:\/\/www.intoscana.it\/it\/author\/clara-d_acunto\/"}]}},"_links":{"self":[{"href":"https:\/\/www.intoscana.it\/it\/wp-json\/wp\/v2\/posts\/413798","targetHints":{"allow":["GET"]}}],"collection":[{"href":"https:\/\/www.intoscana.it\/it\/wp-json\/wp\/v2\/posts"}],"about":[{"href":"https:\/\/www.intoscana.it\/it\/wp-json\/wp\/v2\/types\/post"}],"author":[{"embeddable":true,"href":"https:\/\/www.intoscana.it\/it\/wp-json\/wp\/v2\/users\/545"}],"replies":[{"embeddable":true,"href":"https:\/\/www.intoscana.it\/it\/wp-json\/wp\/v2\/comments?post=413798"}],"version-history":[{"count":5,"href":"https:\/\/www.intoscana.it\/it\/wp-json\/wp\/v2\/posts\/413798\/revisions"}],"predecessor-version":[{"id":413834,"href":"https:\/\/www.intoscana.it\/it\/wp-json\/wp\/v2\/posts\/413798\/revisions\/413834"}],"wp:featuredmedia":[{"embeddable":true,"href":"https:\/\/www.intoscana.it\/it\/wp-json\/wp\/v2\/media\/398341"}],"wp:attachment":[{"href":"https:\/\/www.intoscana.it\/it\/wp-json\/wp\/v2\/media?parent=413798"}],"wp:term":[{"taxonomy":"category","embeddable":true,"href":"https:\/\/www.intoscana.it\/it\/wp-json\/wp\/v2\/categories?post=413798"},{"taxonomy":"post_tag","embeddable":true,"href":"https:\/\/www.intoscana.it\/it\/wp-json\/wp\/v2\/tags?post=413798"}],"curies":[{"name":"wp","href":"https:\/\/api.w.org\/{rel}","templated":true}]}}