{"id":413859,"date":"2026-01-21T13:59:51","date_gmt":"2026-01-21T12:59:51","guid":{"rendered":"https:\/\/www.intoscana.it\/it\/?p=413859"},"modified":"2026-01-21T14:54:22","modified_gmt":"2026-01-21T13:54:22","slug":"festival-digitale-popolare-a-firenze","status":"publish","type":"post","link":"https:\/\/www.intoscana.it\/it\/festival-digitale-popolare-a-firenze\/","title":{"rendered":"Genio umano e intelligenza artificiale: il Festival Digitale Popolare arriva a Firenze"},"content":{"rendered":"<p>Il <strong>Festival Digitale Popolare,<\/strong> manifestazione dedicata alle nuove tendenze del digitale e promosso sa da <strong>Fondazione Italia Digitale,<\/strong> arriva a Firenze. Dopo il successo di quattro edizioni torinesi, il format quest&#8217;anno andr\u00e0 in tuor in varie citt\u00e0 d&#8217;italia partendo da Firenze, grazie al supporto, come main partner, del <strong>Comune di Firenze<\/strong> e di <strong>Fondazione CR Firenze.<\/strong><\/p>\n<p>L\u2019appuntamento \u00e8 fissato per <strong>venerd\u00ec 30<\/strong> gennaio 2026 in <strong>piazza Ognissanti,<\/strong> dove sar\u00e0 allestito l\u2019igloo digitale, immagine simbolo del Festival: uno spazio di incontro e confronto aperto alla cittadinanza sui temi dell\u2019innovazione e del futuro. Completamente gratuito per la cittadinanza, all&#8217;evento parteciperanno esperti, istituzioni, aziende, professionisti sul tema del digitale ma non solo. E, come nella tradizione del festival, saranno presenti degli <strong>ospiti &#8220;pop&#8221;<\/strong> che racconteranno la loro esperienza con il digitale.<\/p>\n<h3>Da Firenze a tutta Italia<\/h3>\n<p>&#8220;Un appuntamento che nasce con l\u2019obiettivo di aprire un dialogo sulla Firenze del domani, coinvolgendo voci provenienti da tutta Italia: da chi progetta e realizza l\u2019innovazione, al mondo delle istituzioni, dello spettacolo e alla cittadinanza &#8211; ha affermato l\u2019<strong>assessora all\u2019Innovazione del Comune di Firenze Laura Sparavigna &#8211; <\/strong>Crediamo che il futuro della citt\u00e0 debba essere costruito attraverso scelte sostenibili e inclusive, fondate sulla partecipazione attiva delle cittadine e dei cittadini come parte integrante del cambiamento in atto, affinch\u00e9 i nuovi linguaggi del digitale siano accessibili a tutti e rappresentino un\u2019opportunit\u00e0 di crescita condivisa\u201d.<\/p>\n<p>Il Festival, dopo la Toscana, toccher\u00e0 altri centri italiani con l\u2019obiettivo di diffondere <strong>cultura digitale,<\/strong> <strong>conoscenza<\/strong> e <strong>partecipazione<\/strong>, coinvolgendo cittadini, istituzioni, imprese e nuove generazioni.<\/p>\n<p>\u201cSiamo molto contenti che la prima citt\u00e0 del tour del Festival Digitale Popolare sia Firenze, da sempre una citt\u00e0 sensibile alla creativit\u00e0 e all\u2019innovazione &#8211; ha dichiarato <strong>Francesco Di Costanzo<\/strong>, <strong>presidente di Fondazione Italia Digitale<\/strong> &#8211; <mark>Affronteremo il rapporto tra genio umano e intelligenza artificiale mettendo la persona al centro, con una grande attenzione alla cultura digitale e alle opportunit\u00e0 offerte dalla tecnologia <\/mark>&#8220;.<\/p>\n<h3>Giovani e IA, i temi del Festival<\/h3>\n<p><mark>\u201cGenIA\u201d, questo il titolo dell&#8217;iniziativa: un percorso dedicato all\u2019incontro tra intelligenza artificiale, genio umano e generazioni, per riflettere sul rapporto tra umanesimo e algoritmo, intuizione e modelli generativi <\/mark>.<\/p>\n<p>Entrando nel dettaglio del programma, la giornata di venerd\u00ec 30 si aprir\u00e0 con i saluti istituzionali del presidente della Regione Toscana <strong>Eugenio Giani,<\/strong> dell\u2019assessora del Comune di Firenze <strong>Laura Sparavigna,<\/strong> dell\u2019assessora del Comune di Torino <strong>Chiara Foglietta, <\/strong>per un simbolico passaggio di consegne tra la citt\u00e0 che ha ospito il festival nelle sue prime quattro edizioni e Firenze che lo accoglie per la prima volta.<\/p>\n<p>Tra gli appuntamenti centrali della mattinata, il panel<strong> \u201cTecnologia della rivoluzione, oggi: AI tra big tech, diritti e sovranit\u00e0\u201d<\/strong> metter\u00e0 a confronto istituzioni, ricerca e piattaforme: interverranno <strong>Diego Ciulli<\/strong> (Head of Government Affairs and Public Policy, Italy \u2013 Google), <strong>Claudia Trivilino<\/strong> (Public Policy Manager Italy and Greece \u2013 Meta) e <strong>Luana Lavecchia<\/strong> (Responsabile relazioni istituzionali \u2013 TikTok Italia e Grecia), con contributi dal mondo della ricerca e della societ\u00e0 civile, tra cui <strong>Diletta Huyskes<\/strong> (Ricercatrice Universit\u00e0 degli Studi di Milano e co-CEO di Immanence) e <strong>Claudio Agosti<\/strong> (Analista di piattaforme digitali; co-fondatore di Hermes, AI Forensics e Reversing.Works). Si parler\u00e0 sempre di intelligenza artificiale nel panel dedicato a\u00a0diritti e creativit\u00e0: <strong>\u201cIl secolo dell\u2019IA\u201d<\/strong>\u00a0(15.30\u201316.00) con\u00a0<strong>Bernard Dika<\/strong> (Sottosegretario alla Presidenza Regione Toscana). Seguiranno l\u2019intervento <strong>\u201cPotenziare l\u2019umano: sicurezza e disumanizzazione\u201d<\/strong>\u00a0(16.10\u201316.20) con\u00a0<strong>Andrea Simoncini<\/strong> (Universit\u00e0 degli Studi di Firenze) e il panel <strong>\u201cGiovani, social e nuove comunit\u00e0\u201d<\/strong>\u00a0(16.20\u201317.10) con, tra gli altri,\u00a0<strong>Danila De Stefano<\/strong>\u00a0(CEO e founder\u00a0<strong>UnoBravo<\/strong>) e\u00a0<strong>Giorgia D\u2019Errico<\/strong>\u00a0(Save the Children).<\/p>\n<p>Dalle\u00a0<strong>15.00 alle 15.30<\/strong>,\u00a0<strong>\u201cLa sanit\u00e0 che innova\u201d<\/strong> metter\u00e0 a fuoco <mark>l\u2019impatto delle tecnologie sui servizi e sulla cura <\/mark>, con introduzione di <strong>Chiara Azzari<\/strong>, Ordinario di Pediatria all\u2019Universit\u00e0 di Firenze e Direttore della Clinica Pediatrica dell\u2019Ospedale Meyer, e con interventi di\u00a0<strong>Andrea Belardinelli<\/strong>\u00a0(Direttore IT Sanit\u00e0 Regione Toscana) e\u00a0<strong>Fabrizio Meloni<\/strong>\u00a0(Dirigente Comunicazione e relazioni esterne,\u00a0<strong>AOU Cagliari<\/strong>), insieme ad altri protagonisti del settore.<\/p>\n<p>In chiusura,\u00a0<strong>Costanza Orlando<\/strong>\u00a0(Will Media) dar\u00e0 voce alla generazione Z (17.10\u201317.40), prima degli incontri sul processo creativo con\u00a0<strong>Francesco Oggiano<\/strong>\u00a0(17.40\u201318.20) e su musica e identit\u00e0 con\u00a0<strong>Ele A<\/strong> (18.20\u201319.00).<\/p>\n<h3>La call per gli studenti<\/h3>\n<p>Durante la mattina di venerd\u00ec saranno presentati i lavori della call <strong>NEXT FRAME: Arte Generativa &amp; AI,<\/strong> rivolta a studenti, giovani creator e collettivi, con l\u2019introduzione di Enzo Mazza (CEO FIMI \u2013 Federazione industria musicale italiana) mentre nel pomeriggio\u00a0con <strong>\u201cChe Toscana sar\u00e0?\u201d<\/strong>, si discuter\u00e0 di territori, comunit\u00e0 e innovazione con il saluto della sindaca <strong>Sara Funaro<\/strong> e con la partecipazione di amministratori e protagonisti dell\u2019ecosistema digitale e industriale, tra cui <strong>Alessandro Sordi<\/strong> (Co-Founder and CEO Nana Bianca) e <strong>Michelangelo Suigo<\/strong> (Direttore Relazioni Esterne, Comunicazione e Sostenibilit\u00e0 Inwit).<\/p>\n<h3>Gli ospiti &#8220;pop&#8221;<\/h3>\n<p>La chiusura della giornata sar\u00e0 affidata a due ospiti \u201cpop\u201d che dialogheranno con il tema del festival: <strong>Francesco Oggiano,<\/strong> digital journalist, e <strong>Ele A,<\/strong> rapper e cantautrice, protagonista di un incontro su creativit\u00e0, identit\u00e0 e intelligenza artificiale.<\/p>\n","protected":false},"excerpt":{"rendered":"<p>Dopo il successo di quattro edizioni nella citt\u00e0 della Mole, il festival ideato e promosso da Fondazione Italia Digitale arriva a Firenze, prima tappa del tour che lo porter\u00e0 in varie realt\u00e0 italiane. Di Costanzo (presidente FID): &#8220;Affronteremo il rapporto tra genio umano e intelligenza artificiale mettendo la persona al centro&#8221;<\/p>\n","protected":false},"author":503,"featured_media":413875,"comment_status":"open","ping_status":"open","sticky":false,"template":"","format":"standard","meta":{"_acf_changed":false,"footnotes":""},"categories":[475],"tags":[4474],"class_list":["post-413859","post","type-post","status-publish","format-standard","has-post-thumbnail","hentry","category-innovazione","tag-eventi"],"acf":[],"yoast_head":"<!-- This site is optimized with the Yoast SEO Premium plugin v24.2 (Yoast SEO v25.6) - https:\/\/yoast.com\/wordpress\/plugins\/seo\/ -->\n<title>Genio umano e intelligenza artificiale: il Festival Digitale Popolare arriva a Firenze - intoscana<\/title>\n<meta name=\"description\" content=\"Dopo quattro edizioni a Torino, il festival iarriva a Firenze per indagare il rapporto tra genio umano e intelligenza artificiale\" \/>\n<meta name=\"robots\" content=\"index, follow, max-snippet:-1, max-image-preview:large, max-video-preview:-1\" \/>\n<link rel=\"canonical\" href=\"https:\/\/www.intoscana.it\/it\/festival-digitale-popolare-a-firenze\/\" \/>\n<meta property=\"og:locale\" content=\"it_IT\" \/>\n<meta property=\"og:type\" content=\"article\" \/>\n<meta property=\"og:title\" content=\"Genio umano e intelligenza artificiale: il Festival Digitale Popolare arriva a Firenze\" \/>\n<meta property=\"og:description\" content=\"Dopo quattro edizioni a Torino, il festival iarriva a Firenze per indagare il rapporto tra genio umano e intelligenza artificiale\" \/>\n<meta property=\"og:url\" content=\"https:\/\/www.intoscana.it\/it\/festival-digitale-popolare-a-firenze\/\" \/>\n<meta property=\"og:site_name\" content=\"intoscana\" \/>\n<meta property=\"article:publisher\" content=\"https:\/\/www.facebook.com\/intoscana.it\" \/>\n<meta property=\"article:published_time\" content=\"2026-01-21T12:59:51+00:00\" \/>\n<meta property=\"article:modified_time\" content=\"2026-01-21T13:54:22+00:00\" \/>\n<meta property=\"og:image\" content=\"https:\/\/www.intoscana.it\/wp-content\/uploads\/Igloo-Festival-Digitale-Popolare-e1768990740275.jpg\" \/>\n\t<meta property=\"og:image:width\" content=\"1536\" \/>\n\t<meta property=\"og:image:height\" content=\"1610\" \/>\n\t<meta property=\"og:image:type\" content=\"image\/jpeg\" \/>\n<meta name=\"author\" content=\"Giulia Rafanelli\" \/>\n<meta name=\"twitter:card\" content=\"summary_large_image\" \/>\n<meta name=\"twitter:creator\" content=\"@intoscana\" \/>\n<meta name=\"twitter:site\" content=\"@intoscana\" \/>\n<meta name=\"twitter:label1\" content=\"Written by\" \/>\n\t<meta name=\"twitter:data1\" content=\"Giulia Rafanelli\" \/>\n\t<meta name=\"twitter:label2\" content=\"Est. reading time\" \/>\n\t<meta name=\"twitter:data2\" content=\"5 minuti\" \/>\n<script type=\"application\/ld+json\" class=\"yoast-schema-graph\">{\"@context\":\"https:\/\/schema.org\",\"@graph\":[{\"@type\":\"WebPage\",\"@id\":\"https:\/\/www.intoscana.it\/it\/festival-digitale-popolare-a-firenze\/\",\"url\":\"https:\/\/www.intoscana.it\/it\/festival-digitale-popolare-a-firenze\/\",\"name\":\"Genio umano e intelligenza artificiale: il Festival Digitale Popolare arriva a Firenze - intoscana\",\"isPartOf\":{\"@id\":\"https:\/\/www.intoscana.it\/it\/#website\"},\"primaryImageOfPage\":{\"@id\":\"https:\/\/www.intoscana.it\/it\/festival-digitale-popolare-a-firenze\/#primaryimage\"},\"image\":{\"@id\":\"https:\/\/www.intoscana.it\/it\/festival-digitale-popolare-a-firenze\/#primaryimage\"},\"thumbnailUrl\":\"https:\/\/www.intoscana.it\/wp-content\/uploads\/Igloo-Festival-Digitale-Popolare-e1768990740275.jpg\",\"datePublished\":\"2026-01-21T12:59:51+00:00\",\"dateModified\":\"2026-01-21T13:54:22+00:00\",\"author\":{\"@id\":\"https:\/\/www.intoscana.it\/it\/#\/schema\/person\/333569b367b301e30262defcea56c939\"},\"description\":\"Dopo quattro edizioni a Torino, il festival iarriva a Firenze per indagare il rapporto tra genio umano e intelligenza artificiale\",\"breadcrumb\":{\"@id\":\"https:\/\/www.intoscana.it\/it\/festival-digitale-popolare-a-firenze\/#breadcrumb\"},\"inLanguage\":\"it-IT\",\"potentialAction\":[{\"@type\":\"ReadAction\",\"target\":[\"https:\/\/www.intoscana.it\/it\/festival-digitale-popolare-a-firenze\/\"]}]},{\"@type\":\"ImageObject\",\"inLanguage\":\"it-IT\",\"@id\":\"https:\/\/www.intoscana.it\/it\/festival-digitale-popolare-a-firenze\/#primaryimage\",\"url\":\"https:\/\/www.intoscana.it\/wp-content\/uploads\/Igloo-Festival-Digitale-Popolare-e1768990740275.jpg\",\"contentUrl\":\"https:\/\/www.intoscana.it\/wp-content\/uploads\/Igloo-Festival-Digitale-Popolare-e1768990740275.jpg\",\"width\":1536,\"height\":1610},{\"@type\":\"BreadcrumbList\",\"@id\":\"https:\/\/www.intoscana.it\/it\/festival-digitale-popolare-a-firenze\/#breadcrumb\",\"itemListElement\":[{\"@type\":\"ListItem\",\"position\":1,\"name\":\"Home\",\"item\":\"https:\/\/www.intoscana.it\/it\/\"},{\"@type\":\"ListItem\",\"position\":2,\"name\":\"Genio umano e intelligenza artificiale: il Festival Digitale Popolare arriva a Firenze\"}]},{\"@type\":\"WebSite\",\"@id\":\"https:\/\/www.intoscana.it\/it\/#website\",\"url\":\"https:\/\/www.intoscana.it\/it\/\",\"name\":\"intoscana\",\"description\":\"\",\"potentialAction\":[{\"@type\":\"SearchAction\",\"target\":{\"@type\":\"EntryPoint\",\"urlTemplate\":\"https:\/\/www.intoscana.it\/it\/?s={search_term_string}\"},\"query-input\":{\"@type\":\"PropertyValueSpecification\",\"valueRequired\":true,\"valueName\":\"search_term_string\"}}],\"inLanguage\":\"it-IT\"},{\"@type\":\"Person\",\"@id\":\"https:\/\/www.intoscana.it\/it\/#\/schema\/person\/333569b367b301e30262defcea56c939\",\"name\":\"Giulia Rafanelli\",\"url\":\"https:\/\/www.intoscana.it\/it\/author\/giulia-rafanelli\/\"}]}<\/script>\n<!-- \/ Yoast SEO Premium plugin. -->","yoast_head_json":{"title":"Genio umano e intelligenza artificiale: il Festival Digitale Popolare arriva a Firenze - intoscana","description":"Dopo quattro edizioni a Torino, il festival iarriva a Firenze per indagare il rapporto tra genio umano e intelligenza artificiale","robots":{"index":"index","follow":"follow","max-snippet":"max-snippet:-1","max-image-preview":"max-image-preview:large","max-video-preview":"max-video-preview:-1"},"canonical":"https:\/\/www.intoscana.it\/it\/festival-digitale-popolare-a-firenze\/","og_locale":"it_IT","og_type":"article","og_title":"Genio umano e intelligenza artificiale: il Festival Digitale Popolare arriva a Firenze","og_description":"Dopo quattro edizioni a Torino, il festival iarriva a Firenze per indagare il rapporto tra genio umano e intelligenza artificiale","og_url":"https:\/\/www.intoscana.it\/it\/festival-digitale-popolare-a-firenze\/","og_site_name":"intoscana","article_publisher":"https:\/\/www.facebook.com\/intoscana.it","article_published_time":"2026-01-21T12:59:51+00:00","article_modified_time":"2026-01-21T13:54:22+00:00","og_image":[{"width":1536,"height":1610,"url":"https:\/\/www.intoscana.it\/wp-content\/uploads\/Igloo-Festival-Digitale-Popolare-e1768990740275.jpg","type":"image\/jpeg"}],"author":"Giulia Rafanelli","twitter_card":"summary_large_image","twitter_creator":"@intoscana","twitter_site":"@intoscana","twitter_misc":{"Written by":"Giulia Rafanelli","Est. reading time":"5 minuti"},"schema":{"@context":"https:\/\/schema.org","@graph":[{"@type":"WebPage","@id":"https:\/\/www.intoscana.it\/it\/festival-digitale-popolare-a-firenze\/","url":"https:\/\/www.intoscana.it\/it\/festival-digitale-popolare-a-firenze\/","name":"Genio umano e intelligenza artificiale: il Festival Digitale Popolare arriva a Firenze - intoscana","isPartOf":{"@id":"https:\/\/www.intoscana.it\/it\/#website"},"primaryImageOfPage":{"@id":"https:\/\/www.intoscana.it\/it\/festival-digitale-popolare-a-firenze\/#primaryimage"},"image":{"@id":"https:\/\/www.intoscana.it\/it\/festival-digitale-popolare-a-firenze\/#primaryimage"},"thumbnailUrl":"https:\/\/www.intoscana.it\/wp-content\/uploads\/Igloo-Festival-Digitale-Popolare-e1768990740275.jpg","datePublished":"2026-01-21T12:59:51+00:00","dateModified":"2026-01-21T13:54:22+00:00","author":{"@id":"https:\/\/www.intoscana.it\/it\/#\/schema\/person\/333569b367b301e30262defcea56c939"},"description":"Dopo quattro edizioni a Torino, il festival iarriva a Firenze per indagare il rapporto tra genio umano e intelligenza artificiale","breadcrumb":{"@id":"https:\/\/www.intoscana.it\/it\/festival-digitale-popolare-a-firenze\/#breadcrumb"},"inLanguage":"it-IT","potentialAction":[{"@type":"ReadAction","target":["https:\/\/www.intoscana.it\/it\/festival-digitale-popolare-a-firenze\/"]}]},{"@type":"ImageObject","inLanguage":"it-IT","@id":"https:\/\/www.intoscana.it\/it\/festival-digitale-popolare-a-firenze\/#primaryimage","url":"https:\/\/www.intoscana.it\/wp-content\/uploads\/Igloo-Festival-Digitale-Popolare-e1768990740275.jpg","contentUrl":"https:\/\/www.intoscana.it\/wp-content\/uploads\/Igloo-Festival-Digitale-Popolare-e1768990740275.jpg","width":1536,"height":1610},{"@type":"BreadcrumbList","@id":"https:\/\/www.intoscana.it\/it\/festival-digitale-popolare-a-firenze\/#breadcrumb","itemListElement":[{"@type":"ListItem","position":1,"name":"Home","item":"https:\/\/www.intoscana.it\/it\/"},{"@type":"ListItem","position":2,"name":"Genio umano e intelligenza artificiale: il Festival Digitale Popolare arriva a Firenze"}]},{"@type":"WebSite","@id":"https:\/\/www.intoscana.it\/it\/#website","url":"https:\/\/www.intoscana.it\/it\/","name":"intoscana","description":"","potentialAction":[{"@type":"SearchAction","target":{"@type":"EntryPoint","urlTemplate":"https:\/\/www.intoscana.it\/it\/?s={search_term_string}"},"query-input":{"@type":"PropertyValueSpecification","valueRequired":true,"valueName":"search_term_string"}}],"inLanguage":"it-IT"},{"@type":"Person","@id":"https:\/\/www.intoscana.it\/it\/#\/schema\/person\/333569b367b301e30262defcea56c939","name":"Giulia Rafanelli","url":"https:\/\/www.intoscana.it\/it\/author\/giulia-rafanelli\/"}]}},"_links":{"self":[{"href":"https:\/\/www.intoscana.it\/it\/wp-json\/wp\/v2\/posts\/413859","targetHints":{"allow":["GET"]}}],"collection":[{"href":"https:\/\/www.intoscana.it\/it\/wp-json\/wp\/v2\/posts"}],"about":[{"href":"https:\/\/www.intoscana.it\/it\/wp-json\/wp\/v2\/types\/post"}],"author":[{"embeddable":true,"href":"https:\/\/www.intoscana.it\/it\/wp-json\/wp\/v2\/users\/503"}],"replies":[{"embeddable":true,"href":"https:\/\/www.intoscana.it\/it\/wp-json\/wp\/v2\/comments?post=413859"}],"version-history":[{"count":4,"href":"https:\/\/www.intoscana.it\/it\/wp-json\/wp\/v2\/posts\/413859\/revisions"}],"predecessor-version":[{"id":413918,"href":"https:\/\/www.intoscana.it\/it\/wp-json\/wp\/v2\/posts\/413859\/revisions\/413918"}],"wp:featuredmedia":[{"embeddable":true,"href":"https:\/\/www.intoscana.it\/it\/wp-json\/wp\/v2\/media\/413875"}],"wp:attachment":[{"href":"https:\/\/www.intoscana.it\/it\/wp-json\/wp\/v2\/media?parent=413859"}],"wp:term":[{"taxonomy":"category","embeddable":true,"href":"https:\/\/www.intoscana.it\/it\/wp-json\/wp\/v2\/categories?post=413859"},{"taxonomy":"post_tag","embeddable":true,"href":"https:\/\/www.intoscana.it\/it\/wp-json\/wp\/v2\/tags?post=413859"}],"curies":[{"name":"wp","href":"https:\/\/api.w.org\/{rel}","templated":true}]}}