{"id":413946,"date":"2026-01-21T15:06:16","date_gmt":"2026-01-21T14:06:16","guid":{"rendered":"https:\/\/www.intoscana.it\/it\/?p=413946"},"modified":"2026-01-22T10:42:07","modified_gmt":"2026-01-22T09:42:07","slug":"ponte-al-pino-al-via-i-lavori-di-sostituzione-stop-ai-treni-e-modifiche-alla-viabilita","status":"publish","type":"post","link":"https:\/\/www.intoscana.it\/it\/ponte-al-pino-al-via-i-lavori-di-sostituzione-stop-ai-treni-e-modifiche-alla-viabilita\/","title":{"rendered":"Ponte al Pino, al via i lavori di sostituzione: stop ai treni e modifiche alla viabilit\u00e0"},"content":{"rendered":"<p data-start=\"379\" data-end=\"750\">Scattano i lavori per la sostituzione del <strong>cavalcaferrovia \u201cPonte al Pino\u201d<\/strong>, uno snodo strategico tra il <strong>centro di Firenze e l\u2019area di Campo di Marte<\/strong>. L\u2019intervento, a cura di RFI (Gruppo FS Italiane) e condiviso con gli enti territoriali, prevede la<strong> demolizione e la ricostruzione<\/strong> dell\u2019infrastruttura ottocentesca, lunga 27 metri e larga 14,5, oggi suddivisa in tre corsie.<\/p>\n<p data-start=\"752\" data-end=\"1177\">Il nuovo ponte sar\u00e0 pi\u00f9 lungo e pi\u00f9 largo (32 metri per 16), realizzato in acciaio-calcestruzzo e acciaio Corten \u2013 materiale riciclabile al 100% \u2013 e consentir\u00e0 di eliminare le attuali limitazioni di carico, migliorando sicurezza e viabilit\u00e0. Confermate le corsie esistenti e prevista anche una <strong>nuova pista ciclopedonale<\/strong>, in un\u2019ottica di mobilit\u00e0 sostenibile. La riapertura dell\u2019infrastruttura \u00e8 prevista<strong> entro settembre 2026<\/strong>.<\/p>\n<figure id=\"post-413958 media-413958\" class=\"align-none\"><img decoding=\"async\" src=\"https:\/\/www.intoscana.it\/wp-content\/uploads\/ponte-al-pino-2.jpeg\" alt=\"\" \/><\/figure>\n<div class=\"titleimg\"><\/div>\n<h3 data-start=\"1179\" data-end=\"1242\">Stop alla circolazione ferroviaria e passerella provvisoria<\/h3>\n<p data-start=\"1244\" data-end=\"1664\">Una prima fase delicata dei lavori \u00e8 in programma tra le 15 di <strong>sabato 24 gennaio e le 15 di domenica 25 gennaio<\/strong>, quando sar\u00e0 interrotta la circolazione ferroviaria <strong>nell\u2019area di Campo di Marte<\/strong> per consentire il posizionamento di una passerella pedonale provvisoria lunga 44 metri. La struttura sar\u00e0 utilizzata dai cittadini durante tutto il periodo del cantiere per ridurre l\u2019impatto sulla mobilit\u00e0 urbana.<\/p>\n<p data-start=\"1666\" data-end=\"2009\">Durante l\u2019interruzione, i treni Alta Velocit\u00e0 subiranno variazioni di percorso e attestamento tra le stazioni di Campo di Marte e Rifredi, mentre parte dei treni regionali sar\u00e0 limitata o cancellata. Per garantire i collegamenti tra le due stazioni sar\u00e0 attivato <strong>un servizio sostitutivo con bus navetta<\/strong>, con tre flotte da sei autobus ciascuna.<\/p>\n<h3 data-start=\"2011\" data-end=\"2080\">Lavori e partita della Fiorentina: piano speciale per la mobilit\u00e0<\/h3>\n<p data-start=\"2082\" data-end=\"2482\">La complessit\u00e0 dell\u2019intervento \u00e8 accentuata dalla contemporaneit\u00e0 con <strong>l\u2019incontro di calcio Fiorentina\u2013Cagliari<\/strong>, in programma sabato 24 gennaio alle 18 allo stadio Artemio Franchi. La gestione dei flussi di viaggiatori, tifosi e residenti \u00e8 stata al centro di diverse riunioni del Comitato provinciale per l\u2019Ordine e la Sicurezza Pubblica, che ha definito un piano articolato di misure straordinarie.<\/p>\n<p data-start=\"2484\" data-end=\"2830\">Nelle aree di Rifredi e Campo di Marte sono previsti divieti di sosta e di transito, modifiche alla viabilit\u00e0 e deviazioni delle linee del trasporto pubblico locale. Saranno attivati percorsi dedicati e ben segnalati per i passeggeri ferroviari, con il supporto di personale FS Security, Trenitalia, Italo e dei volontari della protezione civile.<\/p>\n<h3 data-start=\"2832\" data-end=\"2866\">Navette, tram e bus potenziati<\/h3>\n<p data-start=\"2868\" data-end=\"3220\">Per facilitare gli spostamenti, i possessori di titolo di viaggio ferroviario potranno utilizzare gratuitamente la Navetta FS tra Campo di Marte e piazza della Libert\u00e0 e la linea tranviaria T2 nella tratta Libert\u00e0\u2013Stazione Alamanni. Potenziati anche alcuni collegamenti del trasporto pubblico urbano, tra cui la linea 52, con l\u2019aggiunta di due vetture.<\/p>\n<p data-start=\"3222\" data-end=\"3435\">\u00c8 inoltre prevista una navetta dedicata tra Campo di Marte e la T2, attiva dal pomeriggio del 24 gennaio fino a mezzanotte e nella mattinata del 25, con fermate lungo l\u2019asse di via Masaccio e piazza della Libert\u00e0.<\/p>\n<h3 data-start=\"3437\" data-end=\"3474\">Viabilit\u00e0 alternativa e parcheggi<\/h3>\n<p data-start=\"3476\" data-end=\"3843\">La zona di Ponte al Pino sar\u00e0 interessata da chiusure e sensi unici gi\u00e0 dalla sera di venerd\u00ec 23 gennaio fino alle prime ore di luned\u00ec 26. La viabilit\u00e0 alternativa sar\u00e0 garantita attraverso i cavalcavia delle Cure e di piazza Alberti. Per i tifosi che raggiungeranno lo stadio in moto sar\u00e0 allestito un parcheggio dedicato nei pressi della passerella di via Mannelli.<\/p>\n<p data-start=\"3845\" data-end=\"4003\">\n","protected":false},"excerpt":{"rendered":"<p>Sabato 24 e domenica 25 gennaio scatta il piano complesso, pensato per contenere i disagi e accompagnare una delle opere infrastrutturali pi\u00f9 rilevanti per la mobilit\u00e0 fiorentina<\/p>\n","protected":false},"author":525,"featured_media":413957,"comment_status":"open","ping_status":"open","sticky":false,"template":"","format":"standard","meta":{"_acf_changed":false,"footnotes":""},"categories":[494],"tags":[202,1577,183,248],"class_list":["post-413946","post","type-post","status-publish","format-standard","has-post-thumbnail","hentry","category-attualita","tag-firenze","tag-muoversi-in-toscana","tag-treni","tag-viabilita"],"acf":[],"yoast_head":"<!-- This site is optimized with the Yoast SEO Premium plugin v24.2 (Yoast SEO v25.6) - https:\/\/yoast.com\/wordpress\/plugins\/seo\/ -->\n<title>Ponte al Pino, al via i lavori di sostituzione: stop ai treni e modifiche alla viabilit\u00e0 - intoscana<\/title>\n<meta name=\"robots\" content=\"index, follow, max-snippet:-1, max-image-preview:large, max-video-preview:-1\" \/>\n<link rel=\"canonical\" href=\"https:\/\/www.intoscana.it\/it\/ponte-al-pino-al-via-i-lavori-di-sostituzione-stop-ai-treni-e-modifiche-alla-viabilita\/\" \/>\n<meta property=\"og:locale\" content=\"it_IT\" \/>\n<meta property=\"og:type\" content=\"article\" \/>\n<meta property=\"og:title\" content=\"Ponte al Pino, al via i lavori di sostituzione: stop ai treni e modifiche alla viabilit\u00e0\" \/>\n<meta property=\"og:description\" content=\"Sabato 24 e domenica 25 gennaio scatta il piano complesso, pensato per contenere i disagi e accompagnare una delle opere infrastrutturali pi\u00f9 rilevanti per la mobilit\u00e0 fiorentina\" \/>\n<meta property=\"og:url\" content=\"https:\/\/www.intoscana.it\/it\/ponte-al-pino-al-via-i-lavori-di-sostituzione-stop-ai-treni-e-modifiche-alla-viabilita\/\" \/>\n<meta property=\"og:site_name\" content=\"intoscana\" \/>\n<meta property=\"article:publisher\" content=\"https:\/\/www.facebook.com\/intoscana.it\" \/>\n<meta property=\"article:published_time\" content=\"2026-01-21T14:06:16+00:00\" \/>\n<meta property=\"article:modified_time\" content=\"2026-01-22T09:42:07+00:00\" \/>\n<meta property=\"og:image\" content=\"https:\/\/www.intoscana.it\/wp-content\/uploads\/ponte-al-pino-1.jpeg\" \/>\n\t<meta property=\"og:image:width\" content=\"822\" \/>\n\t<meta property=\"og:image:height\" content=\"700\" \/>\n\t<meta property=\"og:image:type\" content=\"image\/jpeg\" \/>\n<meta name=\"author\" content=\"Redazione\" \/>\n<meta name=\"twitter:card\" content=\"summary_large_image\" \/>\n<meta name=\"twitter:creator\" content=\"@intoscana\" \/>\n<meta name=\"twitter:site\" content=\"@intoscana\" \/>\n<meta name=\"twitter:label1\" content=\"Written by\" \/>\n\t<meta name=\"twitter:data1\" content=\"Redazione\" \/>\n\t<meta name=\"twitter:label2\" content=\"Est. reading time\" \/>\n\t<meta name=\"twitter:data2\" content=\"4 minuti\" \/>\n<script type=\"application\/ld+json\" class=\"yoast-schema-graph\">{\"@context\":\"https:\/\/schema.org\",\"@graph\":[{\"@type\":\"WebPage\",\"@id\":\"https:\/\/www.intoscana.it\/it\/ponte-al-pino-al-via-i-lavori-di-sostituzione-stop-ai-treni-e-modifiche-alla-viabilita\/\",\"url\":\"https:\/\/www.intoscana.it\/it\/ponte-al-pino-al-via-i-lavori-di-sostituzione-stop-ai-treni-e-modifiche-alla-viabilita\/\",\"name\":\"Ponte al Pino, al via i lavori di sostituzione: stop ai treni e modifiche alla viabilit\u00e0 - intoscana\",\"isPartOf\":{\"@id\":\"https:\/\/www.intoscana.it\/it\/#website\"},\"primaryImageOfPage\":{\"@id\":\"https:\/\/www.intoscana.it\/it\/ponte-al-pino-al-via-i-lavori-di-sostituzione-stop-ai-treni-e-modifiche-alla-viabilita\/#primaryimage\"},\"image\":{\"@id\":\"https:\/\/www.intoscana.it\/it\/ponte-al-pino-al-via-i-lavori-di-sostituzione-stop-ai-treni-e-modifiche-alla-viabilita\/#primaryimage\"},\"thumbnailUrl\":\"https:\/\/www.intoscana.it\/wp-content\/uploads\/ponte-al-pino-1.jpeg\",\"datePublished\":\"2026-01-21T14:06:16+00:00\",\"dateModified\":\"2026-01-22T09:42:07+00:00\",\"author\":{\"@id\":\"https:\/\/www.intoscana.it\/it\/#\/schema\/person\/9223810753230f20bd670fdd322661f8\"},\"breadcrumb\":{\"@id\":\"https:\/\/www.intoscana.it\/it\/ponte-al-pino-al-via-i-lavori-di-sostituzione-stop-ai-treni-e-modifiche-alla-viabilita\/#breadcrumb\"},\"inLanguage\":\"it-IT\",\"potentialAction\":[{\"@type\":\"ReadAction\",\"target\":[\"https:\/\/www.intoscana.it\/it\/ponte-al-pino-al-via-i-lavori-di-sostituzione-stop-ai-treni-e-modifiche-alla-viabilita\/\"]}]},{\"@type\":\"ImageObject\",\"inLanguage\":\"it-IT\",\"@id\":\"https:\/\/www.intoscana.it\/it\/ponte-al-pino-al-via-i-lavori-di-sostituzione-stop-ai-treni-e-modifiche-alla-viabilita\/#primaryimage\",\"url\":\"https:\/\/www.intoscana.it\/wp-content\/uploads\/ponte-al-pino-1.jpeg\",\"contentUrl\":\"https:\/\/www.intoscana.it\/wp-content\/uploads\/ponte-al-pino-1.jpeg\",\"width\":822,\"height\":700,\"caption\":\"Ponte al Pino\"},{\"@type\":\"BreadcrumbList\",\"@id\":\"https:\/\/www.intoscana.it\/it\/ponte-al-pino-al-via-i-lavori-di-sostituzione-stop-ai-treni-e-modifiche-alla-viabilita\/#breadcrumb\",\"itemListElement\":[{\"@type\":\"ListItem\",\"position\":1,\"name\":\"Home\",\"item\":\"https:\/\/www.intoscana.it\/it\/\"},{\"@type\":\"ListItem\",\"position\":2,\"name\":\"Ponte al Pino, al via i lavori di sostituzione: stop ai treni e modifiche alla viabilit\u00e0\"}]},{\"@type\":\"WebSite\",\"@id\":\"https:\/\/www.intoscana.it\/it\/#website\",\"url\":\"https:\/\/www.intoscana.it\/it\/\",\"name\":\"intoscana\",\"description\":\"\",\"potentialAction\":[{\"@type\":\"SearchAction\",\"target\":{\"@type\":\"EntryPoint\",\"urlTemplate\":\"https:\/\/www.intoscana.it\/it\/?s={search_term_string}\"},\"query-input\":{\"@type\":\"PropertyValueSpecification\",\"valueRequired\":true,\"valueName\":\"search_term_string\"}}],\"inLanguage\":\"it-IT\"},{\"@type\":\"Person\",\"@id\":\"https:\/\/www.intoscana.it\/it\/#\/schema\/person\/9223810753230f20bd670fdd322661f8\",\"name\":\"Redazione\",\"url\":\"https:\/\/www.intoscana.it\/it\/author\/redazione\/\"}]}<\/script>\n<!-- \/ Yoast SEO Premium plugin. -->","yoast_head_json":{"title":"Ponte al Pino, al via i lavori di sostituzione: stop ai treni e modifiche alla viabilit\u00e0 - intoscana","robots":{"index":"index","follow":"follow","max-snippet":"max-snippet:-1","max-image-preview":"max-image-preview:large","max-video-preview":"max-video-preview:-1"},"canonical":"https:\/\/www.intoscana.it\/it\/ponte-al-pino-al-via-i-lavori-di-sostituzione-stop-ai-treni-e-modifiche-alla-viabilita\/","og_locale":"it_IT","og_type":"article","og_title":"Ponte al Pino, al via i lavori di sostituzione: stop ai treni e modifiche alla viabilit\u00e0","og_description":"Sabato 24 e domenica 25 gennaio scatta il piano complesso, pensato per contenere i disagi e accompagnare una delle opere infrastrutturali pi\u00f9 rilevanti per la mobilit\u00e0 fiorentina","og_url":"https:\/\/www.intoscana.it\/it\/ponte-al-pino-al-via-i-lavori-di-sostituzione-stop-ai-treni-e-modifiche-alla-viabilita\/","og_site_name":"intoscana","article_publisher":"https:\/\/www.facebook.com\/intoscana.it","article_published_time":"2026-01-21T14:06:16+00:00","article_modified_time":"2026-01-22T09:42:07+00:00","og_image":[{"width":822,"height":700,"url":"https:\/\/www.intoscana.it\/wp-content\/uploads\/ponte-al-pino-1.jpeg","type":"image\/jpeg"}],"author":"Redazione","twitter_card":"summary_large_image","twitter_creator":"@intoscana","twitter_site":"@intoscana","twitter_misc":{"Written by":"Redazione","Est. reading time":"4 minuti"},"schema":{"@context":"https:\/\/schema.org","@graph":[{"@type":"WebPage","@id":"https:\/\/www.intoscana.it\/it\/ponte-al-pino-al-via-i-lavori-di-sostituzione-stop-ai-treni-e-modifiche-alla-viabilita\/","url":"https:\/\/www.intoscana.it\/it\/ponte-al-pino-al-via-i-lavori-di-sostituzione-stop-ai-treni-e-modifiche-alla-viabilita\/","name":"Ponte al Pino, al via i lavori di sostituzione: stop ai treni e modifiche alla viabilit\u00e0 - intoscana","isPartOf":{"@id":"https:\/\/www.intoscana.it\/it\/#website"},"primaryImageOfPage":{"@id":"https:\/\/www.intoscana.it\/it\/ponte-al-pino-al-via-i-lavori-di-sostituzione-stop-ai-treni-e-modifiche-alla-viabilita\/#primaryimage"},"image":{"@id":"https:\/\/www.intoscana.it\/it\/ponte-al-pino-al-via-i-lavori-di-sostituzione-stop-ai-treni-e-modifiche-alla-viabilita\/#primaryimage"},"thumbnailUrl":"https:\/\/www.intoscana.it\/wp-content\/uploads\/ponte-al-pino-1.jpeg","datePublished":"2026-01-21T14:06:16+00:00","dateModified":"2026-01-22T09:42:07+00:00","author":{"@id":"https:\/\/www.intoscana.it\/it\/#\/schema\/person\/9223810753230f20bd670fdd322661f8"},"breadcrumb":{"@id":"https:\/\/www.intoscana.it\/it\/ponte-al-pino-al-via-i-lavori-di-sostituzione-stop-ai-treni-e-modifiche-alla-viabilita\/#breadcrumb"},"inLanguage":"it-IT","potentialAction":[{"@type":"ReadAction","target":["https:\/\/www.intoscana.it\/it\/ponte-al-pino-al-via-i-lavori-di-sostituzione-stop-ai-treni-e-modifiche-alla-viabilita\/"]}]},{"@type":"ImageObject","inLanguage":"it-IT","@id":"https:\/\/www.intoscana.it\/it\/ponte-al-pino-al-via-i-lavori-di-sostituzione-stop-ai-treni-e-modifiche-alla-viabilita\/#primaryimage","url":"https:\/\/www.intoscana.it\/wp-content\/uploads\/ponte-al-pino-1.jpeg","contentUrl":"https:\/\/www.intoscana.it\/wp-content\/uploads\/ponte-al-pino-1.jpeg","width":822,"height":700,"caption":"Ponte al Pino"},{"@type":"BreadcrumbList","@id":"https:\/\/www.intoscana.it\/it\/ponte-al-pino-al-via-i-lavori-di-sostituzione-stop-ai-treni-e-modifiche-alla-viabilita\/#breadcrumb","itemListElement":[{"@type":"ListItem","position":1,"name":"Home","item":"https:\/\/www.intoscana.it\/it\/"},{"@type":"ListItem","position":2,"name":"Ponte al Pino, al via i lavori di sostituzione: stop ai treni e modifiche alla viabilit\u00e0"}]},{"@type":"WebSite","@id":"https:\/\/www.intoscana.it\/it\/#website","url":"https:\/\/www.intoscana.it\/it\/","name":"intoscana","description":"","potentialAction":[{"@type":"SearchAction","target":{"@type":"EntryPoint","urlTemplate":"https:\/\/www.intoscana.it\/it\/?s={search_term_string}"},"query-input":{"@type":"PropertyValueSpecification","valueRequired":true,"valueName":"search_term_string"}}],"inLanguage":"it-IT"},{"@type":"Person","@id":"https:\/\/www.intoscana.it\/it\/#\/schema\/person\/9223810753230f20bd670fdd322661f8","name":"Redazione","url":"https:\/\/www.intoscana.it\/it\/author\/redazione\/"}]}},"_links":{"self":[{"href":"https:\/\/www.intoscana.it\/it\/wp-json\/wp\/v2\/posts\/413946","targetHints":{"allow":["GET"]}}],"collection":[{"href":"https:\/\/www.intoscana.it\/it\/wp-json\/wp\/v2\/posts"}],"about":[{"href":"https:\/\/www.intoscana.it\/it\/wp-json\/wp\/v2\/types\/post"}],"author":[{"embeddable":true,"href":"https:\/\/www.intoscana.it\/it\/wp-json\/wp\/v2\/users\/525"}],"replies":[{"embeddable":true,"href":"https:\/\/www.intoscana.it\/it\/wp-json\/wp\/v2\/comments?post=413946"}],"version-history":[{"count":2,"href":"https:\/\/www.intoscana.it\/it\/wp-json\/wp\/v2\/posts\/413946\/revisions"}],"predecessor-version":[{"id":414088,"href":"https:\/\/www.intoscana.it\/it\/wp-json\/wp\/v2\/posts\/413946\/revisions\/414088"}],"wp:featuredmedia":[{"embeddable":true,"href":"https:\/\/www.intoscana.it\/it\/wp-json\/wp\/v2\/media\/413957"}],"wp:attachment":[{"href":"https:\/\/www.intoscana.it\/it\/wp-json\/wp\/v2\/media?parent=413946"}],"wp:term":[{"taxonomy":"category","embeddable":true,"href":"https:\/\/www.intoscana.it\/it\/wp-json\/wp\/v2\/categories?post=413946"},{"taxonomy":"post_tag","embeddable":true,"href":"https:\/\/www.intoscana.it\/it\/wp-json\/wp\/v2\/tags?post=413946"}],"curies":[{"name":"wp","href":"https:\/\/api.w.org\/{rel}","templated":true}]}}